{"id":10055,"date":"2025-07-15T13:01:56","date_gmt":"2025-07-15T16:01:56","guid":{"rendered":"https:\/\/vivadicas.com\/st2\/blog\/emmy-2025-expectativas-e-indicados-na-televisao-internacional\/10055\/"},"modified":"2025-07-15T13:01:56","modified_gmt":"2025-07-15T16:01:56","slug":"emmy-2025-expectativas-e-indicados-na-televisao-internacional","status":"publish","type":"post","link":"https:\/\/vivadicas.com\/st2\/blog\/emmy-2025-expectativas-e-indicados-na-televisao-internacional\/10055\/","title":{"rendered":"Emmy 2025: Expectativas e Indicados na Televis\u00e3o Internacional"},"content":{"rendered":"<p>Os International Emmy Awards, uma das celebra\u00e7\u00f5es mais aguardadas da televis\u00e3o mundial, est\u00e3o prestes a anunciar os indicados para sua edi\u00e7\u00e3o de 2025. A Television Academy promove anualmente essa premia\u00e7\u00e3o, reconhecendo a excel\u00eancia em produ\u00e7\u00f5es televisivas fora dos Estados Unidos. O evento n\u00e3o apenas destaca o talento global, mas tamb\u00e9m oferece uma vitrine para a diversidade cultural que caracteriza as produ\u00e7\u00f5es internacionais. Neste artigo, vamos explorar as expectativas para o an\u00fancio dos indicados, a relev\u00e2ncia do evento no cen\u00e1rio televisivo e como o Brasil se insere nesse contexto.<\/p>\n<h2>A Import\u00e2ncia dos International Emmy Awards<\/h2>\n<p>Os International Emmy Awards foram criados com o intuito de reconhecer e celebrar as melhores produ\u00e7\u00f5es de televis\u00e3o que n\u00e3o fazem parte da ind\u00fastria norte-americana. Com suas diversas categorias, que abrangem desde dramas e com\u00e9dias at\u00e9 document\u00e1rios e miniss\u00e9ries, os Emmys Internacionais t\u00eam um papel fundamental em promover a diversidade cultural e art\u00edstica entre as na\u00e7\u00f5es. Para muitos pa\u00edses, receber uma indica\u00e7\u00e3o ou pr\u00eamio nesse evento representa um marco significativo na carreira de artistas, roteiristas e produtores.<\/p>\n<p>No cen\u00e1rio global, os Emmys s\u00e3o considerados um term\u00f4metro de qualidade e inova\u00e7\u00e3o nas artes visuais. As produ\u00e7\u00f5es indicadas geralmente trazem hist\u00f3rias que refletem quest\u00f5es sociais relevantes, identidades culturais distintas e novas formas de narrativa que muitas vezes n\u00e3o s\u00e3o exploradas em Hollywood. Isso permite que o p\u00fablico tenha acesso a uma variedade rica de conte\u00fados que v\u00e3o al\u00e9m do entretenimento tradicional.<\/p>\n<h2>A Proximidade do An\u00fancio dos Indicados<\/h2>\n<p>Com a aproxima\u00e7\u00e3o da data do an\u00fancio dos indicados ao Emmy 2025, a expectativa cresce entre os profissionais da ind\u00fastria e os f\u00e3s de s\u00e9ries ao redor do mundo. A cerim\u00f4nia ocorre anualmente em diferentes locais, e para este ano, tudo indica que ser\u00e1 um evento ainda mais grandioso. O an\u00fancio \u00e9 sempre cercado por bastante m\u00eddia e conversa nas redes sociais, onde produtores e f\u00e3s discutem quais produ\u00e7\u00f5es merecem ser reconhecidas.<\/p>\n<p>Al\u00e9m disso, as plataformas digitais t\u00eam se tornado cada vez mais importantes na divulga\u00e7\u00e3o das produ\u00e7\u00f5es internacionais. Com o crescente consumo de conte\u00fado via streaming, plataformas como Netflix, Amazon Prime Video e Disney+ t\u00eam ampliado seu portf\u00f3lio com obras originais fora dos EUA. Assim, muitas dessas produ\u00e7\u00f5es estar\u00e3o na linha de frente durante as vota\u00e7\u00f5es. Especialistas acreditam que esse ano pode trazer surpresas agrad\u00e1veis aos espectadores brasileiros por conta das inova\u00e7\u00f5es narrativas presentes nas produ\u00e7\u00f5es latinas.<\/p>\n<h2>Brasil nos International Emmy Awards<\/h2>\n<p>O Brasil tem se destacado nas \u00faltimas edi\u00e7\u00f5es dos International Emmy Awards com v\u00e1rias indica\u00e7\u00f5es em diferentes categorias. S\u00e9ries como \u201c3%\u201d e \u201cO Mecanismo\u201d conquistaram visibilidade internacional e abriram portas para outras produ\u00e7\u00f5es brasileiras no mercado global. A presen\u00e7a brasileira nos Emmys \u00e9 um reflexo da riqueza cultural do pa\u00eds, que possui uma vasta gama de narrativas aut\u00eanticas que dialogam tanto com o p\u00fablico local quanto internacional.<\/p>\n<p>Para 2025, h\u00e1 grandes expectativas em torno das novas s\u00e9ries desenvolvidas no Brasil, especialmente aquelas que abordam temas sociais contempor\u00e2neos e quest\u00f5es identit\u00e1rias. A produ\u00e7\u00e3o nacional tem buscado cada vez mais inovar no formato das narrativas audiovisuais e trazer \u00e0 tona discuss\u00f5es importantes sobre ra\u00e7a, g\u00eanero e pol\u00edtica social no Brasil. Essa abordagem pode fazer com que as obras brasileiras se destaquem ainda mais entre os indicados ao pr\u00eamio internacional.<\/p>\n<h2>Acerte-se \u00e0s Novas Tend\u00eancias da Televis\u00e3o <\/h2>\n<p>O mercado televisivo est\u00e1 em constante transforma\u00e7\u00e3o devido ao impacto das novas tecnologias e ao comportamento do p\u00fablico moderno que busca conte\u00fados relevantes e aut\u00eanticos. Os International Emmy Awards refletem essas mudan\u00e7as ao reconhecer produ\u00e7\u00f5es que adotam novas formas narrativas ou experimentam novos formatos de exibi\u00e7\u00e3o. S\u00e9ries interativas ou h\u00edbridas est\u00e3o se tornando populares entre os consumidores jovens, sendo uma tend\u00eancia a ser observada nas indica\u00e7\u00f5es deste ano.<\/p>\n<p>Com isso, \u00e9 fundamental acompanhar n\u00e3o apenas quem ser\u00e3o os indicados aos Emmys Internacional deste ano; mas tamb\u00e9m quais tend\u00eancias estar\u00e3o moldando o futuro da televis\u00e3o globalmente. Os criadores est\u00e3o cada vez mais abertos a explorar narrativas alternativas que proporcionam experi\u00eancias imersivas aos espectadores. Isso abre espa\u00e7o para debates sobre qual ser\u00e1 o futuro da televis\u00e3o em meio \u00e0 disrup\u00e7\u00e3o digital.<\/p>\n<p>O clima \u00e9 de expectativa enquanto todos aguardam ansiosamente pelo an\u00fancio oficial dos indicados ao Emmy 2025. O evento promete n\u00e3o apenas destacar talentos existentes mas tamb\u00e9m abrir di\u00e1logos sobre representatividade cultural nas telas globais.<\/p>\n","protected":false},"excerpt":{"rendered":"<p>Emmy 2025: conhe\u00e7a a import\u00e2ncia dos pr\u00eamios internacionais \u00e0 cultura televisiva.<\/p>\n","protected":false},"author":1,"featured_media":0,"comment_status":"open","ping_status":"open","sticky":false,"template":"","format":"standard","meta":{"footnotes":""},"categories":[1],"tags":[],"class_list":["post-10055","post","type-post","status-publish","format-standard","hentry","category-blog"],"yoast_head":"<!-- This site is optimized with the Yoast SEO plugin v25.3.1 - https:\/\/yoast.com\/wordpress\/plugins\/seo\/ -->\n<title>Emmy 2025: Expectativas e Indicados na Televis\u00e3o Internacional - WordPulseTrends com<\/title>\n<meta name=\"robots\" content=\"index, follow, max-snippet:-1, max-image-preview:large, max-video-preview:-1\" \/>\n<link rel=\"canonical\" href=\"https:\/\/vivadicas.com\/st2\/blog\/emmy-2025-expectativas-e-indicados-na-televisao-internacional\/10055\/\" \/>\n<meta property=\"og:locale\" content=\"pt_BR\" \/>\n<meta property=\"og:type\" content=\"article\" \/>\n<meta property=\"og:title\" content=\"Emmy 2025: Expectativas e Indicados na Televis\u00e3o Internacional - WordPulseTrends com\" \/>\n<meta property=\"og:description\" content=\"Emmy 2025: conhe\u00e7a a import\u00e2ncia dos pr\u00eamios internacionais \u00e0 cultura televisiva.\" \/>\n<meta property=\"og:url\" content=\"https:\/\/vivadicas.com\/st2\/blog\/emmy-2025-expectativas-e-indicados-na-televisao-internacional\/10055\/\" \/>\n<meta property=\"og:site_name\" content=\"WordPulseTrends com\" \/>\n<meta property=\"article:published_time\" content=\"2025-07-15T16:01:56+00:00\" \/>\n<meta name=\"author\" content=\"st2vivadicas\" \/>\n<meta name=\"twitter:card\" content=\"summary_large_image\" \/>\n<meta name=\"twitter:label1\" content=\"Escrito por\" \/>\n\t<meta name=\"twitter:data1\" content=\"st2vivadicas\" \/>\n\t<meta name=\"twitter:label2\" content=\"Est. tempo de leitura\" \/>\n\t<meta name=\"twitter:data2\" content=\"4 minutos\" \/>\n<script type=\"application\/ld+json\" class=\"yoast-schema-graph\">{\"@context\":\"https:\/\/schema.org\",\"@graph\":[{\"@type\":\"Article\",\"@id\":\"https:\/\/vivadicas.com\/st2\/blog\/emmy-2025-expectativas-e-indicados-na-televisao-internacional\/10055\/#article\",\"isPartOf\":{\"@id\":\"https:\/\/vivadicas.com\/st2\/blog\/emmy-2025-expectativas-e-indicados-na-televisao-internacional\/10055\/\"},\"author\":{\"name\":\"st2vivadicas\",\"@id\":\"https:\/\/vivadicas.com\/st2\/#\/schema\/person\/f8432157bb5752f84d3a30f1c7388a16\"},\"headline\":\"Emmy 2025: Expectativas e Indicados na Televis\u00e3o Internacional\",\"datePublished\":\"2025-07-15T16:01:56+00:00\",\"mainEntityOfPage\":{\"@id\":\"https:\/\/vivadicas.com\/st2\/blog\/emmy-2025-expectativas-e-indicados-na-televisao-internacional\/10055\/\"},\"wordCount\":808,\"commentCount\":0,\"publisher\":{\"@id\":\"https:\/\/vivadicas.com\/st2\/#organization\"},\"articleSection\":[\"Blog\"],\"inLanguage\":\"pt-BR\",\"potentialAction\":[{\"@type\":\"CommentAction\",\"name\":\"Comment\",\"target\":[\"https:\/\/vivadicas.com\/st2\/blog\/emmy-2025-expectativas-e-indicados-na-televisao-internacional\/10055\/#respond\"]}]},{\"@type\":\"WebPage\",\"@id\":\"https:\/\/vivadicas.com\/st2\/blog\/emmy-2025-expectativas-e-indicados-na-televisao-internacional\/10055\/\",\"url\":\"https:\/\/vivadicas.com\/st2\/blog\/emmy-2025-expectativas-e-indicados-na-televisao-internacional\/10055\/\",\"name\":\"Emmy 2025: Expectativas e Indicados na Televis\u00e3o Internacional - WordPulseTrends com\",\"isPartOf\":{\"@id\":\"https:\/\/vivadicas.com\/st2\/#website\"},\"datePublished\":\"2025-07-15T16:01:56+00:00\",\"breadcrumb\":{\"@id\":\"https:\/\/vivadicas.com\/st2\/blog\/emmy-2025-expectativas-e-indicados-na-televisao-internacional\/10055\/#breadcrumb\"},\"inLanguage\":\"pt-BR\",\"potentialAction\":[{\"@type\":\"ReadAction\",\"target\":[\"https:\/\/vivadicas.com\/st2\/blog\/emmy-2025-expectativas-e-indicados-na-televisao-internacional\/10055\/\"]}]},{\"@type\":\"BreadcrumbList\",\"@id\":\"https:\/\/vivadicas.com\/st2\/blog\/emmy-2025-expectativas-e-indicados-na-televisao-internacional\/10055\/#breadcrumb\",\"itemListElement\":[{\"@type\":\"ListItem\",\"position\":1,\"name\":\"In\u00edcio\",\"item\":\"https:\/\/vivadicas.com\/st2\/\"},{\"@type\":\"ListItem\",\"position\":2,\"name\":\"Emmy 2025: Expectativas e Indicados na Televis\u00e3o Internacional\"}]},{\"@type\":\"WebSite\",\"@id\":\"https:\/\/vivadicas.com\/st2\/#website\",\"url\":\"https:\/\/vivadicas.com\/st2\/\",\"name\":\"TrendsBrasil\",\"description\":\"Stay updated with trending topics, viral news, hot updates, breaking headlines, global trends, and real-time content. Discover what\u2019s going viral now and follow the most talked-about stories across the web, social media, and news platforms!\",\"publisher\":{\"@id\":\"https:\/\/vivadicas.com\/st2\/#organization\"},\"potentialAction\":[{\"@type\":\"SearchAction\",\"target\":{\"@type\":\"EntryPoint\",\"urlTemplate\":\"https:\/\/vivadicas.com\/st2\/?s={search_term_string}\"},\"query-input\":{\"@type\":\"PropertyValueSpecification\",\"valueRequired\":true,\"valueName\":\"search_term_string\"}}],\"inLanguage\":\"pt-BR\"},{\"@type\":\"Organization\",\"@id\":\"https:\/\/vivadicas.com\/st2\/#organization\",\"name\":\"TrendsBrasil\",\"url\":\"https:\/\/vivadicas.com\/st2\/\",\"logo\":{\"@type\":\"ImageObject\",\"inLanguage\":\"pt-BR\",\"@id\":\"https:\/\/vivadicas.com\/st2\/#\/schema\/logo\/image\/\",\"url\":\"https:\/\/vivadicas.com\/st2\/wp-content\/uploads\/2025\/06\/ChatGPT-Image-24-de-jun.-de-2025-10_39_16-683x1024.png\",\"contentUrl\":\"https:\/\/vivadicas.com\/st2\/wp-content\/uploads\/2025\/06\/ChatGPT-Image-24-de-jun.-de-2025-10_39_16-683x1024.png\",\"width\":683,\"height\":1024,\"caption\":\"TrendsBrasil\"},\"image\":{\"@id\":\"https:\/\/vivadicas.com\/st2\/#\/schema\/logo\/image\/\"}},{\"@type\":\"Person\",\"@id\":\"https:\/\/vivadicas.com\/st2\/#\/schema\/person\/f8432157bb5752f84d3a30f1c7388a16\",\"name\":\"st2vivadicas\",\"image\":{\"@type\":\"ImageObject\",\"inLanguage\":\"pt-BR\",\"@id\":\"https:\/\/vivadicas.com\/st2\/#\/schema\/person\/image\/\",\"url\":\"https:\/\/secure.gravatar.com\/avatar\/9bb04fcca59036779222f5f2d61adc27b9b487cc07bc4064b27fa7e0a1e23e1a?s=96&d=mm&r=g\",\"contentUrl\":\"https:\/\/secure.gravatar.com\/avatar\/9bb04fcca59036779222f5f2d61adc27b9b487cc07bc4064b27fa7e0a1e23e1a?s=96&d=mm&r=g\",\"caption\":\"st2vivadicas\"},\"sameAs\":[\"https:\/\/vivadicas.com\/st2\"],\"url\":\"https:\/\/vivadicas.com\/st2\/author\/st2vivadicas\/\"}]}<\/script>\n<!-- \/ Yoast SEO plugin. -->","yoast_head_json":{"title":"Emmy 2025: Expectativas e Indicados na Televis\u00e3o Internacional - WordPulseTrends com","robots":{"index":"index","follow":"follow","max-snippet":"max-snippet:-1","max-image-preview":"max-image-preview:large","max-video-preview":"max-video-preview:-1"},"canonical":"https:\/\/vivadicas.com\/st2\/blog\/emmy-2025-expectativas-e-indicados-na-televisao-internacional\/10055\/","og_locale":"pt_BR","og_type":"article","og_title":"Emmy 2025: Expectativas e Indicados na Televis\u00e3o Internacional - WordPulseTrends com","og_description":"Emmy 2025: conhe\u00e7a a import\u00e2ncia dos pr\u00eamios internacionais \u00e0 cultura televisiva.","og_url":"https:\/\/vivadicas.com\/st2\/blog\/emmy-2025-expectativas-e-indicados-na-televisao-internacional\/10055\/","og_site_name":"WordPulseTrends com","article_published_time":"2025-07-15T16:01:56+00:00","author":"st2vivadicas","twitter_card":"summary_large_image","twitter_misc":{"Escrito por":"st2vivadicas","Est. tempo de leitura":"4 minutos"},"schema":{"@context":"https:\/\/schema.org","@graph":[{"@type":"Article","@id":"https:\/\/vivadicas.com\/st2\/blog\/emmy-2025-expectativas-e-indicados-na-televisao-internacional\/10055\/#article","isPartOf":{"@id":"https:\/\/vivadicas.com\/st2\/blog\/emmy-2025-expectativas-e-indicados-na-televisao-internacional\/10055\/"},"author":{"name":"st2vivadicas","@id":"https:\/\/vivadicas.com\/st2\/#\/schema\/person\/f8432157bb5752f84d3a30f1c7388a16"},"headline":"Emmy 2025: Expectativas e Indicados na Televis\u00e3o Internacional","datePublished":"2025-07-15T16:01:56+00:00","mainEntityOfPage":{"@id":"https:\/\/vivadicas.com\/st2\/blog\/emmy-2025-expectativas-e-indicados-na-televisao-internacional\/10055\/"},"wordCount":808,"commentCount":0,"publisher":{"@id":"https:\/\/vivadicas.com\/st2\/#organization"},"articleSection":["Blog"],"inLanguage":"pt-BR","potentialAction":[{"@type":"CommentAction","name":"Comment","target":["https:\/\/vivadicas.com\/st2\/blog\/emmy-2025-expectativas-e-indicados-na-televisao-internacional\/10055\/#respond"]}]},{"@type":"WebPage","@id":"https:\/\/vivadicas.com\/st2\/blog\/emmy-2025-expectativas-e-indicados-na-televisao-internacional\/10055\/","url":"https:\/\/vivadicas.com\/st2\/blog\/emmy-2025-expectativas-e-indicados-na-televisao-internacional\/10055\/","name":"Emmy 2025: Expectativas e Indicados na Televis\u00e3o Internacional - WordPulseTrends com","isPartOf":{"@id":"https:\/\/vivadicas.com\/st2\/#website"},"datePublished":"2025-07-15T16:01:56+00:00","breadcrumb":{"@id":"https:\/\/vivadicas.com\/st2\/blog\/emmy-2025-expectativas-e-indicados-na-televisao-internacional\/10055\/#breadcrumb"},"inLanguage":"pt-BR","potentialAction":[{"@type":"ReadAction","target":["https:\/\/vivadicas.com\/st2\/blog\/emmy-2025-expectativas-e-indicados-na-televisao-internacional\/10055\/"]}]},{"@type":"BreadcrumbList","@id":"https:\/\/vivadicas.com\/st2\/blog\/emmy-2025-expectativas-e-indicados-na-televisao-internacional\/10055\/#breadcrumb","itemListElement":[{"@type":"ListItem","position":1,"name":"In\u00edcio","item":"https:\/\/vivadicas.com\/st2\/"},{"@type":"ListItem","position":2,"name":"Emmy 2025: Expectativas e Indicados na Televis\u00e3o Internacional"}]},{"@type":"WebSite","@id":"https:\/\/vivadicas.com\/st2\/#website","url":"https:\/\/vivadicas.com\/st2\/","name":"TrendsBrasil","description":"Stay updated with trending topics, viral news, hot updates, breaking headlines, global trends, and real-time content. Discover what\u2019s going viral now and follow the most talked-about stories across the web, social media, and news platforms!","publisher":{"@id":"https:\/\/vivadicas.com\/st2\/#organization"},"potentialAction":[{"@type":"SearchAction","target":{"@type":"EntryPoint","urlTemplate":"https:\/\/vivadicas.com\/st2\/?s={search_term_string}"},"query-input":{"@type":"PropertyValueSpecification","valueRequired":true,"valueName":"search_term_string"}}],"inLanguage":"pt-BR"},{"@type":"Organization","@id":"https:\/\/vivadicas.com\/st2\/#organization","name":"TrendsBrasil","url":"https:\/\/vivadicas.com\/st2\/","logo":{"@type":"ImageObject","inLanguage":"pt-BR","@id":"https:\/\/vivadicas.com\/st2\/#\/schema\/logo\/image\/","url":"https:\/\/vivadicas.com\/st2\/wp-content\/uploads\/2025\/06\/ChatGPT-Image-24-de-jun.-de-2025-10_39_16-683x1024.png","contentUrl":"https:\/\/vivadicas.com\/st2\/wp-content\/uploads\/2025\/06\/ChatGPT-Image-24-de-jun.-de-2025-10_39_16-683x1024.png","width":683,"height":1024,"caption":"TrendsBrasil"},"image":{"@id":"https:\/\/vivadicas.com\/st2\/#\/schema\/logo\/image\/"}},{"@type":"Person","@id":"https:\/\/vivadicas.com\/st2\/#\/schema\/person\/f8432157bb5752f84d3a30f1c7388a16","name":"st2vivadicas","image":{"@type":"ImageObject","inLanguage":"pt-BR","@id":"https:\/\/vivadicas.com\/st2\/#\/schema\/person\/image\/","url":"https:\/\/secure.gravatar.com\/avatar\/9bb04fcca59036779222f5f2d61adc27b9b487cc07bc4064b27fa7e0a1e23e1a?s=96&d=mm&r=g","contentUrl":"https:\/\/secure.gravatar.com\/avatar\/9bb04fcca59036779222f5f2d61adc27b9b487cc07bc4064b27fa7e0a1e23e1a?s=96&d=mm&r=g","caption":"st2vivadicas"},"sameAs":["https:\/\/vivadicas.com\/st2"],"url":"https:\/\/vivadicas.com\/st2\/author\/st2vivadicas\/"}]}},"_links":{"self":[{"href":"https:\/\/vivadicas.com\/st2\/wp-json\/wp\/v2\/posts\/10055","targetHints":{"allow":["GET"]}}],"collection":[{"href":"https:\/\/vivadicas.com\/st2\/wp-json\/wp\/v2\/posts"}],"about":[{"href":"https:\/\/vivadicas.com\/st2\/wp-json\/wp\/v2\/types\/post"}],"author":[{"embeddable":true,"href":"https:\/\/vivadicas.com\/st2\/wp-json\/wp\/v2\/users\/1"}],"replies":[{"embeddable":true,"href":"https:\/\/vivadicas.com\/st2\/wp-json\/wp\/v2\/comments?post=10055"}],"version-history":[{"count":0,"href":"https:\/\/vivadicas.com\/st2\/wp-json\/wp\/v2\/posts\/10055\/revisions"}],"wp:attachment":[{"href":"https:\/\/vivadicas.com\/st2\/wp-json\/wp\/v2\/media?parent=10055"}],"wp:term":[{"taxonomy":"category","embeddable":true,"href":"https:\/\/vivadicas.com\/st2\/wp-json\/wp\/v2\/categories?post=10055"},{"taxonomy":"post_tag","embeddable":true,"href":"https:\/\/vivadicas.com\/st2\/wp-json\/wp\/v2\/tags?post=10055"}],"curies":[{"name":"wp","href":"https:\/\/api.w.org\/{rel}","templated":true}]}}