{"id":10148,"date":"2025-07-15T15:54:09","date_gmt":"2025-07-15T18:54:09","guid":{"rendered":"https:\/\/vivadicas.com\/st2\/blog\/fcsb-enfrenta-inter-descaldes-em-busca-da-fase-de-grupos-da-champions-league\/10148\/"},"modified":"2025-07-15T15:54:11","modified_gmt":"2025-07-15T18:54:11","slug":"fcsb-enfrenta-inter-descaldes-em-busca-da-fase-de-grupos-da-champions-league","status":"publish","type":"post","link":"https:\/\/vivadicas.com\/st2\/esportes\/fcsb-enfrenta-inter-descaldes-em-busca-da-fase-de-grupos-da-champions-league\/10148\/","title":{"rendered":"FCSB enfrenta Inter d\u2019Escaldes em busca da fase de grupos da Champions League"},"content":{"rendered":"<p><h2>\ud83c\udfaf Detalhes da Partida<\/h2>\n<\/p>\n<p>No dia 15 de julho, o FCSB ter\u00e1 um grande desafio pela frente. A equipe romena ir\u00e1 enfrentar o Inter d&#8217;Escaldes em um duelo crucial na primeira fase das Eliminat\u00f3rias da UEFA Champions League 2025\/26. O jogo ser\u00e1 realizado em Bucareste e promete muitas emo\u00e7\u00f5es para os torcedores.<\/p>\n<p>O FCSB chega a essa partida com a expectativa de avan\u00e7ar para a fase de grupos da competi\u00e7\u00e3o. Este \u00e9 um objetivo que o clube tem perseguido ao longo dos \u00faltimos anos. Em 2023, o time j\u00e1 mostrou for\u00e7a, e a torcida acredita que pode repetir o sucesso.<\/p>\n<p><h2>\ud83d\udcca Expectativas e Palpites<\/h2>\n<\/p>\n<p>Os palpites para o confronto indicam um favoritismo para o FCSB, que conta com um elenco robusto. O time tem se preparado intensamente e busca garantir uma vit\u00f3ria convincente em casa. A vantagem de jogar no Est\u00e1dio Nacional de Bucareste \u00e9 um fator que pode influenciar o resultado.<\/p>\n<p>O Inter d&#8217;Escaldes, por outro lado, \u00e9 um advers\u00e1rio que n\u00e3o deve ser subestimado. A equipe andorrana j\u00e1 demonstrou que pode surpreender grandes clubes em competi\u00e7\u00f5es internacionais. Portanto, o jogo promete ser equilibrado.<\/p>\n<p><h2>\ud83d\udca1 Escala\u00e7\u00f5es e Desfalques<\/h2>\n<\/p>\n<p>Ambas as equipes devem ter algumas altera\u00e7\u00f5es em suas escala\u00e7\u00f5es. O FCSB, sob o comando do t\u00e9cnico, deve contar com seus principais jogadores, embora alguns desfalques possam ocorrer. As les\u00f5es e a condi\u00e7\u00e3o f\u00edsica dos atletas s\u00e3o sempre fatores que influenciam na forma\u00e7\u00e3o do time titular.<\/p>\n<p>Do lado do Inter d&#8217;Escaldes, o treinador tamb\u00e9m ter\u00e1 que lidar com desfalques. O planejamento para essa partida \u00e9 crucial, e as t\u00e1ticas que cada treinador escolher poder\u00e3o fazer a diferen\u00e7a no resultado final.<\/p>\n<p><h2>\ud83d\udd0d An\u00e1lise da Competi\u00e7\u00e3o<\/h2>\n<\/p>\n<p>O FCSB tem um hist\u00f3rico consider\u00e1vel na UEFA Champions League, com participa\u00e7\u00f5es not\u00e1veis nos \u00faltimos anos. A equipe romena almeja n\u00e3o apenas avan\u00e7ar, mas tamb\u00e9m competir de forma digna com os grandes nomes do futebol europeu.<\/p>\n<p>A fase de grupos da Champions League \u00e9 o sonho de muitos clubes, e o FCSB est\u00e1 determinado a alcan\u00e7\u00e1-lo. A confian\u00e7a na equipe \u00e9 alta, e a torcida promete apoiar incondicionalmente em busca de uma vit\u00f3ria que pode ser hist\u00f3rica.<\/p>\n<p>Em um torneio t\u00e3o prestigioso, cada detalhe conta. O FCSB deve estar preparado para qualquer desafio que o Inter d&#8217;Escaldes apresente. O esp\u00edrito de luta e a determina\u00e7\u00e3o s\u00e3o essenciais para assegurar uma vaga na pr\u00f3xima fase.<\/p>\n<p>Gostou de saber mais sobre o FCSB? Seus amigos tamb\u00e9m podem se interessar. <a href=\"https:\/\/www.addtoany.com\/share#url=https%3A%2F%2Fvivadicas.com%2Fst2%2Fesportes%2Ffcsb-enfrenta-inter-descaldes-em-busca-da-fase-de-grupos-da-champions-league%2F10148%2F\" target=\"_blank\" rel=\"noopener\">Compartilhe<\/a> com eles agora mesmo!<\/p>\n","protected":false},"excerpt":{"rendered":"<p>\ud83c\udfaf Detalhes da Partida No dia 15 de julho, o FCSB ter\u00e1 um grande desafio pela frente. A equipe romena ir\u00e1 enfrentar o Inter d&#8217;Escaldes em um duelo crucial na primeira fase das Eliminat\u00f3rias da UEFA Champions League 2025\/26. O jogo ser\u00e1 realizado em Bucareste e promete muitas emo\u00e7\u00f5es para os torcedores. O FCSB chega &#8230; <a title=\"FCSB enfrenta Inter d\u2019Escaldes em busca da fase de grupos da Champions League\" class=\"read-more\" href=\"https:\/\/vivadicas.com\/st2\/esportes\/fcsb-enfrenta-inter-descaldes-em-busca-da-fase-de-grupos-da-champions-league\/10148\/\" aria-label=\"Read more about FCSB enfrenta Inter d\u2019Escaldes em busca da fase de grupos da Champions League\">Ler mais<\/a><\/p>\n","protected":false},"author":1,"featured_media":10147,"comment_status":"open","ping_status":"open","sticky":false,"template":"","format":"standard","meta":{"footnotes":""},"categories":[1199],"tags":[727,1404,8203,1305,8204],"class_list":["post-10148","post","type-post","status-publish","format-standard","has-post-thumbnail","hentry","category-esportes","tag-champions-league","tag-eliminatorias","tag-fcsb","tag-futebol-europeu","tag-inter-descaldes"],"yoast_head":"<!-- This site is optimized with the Yoast SEO plugin v25.3.1 - https:\/\/yoast.com\/wordpress\/plugins\/seo\/ -->\n<title>FCSB enfrenta Inter d\u2019Escaldes em busca da fase de grupos da Champions League - WordPulseTrends com<\/title>\n<meta name=\"robots\" content=\"index, follow, max-snippet:-1, max-image-preview:large, max-video-preview:-1\" \/>\n<link rel=\"canonical\" href=\"https:\/\/vivadicas.com\/st2\/esportes\/fcsb-enfrenta-inter-descaldes-em-busca-da-fase-de-grupos-da-champions-league\/10148\/\" \/>\n<meta property=\"og:locale\" content=\"pt_BR\" \/>\n<meta property=\"og:type\" content=\"article\" \/>\n<meta property=\"og:title\" content=\"FCSB enfrenta Inter d\u2019Escaldes em busca da fase de grupos da Champions League - WordPulseTrends com\" \/>\n<meta property=\"og:description\" content=\"\ud83c\udfaf Detalhes da Partida No dia 15 de julho, o FCSB ter\u00e1 um grande desafio pela frente. A equipe romena ir\u00e1 enfrentar o Inter d&#8217;Escaldes em um duelo crucial na primeira fase das Eliminat\u00f3rias da UEFA Champions League 2025\/26. O jogo ser\u00e1 realizado em Bucareste e promete muitas emo\u00e7\u00f5es para os torcedores. O FCSB chega ... Ler mais\" \/>\n<meta property=\"og:url\" content=\"https:\/\/vivadicas.com\/st2\/esportes\/fcsb-enfrenta-inter-descaldes-em-busca-da-fase-de-grupos-da-champions-league\/10148\/\" \/>\n<meta property=\"og:site_name\" content=\"WordPulseTrends com\" \/>\n<meta property=\"article:published_time\" content=\"2025-07-15T18:54:09+00:00\" \/>\n<meta property=\"article:modified_time\" content=\"2025-07-15T18:54:11+00:00\" \/>\n<meta property=\"og:image\" content=\"https:\/\/vivadicas.com\/st2\/wp-content\/uploads\/2025\/07\/ai_trend_1752605634_79d046bc.png\" \/>\n\t<meta property=\"og:image:width\" content=\"1024\" \/>\n\t<meta property=\"og:image:height\" content=\"512\" \/>\n\t<meta property=\"og:image:type\" content=\"image\/png\" \/>\n<meta name=\"author\" content=\"st2vivadicas\" \/>\n<meta name=\"twitter:card\" content=\"summary_large_image\" \/>\n<meta name=\"twitter:label1\" content=\"Escrito por\" \/>\n\t<meta name=\"twitter:data1\" content=\"st2vivadicas\" \/>\n\t<meta name=\"twitter:label2\" content=\"Est. tempo de leitura\" \/>\n\t<meta name=\"twitter:data2\" content=\"2 minutos\" \/>\n<script type=\"application\/ld+json\" class=\"yoast-schema-graph\">{\"@context\":\"https:\/\/schema.org\",\"@graph\":[{\"@type\":\"Article\",\"@id\":\"https:\/\/vivadicas.com\/st2\/esportes\/fcsb-enfrenta-inter-descaldes-em-busca-da-fase-de-grupos-da-champions-league\/10148\/#article\",\"isPartOf\":{\"@id\":\"https:\/\/vivadicas.com\/st2\/esportes\/fcsb-enfrenta-inter-descaldes-em-busca-da-fase-de-grupos-da-champions-league\/10148\/\"},\"author\":{\"name\":\"st2vivadicas\",\"@id\":\"https:\/\/vivadicas.com\/st2\/#\/schema\/person\/f8432157bb5752f84d3a30f1c7388a16\"},\"headline\":\"FCSB enfrenta Inter d\u2019Escaldes em busca da fase de grupos da Champions League\",\"datePublished\":\"2025-07-15T18:54:09+00:00\",\"dateModified\":\"2025-07-15T18:54:11+00:00\",\"mainEntityOfPage\":{\"@id\":\"https:\/\/vivadicas.com\/st2\/esportes\/fcsb-enfrenta-inter-descaldes-em-busca-da-fase-de-grupos-da-champions-league\/10148\/\"},\"wordCount\":452,\"commentCount\":0,\"publisher\":{\"@id\":\"https:\/\/vivadicas.com\/st2\/#organization\"},\"image\":{\"@id\":\"https:\/\/vivadicas.com\/st2\/esportes\/fcsb-enfrenta-inter-descaldes-em-busca-da-fase-de-grupos-da-champions-league\/10148\/#primaryimage\"},\"thumbnailUrl\":\"https:\/\/vivadicas.com\/st2\/wp-content\/uploads\/2025\/07\/ai_trend_1752605634_79d046bc.png\",\"keywords\":[\"Champions League\",\"Eliminat\u00f3rias\",\"FCSB\",\"futebol europeu\",\"Inter d'Escaldes\"],\"articleSection\":[\"Esportes\"],\"inLanguage\":\"pt-BR\",\"potentialAction\":[{\"@type\":\"CommentAction\",\"name\":\"Comment\",\"target\":[\"https:\/\/vivadicas.com\/st2\/esportes\/fcsb-enfrenta-inter-descaldes-em-busca-da-fase-de-grupos-da-champions-league\/10148\/#respond\"]}]},{\"@type\":\"WebPage\",\"@id\":\"https:\/\/vivadicas.com\/st2\/esportes\/fcsb-enfrenta-inter-descaldes-em-busca-da-fase-de-grupos-da-champions-league\/10148\/\",\"url\":\"https:\/\/vivadicas.com\/st2\/esportes\/fcsb-enfrenta-inter-descaldes-em-busca-da-fase-de-grupos-da-champions-league\/10148\/\",\"name\":\"FCSB enfrenta Inter d\u2019Escaldes em busca da fase de grupos da Champions League - WordPulseTrends com\",\"isPartOf\":{\"@id\":\"https:\/\/vivadicas.com\/st2\/#website\"},\"primaryImageOfPage\":{\"@id\":\"https:\/\/vivadicas.com\/st2\/esportes\/fcsb-enfrenta-inter-descaldes-em-busca-da-fase-de-grupos-da-champions-league\/10148\/#primaryimage\"},\"image\":{\"@id\":\"https:\/\/vivadicas.com\/st2\/esportes\/fcsb-enfrenta-inter-descaldes-em-busca-da-fase-de-grupos-da-champions-league\/10148\/#primaryimage\"},\"thumbnailUrl\":\"https:\/\/vivadicas.com\/st2\/wp-content\/uploads\/2025\/07\/ai_trend_1752605634_79d046bc.png\",\"datePublished\":\"2025-07-15T18:54:09+00:00\",\"dateModified\":\"2025-07-15T18:54:11+00:00\",\"breadcrumb\":{\"@id\":\"https:\/\/vivadicas.com\/st2\/esportes\/fcsb-enfrenta-inter-descaldes-em-busca-da-fase-de-grupos-da-champions-league\/10148\/#breadcrumb\"},\"inLanguage\":\"pt-BR\",\"potentialAction\":[{\"@type\":\"ReadAction\",\"target\":[\"https:\/\/vivadicas.com\/st2\/esportes\/fcsb-enfrenta-inter-descaldes-em-busca-da-fase-de-grupos-da-champions-league\/10148\/\"]}]},{\"@type\":\"ImageObject\",\"inLanguage\":\"pt-BR\",\"@id\":\"https:\/\/vivadicas.com\/st2\/esportes\/fcsb-enfrenta-inter-descaldes-em-busca-da-fase-de-grupos-da-champions-league\/10148\/#primaryimage\",\"url\":\"https:\/\/vivadicas.com\/st2\/wp-content\/uploads\/2025\/07\/ai_trend_1752605634_79d046bc.png\",\"contentUrl\":\"https:\/\/vivadicas.com\/st2\/wp-content\/uploads\/2025\/07\/ai_trend_1752605634_79d046bc.png\",\"width\":1024,\"height\":512},{\"@type\":\"BreadcrumbList\",\"@id\":\"https:\/\/vivadicas.com\/st2\/esportes\/fcsb-enfrenta-inter-descaldes-em-busca-da-fase-de-grupos-da-champions-league\/10148\/#breadcrumb\",\"itemListElement\":[{\"@type\":\"ListItem\",\"position\":1,\"name\":\"In\u00edcio\",\"item\":\"https:\/\/vivadicas.com\/st2\/\"},{\"@type\":\"ListItem\",\"position\":2,\"name\":\"FCSB enfrenta Inter d\u2019Escaldes em busca da fase de grupos da Champions League\"}]},{\"@type\":\"WebSite\",\"@id\":\"https:\/\/vivadicas.com\/st2\/#website\",\"url\":\"https:\/\/vivadicas.com\/st2\/\",\"name\":\"TrendsBrasil\",\"description\":\"Stay updated with trending topics, viral news, hot updates, breaking headlines, global trends, and real-time content. Discover what\u2019s going viral now and follow the most talked-about stories across the web, social media, and news platforms!\",\"publisher\":{\"@id\":\"https:\/\/vivadicas.com\/st2\/#organization\"},\"potentialAction\":[{\"@type\":\"SearchAction\",\"target\":{\"@type\":\"EntryPoint\",\"urlTemplate\":\"https:\/\/vivadicas.com\/st2\/?s={search_term_string}\"},\"query-input\":{\"@type\":\"PropertyValueSpecification\",\"valueRequired\":true,\"valueName\":\"search_term_string\"}}],\"inLanguage\":\"pt-BR\"},{\"@type\":\"Organization\",\"@id\":\"https:\/\/vivadicas.com\/st2\/#organization\",\"name\":\"TrendsBrasil\",\"url\":\"https:\/\/vivadicas.com\/st2\/\",\"logo\":{\"@type\":\"ImageObject\",\"inLanguage\":\"pt-BR\",\"@id\":\"https:\/\/vivadicas.com\/st2\/#\/schema\/logo\/image\/\",\"url\":\"https:\/\/vivadicas.com\/st2\/wp-content\/uploads\/2025\/06\/ChatGPT-Image-24-de-jun.-de-2025-10_39_16-683x1024.png\",\"contentUrl\":\"https:\/\/vivadicas.com\/st2\/wp-content\/uploads\/2025\/06\/ChatGPT-Image-24-de-jun.-de-2025-10_39_16-683x1024.png\",\"width\":683,\"height\":1024,\"caption\":\"TrendsBrasil\"},\"image\":{\"@id\":\"https:\/\/vivadicas.com\/st2\/#\/schema\/logo\/image\/\"}},{\"@type\":\"Person\",\"@id\":\"https:\/\/vivadicas.com\/st2\/#\/schema\/person\/f8432157bb5752f84d3a30f1c7388a16\",\"name\":\"st2vivadicas\",\"image\":{\"@type\":\"ImageObject\",\"inLanguage\":\"pt-BR\",\"@id\":\"https:\/\/vivadicas.com\/st2\/#\/schema\/person\/image\/\",\"url\":\"https:\/\/secure.gravatar.com\/avatar\/9bb04fcca59036779222f5f2d61adc27b9b487cc07bc4064b27fa7e0a1e23e1a?s=96&d=mm&r=g\",\"contentUrl\":\"https:\/\/secure.gravatar.com\/avatar\/9bb04fcca59036779222f5f2d61adc27b9b487cc07bc4064b27fa7e0a1e23e1a?s=96&d=mm&r=g\",\"caption\":\"st2vivadicas\"},\"sameAs\":[\"https:\/\/vivadicas.com\/st2\"],\"url\":\"https:\/\/vivadicas.com\/st2\/author\/st2vivadicas\/\"}]}<\/script>\n<!-- \/ Yoast SEO plugin. -->","yoast_head_json":{"title":"FCSB enfrenta Inter d\u2019Escaldes em busca da fase de grupos da Champions League - WordPulseTrends com","robots":{"index":"index","follow":"follow","max-snippet":"max-snippet:-1","max-image-preview":"max-image-preview:large","max-video-preview":"max-video-preview:-1"},"canonical":"https:\/\/vivadicas.com\/st2\/esportes\/fcsb-enfrenta-inter-descaldes-em-busca-da-fase-de-grupos-da-champions-league\/10148\/","og_locale":"pt_BR","og_type":"article","og_title":"FCSB enfrenta Inter d\u2019Escaldes em busca da fase de grupos da Champions League - WordPulseTrends com","og_description":"\ud83c\udfaf Detalhes da Partida No dia 15 de julho, o FCSB ter\u00e1 um grande desafio pela frente. A equipe romena ir\u00e1 enfrentar o Inter d&#8217;Escaldes em um duelo crucial na primeira fase das Eliminat\u00f3rias da UEFA Champions League 2025\/26. O jogo ser\u00e1 realizado em Bucareste e promete muitas emo\u00e7\u00f5es para os torcedores. O FCSB chega ... Ler mais","og_url":"https:\/\/vivadicas.com\/st2\/esportes\/fcsb-enfrenta-inter-descaldes-em-busca-da-fase-de-grupos-da-champions-league\/10148\/","og_site_name":"WordPulseTrends com","article_published_time":"2025-07-15T18:54:09+00:00","article_modified_time":"2025-07-15T18:54:11+00:00","og_image":[{"width":1024,"height":512,"url":"https:\/\/vivadicas.com\/st2\/wp-content\/uploads\/2025\/07\/ai_trend_1752605634_79d046bc.png","type":"image\/png"}],"author":"st2vivadicas","twitter_card":"summary_large_image","twitter_misc":{"Escrito por":"st2vivadicas","Est. tempo de leitura":"2 minutos"},"schema":{"@context":"https:\/\/schema.org","@graph":[{"@type":"Article","@id":"https:\/\/vivadicas.com\/st2\/esportes\/fcsb-enfrenta-inter-descaldes-em-busca-da-fase-de-grupos-da-champions-league\/10148\/#article","isPartOf":{"@id":"https:\/\/vivadicas.com\/st2\/esportes\/fcsb-enfrenta-inter-descaldes-em-busca-da-fase-de-grupos-da-champions-league\/10148\/"},"author":{"name":"st2vivadicas","@id":"https:\/\/vivadicas.com\/st2\/#\/schema\/person\/f8432157bb5752f84d3a30f1c7388a16"},"headline":"FCSB enfrenta Inter d\u2019Escaldes em busca da fase de grupos da Champions League","datePublished":"2025-07-15T18:54:09+00:00","dateModified":"2025-07-15T18:54:11+00:00","mainEntityOfPage":{"@id":"https:\/\/vivadicas.com\/st2\/esportes\/fcsb-enfrenta-inter-descaldes-em-busca-da-fase-de-grupos-da-champions-league\/10148\/"},"wordCount":452,"commentCount":0,"publisher":{"@id":"https:\/\/vivadicas.com\/st2\/#organization"},"image":{"@id":"https:\/\/vivadicas.com\/st2\/esportes\/fcsb-enfrenta-inter-descaldes-em-busca-da-fase-de-grupos-da-champions-league\/10148\/#primaryimage"},"thumbnailUrl":"https:\/\/vivadicas.com\/st2\/wp-content\/uploads\/2025\/07\/ai_trend_1752605634_79d046bc.png","keywords":["Champions League","Eliminat\u00f3rias","FCSB","futebol europeu","Inter d'Escaldes"],"articleSection":["Esportes"],"inLanguage":"pt-BR","potentialAction":[{"@type":"CommentAction","name":"Comment","target":["https:\/\/vivadicas.com\/st2\/esportes\/fcsb-enfrenta-inter-descaldes-em-busca-da-fase-de-grupos-da-champions-league\/10148\/#respond"]}]},{"@type":"WebPage","@id":"https:\/\/vivadicas.com\/st2\/esportes\/fcsb-enfrenta-inter-descaldes-em-busca-da-fase-de-grupos-da-champions-league\/10148\/","url":"https:\/\/vivadicas.com\/st2\/esportes\/fcsb-enfrenta-inter-descaldes-em-busca-da-fase-de-grupos-da-champions-league\/10148\/","name":"FCSB enfrenta Inter d\u2019Escaldes em busca da fase de grupos da Champions League - WordPulseTrends com","isPartOf":{"@id":"https:\/\/vivadicas.com\/st2\/#website"},"primaryImageOfPage":{"@id":"https:\/\/vivadicas.com\/st2\/esportes\/fcsb-enfrenta-inter-descaldes-em-busca-da-fase-de-grupos-da-champions-league\/10148\/#primaryimage"},"image":{"@id":"https:\/\/vivadicas.com\/st2\/esportes\/fcsb-enfrenta-inter-descaldes-em-busca-da-fase-de-grupos-da-champions-league\/10148\/#primaryimage"},"thumbnailUrl":"https:\/\/vivadicas.com\/st2\/wp-content\/uploads\/2025\/07\/ai_trend_1752605634_79d046bc.png","datePublished":"2025-07-15T18:54:09+00:00","dateModified":"2025-07-15T18:54:11+00:00","breadcrumb":{"@id":"https:\/\/vivadicas.com\/st2\/esportes\/fcsb-enfrenta-inter-descaldes-em-busca-da-fase-de-grupos-da-champions-league\/10148\/#breadcrumb"},"inLanguage":"pt-BR","potentialAction":[{"@type":"ReadAction","target":["https:\/\/vivadicas.com\/st2\/esportes\/fcsb-enfrenta-inter-descaldes-em-busca-da-fase-de-grupos-da-champions-league\/10148\/"]}]},{"@type":"ImageObject","inLanguage":"pt-BR","@id":"https:\/\/vivadicas.com\/st2\/esportes\/fcsb-enfrenta-inter-descaldes-em-busca-da-fase-de-grupos-da-champions-league\/10148\/#primaryimage","url":"https:\/\/vivadicas.com\/st2\/wp-content\/uploads\/2025\/07\/ai_trend_1752605634_79d046bc.png","contentUrl":"https:\/\/vivadicas.com\/st2\/wp-content\/uploads\/2025\/07\/ai_trend_1752605634_79d046bc.png","width":1024,"height":512},{"@type":"BreadcrumbList","@id":"https:\/\/vivadicas.com\/st2\/esportes\/fcsb-enfrenta-inter-descaldes-em-busca-da-fase-de-grupos-da-champions-league\/10148\/#breadcrumb","itemListElement":[{"@type":"ListItem","position":1,"name":"In\u00edcio","item":"https:\/\/vivadicas.com\/st2\/"},{"@type":"ListItem","position":2,"name":"FCSB enfrenta Inter d\u2019Escaldes em busca da fase de grupos da Champions League"}]},{"@type":"WebSite","@id":"https:\/\/vivadicas.com\/st2\/#website","url":"https:\/\/vivadicas.com\/st2\/","name":"TrendsBrasil","description":"Stay updated with trending topics, viral news, hot updates, breaking headlines, global trends, and real-time content. Discover what\u2019s going viral now and follow the most talked-about stories across the web, social media, and news platforms!","publisher":{"@id":"https:\/\/vivadicas.com\/st2\/#organization"},"potentialAction":[{"@type":"SearchAction","target":{"@type":"EntryPoint","urlTemplate":"https:\/\/vivadicas.com\/st2\/?s={search_term_string}"},"query-input":{"@type":"PropertyValueSpecification","valueRequired":true,"valueName":"search_term_string"}}],"inLanguage":"pt-BR"},{"@type":"Organization","@id":"https:\/\/vivadicas.com\/st2\/#organization","name":"TrendsBrasil","url":"https:\/\/vivadicas.com\/st2\/","logo":{"@type":"ImageObject","inLanguage":"pt-BR","@id":"https:\/\/vivadicas.com\/st2\/#\/schema\/logo\/image\/","url":"https:\/\/vivadicas.com\/st2\/wp-content\/uploads\/2025\/06\/ChatGPT-Image-24-de-jun.-de-2025-10_39_16-683x1024.png","contentUrl":"https:\/\/vivadicas.com\/st2\/wp-content\/uploads\/2025\/06\/ChatGPT-Image-24-de-jun.-de-2025-10_39_16-683x1024.png","width":683,"height":1024,"caption":"TrendsBrasil"},"image":{"@id":"https:\/\/vivadicas.com\/st2\/#\/schema\/logo\/image\/"}},{"@type":"Person","@id":"https:\/\/vivadicas.com\/st2\/#\/schema\/person\/f8432157bb5752f84d3a30f1c7388a16","name":"st2vivadicas","image":{"@type":"ImageObject","inLanguage":"pt-BR","@id":"https:\/\/vivadicas.com\/st2\/#\/schema\/person\/image\/","url":"https:\/\/secure.gravatar.com\/avatar\/9bb04fcca59036779222f5f2d61adc27b9b487cc07bc4064b27fa7e0a1e23e1a?s=96&d=mm&r=g","contentUrl":"https:\/\/secure.gravatar.com\/avatar\/9bb04fcca59036779222f5f2d61adc27b9b487cc07bc4064b27fa7e0a1e23e1a?s=96&d=mm&r=g","caption":"st2vivadicas"},"sameAs":["https:\/\/vivadicas.com\/st2"],"url":"https:\/\/vivadicas.com\/st2\/author\/st2vivadicas\/"}]}},"_links":{"self":[{"href":"https:\/\/vivadicas.com\/st2\/wp-json\/wp\/v2\/posts\/10148","targetHints":{"allow":["GET"]}}],"collection":[{"href":"https:\/\/vivadicas.com\/st2\/wp-json\/wp\/v2\/posts"}],"about":[{"href":"https:\/\/vivadicas.com\/st2\/wp-json\/wp\/v2\/types\/post"}],"author":[{"embeddable":true,"href":"https:\/\/vivadicas.com\/st2\/wp-json\/wp\/v2\/users\/1"}],"replies":[{"embeddable":true,"href":"https:\/\/vivadicas.com\/st2\/wp-json\/wp\/v2\/comments?post=10148"}],"version-history":[{"count":1,"href":"https:\/\/vivadicas.com\/st2\/wp-json\/wp\/v2\/posts\/10148\/revisions"}],"predecessor-version":[{"id":10149,"href":"https:\/\/vivadicas.com\/st2\/wp-json\/wp\/v2\/posts\/10148\/revisions\/10149"}],"wp:featuredmedia":[{"embeddable":true,"href":"https:\/\/vivadicas.com\/st2\/wp-json\/wp\/v2\/media\/10147"}],"wp:attachment":[{"href":"https:\/\/vivadicas.com\/st2\/wp-json\/wp\/v2\/media?parent=10148"}],"wp:term":[{"taxonomy":"category","embeddable":true,"href":"https:\/\/vivadicas.com\/st2\/wp-json\/wp\/v2\/categories?post=10148"},{"taxonomy":"post_tag","embeddable":true,"href":"https:\/\/vivadicas.com\/st2\/wp-json\/wp\/v2\/tags?post=10148"}],"curies":[{"name":"wp","href":"https:\/\/api.w.org\/{rel}","templated":true}]}}