{"id":1112,"date":"2025-06-30T18:17:23","date_gmt":"2025-06-30T21:17:23","guid":{"rendered":"https:\/\/vivadicas.com\/st2\/blog\/titulo-o-tragico-destino-de-filo-em-eta-mundo-bom-e-sua-reverberacao-em-eta-mundo-melhor\/1112\/"},"modified":"2025-06-30T18:17:23","modified_gmt":"2025-06-30T21:17:23","slug":"titulo-o-tragico-destino-de-filo-em-eta-mundo-bom-e-sua-reverberacao-em-eta-mundo-melhor","status":"publish","type":"post","link":"https:\/\/vivadicas.com\/st2\/entretenimento\/titulo-o-tragico-destino-de-filo-em-eta-mundo-bom-e-sua-reverberacao-em-eta-mundo-melhor\/1112\/","title":{"rendered":"T\u00edtulo: O tr\u00e1gico destino de Fil\u00f3 em \u00cata Mundo Bom e sua reverbera\u00e7\u00e3o em \u00cata Mundo Melhor"},"content":{"rendered":"<p>A novela &#8220;\u00cata Mundo Bom!&#8221; trouxe \u00e0 tona o romance entre Candinho e Fil\u00f3, mas a tr\u00e1gica morte de Fil\u00f3 em &#8220;\u00cata Mundo Melhor!&#8221; promete agitar a trama e deixar os f\u00e3s perplexos. A despedida de Fil\u00f3, que ocorre de forma dram\u00e1tica, ser\u00e1 um dos principais motores da narrativa que segue o personagem Candinho. Neste artigo, vamos explorar as reviravoltas que cercam a hist\u00f3ria de filo eta mundo bom e como isso impacta os novos epis\u00f3dios.<\/p>\n<h3>\ud83c\udfaf A morte de Fil\u00f3<\/h3>\n<p>Na nova fase da trama, Fil\u00f3, interpretada por D\u00e9bora Nascimento, n\u00e3o aparece, mas sua morte ser\u00e1 um fator crucial. Durante uma tentativa de fuga com Ernesto, personagem vivido por Eriberto Le\u00e3o, ela acaba morrendo em um inc\u00eandio. Este evento tr\u00e1gico n\u00e3o apenas marca o fim de sua trajet\u00f3ria, mas tamb\u00e9m gera uma s\u00e9rie de consequ\u00eancias emocionais para Candinho, que desmaia ao receber a not\u00edcia.<\/p>\n<h3>\u26a1 Impacto na trama<\/h3>\n<p>A morte de Fil\u00f3 em \u00cata Mundo Melhor! n\u00e3o \u00e9 apenas uma perda para Candinho, mas tamb\u00e9m um elemento que desencadeia novos conflitos. Logo ap\u00f3s o falecimento, Ernesto sequestra o filho do casal, intensificando a tens\u00e3o da narrativa. Essa reviravolta provocar\u00e1 um novo n\u00edvel de drama, levando Candinho a buscar sua crian\u00e7a e lidar com a dor da perda.<\/p>\n<h3>\ud83d\ude80 O futuro de Candinho<\/h3>\n<p>Com a partida de Fil\u00f3, o futuro de Candinho se apresenta incerto e repleto de desafios. O personagem, que j\u00e1 enfrentou in\u00fameras dificuldades, agora ter\u00e1 que lidar com o luto e a busca por seu filho sequestrado. Isso adiciona camadas de complexidade \u00e0 sua personalidade e promete manter os espectadores grudados na tela.<\/p>\n<h3>\ud83d\udca1 Mudan\u00e7as na narrativa<\/h3>\n<p>A aus\u00eancia de Fil\u00f3 em \u00cata Mundo Melhor! e sua morte tr\u00e1gica marcam uma mudan\u00e7a significativa na narrativa da novela. Os f\u00e3s que acompanhavam o romance dos dois em \u00cata Mundo Bom! sentir\u00e3o a falta da din\u00e2mica entre os personagens. A estrat\u00e9gia de n\u00e3o incluir Fil\u00f3 nas cenas, mas mencion\u00e1-la frequentemente, cria um ar de mist\u00e9rio e dor, que pode atrair tanto antigos quanto novos espectadores.<\/p>\n<p>O desenrolar dessa nova fase promete ser emocionante e cheio de surpresas. A trama, que j\u00e1 conquistou muitos cora\u00e7\u00f5es, agora se prepara para uma nova dire\u00e7\u00e3o, e a dor de Candinho ser\u00e1 um elemento central.<\/p>\n<p>Gostou de saber mais sobre filo eta mundo bom? Seus amigos tamb\u00e9m podem se interessar. <a href=\"https:\/\/www.addtoany.com\/share#url=https%3A%2F%2Fvivadicas.com%2Fst2%2Fentretenimento%2Ftitulo-o-tragico-destino-de-filo-em-eta-mundo-bom-e-sua-reverberacao-em-eta-mundo-melhor%2F1112%2F\" target=\"_blank\" rel=\"noopener\">Compartilhe<\/a> com eles agora mesmo!<\/p>\n","protected":false},"excerpt":{"rendered":"<p>A novela &#8220;\u00cata Mundo Bom!&#8221; trouxe \u00e0 tona o romance entre Candinho e Fil\u00f3, mas a tr\u00e1gica morte de Fil\u00f3 em &#8220;\u00cata Mundo Melhor!&#8221; promete agitar a trama e deixar os f\u00e3s perplexos. A despedida de Fil\u00f3, que ocorre de forma dram\u00e1tica, ser\u00e1 um dos principais motores da narrativa que segue o personagem Candinho. Neste &#8230; <a title=\"T\u00edtulo: O tr\u00e1gico destino de Fil\u00f3 em \u00cata Mundo Bom e sua reverbera\u00e7\u00e3o em \u00cata Mundo Melhor\" class=\"read-more\" href=\"https:\/\/vivadicas.com\/st2\/entretenimento\/titulo-o-tragico-destino-de-filo-em-eta-mundo-bom-e-sua-reverberacao-em-eta-mundo-melhor\/1112\/\" aria-label=\"Read more about T\u00edtulo: O tr\u00e1gico destino de Fil\u00f3 em \u00cata Mundo Bom e sua reverbera\u00e7\u00e3o em \u00cata Mundo Melhor\">Ler mais<\/a><\/p>\n","protected":false},"author":1,"featured_media":1111,"comment_status":"open","ping_status":"open","sticky":false,"template":"","format":"standard","meta":{"footnotes":""},"categories":[1383],"tags":[163,1412,162,1411,58],"class_list":["post-1112","post","type-post","status-publish","format-standard","has-post-thumbnail","hentry","category-entretenimento","tag-candinho","tag-eta-mundo-bom","tag-eta-mundo-melhor","tag-filo","tag-novela"],"yoast_head":"<!-- This site is optimized with the Yoast SEO plugin v25.3.1 - https:\/\/yoast.com\/wordpress\/plugins\/seo\/ -->\n<title>T\u00edtulo: O tr\u00e1gico destino de Fil\u00f3 em \u00cata Mundo Bom e sua reverbera\u00e7\u00e3o em \u00cata Mundo Melhor - WordPulseTrends com<\/title>\n<meta name=\"robots\" content=\"index, follow, max-snippet:-1, max-image-preview:large, max-video-preview:-1\" \/>\n<link rel=\"canonical\" href=\"https:\/\/vivadicas.com\/st2\/entretenimento\/titulo-o-tragico-destino-de-filo-em-eta-mundo-bom-e-sua-reverberacao-em-eta-mundo-melhor\/1112\/\" \/>\n<meta property=\"og:locale\" content=\"pt_BR\" \/>\n<meta property=\"og:type\" content=\"article\" \/>\n<meta property=\"og:title\" content=\"T\u00edtulo: O tr\u00e1gico destino de Fil\u00f3 em \u00cata Mundo Bom e sua reverbera\u00e7\u00e3o em \u00cata Mundo Melhor - WordPulseTrends com\" \/>\n<meta property=\"og:description\" content=\"A novela &#8220;\u00cata Mundo Bom!&#8221; trouxe \u00e0 tona o romance entre Candinho e Fil\u00f3, mas a tr\u00e1gica morte de Fil\u00f3 em &#8220;\u00cata Mundo Melhor!&#8221; promete agitar a trama e deixar os f\u00e3s perplexos. A despedida de Fil\u00f3, que ocorre de forma dram\u00e1tica, ser\u00e1 um dos principais motores da narrativa que segue o personagem Candinho. Neste ... Ler mais\" \/>\n<meta property=\"og:url\" content=\"https:\/\/vivadicas.com\/st2\/entretenimento\/titulo-o-tragico-destino-de-filo-em-eta-mundo-bom-e-sua-reverberacao-em-eta-mundo-melhor\/1112\/\" \/>\n<meta property=\"og:site_name\" content=\"WordPulseTrends com\" \/>\n<meta property=\"article:published_time\" content=\"2025-06-30T21:17:23+00:00\" \/>\n<meta property=\"og:image\" content=\"https:\/\/vivadicas.com\/st2\/wp-content\/uploads\/2025\/06\/ai_trend_1751318233_e6f8472a.jpg\" \/>\n\t<meta property=\"og:image:width\" content=\"1200\" \/>\n\t<meta property=\"og:image:height\" content=\"630\" \/>\n\t<meta property=\"og:image:type\" content=\"image\/jpeg\" \/>\n<meta name=\"author\" content=\"st2vivadicas\" \/>\n<meta name=\"twitter:card\" content=\"summary_large_image\" \/>\n<meta name=\"twitter:label1\" content=\"Escrito por\" \/>\n\t<meta name=\"twitter:data1\" content=\"st2vivadicas\" \/>\n\t<meta name=\"twitter:label2\" content=\"Est. tempo de leitura\" \/>\n\t<meta name=\"twitter:data2\" content=\"2 minutos\" \/>\n<script type=\"application\/ld+json\" class=\"yoast-schema-graph\">{\"@context\":\"https:\/\/schema.org\",\"@graph\":[{\"@type\":\"Article\",\"@id\":\"https:\/\/vivadicas.com\/st2\/entretenimento\/titulo-o-tragico-destino-de-filo-em-eta-mundo-bom-e-sua-reverberacao-em-eta-mundo-melhor\/1112\/#article\",\"isPartOf\":{\"@id\":\"https:\/\/vivadicas.com\/st2\/entretenimento\/titulo-o-tragico-destino-de-filo-em-eta-mundo-bom-e-sua-reverberacao-em-eta-mundo-melhor\/1112\/\"},\"author\":{\"name\":\"st2vivadicas\",\"@id\":\"https:\/\/vivadicas.com\/st2\/#\/schema\/person\/f8432157bb5752f84d3a30f1c7388a16\"},\"headline\":\"T\u00edtulo: O tr\u00e1gico destino de Fil\u00f3 em \u00cata Mundo Bom e sua reverbera\u00e7\u00e3o em \u00cata Mundo Melhor\",\"datePublished\":\"2025-06-30T21:17:23+00:00\",\"mainEntityOfPage\":{\"@id\":\"https:\/\/vivadicas.com\/st2\/entretenimento\/titulo-o-tragico-destino-de-filo-em-eta-mundo-bom-e-sua-reverberacao-em-eta-mundo-melhor\/1112\/\"},\"wordCount\":441,\"commentCount\":0,\"publisher\":{\"@id\":\"https:\/\/vivadicas.com\/st2\/#organization\"},\"image\":{\"@id\":\"https:\/\/vivadicas.com\/st2\/entretenimento\/titulo-o-tragico-destino-de-filo-em-eta-mundo-bom-e-sua-reverberacao-em-eta-mundo-melhor\/1112\/#primaryimage\"},\"thumbnailUrl\":\"https:\/\/vivadicas.com\/st2\/wp-content\/uploads\/2025\/06\/ai_trend_1751318233_e6f8472a.jpg\",\"keywords\":[\"Candinho\",\"\u00cata Mundo Bom\",\"\u00cata Mundo Melhor\",\"Fil\u00f3\",\"Novela\"],\"articleSection\":[\"Entretenimento\"],\"inLanguage\":\"pt-BR\",\"potentialAction\":[{\"@type\":\"CommentAction\",\"name\":\"Comment\",\"target\":[\"https:\/\/vivadicas.com\/st2\/entretenimento\/titulo-o-tragico-destino-de-filo-em-eta-mundo-bom-e-sua-reverberacao-em-eta-mundo-melhor\/1112\/#respond\"]}]},{\"@type\":\"WebPage\",\"@id\":\"https:\/\/vivadicas.com\/st2\/entretenimento\/titulo-o-tragico-destino-de-filo-em-eta-mundo-bom-e-sua-reverberacao-em-eta-mundo-melhor\/1112\/\",\"url\":\"https:\/\/vivadicas.com\/st2\/entretenimento\/titulo-o-tragico-destino-de-filo-em-eta-mundo-bom-e-sua-reverberacao-em-eta-mundo-melhor\/1112\/\",\"name\":\"T\u00edtulo: O tr\u00e1gico destino de Fil\u00f3 em \u00cata Mundo Bom e sua reverbera\u00e7\u00e3o em \u00cata Mundo Melhor - WordPulseTrends com\",\"isPartOf\":{\"@id\":\"https:\/\/vivadicas.com\/st2\/#website\"},\"primaryImageOfPage\":{\"@id\":\"https:\/\/vivadicas.com\/st2\/entretenimento\/titulo-o-tragico-destino-de-filo-em-eta-mundo-bom-e-sua-reverberacao-em-eta-mundo-melhor\/1112\/#primaryimage\"},\"image\":{\"@id\":\"https:\/\/vivadicas.com\/st2\/entretenimento\/titulo-o-tragico-destino-de-filo-em-eta-mundo-bom-e-sua-reverberacao-em-eta-mundo-melhor\/1112\/#primaryimage\"},\"thumbnailUrl\":\"https:\/\/vivadicas.com\/st2\/wp-content\/uploads\/2025\/06\/ai_trend_1751318233_e6f8472a.jpg\",\"datePublished\":\"2025-06-30T21:17:23+00:00\",\"breadcrumb\":{\"@id\":\"https:\/\/vivadicas.com\/st2\/entretenimento\/titulo-o-tragico-destino-de-filo-em-eta-mundo-bom-e-sua-reverberacao-em-eta-mundo-melhor\/1112\/#breadcrumb\"},\"inLanguage\":\"pt-BR\",\"potentialAction\":[{\"@type\":\"ReadAction\",\"target\":[\"https:\/\/vivadicas.com\/st2\/entretenimento\/titulo-o-tragico-destino-de-filo-em-eta-mundo-bom-e-sua-reverberacao-em-eta-mundo-melhor\/1112\/\"]}]},{\"@type\":\"ImageObject\",\"inLanguage\":\"pt-BR\",\"@id\":\"https:\/\/vivadicas.com\/st2\/entretenimento\/titulo-o-tragico-destino-de-filo-em-eta-mundo-bom-e-sua-reverberacao-em-eta-mundo-melhor\/1112\/#primaryimage\",\"url\":\"https:\/\/vivadicas.com\/st2\/wp-content\/uploads\/2025\/06\/ai_trend_1751318233_e6f8472a.jpg\",\"contentUrl\":\"https:\/\/vivadicas.com\/st2\/wp-content\/uploads\/2025\/06\/ai_trend_1751318233_e6f8472a.jpg\",\"width\":1200,\"height\":630},{\"@type\":\"BreadcrumbList\",\"@id\":\"https:\/\/vivadicas.com\/st2\/entretenimento\/titulo-o-tragico-destino-de-filo-em-eta-mundo-bom-e-sua-reverberacao-em-eta-mundo-melhor\/1112\/#breadcrumb\",\"itemListElement\":[{\"@type\":\"ListItem\",\"position\":1,\"name\":\"In\u00edcio\",\"item\":\"https:\/\/vivadicas.com\/st2\/\"},{\"@type\":\"ListItem\",\"position\":2,\"name\":\"T\u00edtulo: O tr\u00e1gico destino de Fil\u00f3 em \u00cata Mundo Bom e sua reverbera\u00e7\u00e3o em \u00cata Mundo Melhor\"}]},{\"@type\":\"WebSite\",\"@id\":\"https:\/\/vivadicas.com\/st2\/#website\",\"url\":\"https:\/\/vivadicas.com\/st2\/\",\"name\":\"TrendsBrasil\",\"description\":\"Stay updated with trending topics, viral news, hot updates, breaking headlines, global trends, and real-time content. Discover what\u2019s going viral now and follow the most talked-about stories across the web, social media, and news platforms!\",\"publisher\":{\"@id\":\"https:\/\/vivadicas.com\/st2\/#organization\"},\"potentialAction\":[{\"@type\":\"SearchAction\",\"target\":{\"@type\":\"EntryPoint\",\"urlTemplate\":\"https:\/\/vivadicas.com\/st2\/?s={search_term_string}\"},\"query-input\":{\"@type\":\"PropertyValueSpecification\",\"valueRequired\":true,\"valueName\":\"search_term_string\"}}],\"inLanguage\":\"pt-BR\"},{\"@type\":\"Organization\",\"@id\":\"https:\/\/vivadicas.com\/st2\/#organization\",\"name\":\"TrendsBrasil\",\"url\":\"https:\/\/vivadicas.com\/st2\/\",\"logo\":{\"@type\":\"ImageObject\",\"inLanguage\":\"pt-BR\",\"@id\":\"https:\/\/vivadicas.com\/st2\/#\/schema\/logo\/image\/\",\"url\":\"https:\/\/vivadicas.com\/st2\/wp-content\/uploads\/2025\/06\/ChatGPT-Image-24-de-jun.-de-2025-10_39_16-683x1024.png\",\"contentUrl\":\"https:\/\/vivadicas.com\/st2\/wp-content\/uploads\/2025\/06\/ChatGPT-Image-24-de-jun.-de-2025-10_39_16-683x1024.png\",\"width\":683,\"height\":1024,\"caption\":\"TrendsBrasil\"},\"image\":{\"@id\":\"https:\/\/vivadicas.com\/st2\/#\/schema\/logo\/image\/\"}},{\"@type\":\"Person\",\"@id\":\"https:\/\/vivadicas.com\/st2\/#\/schema\/person\/f8432157bb5752f84d3a30f1c7388a16\",\"name\":\"st2vivadicas\",\"image\":{\"@type\":\"ImageObject\",\"inLanguage\":\"pt-BR\",\"@id\":\"https:\/\/vivadicas.com\/st2\/#\/schema\/person\/image\/\",\"url\":\"https:\/\/secure.gravatar.com\/avatar\/9bb04fcca59036779222f5f2d61adc27b9b487cc07bc4064b27fa7e0a1e23e1a?s=96&d=mm&r=g\",\"contentUrl\":\"https:\/\/secure.gravatar.com\/avatar\/9bb04fcca59036779222f5f2d61adc27b9b487cc07bc4064b27fa7e0a1e23e1a?s=96&d=mm&r=g\",\"caption\":\"st2vivadicas\"},\"sameAs\":[\"https:\/\/vivadicas.com\/st2\"],\"url\":\"https:\/\/vivadicas.com\/st2\/author\/st2vivadicas\/\"}]}<\/script>\n<!-- \/ Yoast SEO plugin. -->","yoast_head_json":{"title":"T\u00edtulo: O tr\u00e1gico destino de Fil\u00f3 em \u00cata Mundo Bom e sua reverbera\u00e7\u00e3o em \u00cata Mundo Melhor - WordPulseTrends com","robots":{"index":"index","follow":"follow","max-snippet":"max-snippet:-1","max-image-preview":"max-image-preview:large","max-video-preview":"max-video-preview:-1"},"canonical":"https:\/\/vivadicas.com\/st2\/entretenimento\/titulo-o-tragico-destino-de-filo-em-eta-mundo-bom-e-sua-reverberacao-em-eta-mundo-melhor\/1112\/","og_locale":"pt_BR","og_type":"article","og_title":"T\u00edtulo: O tr\u00e1gico destino de Fil\u00f3 em \u00cata Mundo Bom e sua reverbera\u00e7\u00e3o em \u00cata Mundo Melhor - WordPulseTrends com","og_description":"A novela &#8220;\u00cata Mundo Bom!&#8221; trouxe \u00e0 tona o romance entre Candinho e Fil\u00f3, mas a tr\u00e1gica morte de Fil\u00f3 em &#8220;\u00cata Mundo Melhor!&#8221; promete agitar a trama e deixar os f\u00e3s perplexos. A despedida de Fil\u00f3, que ocorre de forma dram\u00e1tica, ser\u00e1 um dos principais motores da narrativa que segue o personagem Candinho. Neste ... Ler mais","og_url":"https:\/\/vivadicas.com\/st2\/entretenimento\/titulo-o-tragico-destino-de-filo-em-eta-mundo-bom-e-sua-reverberacao-em-eta-mundo-melhor\/1112\/","og_site_name":"WordPulseTrends com","article_published_time":"2025-06-30T21:17:23+00:00","og_image":[{"width":1200,"height":630,"url":"https:\/\/vivadicas.com\/st2\/wp-content\/uploads\/2025\/06\/ai_trend_1751318233_e6f8472a.jpg","type":"image\/jpeg"}],"author":"st2vivadicas","twitter_card":"summary_large_image","twitter_misc":{"Escrito por":"st2vivadicas","Est. tempo de leitura":"2 minutos"},"schema":{"@context":"https:\/\/schema.org","@graph":[{"@type":"Article","@id":"https:\/\/vivadicas.com\/st2\/entretenimento\/titulo-o-tragico-destino-de-filo-em-eta-mundo-bom-e-sua-reverberacao-em-eta-mundo-melhor\/1112\/#article","isPartOf":{"@id":"https:\/\/vivadicas.com\/st2\/entretenimento\/titulo-o-tragico-destino-de-filo-em-eta-mundo-bom-e-sua-reverberacao-em-eta-mundo-melhor\/1112\/"},"author":{"name":"st2vivadicas","@id":"https:\/\/vivadicas.com\/st2\/#\/schema\/person\/f8432157bb5752f84d3a30f1c7388a16"},"headline":"T\u00edtulo: O tr\u00e1gico destino de Fil\u00f3 em \u00cata Mundo Bom e sua reverbera\u00e7\u00e3o em \u00cata Mundo Melhor","datePublished":"2025-06-30T21:17:23+00:00","mainEntityOfPage":{"@id":"https:\/\/vivadicas.com\/st2\/entretenimento\/titulo-o-tragico-destino-de-filo-em-eta-mundo-bom-e-sua-reverberacao-em-eta-mundo-melhor\/1112\/"},"wordCount":441,"commentCount":0,"publisher":{"@id":"https:\/\/vivadicas.com\/st2\/#organization"},"image":{"@id":"https:\/\/vivadicas.com\/st2\/entretenimento\/titulo-o-tragico-destino-de-filo-em-eta-mundo-bom-e-sua-reverberacao-em-eta-mundo-melhor\/1112\/#primaryimage"},"thumbnailUrl":"https:\/\/vivadicas.com\/st2\/wp-content\/uploads\/2025\/06\/ai_trend_1751318233_e6f8472a.jpg","keywords":["Candinho","\u00cata Mundo Bom","\u00cata Mundo Melhor","Fil\u00f3","Novela"],"articleSection":["Entretenimento"],"inLanguage":"pt-BR","potentialAction":[{"@type":"CommentAction","name":"Comment","target":["https:\/\/vivadicas.com\/st2\/entretenimento\/titulo-o-tragico-destino-de-filo-em-eta-mundo-bom-e-sua-reverberacao-em-eta-mundo-melhor\/1112\/#respond"]}]},{"@type":"WebPage","@id":"https:\/\/vivadicas.com\/st2\/entretenimento\/titulo-o-tragico-destino-de-filo-em-eta-mundo-bom-e-sua-reverberacao-em-eta-mundo-melhor\/1112\/","url":"https:\/\/vivadicas.com\/st2\/entretenimento\/titulo-o-tragico-destino-de-filo-em-eta-mundo-bom-e-sua-reverberacao-em-eta-mundo-melhor\/1112\/","name":"T\u00edtulo: O tr\u00e1gico destino de Fil\u00f3 em \u00cata Mundo Bom e sua reverbera\u00e7\u00e3o em \u00cata Mundo Melhor - WordPulseTrends com","isPartOf":{"@id":"https:\/\/vivadicas.com\/st2\/#website"},"primaryImageOfPage":{"@id":"https:\/\/vivadicas.com\/st2\/entretenimento\/titulo-o-tragico-destino-de-filo-em-eta-mundo-bom-e-sua-reverberacao-em-eta-mundo-melhor\/1112\/#primaryimage"},"image":{"@id":"https:\/\/vivadicas.com\/st2\/entretenimento\/titulo-o-tragico-destino-de-filo-em-eta-mundo-bom-e-sua-reverberacao-em-eta-mundo-melhor\/1112\/#primaryimage"},"thumbnailUrl":"https:\/\/vivadicas.com\/st2\/wp-content\/uploads\/2025\/06\/ai_trend_1751318233_e6f8472a.jpg","datePublished":"2025-06-30T21:17:23+00:00","breadcrumb":{"@id":"https:\/\/vivadicas.com\/st2\/entretenimento\/titulo-o-tragico-destino-de-filo-em-eta-mundo-bom-e-sua-reverberacao-em-eta-mundo-melhor\/1112\/#breadcrumb"},"inLanguage":"pt-BR","potentialAction":[{"@type":"ReadAction","target":["https:\/\/vivadicas.com\/st2\/entretenimento\/titulo-o-tragico-destino-de-filo-em-eta-mundo-bom-e-sua-reverberacao-em-eta-mundo-melhor\/1112\/"]}]},{"@type":"ImageObject","inLanguage":"pt-BR","@id":"https:\/\/vivadicas.com\/st2\/entretenimento\/titulo-o-tragico-destino-de-filo-em-eta-mundo-bom-e-sua-reverberacao-em-eta-mundo-melhor\/1112\/#primaryimage","url":"https:\/\/vivadicas.com\/st2\/wp-content\/uploads\/2025\/06\/ai_trend_1751318233_e6f8472a.jpg","contentUrl":"https:\/\/vivadicas.com\/st2\/wp-content\/uploads\/2025\/06\/ai_trend_1751318233_e6f8472a.jpg","width":1200,"height":630},{"@type":"BreadcrumbList","@id":"https:\/\/vivadicas.com\/st2\/entretenimento\/titulo-o-tragico-destino-de-filo-em-eta-mundo-bom-e-sua-reverberacao-em-eta-mundo-melhor\/1112\/#breadcrumb","itemListElement":[{"@type":"ListItem","position":1,"name":"In\u00edcio","item":"https:\/\/vivadicas.com\/st2\/"},{"@type":"ListItem","position":2,"name":"T\u00edtulo: O tr\u00e1gico destino de Fil\u00f3 em \u00cata Mundo Bom e sua reverbera\u00e7\u00e3o em \u00cata Mundo Melhor"}]},{"@type":"WebSite","@id":"https:\/\/vivadicas.com\/st2\/#website","url":"https:\/\/vivadicas.com\/st2\/","name":"TrendsBrasil","description":"Stay updated with trending topics, viral news, hot updates, breaking headlines, global trends, and real-time content. Discover what\u2019s going viral now and follow the most talked-about stories across the web, social media, and news platforms!","publisher":{"@id":"https:\/\/vivadicas.com\/st2\/#organization"},"potentialAction":[{"@type":"SearchAction","target":{"@type":"EntryPoint","urlTemplate":"https:\/\/vivadicas.com\/st2\/?s={search_term_string}"},"query-input":{"@type":"PropertyValueSpecification","valueRequired":true,"valueName":"search_term_string"}}],"inLanguage":"pt-BR"},{"@type":"Organization","@id":"https:\/\/vivadicas.com\/st2\/#organization","name":"TrendsBrasil","url":"https:\/\/vivadicas.com\/st2\/","logo":{"@type":"ImageObject","inLanguage":"pt-BR","@id":"https:\/\/vivadicas.com\/st2\/#\/schema\/logo\/image\/","url":"https:\/\/vivadicas.com\/st2\/wp-content\/uploads\/2025\/06\/ChatGPT-Image-24-de-jun.-de-2025-10_39_16-683x1024.png","contentUrl":"https:\/\/vivadicas.com\/st2\/wp-content\/uploads\/2025\/06\/ChatGPT-Image-24-de-jun.-de-2025-10_39_16-683x1024.png","width":683,"height":1024,"caption":"TrendsBrasil"},"image":{"@id":"https:\/\/vivadicas.com\/st2\/#\/schema\/logo\/image\/"}},{"@type":"Person","@id":"https:\/\/vivadicas.com\/st2\/#\/schema\/person\/f8432157bb5752f84d3a30f1c7388a16","name":"st2vivadicas","image":{"@type":"ImageObject","inLanguage":"pt-BR","@id":"https:\/\/vivadicas.com\/st2\/#\/schema\/person\/image\/","url":"https:\/\/secure.gravatar.com\/avatar\/9bb04fcca59036779222f5f2d61adc27b9b487cc07bc4064b27fa7e0a1e23e1a?s=96&d=mm&r=g","contentUrl":"https:\/\/secure.gravatar.com\/avatar\/9bb04fcca59036779222f5f2d61adc27b9b487cc07bc4064b27fa7e0a1e23e1a?s=96&d=mm&r=g","caption":"st2vivadicas"},"sameAs":["https:\/\/vivadicas.com\/st2"],"url":"https:\/\/vivadicas.com\/st2\/author\/st2vivadicas\/"}]}},"_links":{"self":[{"href":"https:\/\/vivadicas.com\/st2\/wp-json\/wp\/v2\/posts\/1112","targetHints":{"allow":["GET"]}}],"collection":[{"href":"https:\/\/vivadicas.com\/st2\/wp-json\/wp\/v2\/posts"}],"about":[{"href":"https:\/\/vivadicas.com\/st2\/wp-json\/wp\/v2\/types\/post"}],"author":[{"embeddable":true,"href":"https:\/\/vivadicas.com\/st2\/wp-json\/wp\/v2\/users\/1"}],"replies":[{"embeddable":true,"href":"https:\/\/vivadicas.com\/st2\/wp-json\/wp\/v2\/comments?post=1112"}],"version-history":[{"count":1,"href":"https:\/\/vivadicas.com\/st2\/wp-json\/wp\/v2\/posts\/1112\/revisions"}],"predecessor-version":[{"id":1113,"href":"https:\/\/vivadicas.com\/st2\/wp-json\/wp\/v2\/posts\/1112\/revisions\/1113"}],"wp:featuredmedia":[{"embeddable":true,"href":"https:\/\/vivadicas.com\/st2\/wp-json\/wp\/v2\/media\/1111"}],"wp:attachment":[{"href":"https:\/\/vivadicas.com\/st2\/wp-json\/wp\/v2\/media?parent=1112"}],"wp:term":[{"taxonomy":"category","embeddable":true,"href":"https:\/\/vivadicas.com\/st2\/wp-json\/wp\/v2\/categories?post=1112"},{"taxonomy":"post_tag","embeddable":true,"href":"https:\/\/vivadicas.com\/st2\/wp-json\/wp\/v2\/tags?post=1112"}],"curies":[{"name":"wp","href":"https:\/\/api.w.org\/{rel}","templated":true}]}}