{"id":11401,"date":"2025-07-21T19:57:50","date_gmt":"2025-07-21T22:57:50","guid":{"rendered":"https:\/\/vivadicas.com\/st2\/blog\/o-diabo-veste-prada-2-o-retorno-de-uma-historia-fashion\/11401\/"},"modified":"2025-07-21T19:57:51","modified_gmt":"2025-07-21T22:57:51","slug":"o-diabo-veste-prada-2-o-retorno-de-uma-historia-fashion","status":"publish","type":"post","link":"https:\/\/vivadicas.com\/st2\/entretenimento\/o-diabo-veste-prada-2-o-retorno-de-uma-historia-fashion\/11401\/","title":{"rendered":"O diabo veste prada 2: O retorno de uma hist\u00f3ria fashion"},"content":{"rendered":"<p>A t\u00e3o aguardada sequ\u00eancia, o diabo veste prada 2, promete trazer de volta os personagens ic\u00f4nicos que conquistaram o p\u00fablico na primeira adapta\u00e7\u00e3o. Com a nova trama, o diabo veste prada 2 se destaca n\u00e3o apenas por sua abordagem atual, mas tamb\u00e9m por explorar novas din\u00e2micas no mundo da moda. Os f\u00e3s podem esperar reencontrar a ess\u00eancia que fez do primeiro filme um sucesso.<\/p>\n<p><h2>\ud83c\udfaf O que esperar do enredo?<\/h2>\n<\/p>\n<p>O enredo de o diabo veste prada 2 se passa anos ap\u00f3s os eventos do primeiro filme. Andy Sachs, interpretada por Anne Hathaway, agora \u00e9 uma editora de revista respeitada. Ela enfrenta novos desafios na ind\u00fastria da moda, enquanto tenta equilibrar a vida pessoal e profissional. O retorno de Miranda Priestly, vivida por Meryl Streep, traz uma pitada de tens\u00e3o, j\u00e1 que as duas protagonistas devem lidar com suas diferen\u00e7as.<\/p>\n<p><h2>\ud83d\udca1 Novos personagens e tramas<\/h2>\n<\/p>\n<p>A sequ\u00eancia tamb\u00e9m introduz novos personagens que prometem apimentar a hist\u00f3ria. Entre eles, um jovem designer ambicioso e uma rival de Andy que pode mudar o rumo de sua carreira. Esse novo elenco traz frescor \u00e0 narrativa, enriquecendo as intera\u00e7\u00f5es e as situa\u00e7\u00f5es vivenciadas.<\/p>\n<p><h2>\u26a1 Retorno da equipe original<\/h2>\n<\/p>\n<p>Uma das gratas surpresas de o diabo veste prada 2 \u00e9 o retorno da equipe criativa que fez do primeiro filme um marco. O diretor David Frankel e a roteirista Aline Brosh McKenna voltam para garantir que a ess\u00eancia e o humor do original sejam mantidos. Essa continuidade promete agradar tanto os f\u00e3s antigos quanto novos espectadores.<\/p>\n<p><h2>\ud83d\udcca Expectativas de bilheteira<\/h2>\n<\/p>\n<p>As expectativas em rela\u00e7\u00e3o \u00e0 bilheteira de o diabo veste prada 2 s\u00e3o altas. O primeiro filme arrecadou mais de 326 milh\u00f5es de d\u00f3lares em todo o mundo, e a sequ\u00eancia busca repetir esse sucesso. Com uma base de f\u00e3s leais e um marketing eficaz, a expectativa \u00e9 que o filme atraia uma audi\u00eancia significativa.<\/p>\n<p>O lan\u00e7amento de o diabo veste prada 2 est\u00e1 previsto para o pr\u00f3ximo semestre, e a ansiedade s\u00f3 aumenta \u00e0 medida que mais detalhes s\u00e3o revelados. Os trailers e teasers come\u00e7am a surgir, e os f\u00e3s est\u00e3o prontos para mergulhar novamente nesse universo glamouroso e cheio de desafios.<\/p>\n<p>Gostou de saber mais sobre o diabo veste prada 2? Seus amigos tamb\u00e9m podem se interessar. <a href=\"https:\/\/www.addtoany.com\/share#url=https%3A%2F%2Fvivadicas.com%2Fst2%2Fentretenimento%2Fo-diabo-veste-prada-2-o-retorno-de-uma-historia-fashion%2F11401%2F\" target=\"_blank\" rel=\"noopener\">Compartilhe<\/a> com eles agora mesmo!<\/p>\n","protected":false},"excerpt":{"rendered":"<p>A t\u00e3o aguardada sequ\u00eancia, o diabo veste prada 2, promete trazer de volta os personagens ic\u00f4nicos que conquistaram o p\u00fablico na primeira adapta\u00e7\u00e3o. Com a nova trama, o diabo veste prada 2 se destaca n\u00e3o apenas por sua abordagem atual, mas tamb\u00e9m por explorar novas din\u00e2micas no mundo da moda. Os f\u00e3s podem esperar reencontrar &#8230; <a title=\"O diabo veste prada 2: O retorno de uma hist\u00f3ria fashion\" class=\"read-more\" href=\"https:\/\/vivadicas.com\/st2\/entretenimento\/o-diabo-veste-prada-2-o-retorno-de-uma-historia-fashion\/11401\/\" aria-label=\"Read more about O diabo veste prada 2: O retorno de uma hist\u00f3ria fashion\">Ler mais<\/a><\/p>\n","protected":false},"author":1,"featured_media":11400,"comment_status":"open","ping_status":"open","sticky":false,"template":"","format":"standard","meta":{"footnotes":""},"categories":[1383],"tags":[120,9094,119,1270,1272],"class_list":["post-11401","post","type-post","status-publish","format-standard","has-post-thumbnail","hentry","category-entretenimento","tag-cinema","tag-continuacao","tag-moda","tag-o-diabo-veste-prada","tag-sequencia"],"yoast_head":"<!-- This site is optimized with the Yoast SEO plugin v25.3.1 - https:\/\/yoast.com\/wordpress\/plugins\/seo\/ -->\n<title>O diabo veste prada 2: O retorno de uma hist\u00f3ria fashion - WordPulseTrends com<\/title>\n<meta name=\"robots\" content=\"index, follow, max-snippet:-1, max-image-preview:large, max-video-preview:-1\" \/>\n<link rel=\"canonical\" href=\"https:\/\/vivadicas.com\/st2\/entretenimento\/o-diabo-veste-prada-2-o-retorno-de-uma-historia-fashion\/11401\/\" \/>\n<meta property=\"og:locale\" content=\"pt_BR\" \/>\n<meta property=\"og:type\" content=\"article\" \/>\n<meta property=\"og:title\" content=\"O diabo veste prada 2: O retorno de uma hist\u00f3ria fashion - WordPulseTrends com\" \/>\n<meta property=\"og:description\" content=\"A t\u00e3o aguardada sequ\u00eancia, o diabo veste prada 2, promete trazer de volta os personagens ic\u00f4nicos que conquistaram o p\u00fablico na primeira adapta\u00e7\u00e3o. Com a nova trama, o diabo veste prada 2 se destaca n\u00e3o apenas por sua abordagem atual, mas tamb\u00e9m por explorar novas din\u00e2micas no mundo da moda. Os f\u00e3s podem esperar reencontrar ... Ler mais\" \/>\n<meta property=\"og:url\" content=\"https:\/\/vivadicas.com\/st2\/entretenimento\/o-diabo-veste-prada-2-o-retorno-de-uma-historia-fashion\/11401\/\" \/>\n<meta property=\"og:site_name\" content=\"WordPulseTrends com\" \/>\n<meta property=\"article:published_time\" content=\"2025-07-21T22:57:50+00:00\" \/>\n<meta property=\"article:modified_time\" content=\"2025-07-21T22:57:51+00:00\" \/>\n<meta property=\"og:image\" content=\"https:\/\/vivadicas.com\/st2\/wp-content\/uploads\/2025\/07\/ai_trend_1753138655_4754e744.png\" \/>\n\t<meta property=\"og:image:width\" content=\"1024\" \/>\n\t<meta property=\"og:image:height\" content=\"512\" \/>\n\t<meta property=\"og:image:type\" content=\"image\/png\" \/>\n<meta name=\"author\" content=\"st2vivadicas\" \/>\n<meta name=\"twitter:card\" content=\"summary_large_image\" \/>\n<meta name=\"twitter:label1\" content=\"Escrito por\" \/>\n\t<meta name=\"twitter:data1\" content=\"st2vivadicas\" \/>\n\t<meta name=\"twitter:label2\" content=\"Est. tempo de leitura\" \/>\n\t<meta name=\"twitter:data2\" content=\"2 minutos\" \/>\n<script type=\"application\/ld+json\" class=\"yoast-schema-graph\">{\"@context\":\"https:\/\/schema.org\",\"@graph\":[{\"@type\":\"Article\",\"@id\":\"https:\/\/vivadicas.com\/st2\/entretenimento\/o-diabo-veste-prada-2-o-retorno-de-uma-historia-fashion\/11401\/#article\",\"isPartOf\":{\"@id\":\"https:\/\/vivadicas.com\/st2\/entretenimento\/o-diabo-veste-prada-2-o-retorno-de-uma-historia-fashion\/11401\/\"},\"author\":{\"name\":\"st2vivadicas\",\"@id\":\"https:\/\/vivadicas.com\/st2\/#\/schema\/person\/f8432157bb5752f84d3a30f1c7388a16\"},\"headline\":\"O diabo veste prada 2: O retorno de uma hist\u00f3ria fashion\",\"datePublished\":\"2025-07-21T22:57:50+00:00\",\"dateModified\":\"2025-07-21T22:57:51+00:00\",\"mainEntityOfPage\":{\"@id\":\"https:\/\/vivadicas.com\/st2\/entretenimento\/o-diabo-veste-prada-2-o-retorno-de-uma-historia-fashion\/11401\/\"},\"wordCount\":407,\"commentCount\":0,\"publisher\":{\"@id\":\"https:\/\/vivadicas.com\/st2\/#organization\"},\"image\":{\"@id\":\"https:\/\/vivadicas.com\/st2\/entretenimento\/o-diabo-veste-prada-2-o-retorno-de-uma-historia-fashion\/11401\/#primaryimage\"},\"thumbnailUrl\":\"https:\/\/vivadicas.com\/st2\/wp-content\/uploads\/2025\/07\/ai_trend_1753138655_4754e744.png\",\"keywords\":[\"cinema\",\"Continua\u00e7\u00e3o\",\"moda\",\"O Diabo Veste Prada\",\"Sequ\u00eancia\"],\"articleSection\":[\"Entretenimento\"],\"inLanguage\":\"pt-BR\",\"potentialAction\":[{\"@type\":\"CommentAction\",\"name\":\"Comment\",\"target\":[\"https:\/\/vivadicas.com\/st2\/entretenimento\/o-diabo-veste-prada-2-o-retorno-de-uma-historia-fashion\/11401\/#respond\"]}]},{\"@type\":\"WebPage\",\"@id\":\"https:\/\/vivadicas.com\/st2\/entretenimento\/o-diabo-veste-prada-2-o-retorno-de-uma-historia-fashion\/11401\/\",\"url\":\"https:\/\/vivadicas.com\/st2\/entretenimento\/o-diabo-veste-prada-2-o-retorno-de-uma-historia-fashion\/11401\/\",\"name\":\"O diabo veste prada 2: O retorno de uma hist\u00f3ria fashion - WordPulseTrends com\",\"isPartOf\":{\"@id\":\"https:\/\/vivadicas.com\/st2\/#website\"},\"primaryImageOfPage\":{\"@id\":\"https:\/\/vivadicas.com\/st2\/entretenimento\/o-diabo-veste-prada-2-o-retorno-de-uma-historia-fashion\/11401\/#primaryimage\"},\"image\":{\"@id\":\"https:\/\/vivadicas.com\/st2\/entretenimento\/o-diabo-veste-prada-2-o-retorno-de-uma-historia-fashion\/11401\/#primaryimage\"},\"thumbnailUrl\":\"https:\/\/vivadicas.com\/st2\/wp-content\/uploads\/2025\/07\/ai_trend_1753138655_4754e744.png\",\"datePublished\":\"2025-07-21T22:57:50+00:00\",\"dateModified\":\"2025-07-21T22:57:51+00:00\",\"breadcrumb\":{\"@id\":\"https:\/\/vivadicas.com\/st2\/entretenimento\/o-diabo-veste-prada-2-o-retorno-de-uma-historia-fashion\/11401\/#breadcrumb\"},\"inLanguage\":\"pt-BR\",\"potentialAction\":[{\"@type\":\"ReadAction\",\"target\":[\"https:\/\/vivadicas.com\/st2\/entretenimento\/o-diabo-veste-prada-2-o-retorno-de-uma-historia-fashion\/11401\/\"]}]},{\"@type\":\"ImageObject\",\"inLanguage\":\"pt-BR\",\"@id\":\"https:\/\/vivadicas.com\/st2\/entretenimento\/o-diabo-veste-prada-2-o-retorno-de-uma-historia-fashion\/11401\/#primaryimage\",\"url\":\"https:\/\/vivadicas.com\/st2\/wp-content\/uploads\/2025\/07\/ai_trend_1753138655_4754e744.png\",\"contentUrl\":\"https:\/\/vivadicas.com\/st2\/wp-content\/uploads\/2025\/07\/ai_trend_1753138655_4754e744.png\",\"width\":1024,\"height\":512},{\"@type\":\"BreadcrumbList\",\"@id\":\"https:\/\/vivadicas.com\/st2\/entretenimento\/o-diabo-veste-prada-2-o-retorno-de-uma-historia-fashion\/11401\/#breadcrumb\",\"itemListElement\":[{\"@type\":\"ListItem\",\"position\":1,\"name\":\"In\u00edcio\",\"item\":\"https:\/\/vivadicas.com\/st2\/\"},{\"@type\":\"ListItem\",\"position\":2,\"name\":\"O diabo veste prada 2: O retorno de uma hist\u00f3ria fashion\"}]},{\"@type\":\"WebSite\",\"@id\":\"https:\/\/vivadicas.com\/st2\/#website\",\"url\":\"https:\/\/vivadicas.com\/st2\/\",\"name\":\"TrendsBrasil\",\"description\":\"Stay updated with trending topics, viral news, hot updates, breaking headlines, global trends, and real-time content. Discover what\u2019s going viral now and follow the most talked-about stories across the web, social media, and news platforms!\",\"publisher\":{\"@id\":\"https:\/\/vivadicas.com\/st2\/#organization\"},\"potentialAction\":[{\"@type\":\"SearchAction\",\"target\":{\"@type\":\"EntryPoint\",\"urlTemplate\":\"https:\/\/vivadicas.com\/st2\/?s={search_term_string}\"},\"query-input\":{\"@type\":\"PropertyValueSpecification\",\"valueRequired\":true,\"valueName\":\"search_term_string\"}}],\"inLanguage\":\"pt-BR\"},{\"@type\":\"Organization\",\"@id\":\"https:\/\/vivadicas.com\/st2\/#organization\",\"name\":\"TrendsBrasil\",\"url\":\"https:\/\/vivadicas.com\/st2\/\",\"logo\":{\"@type\":\"ImageObject\",\"inLanguage\":\"pt-BR\",\"@id\":\"https:\/\/vivadicas.com\/st2\/#\/schema\/logo\/image\/\",\"url\":\"https:\/\/vivadicas.com\/st2\/wp-content\/uploads\/2025\/06\/ChatGPT-Image-24-de-jun.-de-2025-10_39_16-683x1024.png\",\"contentUrl\":\"https:\/\/vivadicas.com\/st2\/wp-content\/uploads\/2025\/06\/ChatGPT-Image-24-de-jun.-de-2025-10_39_16-683x1024.png\",\"width\":683,\"height\":1024,\"caption\":\"TrendsBrasil\"},\"image\":{\"@id\":\"https:\/\/vivadicas.com\/st2\/#\/schema\/logo\/image\/\"}},{\"@type\":\"Person\",\"@id\":\"https:\/\/vivadicas.com\/st2\/#\/schema\/person\/f8432157bb5752f84d3a30f1c7388a16\",\"name\":\"st2vivadicas\",\"image\":{\"@type\":\"ImageObject\",\"inLanguage\":\"pt-BR\",\"@id\":\"https:\/\/vivadicas.com\/st2\/#\/schema\/person\/image\/\",\"url\":\"https:\/\/secure.gravatar.com\/avatar\/9bb04fcca59036779222f5f2d61adc27b9b487cc07bc4064b27fa7e0a1e23e1a?s=96&d=mm&r=g\",\"contentUrl\":\"https:\/\/secure.gravatar.com\/avatar\/9bb04fcca59036779222f5f2d61adc27b9b487cc07bc4064b27fa7e0a1e23e1a?s=96&d=mm&r=g\",\"caption\":\"st2vivadicas\"},\"sameAs\":[\"https:\/\/vivadicas.com\/st2\"],\"url\":\"https:\/\/vivadicas.com\/st2\/author\/st2vivadicas\/\"}]}<\/script>\n<!-- \/ Yoast SEO plugin. -->","yoast_head_json":{"title":"O diabo veste prada 2: O retorno de uma hist\u00f3ria fashion - WordPulseTrends com","robots":{"index":"index","follow":"follow","max-snippet":"max-snippet:-1","max-image-preview":"max-image-preview:large","max-video-preview":"max-video-preview:-1"},"canonical":"https:\/\/vivadicas.com\/st2\/entretenimento\/o-diabo-veste-prada-2-o-retorno-de-uma-historia-fashion\/11401\/","og_locale":"pt_BR","og_type":"article","og_title":"O diabo veste prada 2: O retorno de uma hist\u00f3ria fashion - WordPulseTrends com","og_description":"A t\u00e3o aguardada sequ\u00eancia, o diabo veste prada 2, promete trazer de volta os personagens ic\u00f4nicos que conquistaram o p\u00fablico na primeira adapta\u00e7\u00e3o. Com a nova trama, o diabo veste prada 2 se destaca n\u00e3o apenas por sua abordagem atual, mas tamb\u00e9m por explorar novas din\u00e2micas no mundo da moda. Os f\u00e3s podem esperar reencontrar ... Ler mais","og_url":"https:\/\/vivadicas.com\/st2\/entretenimento\/o-diabo-veste-prada-2-o-retorno-de-uma-historia-fashion\/11401\/","og_site_name":"WordPulseTrends com","article_published_time":"2025-07-21T22:57:50+00:00","article_modified_time":"2025-07-21T22:57:51+00:00","og_image":[{"width":1024,"height":512,"url":"https:\/\/vivadicas.com\/st2\/wp-content\/uploads\/2025\/07\/ai_trend_1753138655_4754e744.png","type":"image\/png"}],"author":"st2vivadicas","twitter_card":"summary_large_image","twitter_misc":{"Escrito por":"st2vivadicas","Est. tempo de leitura":"2 minutos"},"schema":{"@context":"https:\/\/schema.org","@graph":[{"@type":"Article","@id":"https:\/\/vivadicas.com\/st2\/entretenimento\/o-diabo-veste-prada-2-o-retorno-de-uma-historia-fashion\/11401\/#article","isPartOf":{"@id":"https:\/\/vivadicas.com\/st2\/entretenimento\/o-diabo-veste-prada-2-o-retorno-de-uma-historia-fashion\/11401\/"},"author":{"name":"st2vivadicas","@id":"https:\/\/vivadicas.com\/st2\/#\/schema\/person\/f8432157bb5752f84d3a30f1c7388a16"},"headline":"O diabo veste prada 2: O retorno de uma hist\u00f3ria fashion","datePublished":"2025-07-21T22:57:50+00:00","dateModified":"2025-07-21T22:57:51+00:00","mainEntityOfPage":{"@id":"https:\/\/vivadicas.com\/st2\/entretenimento\/o-diabo-veste-prada-2-o-retorno-de-uma-historia-fashion\/11401\/"},"wordCount":407,"commentCount":0,"publisher":{"@id":"https:\/\/vivadicas.com\/st2\/#organization"},"image":{"@id":"https:\/\/vivadicas.com\/st2\/entretenimento\/o-diabo-veste-prada-2-o-retorno-de-uma-historia-fashion\/11401\/#primaryimage"},"thumbnailUrl":"https:\/\/vivadicas.com\/st2\/wp-content\/uploads\/2025\/07\/ai_trend_1753138655_4754e744.png","keywords":["cinema","Continua\u00e7\u00e3o","moda","O Diabo Veste Prada","Sequ\u00eancia"],"articleSection":["Entretenimento"],"inLanguage":"pt-BR","potentialAction":[{"@type":"CommentAction","name":"Comment","target":["https:\/\/vivadicas.com\/st2\/entretenimento\/o-diabo-veste-prada-2-o-retorno-de-uma-historia-fashion\/11401\/#respond"]}]},{"@type":"WebPage","@id":"https:\/\/vivadicas.com\/st2\/entretenimento\/o-diabo-veste-prada-2-o-retorno-de-uma-historia-fashion\/11401\/","url":"https:\/\/vivadicas.com\/st2\/entretenimento\/o-diabo-veste-prada-2-o-retorno-de-uma-historia-fashion\/11401\/","name":"O diabo veste prada 2: O retorno de uma hist\u00f3ria fashion - WordPulseTrends com","isPartOf":{"@id":"https:\/\/vivadicas.com\/st2\/#website"},"primaryImageOfPage":{"@id":"https:\/\/vivadicas.com\/st2\/entretenimento\/o-diabo-veste-prada-2-o-retorno-de-uma-historia-fashion\/11401\/#primaryimage"},"image":{"@id":"https:\/\/vivadicas.com\/st2\/entretenimento\/o-diabo-veste-prada-2-o-retorno-de-uma-historia-fashion\/11401\/#primaryimage"},"thumbnailUrl":"https:\/\/vivadicas.com\/st2\/wp-content\/uploads\/2025\/07\/ai_trend_1753138655_4754e744.png","datePublished":"2025-07-21T22:57:50+00:00","dateModified":"2025-07-21T22:57:51+00:00","breadcrumb":{"@id":"https:\/\/vivadicas.com\/st2\/entretenimento\/o-diabo-veste-prada-2-o-retorno-de-uma-historia-fashion\/11401\/#breadcrumb"},"inLanguage":"pt-BR","potentialAction":[{"@type":"ReadAction","target":["https:\/\/vivadicas.com\/st2\/entretenimento\/o-diabo-veste-prada-2-o-retorno-de-uma-historia-fashion\/11401\/"]}]},{"@type":"ImageObject","inLanguage":"pt-BR","@id":"https:\/\/vivadicas.com\/st2\/entretenimento\/o-diabo-veste-prada-2-o-retorno-de-uma-historia-fashion\/11401\/#primaryimage","url":"https:\/\/vivadicas.com\/st2\/wp-content\/uploads\/2025\/07\/ai_trend_1753138655_4754e744.png","contentUrl":"https:\/\/vivadicas.com\/st2\/wp-content\/uploads\/2025\/07\/ai_trend_1753138655_4754e744.png","width":1024,"height":512},{"@type":"BreadcrumbList","@id":"https:\/\/vivadicas.com\/st2\/entretenimento\/o-diabo-veste-prada-2-o-retorno-de-uma-historia-fashion\/11401\/#breadcrumb","itemListElement":[{"@type":"ListItem","position":1,"name":"In\u00edcio","item":"https:\/\/vivadicas.com\/st2\/"},{"@type":"ListItem","position":2,"name":"O diabo veste prada 2: O retorno de uma hist\u00f3ria fashion"}]},{"@type":"WebSite","@id":"https:\/\/vivadicas.com\/st2\/#website","url":"https:\/\/vivadicas.com\/st2\/","name":"TrendsBrasil","description":"Stay updated with trending topics, viral news, hot updates, breaking headlines, global trends, and real-time content. Discover what\u2019s going viral now and follow the most talked-about stories across the web, social media, and news platforms!","publisher":{"@id":"https:\/\/vivadicas.com\/st2\/#organization"},"potentialAction":[{"@type":"SearchAction","target":{"@type":"EntryPoint","urlTemplate":"https:\/\/vivadicas.com\/st2\/?s={search_term_string}"},"query-input":{"@type":"PropertyValueSpecification","valueRequired":true,"valueName":"search_term_string"}}],"inLanguage":"pt-BR"},{"@type":"Organization","@id":"https:\/\/vivadicas.com\/st2\/#organization","name":"TrendsBrasil","url":"https:\/\/vivadicas.com\/st2\/","logo":{"@type":"ImageObject","inLanguage":"pt-BR","@id":"https:\/\/vivadicas.com\/st2\/#\/schema\/logo\/image\/","url":"https:\/\/vivadicas.com\/st2\/wp-content\/uploads\/2025\/06\/ChatGPT-Image-24-de-jun.-de-2025-10_39_16-683x1024.png","contentUrl":"https:\/\/vivadicas.com\/st2\/wp-content\/uploads\/2025\/06\/ChatGPT-Image-24-de-jun.-de-2025-10_39_16-683x1024.png","width":683,"height":1024,"caption":"TrendsBrasil"},"image":{"@id":"https:\/\/vivadicas.com\/st2\/#\/schema\/logo\/image\/"}},{"@type":"Person","@id":"https:\/\/vivadicas.com\/st2\/#\/schema\/person\/f8432157bb5752f84d3a30f1c7388a16","name":"st2vivadicas","image":{"@type":"ImageObject","inLanguage":"pt-BR","@id":"https:\/\/vivadicas.com\/st2\/#\/schema\/person\/image\/","url":"https:\/\/secure.gravatar.com\/avatar\/9bb04fcca59036779222f5f2d61adc27b9b487cc07bc4064b27fa7e0a1e23e1a?s=96&d=mm&r=g","contentUrl":"https:\/\/secure.gravatar.com\/avatar\/9bb04fcca59036779222f5f2d61adc27b9b487cc07bc4064b27fa7e0a1e23e1a?s=96&d=mm&r=g","caption":"st2vivadicas"},"sameAs":["https:\/\/vivadicas.com\/st2"],"url":"https:\/\/vivadicas.com\/st2\/author\/st2vivadicas\/"}]}},"_links":{"self":[{"href":"https:\/\/vivadicas.com\/st2\/wp-json\/wp\/v2\/posts\/11401","targetHints":{"allow":["GET"]}}],"collection":[{"href":"https:\/\/vivadicas.com\/st2\/wp-json\/wp\/v2\/posts"}],"about":[{"href":"https:\/\/vivadicas.com\/st2\/wp-json\/wp\/v2\/types\/post"}],"author":[{"embeddable":true,"href":"https:\/\/vivadicas.com\/st2\/wp-json\/wp\/v2\/users\/1"}],"replies":[{"embeddable":true,"href":"https:\/\/vivadicas.com\/st2\/wp-json\/wp\/v2\/comments?post=11401"}],"version-history":[{"count":1,"href":"https:\/\/vivadicas.com\/st2\/wp-json\/wp\/v2\/posts\/11401\/revisions"}],"predecessor-version":[{"id":11402,"href":"https:\/\/vivadicas.com\/st2\/wp-json\/wp\/v2\/posts\/11401\/revisions\/11402"}],"wp:featuredmedia":[{"embeddable":true,"href":"https:\/\/vivadicas.com\/st2\/wp-json\/wp\/v2\/media\/11400"}],"wp:attachment":[{"href":"https:\/\/vivadicas.com\/st2\/wp-json\/wp\/v2\/media?parent=11401"}],"wp:term":[{"taxonomy":"category","embeddable":true,"href":"https:\/\/vivadicas.com\/st2\/wp-json\/wp\/v2\/categories?post=11401"},{"taxonomy":"post_tag","embeddable":true,"href":"https:\/\/vivadicas.com\/st2\/wp-json\/wp\/v2\/tags?post=11401"}],"curies":[{"name":"wp","href":"https:\/\/api.w.org\/{rel}","templated":true}]}}