{"id":13129,"date":"2025-08-09T03:01:17","date_gmt":"2025-08-09T06:01:17","guid":{"rendered":"https:\/\/vivadicas.com\/st2\/blog\/mc-mirella-expressa-desespero-em-meio-a-problemas-familiares\/13129\/"},"modified":"2025-08-09T03:01:17","modified_gmt":"2025-08-09T06:01:17","slug":"mc-mirella-expressa-desespero-em-meio-a-problemas-familiares","status":"publish","type":"post","link":"https:\/\/vivadicas.com\/st2\/blog\/mc-mirella-expressa-desespero-em-meio-a-problemas-familiares\/13129\/","title":{"rendered":"MC Mirella Expressa Desespero em Meio a Problemas Familiares"},"content":{"rendered":"<p>A cantora MC Mirella, conhecida por seu talento e carisma, utilizou suas redes sociais nesta ter\u00e7a-feira (19 de novembro) para compartilhar um momento delicado de sua vida pessoal. Em uma s\u00e9rie de stories no Instagram, a artista exp\u00f4s seu estado emocional, revelando a ang\u00fastia que vem enfrentando devido a problemas familiares. A artista n\u00e3o hesitou em mostrar aos seus seguidores a vulnerabilidade por tr\u00e1s de sua imagem p\u00fablica, algo que ressoa profundamente com muitos f\u00e3s que tamb\u00e9m enfrentam dificuldades em suas rela\u00e7\u00f5es familiares.<\/p>\n<h2>Os Desafios Pessoais de MC Mirella<\/h2>\n<p>MC Mirella tem se destacado na cena do funk brasileiro, mas sua trajet\u00f3ria n\u00e3o tem sido isenta de desafios pessoais. Recentemente, ela enfrentou quest\u00f5es relacionadas \u00e0 fam\u00edlia que a levaram a um estado emocional fragilizado. A cantora afirmou em seus stories que se sente angustiada e desamparada, trazendo \u00e0 tona a realidade dolorosa que muitas pessoas vivem longe das c\u00e2meras e da fama. Essa exposi\u00e7\u00e3o \u00e9 um convite \u00e0 empatia dos f\u00e3s e reflete as dificuldades comuns nas rela\u00e7\u00f5es familiares, especialmente quando h\u00e1 diverg\u00eancias ou crises internas.<\/p>\n<p>A transpar\u00eancia de MC Mirella ao abordar suas lutas familiares \u00e9 uma pr\u00e1tica importante, pois desmistifica a ideia de que celebridades vivem vidas perfeitas. Ela ressaltou como os problemas familiares podem afetar o bem-estar psicol\u00f3gico e emocional de qualquer pessoa, independentemente do sucesso profissional. Sua coragem em compartilhar esses momentos \u00edntimos abre espa\u00e7o para di\u00e1logos sobre sa\u00fade mental e relacionamentos familiares, temas cada vez mais relevantes na sociedade contempor\u00e2nea.<\/p>\n<h2>A Repercuss\u00e3o nas Redes Sociais<\/h2>\n<p>Ap\u00f3s o desabafo de MC Mirella nos stories, as redes sociais foram inundadas por mensagens de apoio dos f\u00e3s e amigos pr\u00f3ximos. Muitas pessoas comentaram sobre como se sentiram identificadas com o sentimento de desespero exposto pela cantora. Esse fen\u00f4meno evidencia uma conex\u00e3o profunda entre artistas e seus seguidores, onde a vulnerabilidade pode criar la\u00e7os ainda mais fortes. Os internautas rapidamente compartilharam palavras encorajadoras e experi\u00eancias semelhantes, mostrando que n\u00e3o est\u00e3o sozinhos em suas batalhas pessoais.<\/p>\n<p>Por outro lado, tamb\u00e9m houve cr\u00edticas direcionadas \u00e0 maneira como alguns influenciadores lidam com suas emo\u00e7\u00f5es publicamente. Alguns usu\u00e1rios questionaram se esse tipo de exposi\u00e7\u00e3o poderia ser utilizado apenas para ganhar aten\u00e7\u00e3o ou engajamento nas redes sociais. No entanto, muitos defendem que expressar sentimentos aut\u00eanticos \u00e9 uma forma v\u00e1lida de lidar com problemas emocionais e pode ajudar outras pessoas que est\u00e3o passando por situa\u00e7\u00f5es semelhantes. Essa dualidade nas rea\u00e7\u00f5es revela como temas delicados relacionados \u00e0 sa\u00fade mental ainda s\u00e3o cercados por controversas na sociedade brasileira.<\/p>\n<h2>O Impacto da Ind\u00fastria da M\u00fasica no Bem-Estar Pessoal<\/h2>\n<p>A vida art\u00edstica pode ser extremamente desafiadora, especialmente para aqueles no mundo da m\u00fasica como MC Mirella. Al\u00e9m das press\u00f5es normais do dia a dia, os artistas enfrentam exig\u00eancias adicionais relacionadas ao trabalho constante, apari\u00e7\u00f5es p\u00fablicas e intera\u00e7\u00f5es com os f\u00e3s. Esses fatores muitas vezes exacerbam problemas pessoais j\u00e1 existentes ou criam novas fontes de estresse. A situa\u00e7\u00e3o vivida por MC Mirella ilustra como essas tens\u00f5es podem se infiltrar na vida pessoal e impactar relacionamentos importantes.<\/p>\n<p>A press\u00e3o para manter uma imagem p\u00fablica impec\u00e1vel pode levar muitos artistas a esconderem seus verdadeiros sentimentos ou lutarem sozinhos sem apoio adequado. Com o crescente reconhecimento da import\u00e2ncia da sa\u00fade mental no cen\u00e1rio musical brasileiro, iniciativas voltadas ao bem-estar emocional dos artistas t\u00eam ganhado destaque. MC Mirella \u00e9 um exemplo perfeito para discutir a necessidade urgente de cuidar da sa\u00fade mental no ambiente frequentemente opressivo da ind\u00fastria musical.<\/p>\n<h2>Conclus\u00e3o: Um Chamado \u00e0 Empatia e Compreens\u00e3o<\/h2>\n<p>A situa\u00e7\u00e3o atual vivida por MC Mirella serve como um importante lembrete sobre as dificuldades emocionais que todos enfrentamos em algum momento da vida. Ao compartilhar seus sentimentos nas redes sociais, ela n\u00e3o apenas humaniza sua figura p\u00fablica, mas tamb\u00e9m incentiva outras pessoas a falarem sobre suas pr\u00f3prias experi\u00eancias com problemas familiares e emocionais. O apoio dos f\u00e3s mostra que existe uma rede solid\u00e1ria pronta para acolher aqueles que atravessam per\u00edodos dif\u00edceis.<br \/>Em tempos em que os desafios emocionais parecem estar mais evidentes do que nunca, \u00e9 essencial promover di\u00e1logos abertos sobre sa\u00fade mental e relacionamentos familiares. A arte deve continuar sendo um espa\u00e7o para expressar tanto alegrias quanto tristezas, permitindo que todos aprendam uns com os outros e construam comunidades mais resilientes.<\/p>\n","protected":false},"excerpt":{"rendered":"<p>MC Mirella compartilha ang\u00fastia familiar em redes sociais.<\/p>\n","protected":false},"author":1,"featured_media":0,"comment_status":"open","ping_status":"open","sticky":false,"template":"","format":"standard","meta":{"footnotes":""},"categories":[1],"tags":[],"class_list":["post-13129","post","type-post","status-publish","format-standard","hentry","category-blog"],"yoast_head":"<!-- This site is optimized with the Yoast SEO plugin v25.3.1 - https:\/\/yoast.com\/wordpress\/plugins\/seo\/ -->\n<title>MC Mirella Expressa Desespero em Meio a Problemas Familiares - WordPulseTrends com<\/title>\n<meta name=\"robots\" content=\"index, follow, max-snippet:-1, max-image-preview:large, max-video-preview:-1\" \/>\n<link rel=\"canonical\" href=\"https:\/\/vivadicas.com\/st2\/blog\/mc-mirella-expressa-desespero-em-meio-a-problemas-familiares\/13129\/\" \/>\n<meta property=\"og:locale\" content=\"pt_BR\" \/>\n<meta property=\"og:type\" content=\"article\" \/>\n<meta property=\"og:title\" content=\"MC Mirella Expressa Desespero em Meio a Problemas Familiares - WordPulseTrends com\" \/>\n<meta property=\"og:description\" content=\"MC Mirella compartilha ang\u00fastia familiar em redes sociais.\" \/>\n<meta property=\"og:url\" content=\"https:\/\/vivadicas.com\/st2\/blog\/mc-mirella-expressa-desespero-em-meio-a-problemas-familiares\/13129\/\" \/>\n<meta property=\"og:site_name\" content=\"WordPulseTrends com\" \/>\n<meta property=\"article:published_time\" content=\"2025-08-09T06:01:17+00:00\" \/>\n<meta name=\"author\" content=\"st2vivadicas\" \/>\n<meta name=\"twitter:card\" content=\"summary_large_image\" \/>\n<meta name=\"twitter:label1\" content=\"Escrito por\" \/>\n\t<meta name=\"twitter:data1\" content=\"st2vivadicas\" \/>\n\t<meta name=\"twitter:label2\" content=\"Est. tempo de leitura\" \/>\n\t<meta name=\"twitter:data2\" content=\"4 minutos\" \/>\n<script type=\"application\/ld+json\" class=\"yoast-schema-graph\">{\"@context\":\"https:\/\/schema.org\",\"@graph\":[{\"@type\":\"Article\",\"@id\":\"https:\/\/vivadicas.com\/st2\/blog\/mc-mirella-expressa-desespero-em-meio-a-problemas-familiares\/13129\/#article\",\"isPartOf\":{\"@id\":\"https:\/\/vivadicas.com\/st2\/blog\/mc-mirella-expressa-desespero-em-meio-a-problemas-familiares\/13129\/\"},\"author\":{\"name\":\"st2vivadicas\",\"@id\":\"https:\/\/vivadicas.com\/st2\/#\/schema\/person\/f8432157bb5752f84d3a30f1c7388a16\"},\"headline\":\"MC Mirella Expressa Desespero em Meio a Problemas Familiares\",\"datePublished\":\"2025-08-09T06:01:17+00:00\",\"mainEntityOfPage\":{\"@id\":\"https:\/\/vivadicas.com\/st2\/blog\/mc-mirella-expressa-desespero-em-meio-a-problemas-familiares\/13129\/\"},\"wordCount\":778,\"commentCount\":0,\"publisher\":{\"@id\":\"https:\/\/vivadicas.com\/st2\/#organization\"},\"articleSection\":[\"Blog\"],\"inLanguage\":\"pt-BR\",\"potentialAction\":[{\"@type\":\"CommentAction\",\"name\":\"Comment\",\"target\":[\"https:\/\/vivadicas.com\/st2\/blog\/mc-mirella-expressa-desespero-em-meio-a-problemas-familiares\/13129\/#respond\"]}]},{\"@type\":\"WebPage\",\"@id\":\"https:\/\/vivadicas.com\/st2\/blog\/mc-mirella-expressa-desespero-em-meio-a-problemas-familiares\/13129\/\",\"url\":\"https:\/\/vivadicas.com\/st2\/blog\/mc-mirella-expressa-desespero-em-meio-a-problemas-familiares\/13129\/\",\"name\":\"MC Mirella Expressa Desespero em Meio a Problemas Familiares - WordPulseTrends com\",\"isPartOf\":{\"@id\":\"https:\/\/vivadicas.com\/st2\/#website\"},\"datePublished\":\"2025-08-09T06:01:17+00:00\",\"breadcrumb\":{\"@id\":\"https:\/\/vivadicas.com\/st2\/blog\/mc-mirella-expressa-desespero-em-meio-a-problemas-familiares\/13129\/#breadcrumb\"},\"inLanguage\":\"pt-BR\",\"potentialAction\":[{\"@type\":\"ReadAction\",\"target\":[\"https:\/\/vivadicas.com\/st2\/blog\/mc-mirella-expressa-desespero-em-meio-a-problemas-familiares\/13129\/\"]}]},{\"@type\":\"BreadcrumbList\",\"@id\":\"https:\/\/vivadicas.com\/st2\/blog\/mc-mirella-expressa-desespero-em-meio-a-problemas-familiares\/13129\/#breadcrumb\",\"itemListElement\":[{\"@type\":\"ListItem\",\"position\":1,\"name\":\"In\u00edcio\",\"item\":\"https:\/\/vivadicas.com\/st2\/\"},{\"@type\":\"ListItem\",\"position\":2,\"name\":\"MC Mirella Expressa Desespero em Meio a Problemas Familiares\"}]},{\"@type\":\"WebSite\",\"@id\":\"https:\/\/vivadicas.com\/st2\/#website\",\"url\":\"https:\/\/vivadicas.com\/st2\/\",\"name\":\"TrendsBrasil\",\"description\":\"Stay updated with trending topics, viral news, hot updates, breaking headlines, global trends, and real-time content. Discover what\u2019s going viral now and follow the most talked-about stories across the web, social media, and news platforms!\",\"publisher\":{\"@id\":\"https:\/\/vivadicas.com\/st2\/#organization\"},\"potentialAction\":[{\"@type\":\"SearchAction\",\"target\":{\"@type\":\"EntryPoint\",\"urlTemplate\":\"https:\/\/vivadicas.com\/st2\/?s={search_term_string}\"},\"query-input\":{\"@type\":\"PropertyValueSpecification\",\"valueRequired\":true,\"valueName\":\"search_term_string\"}}],\"inLanguage\":\"pt-BR\"},{\"@type\":\"Organization\",\"@id\":\"https:\/\/vivadicas.com\/st2\/#organization\",\"name\":\"TrendsBrasil\",\"url\":\"https:\/\/vivadicas.com\/st2\/\",\"logo\":{\"@type\":\"ImageObject\",\"inLanguage\":\"pt-BR\",\"@id\":\"https:\/\/vivadicas.com\/st2\/#\/schema\/logo\/image\/\",\"url\":\"https:\/\/vivadicas.com\/st2\/wp-content\/uploads\/2025\/06\/ChatGPT-Image-24-de-jun.-de-2025-10_39_16-683x1024.png\",\"contentUrl\":\"https:\/\/vivadicas.com\/st2\/wp-content\/uploads\/2025\/06\/ChatGPT-Image-24-de-jun.-de-2025-10_39_16-683x1024.png\",\"width\":683,\"height\":1024,\"caption\":\"TrendsBrasil\"},\"image\":{\"@id\":\"https:\/\/vivadicas.com\/st2\/#\/schema\/logo\/image\/\"}},{\"@type\":\"Person\",\"@id\":\"https:\/\/vivadicas.com\/st2\/#\/schema\/person\/f8432157bb5752f84d3a30f1c7388a16\",\"name\":\"st2vivadicas\",\"image\":{\"@type\":\"ImageObject\",\"inLanguage\":\"pt-BR\",\"@id\":\"https:\/\/vivadicas.com\/st2\/#\/schema\/person\/image\/\",\"url\":\"https:\/\/secure.gravatar.com\/avatar\/9bb04fcca59036779222f5f2d61adc27b9b487cc07bc4064b27fa7e0a1e23e1a?s=96&d=mm&r=g\",\"contentUrl\":\"https:\/\/secure.gravatar.com\/avatar\/9bb04fcca59036779222f5f2d61adc27b9b487cc07bc4064b27fa7e0a1e23e1a?s=96&d=mm&r=g\",\"caption\":\"st2vivadicas\"},\"sameAs\":[\"https:\/\/vivadicas.com\/st2\"],\"url\":\"https:\/\/vivadicas.com\/st2\/author\/st2vivadicas\/\"}]}<\/script>\n<!-- \/ Yoast SEO plugin. -->","yoast_head_json":{"title":"MC Mirella Expressa Desespero em Meio a Problemas Familiares - WordPulseTrends com","robots":{"index":"index","follow":"follow","max-snippet":"max-snippet:-1","max-image-preview":"max-image-preview:large","max-video-preview":"max-video-preview:-1"},"canonical":"https:\/\/vivadicas.com\/st2\/blog\/mc-mirella-expressa-desespero-em-meio-a-problemas-familiares\/13129\/","og_locale":"pt_BR","og_type":"article","og_title":"MC Mirella Expressa Desespero em Meio a Problemas Familiares - WordPulseTrends com","og_description":"MC Mirella compartilha ang\u00fastia familiar em redes sociais.","og_url":"https:\/\/vivadicas.com\/st2\/blog\/mc-mirella-expressa-desespero-em-meio-a-problemas-familiares\/13129\/","og_site_name":"WordPulseTrends com","article_published_time":"2025-08-09T06:01:17+00:00","author":"st2vivadicas","twitter_card":"summary_large_image","twitter_misc":{"Escrito por":"st2vivadicas","Est. tempo de leitura":"4 minutos"},"schema":{"@context":"https:\/\/schema.org","@graph":[{"@type":"Article","@id":"https:\/\/vivadicas.com\/st2\/blog\/mc-mirella-expressa-desespero-em-meio-a-problemas-familiares\/13129\/#article","isPartOf":{"@id":"https:\/\/vivadicas.com\/st2\/blog\/mc-mirella-expressa-desespero-em-meio-a-problemas-familiares\/13129\/"},"author":{"name":"st2vivadicas","@id":"https:\/\/vivadicas.com\/st2\/#\/schema\/person\/f8432157bb5752f84d3a30f1c7388a16"},"headline":"MC Mirella Expressa Desespero em Meio a Problemas Familiares","datePublished":"2025-08-09T06:01:17+00:00","mainEntityOfPage":{"@id":"https:\/\/vivadicas.com\/st2\/blog\/mc-mirella-expressa-desespero-em-meio-a-problemas-familiares\/13129\/"},"wordCount":778,"commentCount":0,"publisher":{"@id":"https:\/\/vivadicas.com\/st2\/#organization"},"articleSection":["Blog"],"inLanguage":"pt-BR","potentialAction":[{"@type":"CommentAction","name":"Comment","target":["https:\/\/vivadicas.com\/st2\/blog\/mc-mirella-expressa-desespero-em-meio-a-problemas-familiares\/13129\/#respond"]}]},{"@type":"WebPage","@id":"https:\/\/vivadicas.com\/st2\/blog\/mc-mirella-expressa-desespero-em-meio-a-problemas-familiares\/13129\/","url":"https:\/\/vivadicas.com\/st2\/blog\/mc-mirella-expressa-desespero-em-meio-a-problemas-familiares\/13129\/","name":"MC Mirella Expressa Desespero em Meio a Problemas Familiares - WordPulseTrends com","isPartOf":{"@id":"https:\/\/vivadicas.com\/st2\/#website"},"datePublished":"2025-08-09T06:01:17+00:00","breadcrumb":{"@id":"https:\/\/vivadicas.com\/st2\/blog\/mc-mirella-expressa-desespero-em-meio-a-problemas-familiares\/13129\/#breadcrumb"},"inLanguage":"pt-BR","potentialAction":[{"@type":"ReadAction","target":["https:\/\/vivadicas.com\/st2\/blog\/mc-mirella-expressa-desespero-em-meio-a-problemas-familiares\/13129\/"]}]},{"@type":"BreadcrumbList","@id":"https:\/\/vivadicas.com\/st2\/blog\/mc-mirella-expressa-desespero-em-meio-a-problemas-familiares\/13129\/#breadcrumb","itemListElement":[{"@type":"ListItem","position":1,"name":"In\u00edcio","item":"https:\/\/vivadicas.com\/st2\/"},{"@type":"ListItem","position":2,"name":"MC Mirella Expressa Desespero em Meio a Problemas Familiares"}]},{"@type":"WebSite","@id":"https:\/\/vivadicas.com\/st2\/#website","url":"https:\/\/vivadicas.com\/st2\/","name":"TrendsBrasil","description":"Stay updated with trending topics, viral news, hot updates, breaking headlines, global trends, and real-time content. Discover what\u2019s going viral now and follow the most talked-about stories across the web, social media, and news platforms!","publisher":{"@id":"https:\/\/vivadicas.com\/st2\/#organization"},"potentialAction":[{"@type":"SearchAction","target":{"@type":"EntryPoint","urlTemplate":"https:\/\/vivadicas.com\/st2\/?s={search_term_string}"},"query-input":{"@type":"PropertyValueSpecification","valueRequired":true,"valueName":"search_term_string"}}],"inLanguage":"pt-BR"},{"@type":"Organization","@id":"https:\/\/vivadicas.com\/st2\/#organization","name":"TrendsBrasil","url":"https:\/\/vivadicas.com\/st2\/","logo":{"@type":"ImageObject","inLanguage":"pt-BR","@id":"https:\/\/vivadicas.com\/st2\/#\/schema\/logo\/image\/","url":"https:\/\/vivadicas.com\/st2\/wp-content\/uploads\/2025\/06\/ChatGPT-Image-24-de-jun.-de-2025-10_39_16-683x1024.png","contentUrl":"https:\/\/vivadicas.com\/st2\/wp-content\/uploads\/2025\/06\/ChatGPT-Image-24-de-jun.-de-2025-10_39_16-683x1024.png","width":683,"height":1024,"caption":"TrendsBrasil"},"image":{"@id":"https:\/\/vivadicas.com\/st2\/#\/schema\/logo\/image\/"}},{"@type":"Person","@id":"https:\/\/vivadicas.com\/st2\/#\/schema\/person\/f8432157bb5752f84d3a30f1c7388a16","name":"st2vivadicas","image":{"@type":"ImageObject","inLanguage":"pt-BR","@id":"https:\/\/vivadicas.com\/st2\/#\/schema\/person\/image\/","url":"https:\/\/secure.gravatar.com\/avatar\/9bb04fcca59036779222f5f2d61adc27b9b487cc07bc4064b27fa7e0a1e23e1a?s=96&d=mm&r=g","contentUrl":"https:\/\/secure.gravatar.com\/avatar\/9bb04fcca59036779222f5f2d61adc27b9b487cc07bc4064b27fa7e0a1e23e1a?s=96&d=mm&r=g","caption":"st2vivadicas"},"sameAs":["https:\/\/vivadicas.com\/st2"],"url":"https:\/\/vivadicas.com\/st2\/author\/st2vivadicas\/"}]}},"_links":{"self":[{"href":"https:\/\/vivadicas.com\/st2\/wp-json\/wp\/v2\/posts\/13129","targetHints":{"allow":["GET"]}}],"collection":[{"href":"https:\/\/vivadicas.com\/st2\/wp-json\/wp\/v2\/posts"}],"about":[{"href":"https:\/\/vivadicas.com\/st2\/wp-json\/wp\/v2\/types\/post"}],"author":[{"embeddable":true,"href":"https:\/\/vivadicas.com\/st2\/wp-json\/wp\/v2\/users\/1"}],"replies":[{"embeddable":true,"href":"https:\/\/vivadicas.com\/st2\/wp-json\/wp\/v2\/comments?post=13129"}],"version-history":[{"count":0,"href":"https:\/\/vivadicas.com\/st2\/wp-json\/wp\/v2\/posts\/13129\/revisions"}],"wp:attachment":[{"href":"https:\/\/vivadicas.com\/st2\/wp-json\/wp\/v2\/media?parent=13129"}],"wp:term":[{"taxonomy":"category","embeddable":true,"href":"https:\/\/vivadicas.com\/st2\/wp-json\/wp\/v2\/categories?post=13129"},{"taxonomy":"post_tag","embeddable":true,"href":"https:\/\/vivadicas.com\/st2\/wp-json\/wp\/v2\/tags?post=13129"}],"curies":[{"name":"wp","href":"https:\/\/api.w.org\/{rel}","templated":true}]}}