{"id":13130,"date":"2025-08-09T03:01:45","date_gmt":"2025-08-09T06:01:45","guid":{"rendered":"https:\/\/vivadicas.com\/st2\/blog\/desespero-de-mc-mirella-uma-reflexao-sobre-problemas-familiares\/13130\/"},"modified":"2025-08-09T03:01:45","modified_gmt":"2025-08-09T06:01:45","slug":"desespero-de-mc-mirella-uma-reflexao-sobre-problemas-familiares","status":"publish","type":"post","link":"https:\/\/vivadicas.com\/st2\/blog\/desespero-de-mc-mirella-uma-reflexao-sobre-problemas-familiares\/13130\/","title":{"rendered":"Desespero de MC Mirella: uma reflex\u00e3o sobre problemas familiares"},"content":{"rendered":"<p>MC Mirella, conhecida por seu talento e carisma no mundo do funk, compartilhou recentemente momentos de desespero em suas redes sociais, revelando dificuldades enfrentadas em sua vida familiar. A artista utilizou seus stories no Instagram para expor o que vem acontecendo, gerando uma onda de solidariedade entre f\u00e3s e seguidores. O relato da cantora n\u00e3o apenas destaca quest\u00f5es pessoais, mas tamb\u00e9m reflete a realidade de muitas fam\u00edlias brasileiras que enfrentam dificuldades emocionais e financeiras em tempos dif\u00edceis.<\/p>\n<h2>O desabafo nas redes sociais<\/h2>\n<p>No dia 19 de novembro, MC Mirella utilizou seus stories no Instagram para se abrir sobre os problemas que est\u00e1 enfrentando com sua fam\u00edlia. Em um momento vulner\u00e1vel, ela mencionou estar passando por uma fase muito dif\u00edcil e expressou sua ang\u00fastia diante das crises familiares. Ao compartilhar sua hist\u00f3ria, a artista demonstrou que, apesar da fama e do sucesso, os desafios emocionais s\u00e3o universais e podem afetar qualquer pessoa. Esse tipo de desabafo \u00e9 importante, pois traz \u00e0 tona assuntos frequentemente silenciados na sociedade.<\/p>\n<p>Os seguidores da cantora responderam com mensagens de apoio e encorajamento. \u00c9 not\u00e1vel como as plataformas digitais se tornaram um espa\u00e7o onde artistas e f\u00e3s podem interagir mais pessoalmente. A conex\u00e3o estabelecida nesses momentos de vulnerabilidade tem sido essencial para a constru\u00e7\u00e3o da imagem de artistas como MC Mirella, que n\u00e3o hesitam em mostrar que s\u00e3o humanos e tamb\u00e9m enfrentam desafios como qualquer outro indiv\u00edduo. Essa troca emocional refor\u00e7a la\u00e7os e cria uma rede de apoio entre celebridades e seus admiradores.<\/p>\n<h2>Impacto das redes sociais na vida pessoal dos artistas<\/h2>\n<p>As redes sociais t\u00eam desempenhado um papel fundamental na vida dos artistas contempor\u00e2neos, permitindo que eles compartilhem suas experi\u00eancias reais com o p\u00fablico. Contudo, essa exposi\u00e7\u00e3o tamb\u00e9m pode ser uma faca de dois gumes. Enquanto muitos artistas utilizam essas plataformas para fortalecer suas marcas pessoais ou engajar com f\u00e3s, outros enfrentam a press\u00e3o constante da opini\u00e3o p\u00fablica. O caso de MC Mirella ilustra como essa din\u00e2mica pode ser ainda mais complexa quando se trata de quest\u00f5es emocionais profundas.<\/p>\n<p>Al\u00e9m disso, a fragilidade exposta por Mirella levanta quest\u00f5es sobre a sa\u00fade mental dos artistas no Brasil. Em um pa\u00eds onde as expectativas sociais s\u00e3o altas e a press\u00e3o pela imagem perfeita \u00e9 constante, muitos m\u00fasicos sentem-se impelidos a manter uma fachada impec\u00e1vel mesmo nos momentos mais dif\u00edceis. O desabafo dela pode servir como um lembrete importante sobre a necessidade de respeitar o espa\u00e7o emocional dos outros e oferecer apoio ao inv\u00e9s de cr\u00edticas destrutivas.<\/p>\n<h2>O contexto s\u00f3cio-emocional do Brasil<\/h2>\n<p>A realidade enfrentada por MC Mirella ao lidar com problemas familiares n\u00e3o \u00e9 exclusiva dela; milh\u00f5es de brasileiros passam por situa\u00e7\u00f5es semelhantes diariamente. As dificuldades financeiras impactam diretamente as din\u00e2micas familiares no Brasil, gerando estresse emocional e conflitos internos. Al\u00e9m disso, fatores como desigualdade social e falta de acesso a servi\u00e7os de sa\u00fade mental contribuem ainda mais para esses problemas.<\/p>\n<p>O ambiente familiar pode ser um reflexo das tens\u00f5es econ\u00f4micas mais amplas que o Brasil enfrenta atualmente. Avan\u00e7os tecnol\u00f3gicos trouxeram benef\u00edcios significativos \u00e0 sociedade brasileira; no entanto, muitos cidad\u00e3os ainda lutam para encontrar estabilidade em meio a crises financeiras cont\u00ednuas e incertezas pol\u00edticas. Isso intensifica os desafios emocionais dentro das fam\u00edlias brasileiras, tornando essencial o di\u00e1logo aberto sobre sa\u00fade mental e suporte m\u00fatuo.<\/p>\n<h2>A import\u00e2ncia do apoio em tempos dif\u00edceis<\/h2>\n<p>O desabafo emocional compartilhado por MC Mirella ressalta a import\u00e2ncia do apoio entre amigos e familiares em momentos dif\u00edceis. Ter algu\u00e9m com quem conversar pode fazer toda a diferen\u00e7a na forma como lidamos com problemas pessoais e familiares complexos. A artista mostrou que mesmo aqueles que parecem estar em posi\u00e7\u00f5es privilegiadas podem enfrentar lutas internas significativas.<\/p>\n<p>Criar espa\u00e7os seguros onde as pessoas possam expressar suas emo\u00e7\u00f5es sem medo de julgamento \u00e9 crucial. Tanto os f\u00e3s quanto os colegas artistas devem reconhecer essa necessidade crescente por empatia e compreens\u00e3o nas rela\u00e7\u00f5es humanas contempor\u00e2neas. O apoio m\u00fatuo pode servir como um b\u00e1lsamo para as feridas emocionais que todos n\u00f3s carregamos em algum n\u00edvel.<\/p>\n<p>A experi\u00eancia compartilhada por MC Mirella transcende seu universo particular; ela se torna um s\u00edmbolo dos desafios enfrentados por muitos brasileiros hoje em dia. Em tempos t\u00e3o incertos, hist\u00f3rias como a dela mostram que \u00e9 preciso fortalecer os la\u00e7os comunit\u00e1rios atrav\u00e9s do amor e compreens\u00e3o.<\/p>\n","protected":false},"excerpt":{"rendered":"<p>MC Mirella revela desespero familiar nas redes sociais, refletindo sobre sa\u00fade mental.<\/p>\n","protected":false},"author":1,"featured_media":0,"comment_status":"open","ping_status":"open","sticky":false,"template":"","format":"standard","meta":{"footnotes":""},"categories":[1],"tags":[],"class_list":["post-13130","post","type-post","status-publish","format-standard","hentry","category-blog"],"yoast_head":"<!-- This site is optimized with the Yoast SEO plugin v25.3.1 - https:\/\/yoast.com\/wordpress\/plugins\/seo\/ -->\n<title>Desespero de MC Mirella: uma reflex\u00e3o sobre problemas familiares - WordPulseTrends com<\/title>\n<meta name=\"robots\" content=\"index, follow, max-snippet:-1, max-image-preview:large, max-video-preview:-1\" \/>\n<link rel=\"canonical\" href=\"https:\/\/vivadicas.com\/st2\/blog\/desespero-de-mc-mirella-uma-reflexao-sobre-problemas-familiares\/13130\/\" \/>\n<meta property=\"og:locale\" content=\"pt_BR\" \/>\n<meta property=\"og:type\" content=\"article\" \/>\n<meta property=\"og:title\" content=\"Desespero de MC Mirella: uma reflex\u00e3o sobre problemas familiares - WordPulseTrends com\" \/>\n<meta property=\"og:description\" content=\"MC Mirella revela desespero familiar nas redes sociais, refletindo sobre sa\u00fade mental.\" \/>\n<meta property=\"og:url\" content=\"https:\/\/vivadicas.com\/st2\/blog\/desespero-de-mc-mirella-uma-reflexao-sobre-problemas-familiares\/13130\/\" \/>\n<meta property=\"og:site_name\" content=\"WordPulseTrends com\" \/>\n<meta property=\"article:published_time\" content=\"2025-08-09T06:01:45+00:00\" \/>\n<meta name=\"author\" content=\"st2vivadicas\" \/>\n<meta name=\"twitter:card\" content=\"summary_large_image\" \/>\n<meta name=\"twitter:label1\" content=\"Escrito por\" \/>\n\t<meta name=\"twitter:data1\" content=\"st2vivadicas\" \/>\n\t<meta name=\"twitter:label2\" content=\"Est. tempo de leitura\" \/>\n\t<meta name=\"twitter:data2\" content=\"4 minutos\" \/>\n<script type=\"application\/ld+json\" class=\"yoast-schema-graph\">{\"@context\":\"https:\/\/schema.org\",\"@graph\":[{\"@type\":\"Article\",\"@id\":\"https:\/\/vivadicas.com\/st2\/blog\/desespero-de-mc-mirella-uma-reflexao-sobre-problemas-familiares\/13130\/#article\",\"isPartOf\":{\"@id\":\"https:\/\/vivadicas.com\/st2\/blog\/desespero-de-mc-mirella-uma-reflexao-sobre-problemas-familiares\/13130\/\"},\"author\":{\"name\":\"st2vivadicas\",\"@id\":\"https:\/\/vivadicas.com\/st2\/#\/schema\/person\/f8432157bb5752f84d3a30f1c7388a16\"},\"headline\":\"Desespero de MC Mirella: uma reflex\u00e3o sobre problemas familiares\",\"datePublished\":\"2025-08-09T06:01:45+00:00\",\"mainEntityOfPage\":{\"@id\":\"https:\/\/vivadicas.com\/st2\/blog\/desespero-de-mc-mirella-uma-reflexao-sobre-problemas-familiares\/13130\/\"},\"wordCount\":793,\"commentCount\":0,\"publisher\":{\"@id\":\"https:\/\/vivadicas.com\/st2\/#organization\"},\"articleSection\":[\"Blog\"],\"inLanguage\":\"pt-BR\",\"potentialAction\":[{\"@type\":\"CommentAction\",\"name\":\"Comment\",\"target\":[\"https:\/\/vivadicas.com\/st2\/blog\/desespero-de-mc-mirella-uma-reflexao-sobre-problemas-familiares\/13130\/#respond\"]}]},{\"@type\":\"WebPage\",\"@id\":\"https:\/\/vivadicas.com\/st2\/blog\/desespero-de-mc-mirella-uma-reflexao-sobre-problemas-familiares\/13130\/\",\"url\":\"https:\/\/vivadicas.com\/st2\/blog\/desespero-de-mc-mirella-uma-reflexao-sobre-problemas-familiares\/13130\/\",\"name\":\"Desespero de MC Mirella: uma reflex\u00e3o sobre problemas familiares - WordPulseTrends com\",\"isPartOf\":{\"@id\":\"https:\/\/vivadicas.com\/st2\/#website\"},\"datePublished\":\"2025-08-09T06:01:45+00:00\",\"breadcrumb\":{\"@id\":\"https:\/\/vivadicas.com\/st2\/blog\/desespero-de-mc-mirella-uma-reflexao-sobre-problemas-familiares\/13130\/#breadcrumb\"},\"inLanguage\":\"pt-BR\",\"potentialAction\":[{\"@type\":\"ReadAction\",\"target\":[\"https:\/\/vivadicas.com\/st2\/blog\/desespero-de-mc-mirella-uma-reflexao-sobre-problemas-familiares\/13130\/\"]}]},{\"@type\":\"BreadcrumbList\",\"@id\":\"https:\/\/vivadicas.com\/st2\/blog\/desespero-de-mc-mirella-uma-reflexao-sobre-problemas-familiares\/13130\/#breadcrumb\",\"itemListElement\":[{\"@type\":\"ListItem\",\"position\":1,\"name\":\"In\u00edcio\",\"item\":\"https:\/\/vivadicas.com\/st2\/\"},{\"@type\":\"ListItem\",\"position\":2,\"name\":\"Desespero de MC Mirella: uma reflex\u00e3o sobre problemas familiares\"}]},{\"@type\":\"WebSite\",\"@id\":\"https:\/\/vivadicas.com\/st2\/#website\",\"url\":\"https:\/\/vivadicas.com\/st2\/\",\"name\":\"TrendsBrasil\",\"description\":\"Stay updated with trending topics, viral news, hot updates, breaking headlines, global trends, and real-time content. Discover what\u2019s going viral now and follow the most talked-about stories across the web, social media, and news platforms!\",\"publisher\":{\"@id\":\"https:\/\/vivadicas.com\/st2\/#organization\"},\"potentialAction\":[{\"@type\":\"SearchAction\",\"target\":{\"@type\":\"EntryPoint\",\"urlTemplate\":\"https:\/\/vivadicas.com\/st2\/?s={search_term_string}\"},\"query-input\":{\"@type\":\"PropertyValueSpecification\",\"valueRequired\":true,\"valueName\":\"search_term_string\"}}],\"inLanguage\":\"pt-BR\"},{\"@type\":\"Organization\",\"@id\":\"https:\/\/vivadicas.com\/st2\/#organization\",\"name\":\"TrendsBrasil\",\"url\":\"https:\/\/vivadicas.com\/st2\/\",\"logo\":{\"@type\":\"ImageObject\",\"inLanguage\":\"pt-BR\",\"@id\":\"https:\/\/vivadicas.com\/st2\/#\/schema\/logo\/image\/\",\"url\":\"https:\/\/vivadicas.com\/st2\/wp-content\/uploads\/2025\/06\/ChatGPT-Image-24-de-jun.-de-2025-10_39_16-683x1024.png\",\"contentUrl\":\"https:\/\/vivadicas.com\/st2\/wp-content\/uploads\/2025\/06\/ChatGPT-Image-24-de-jun.-de-2025-10_39_16-683x1024.png\",\"width\":683,\"height\":1024,\"caption\":\"TrendsBrasil\"},\"image\":{\"@id\":\"https:\/\/vivadicas.com\/st2\/#\/schema\/logo\/image\/\"}},{\"@type\":\"Person\",\"@id\":\"https:\/\/vivadicas.com\/st2\/#\/schema\/person\/f8432157bb5752f84d3a30f1c7388a16\",\"name\":\"st2vivadicas\",\"image\":{\"@type\":\"ImageObject\",\"inLanguage\":\"pt-BR\",\"@id\":\"https:\/\/vivadicas.com\/st2\/#\/schema\/person\/image\/\",\"url\":\"https:\/\/secure.gravatar.com\/avatar\/9bb04fcca59036779222f5f2d61adc27b9b487cc07bc4064b27fa7e0a1e23e1a?s=96&d=mm&r=g\",\"contentUrl\":\"https:\/\/secure.gravatar.com\/avatar\/9bb04fcca59036779222f5f2d61adc27b9b487cc07bc4064b27fa7e0a1e23e1a?s=96&d=mm&r=g\",\"caption\":\"st2vivadicas\"},\"sameAs\":[\"https:\/\/vivadicas.com\/st2\"],\"url\":\"https:\/\/vivadicas.com\/st2\/author\/st2vivadicas\/\"}]}<\/script>\n<!-- \/ Yoast SEO plugin. -->","yoast_head_json":{"title":"Desespero de MC Mirella: uma reflex\u00e3o sobre problemas familiares - WordPulseTrends com","robots":{"index":"index","follow":"follow","max-snippet":"max-snippet:-1","max-image-preview":"max-image-preview:large","max-video-preview":"max-video-preview:-1"},"canonical":"https:\/\/vivadicas.com\/st2\/blog\/desespero-de-mc-mirella-uma-reflexao-sobre-problemas-familiares\/13130\/","og_locale":"pt_BR","og_type":"article","og_title":"Desespero de MC Mirella: uma reflex\u00e3o sobre problemas familiares - WordPulseTrends com","og_description":"MC Mirella revela desespero familiar nas redes sociais, refletindo sobre sa\u00fade mental.","og_url":"https:\/\/vivadicas.com\/st2\/blog\/desespero-de-mc-mirella-uma-reflexao-sobre-problemas-familiares\/13130\/","og_site_name":"WordPulseTrends com","article_published_time":"2025-08-09T06:01:45+00:00","author":"st2vivadicas","twitter_card":"summary_large_image","twitter_misc":{"Escrito por":"st2vivadicas","Est. tempo de leitura":"4 minutos"},"schema":{"@context":"https:\/\/schema.org","@graph":[{"@type":"Article","@id":"https:\/\/vivadicas.com\/st2\/blog\/desespero-de-mc-mirella-uma-reflexao-sobre-problemas-familiares\/13130\/#article","isPartOf":{"@id":"https:\/\/vivadicas.com\/st2\/blog\/desespero-de-mc-mirella-uma-reflexao-sobre-problemas-familiares\/13130\/"},"author":{"name":"st2vivadicas","@id":"https:\/\/vivadicas.com\/st2\/#\/schema\/person\/f8432157bb5752f84d3a30f1c7388a16"},"headline":"Desespero de MC Mirella: uma reflex\u00e3o sobre problemas familiares","datePublished":"2025-08-09T06:01:45+00:00","mainEntityOfPage":{"@id":"https:\/\/vivadicas.com\/st2\/blog\/desespero-de-mc-mirella-uma-reflexao-sobre-problemas-familiares\/13130\/"},"wordCount":793,"commentCount":0,"publisher":{"@id":"https:\/\/vivadicas.com\/st2\/#organization"},"articleSection":["Blog"],"inLanguage":"pt-BR","potentialAction":[{"@type":"CommentAction","name":"Comment","target":["https:\/\/vivadicas.com\/st2\/blog\/desespero-de-mc-mirella-uma-reflexao-sobre-problemas-familiares\/13130\/#respond"]}]},{"@type":"WebPage","@id":"https:\/\/vivadicas.com\/st2\/blog\/desespero-de-mc-mirella-uma-reflexao-sobre-problemas-familiares\/13130\/","url":"https:\/\/vivadicas.com\/st2\/blog\/desespero-de-mc-mirella-uma-reflexao-sobre-problemas-familiares\/13130\/","name":"Desespero de MC Mirella: uma reflex\u00e3o sobre problemas familiares - WordPulseTrends com","isPartOf":{"@id":"https:\/\/vivadicas.com\/st2\/#website"},"datePublished":"2025-08-09T06:01:45+00:00","breadcrumb":{"@id":"https:\/\/vivadicas.com\/st2\/blog\/desespero-de-mc-mirella-uma-reflexao-sobre-problemas-familiares\/13130\/#breadcrumb"},"inLanguage":"pt-BR","potentialAction":[{"@type":"ReadAction","target":["https:\/\/vivadicas.com\/st2\/blog\/desespero-de-mc-mirella-uma-reflexao-sobre-problemas-familiares\/13130\/"]}]},{"@type":"BreadcrumbList","@id":"https:\/\/vivadicas.com\/st2\/blog\/desespero-de-mc-mirella-uma-reflexao-sobre-problemas-familiares\/13130\/#breadcrumb","itemListElement":[{"@type":"ListItem","position":1,"name":"In\u00edcio","item":"https:\/\/vivadicas.com\/st2\/"},{"@type":"ListItem","position":2,"name":"Desespero de MC Mirella: uma reflex\u00e3o sobre problemas familiares"}]},{"@type":"WebSite","@id":"https:\/\/vivadicas.com\/st2\/#website","url":"https:\/\/vivadicas.com\/st2\/","name":"TrendsBrasil","description":"Stay updated with trending topics, viral news, hot updates, breaking headlines, global trends, and real-time content. Discover what\u2019s going viral now and follow the most talked-about stories across the web, social media, and news platforms!","publisher":{"@id":"https:\/\/vivadicas.com\/st2\/#organization"},"potentialAction":[{"@type":"SearchAction","target":{"@type":"EntryPoint","urlTemplate":"https:\/\/vivadicas.com\/st2\/?s={search_term_string}"},"query-input":{"@type":"PropertyValueSpecification","valueRequired":true,"valueName":"search_term_string"}}],"inLanguage":"pt-BR"},{"@type":"Organization","@id":"https:\/\/vivadicas.com\/st2\/#organization","name":"TrendsBrasil","url":"https:\/\/vivadicas.com\/st2\/","logo":{"@type":"ImageObject","inLanguage":"pt-BR","@id":"https:\/\/vivadicas.com\/st2\/#\/schema\/logo\/image\/","url":"https:\/\/vivadicas.com\/st2\/wp-content\/uploads\/2025\/06\/ChatGPT-Image-24-de-jun.-de-2025-10_39_16-683x1024.png","contentUrl":"https:\/\/vivadicas.com\/st2\/wp-content\/uploads\/2025\/06\/ChatGPT-Image-24-de-jun.-de-2025-10_39_16-683x1024.png","width":683,"height":1024,"caption":"TrendsBrasil"},"image":{"@id":"https:\/\/vivadicas.com\/st2\/#\/schema\/logo\/image\/"}},{"@type":"Person","@id":"https:\/\/vivadicas.com\/st2\/#\/schema\/person\/f8432157bb5752f84d3a30f1c7388a16","name":"st2vivadicas","image":{"@type":"ImageObject","inLanguage":"pt-BR","@id":"https:\/\/vivadicas.com\/st2\/#\/schema\/person\/image\/","url":"https:\/\/secure.gravatar.com\/avatar\/9bb04fcca59036779222f5f2d61adc27b9b487cc07bc4064b27fa7e0a1e23e1a?s=96&d=mm&r=g","contentUrl":"https:\/\/secure.gravatar.com\/avatar\/9bb04fcca59036779222f5f2d61adc27b9b487cc07bc4064b27fa7e0a1e23e1a?s=96&d=mm&r=g","caption":"st2vivadicas"},"sameAs":["https:\/\/vivadicas.com\/st2"],"url":"https:\/\/vivadicas.com\/st2\/author\/st2vivadicas\/"}]}},"_links":{"self":[{"href":"https:\/\/vivadicas.com\/st2\/wp-json\/wp\/v2\/posts\/13130","targetHints":{"allow":["GET"]}}],"collection":[{"href":"https:\/\/vivadicas.com\/st2\/wp-json\/wp\/v2\/posts"}],"about":[{"href":"https:\/\/vivadicas.com\/st2\/wp-json\/wp\/v2\/types\/post"}],"author":[{"embeddable":true,"href":"https:\/\/vivadicas.com\/st2\/wp-json\/wp\/v2\/users\/1"}],"replies":[{"embeddable":true,"href":"https:\/\/vivadicas.com\/st2\/wp-json\/wp\/v2\/comments?post=13130"}],"version-history":[{"count":0,"href":"https:\/\/vivadicas.com\/st2\/wp-json\/wp\/v2\/posts\/13130\/revisions"}],"wp:attachment":[{"href":"https:\/\/vivadicas.com\/st2\/wp-json\/wp\/v2\/media?parent=13130"}],"wp:term":[{"taxonomy":"category","embeddable":true,"href":"https:\/\/vivadicas.com\/st2\/wp-json\/wp\/v2\/categories?post=13130"},{"taxonomy":"post_tag","embeddable":true,"href":"https:\/\/vivadicas.com\/st2\/wp-json\/wp\/v2\/tags?post=13130"}],"curies":[{"name":"wp","href":"https:\/\/api.w.org\/{rel}","templated":true}]}}