{"id":13176,"date":"2025-08-10T03:01:09","date_gmt":"2025-08-10T06:01:09","guid":{"rendered":"https:\/\/vivadicas.com\/st2\/blog\/as-30-horas-que-antecederam-a-prisao-de-bolsonaro\/13176\/"},"modified":"2025-08-10T03:01:09","modified_gmt":"2025-08-10T06:01:09","slug":"as-30-horas-que-antecederam-a-prisao-de-bolsonaro","status":"publish","type":"post","link":"https:\/\/vivadicas.com\/st2\/blog\/as-30-horas-que-antecederam-a-prisao-de-bolsonaro\/13176\/","title":{"rendered":"As 30 Horas que Antecederam a Pris\u00e3o de Bolsonaro"},"content":{"rendered":"<p>Nos \u00faltimos dias, o Brasil assistiu a um desdobramento dram\u00e1tico na cena pol\u00edtica com a decis\u00e3o do ministro Alexandre de Moraes, do Supremo Tribunal Federal (STF), de ordenar a pris\u00e3o do ex-presidente Jair Bolsonaro. Em meio a uma turbul\u00eancia pol\u00edtica cada vez mais intensa, as \u00faltimas 30 horas antes da execu\u00e7\u00e3o dessa ordem foram marcadas por eventos significativos que n\u00e3o apenas refletiram o estado polarizado da sociedade brasileira, mas tamb\u00e9m revelaram os bastidores da &#8216;machosfera&#8217;, onde grupos organizados tentavam influenciar jovens e homens em favor de ideais conservadores e reacion\u00e1rios.<\/p>\n<h2>A Machosfera e seu Impacto<\/h2>\n<p>A chamada &#8216;machosfera&#8217; \u00e9 um fen\u00f4meno social que ganhou notoriedade nos \u00faltimos anos, especialmente nas redes sociais. Esse espa\u00e7o virtual tem se mostrado um terreno f\u00e9rtil para a dissemina\u00e7\u00e3o de ideais mis\u00f3ginos e machistas, que buscam moldar a masculinidade contempor\u00e2nea em padr\u00f5es regressivos. O conceito se relaciona diretamente com a maneira como grupos organizados t\u00eam tentado mobilizar homens jovens em torno de discursos que exaltam valores tradicionais, muitas vezes \u00e0 custa da igualdade de g\u00eanero e dos direitos humanos.<\/p>\n<p>No contexto das 30 horas que antecederam a pris\u00e3o de Bolsonaro, essa machosfera se manifestou claramente em diversas plataformas digitais. Influenciadores e ativistas desse meio utilizaram suas redes para convocar manifesta\u00e7\u00f5es em defesa do ex-presidente, tentando criar um clima de press\u00e3o sobre as institui\u00e7\u00f5es. Essa mobiliza\u00e7\u00e3o n\u00e3o foi apenas uma resposta ao ato judicial iminente; foi tamb\u00e9m uma tentativa de reafirmar uma identidade masculina agressiva e combativa, que muitos desses grupos consideram amea\u00e7ada pelo avan\u00e7o das pautas progressistas.<\/p>\n<h2>Os Bastidores Pol\u00edticos<\/h2>\n<p>Enquanto as horas se esgotavam antes da pris\u00e3o, o cen\u00e1rio pol\u00edtico no Brasil estava em ebuli\u00e7\u00e3o. O ex-presidente Jair Bolsonaro tinha consci\u00eancia do cerco se fechando ao seu redor. Sua equipe jur\u00eddica se movimentava freneticamente para tentar reverter a situa\u00e7\u00e3o ou minimizar os danos causados pela iminente a\u00e7\u00e3o judicial. Nesse processo, uma s\u00e9rie de interlocu\u00e7\u00f5es entre aliados e opositores revelaram a complexidade das alian\u00e7as pol\u00edticas no pa\u00eds, bem como a fragilidade das institui\u00e7\u00f5es democr\u00e1ticas diante da polariza\u00e7\u00e3o acentuada.<\/p>\n<p>A tens\u00e3o tomou conta das discuss\u00f5es no Pal\u00e1cio do Planalto. As reuni\u00f5es entre assessores e ministros eram permeadas por um clima de incerteza sobre os pr\u00f3ximos passos a serem dados. A oposi\u00e7\u00e3o, por sua vez, intensificou suas articula\u00e7\u00f5es para garantir que os desdobramentos legais avan\u00e7assem sem obst\u00e1culos, refletindo uma unidade incomum entre partidos que historicamente divergiam. Este ambiente ca\u00f3tico evidenciou como as a\u00e7\u00f5es judiciais podem impactar profundamente o jogo pol\u00edtico, levando l\u00edderes a repensarem suas estrat\u00e9gias diante da possibilidade real de consequ\u00eancias penais.<\/p>\n<h2>A Rea\u00e7\u00e3o Popular e as Redes Sociais<\/h2>\n<p>A intera\u00e7\u00e3o nas redes sociais foi outro aspecto crucial nas horas anteriores \u00e0 pris\u00e3o. Grupos pr\u00f3-Bolsonaro se mobilizavam para protestar contra o que consideravam uma injusti\u00e7a pol\u00edtica. Hashtags foram trending topics no Twitter e outras plataformas, mostrando o quanto ainda havia lealdade \u00e0 figura do ex-presidente entre uma parcela significativa da popula\u00e7\u00e3o brasileira. Esses protestos virtuais n\u00e3o apenas galvanizaram apoiadores mas tamb\u00e9m deixaram claro como as narrativas podem ser constru\u00eddas rapidamente em ambientes digitais saturados.<\/p>\n<p>Al\u00e9m disso, muitos especialistas come\u00e7aram a observar como essa polariza\u00e7\u00e3o se reflete na sa\u00fade democr\u00e1tica do Brasil. A divis\u00e3o entre apoiadores e opositores tornou-se mais aguda com o passar dos dias; um clima b\u00e9lico permeava o discurso p\u00fablico. As manifesta\u00e7\u00f5es virtuais efervescentes eram acompanhadas por preocupa\u00e7\u00f5es reais sobre poss\u00edveis confrontos nas ruas ap\u00f3s o cumprimento da ordem judicial contra Bolsonaro. Estava claro que muitas pessoas estavam prontas para defender suas convic\u00e7\u00f5es com fervor inabal\u00e1vel.<\/p>\n<h2>O Futuro da Pol\u00edtica Brasileira<\/h2>\n<p>O desfecho dessas 30 horas culminou na execu\u00e7\u00e3o da ordem de pris\u00e3o, mas as repercuss\u00f5es desses eventos continuam reverberando por todo o pa\u00eds. A pris\u00e3o de um ex-presidente \u00e9 um marco sem precedentes na hist\u00f3ria pol\u00edtica brasileira recente e levanta quest\u00f5es sobre as futuras rela\u00e7\u00f5es entre Justi\u00e7a e Pol\u00edtica no Brasil. A forma como as institui\u00e7\u00f5es reagir\u00e3o aos eventos subsequentes ser\u00e1 crucial para determinar se eles fortalecer\u00e3o ou enfraquecer\u00e3o ainda mais as bases democr\u00e1ticas j\u00e1 fragilizadas.<\/p>\n<p>Diante desse quadro complexo, fica evidente que o futuro pol\u00edtico brasileiro ser\u00e1 moldado por disputas acirradas entre diferentes for\u00e7as sociais e ideol\u00f3gicas. O embate entre os valores tradicionais promovidos pela machosfera e os avan\u00e7os progressistas ser\u00e1 central nas pr\u00f3ximas elei\u00e7\u00f5es e nos debates p\u00fablicos necess\u00e1rios para a constru\u00e7\u00e3o de uma sociedade mais justa e igualit\u00e1ria.<\/p>\n","protected":false},"excerpt":{"rendered":"<p>An\u00e1lise detalhada dos eventos antes da pris\u00e3o de Jair Bolsonaro.<\/p>\n","protected":false},"author":1,"featured_media":0,"comment_status":"open","ping_status":"open","sticky":false,"template":"","format":"standard","meta":{"footnotes":""},"categories":[1],"tags":[],"class_list":["post-13176","post","type-post","status-publish","format-standard","hentry","category-blog"],"yoast_head":"<!-- This site is optimized with the Yoast SEO plugin v25.3.1 - https:\/\/yoast.com\/wordpress\/plugins\/seo\/ -->\n<title>As 30 Horas que Antecederam a Pris\u00e3o de Bolsonaro - WordPulseTrends com<\/title>\n<meta name=\"robots\" content=\"index, follow, max-snippet:-1, max-image-preview:large, max-video-preview:-1\" \/>\n<link rel=\"canonical\" href=\"https:\/\/vivadicas.com\/st2\/blog\/as-30-horas-que-antecederam-a-prisao-de-bolsonaro\/13176\/\" \/>\n<meta property=\"og:locale\" content=\"pt_BR\" \/>\n<meta property=\"og:type\" content=\"article\" \/>\n<meta property=\"og:title\" content=\"As 30 Horas que Antecederam a Pris\u00e3o de Bolsonaro - WordPulseTrends com\" \/>\n<meta property=\"og:description\" content=\"An\u00e1lise detalhada dos eventos antes da pris\u00e3o de Jair Bolsonaro.\" \/>\n<meta property=\"og:url\" content=\"https:\/\/vivadicas.com\/st2\/blog\/as-30-horas-que-antecederam-a-prisao-de-bolsonaro\/13176\/\" \/>\n<meta property=\"og:site_name\" content=\"WordPulseTrends com\" \/>\n<meta property=\"article:published_time\" content=\"2025-08-10T06:01:09+00:00\" \/>\n<meta name=\"author\" content=\"st2vivadicas\" \/>\n<meta name=\"twitter:card\" content=\"summary_large_image\" \/>\n<meta name=\"twitter:label1\" content=\"Escrito por\" \/>\n\t<meta name=\"twitter:data1\" content=\"st2vivadicas\" \/>\n\t<meta name=\"twitter:label2\" content=\"Est. tempo de leitura\" \/>\n\t<meta name=\"twitter:data2\" content=\"4 minutos\" \/>\n<script type=\"application\/ld+json\" class=\"yoast-schema-graph\">{\"@context\":\"https:\/\/schema.org\",\"@graph\":[{\"@type\":\"Article\",\"@id\":\"https:\/\/vivadicas.com\/st2\/blog\/as-30-horas-que-antecederam-a-prisao-de-bolsonaro\/13176\/#article\",\"isPartOf\":{\"@id\":\"https:\/\/vivadicas.com\/st2\/blog\/as-30-horas-que-antecederam-a-prisao-de-bolsonaro\/13176\/\"},\"author\":{\"name\":\"st2vivadicas\",\"@id\":\"https:\/\/vivadicas.com\/st2\/#\/schema\/person\/f8432157bb5752f84d3a30f1c7388a16\"},\"headline\":\"As 30 Horas que Antecederam a Pris\u00e3o de Bolsonaro\",\"datePublished\":\"2025-08-10T06:01:09+00:00\",\"mainEntityOfPage\":{\"@id\":\"https:\/\/vivadicas.com\/st2\/blog\/as-30-horas-que-antecederam-a-prisao-de-bolsonaro\/13176\/\"},\"wordCount\":820,\"commentCount\":0,\"publisher\":{\"@id\":\"https:\/\/vivadicas.com\/st2\/#organization\"},\"articleSection\":[\"Blog\"],\"inLanguage\":\"pt-BR\",\"potentialAction\":[{\"@type\":\"CommentAction\",\"name\":\"Comment\",\"target\":[\"https:\/\/vivadicas.com\/st2\/blog\/as-30-horas-que-antecederam-a-prisao-de-bolsonaro\/13176\/#respond\"]}]},{\"@type\":\"WebPage\",\"@id\":\"https:\/\/vivadicas.com\/st2\/blog\/as-30-horas-que-antecederam-a-prisao-de-bolsonaro\/13176\/\",\"url\":\"https:\/\/vivadicas.com\/st2\/blog\/as-30-horas-que-antecederam-a-prisao-de-bolsonaro\/13176\/\",\"name\":\"As 30 Horas que Antecederam a Pris\u00e3o de Bolsonaro - WordPulseTrends com\",\"isPartOf\":{\"@id\":\"https:\/\/vivadicas.com\/st2\/#website\"},\"datePublished\":\"2025-08-10T06:01:09+00:00\",\"breadcrumb\":{\"@id\":\"https:\/\/vivadicas.com\/st2\/blog\/as-30-horas-que-antecederam-a-prisao-de-bolsonaro\/13176\/#breadcrumb\"},\"inLanguage\":\"pt-BR\",\"potentialAction\":[{\"@type\":\"ReadAction\",\"target\":[\"https:\/\/vivadicas.com\/st2\/blog\/as-30-horas-que-antecederam-a-prisao-de-bolsonaro\/13176\/\"]}]},{\"@type\":\"BreadcrumbList\",\"@id\":\"https:\/\/vivadicas.com\/st2\/blog\/as-30-horas-que-antecederam-a-prisao-de-bolsonaro\/13176\/#breadcrumb\",\"itemListElement\":[{\"@type\":\"ListItem\",\"position\":1,\"name\":\"In\u00edcio\",\"item\":\"https:\/\/vivadicas.com\/st2\/\"},{\"@type\":\"ListItem\",\"position\":2,\"name\":\"As 30 Horas que Antecederam a Pris\u00e3o de Bolsonaro\"}]},{\"@type\":\"WebSite\",\"@id\":\"https:\/\/vivadicas.com\/st2\/#website\",\"url\":\"https:\/\/vivadicas.com\/st2\/\",\"name\":\"TrendsBrasil\",\"description\":\"Stay updated with trending topics, viral news, hot updates, breaking headlines, global trends, and real-time content. Discover what\u2019s going viral now and follow the most talked-about stories across the web, social media, and news platforms!\",\"publisher\":{\"@id\":\"https:\/\/vivadicas.com\/st2\/#organization\"},\"potentialAction\":[{\"@type\":\"SearchAction\",\"target\":{\"@type\":\"EntryPoint\",\"urlTemplate\":\"https:\/\/vivadicas.com\/st2\/?s={search_term_string}\"},\"query-input\":{\"@type\":\"PropertyValueSpecification\",\"valueRequired\":true,\"valueName\":\"search_term_string\"}}],\"inLanguage\":\"pt-BR\"},{\"@type\":\"Organization\",\"@id\":\"https:\/\/vivadicas.com\/st2\/#organization\",\"name\":\"TrendsBrasil\",\"url\":\"https:\/\/vivadicas.com\/st2\/\",\"logo\":{\"@type\":\"ImageObject\",\"inLanguage\":\"pt-BR\",\"@id\":\"https:\/\/vivadicas.com\/st2\/#\/schema\/logo\/image\/\",\"url\":\"https:\/\/vivadicas.com\/st2\/wp-content\/uploads\/2025\/06\/ChatGPT-Image-24-de-jun.-de-2025-10_39_16-683x1024.png\",\"contentUrl\":\"https:\/\/vivadicas.com\/st2\/wp-content\/uploads\/2025\/06\/ChatGPT-Image-24-de-jun.-de-2025-10_39_16-683x1024.png\",\"width\":683,\"height\":1024,\"caption\":\"TrendsBrasil\"},\"image\":{\"@id\":\"https:\/\/vivadicas.com\/st2\/#\/schema\/logo\/image\/\"}},{\"@type\":\"Person\",\"@id\":\"https:\/\/vivadicas.com\/st2\/#\/schema\/person\/f8432157bb5752f84d3a30f1c7388a16\",\"name\":\"st2vivadicas\",\"image\":{\"@type\":\"ImageObject\",\"inLanguage\":\"pt-BR\",\"@id\":\"https:\/\/vivadicas.com\/st2\/#\/schema\/person\/image\/\",\"url\":\"https:\/\/secure.gravatar.com\/avatar\/9bb04fcca59036779222f5f2d61adc27b9b487cc07bc4064b27fa7e0a1e23e1a?s=96&d=mm&r=g\",\"contentUrl\":\"https:\/\/secure.gravatar.com\/avatar\/9bb04fcca59036779222f5f2d61adc27b9b487cc07bc4064b27fa7e0a1e23e1a?s=96&d=mm&r=g\",\"caption\":\"st2vivadicas\"},\"sameAs\":[\"https:\/\/vivadicas.com\/st2\"],\"url\":\"https:\/\/vivadicas.com\/st2\/author\/st2vivadicas\/\"}]}<\/script>\n<!-- \/ Yoast SEO plugin. -->","yoast_head_json":{"title":"As 30 Horas que Antecederam a Pris\u00e3o de Bolsonaro - WordPulseTrends com","robots":{"index":"index","follow":"follow","max-snippet":"max-snippet:-1","max-image-preview":"max-image-preview:large","max-video-preview":"max-video-preview:-1"},"canonical":"https:\/\/vivadicas.com\/st2\/blog\/as-30-horas-que-antecederam-a-prisao-de-bolsonaro\/13176\/","og_locale":"pt_BR","og_type":"article","og_title":"As 30 Horas que Antecederam a Pris\u00e3o de Bolsonaro - WordPulseTrends com","og_description":"An\u00e1lise detalhada dos eventos antes da pris\u00e3o de Jair Bolsonaro.","og_url":"https:\/\/vivadicas.com\/st2\/blog\/as-30-horas-que-antecederam-a-prisao-de-bolsonaro\/13176\/","og_site_name":"WordPulseTrends com","article_published_time":"2025-08-10T06:01:09+00:00","author":"st2vivadicas","twitter_card":"summary_large_image","twitter_misc":{"Escrito por":"st2vivadicas","Est. tempo de leitura":"4 minutos"},"schema":{"@context":"https:\/\/schema.org","@graph":[{"@type":"Article","@id":"https:\/\/vivadicas.com\/st2\/blog\/as-30-horas-que-antecederam-a-prisao-de-bolsonaro\/13176\/#article","isPartOf":{"@id":"https:\/\/vivadicas.com\/st2\/blog\/as-30-horas-que-antecederam-a-prisao-de-bolsonaro\/13176\/"},"author":{"name":"st2vivadicas","@id":"https:\/\/vivadicas.com\/st2\/#\/schema\/person\/f8432157bb5752f84d3a30f1c7388a16"},"headline":"As 30 Horas que Antecederam a Pris\u00e3o de Bolsonaro","datePublished":"2025-08-10T06:01:09+00:00","mainEntityOfPage":{"@id":"https:\/\/vivadicas.com\/st2\/blog\/as-30-horas-que-antecederam-a-prisao-de-bolsonaro\/13176\/"},"wordCount":820,"commentCount":0,"publisher":{"@id":"https:\/\/vivadicas.com\/st2\/#organization"},"articleSection":["Blog"],"inLanguage":"pt-BR","potentialAction":[{"@type":"CommentAction","name":"Comment","target":["https:\/\/vivadicas.com\/st2\/blog\/as-30-horas-que-antecederam-a-prisao-de-bolsonaro\/13176\/#respond"]}]},{"@type":"WebPage","@id":"https:\/\/vivadicas.com\/st2\/blog\/as-30-horas-que-antecederam-a-prisao-de-bolsonaro\/13176\/","url":"https:\/\/vivadicas.com\/st2\/blog\/as-30-horas-que-antecederam-a-prisao-de-bolsonaro\/13176\/","name":"As 30 Horas que Antecederam a Pris\u00e3o de Bolsonaro - WordPulseTrends com","isPartOf":{"@id":"https:\/\/vivadicas.com\/st2\/#website"},"datePublished":"2025-08-10T06:01:09+00:00","breadcrumb":{"@id":"https:\/\/vivadicas.com\/st2\/blog\/as-30-horas-que-antecederam-a-prisao-de-bolsonaro\/13176\/#breadcrumb"},"inLanguage":"pt-BR","potentialAction":[{"@type":"ReadAction","target":["https:\/\/vivadicas.com\/st2\/blog\/as-30-horas-que-antecederam-a-prisao-de-bolsonaro\/13176\/"]}]},{"@type":"BreadcrumbList","@id":"https:\/\/vivadicas.com\/st2\/blog\/as-30-horas-que-antecederam-a-prisao-de-bolsonaro\/13176\/#breadcrumb","itemListElement":[{"@type":"ListItem","position":1,"name":"In\u00edcio","item":"https:\/\/vivadicas.com\/st2\/"},{"@type":"ListItem","position":2,"name":"As 30 Horas que Antecederam a Pris\u00e3o de Bolsonaro"}]},{"@type":"WebSite","@id":"https:\/\/vivadicas.com\/st2\/#website","url":"https:\/\/vivadicas.com\/st2\/","name":"TrendsBrasil","description":"Stay updated with trending topics, viral news, hot updates, breaking headlines, global trends, and real-time content. Discover what\u2019s going viral now and follow the most talked-about stories across the web, social media, and news platforms!","publisher":{"@id":"https:\/\/vivadicas.com\/st2\/#organization"},"potentialAction":[{"@type":"SearchAction","target":{"@type":"EntryPoint","urlTemplate":"https:\/\/vivadicas.com\/st2\/?s={search_term_string}"},"query-input":{"@type":"PropertyValueSpecification","valueRequired":true,"valueName":"search_term_string"}}],"inLanguage":"pt-BR"},{"@type":"Organization","@id":"https:\/\/vivadicas.com\/st2\/#organization","name":"TrendsBrasil","url":"https:\/\/vivadicas.com\/st2\/","logo":{"@type":"ImageObject","inLanguage":"pt-BR","@id":"https:\/\/vivadicas.com\/st2\/#\/schema\/logo\/image\/","url":"https:\/\/vivadicas.com\/st2\/wp-content\/uploads\/2025\/06\/ChatGPT-Image-24-de-jun.-de-2025-10_39_16-683x1024.png","contentUrl":"https:\/\/vivadicas.com\/st2\/wp-content\/uploads\/2025\/06\/ChatGPT-Image-24-de-jun.-de-2025-10_39_16-683x1024.png","width":683,"height":1024,"caption":"TrendsBrasil"},"image":{"@id":"https:\/\/vivadicas.com\/st2\/#\/schema\/logo\/image\/"}},{"@type":"Person","@id":"https:\/\/vivadicas.com\/st2\/#\/schema\/person\/f8432157bb5752f84d3a30f1c7388a16","name":"st2vivadicas","image":{"@type":"ImageObject","inLanguage":"pt-BR","@id":"https:\/\/vivadicas.com\/st2\/#\/schema\/person\/image\/","url":"https:\/\/secure.gravatar.com\/avatar\/9bb04fcca59036779222f5f2d61adc27b9b487cc07bc4064b27fa7e0a1e23e1a?s=96&d=mm&r=g","contentUrl":"https:\/\/secure.gravatar.com\/avatar\/9bb04fcca59036779222f5f2d61adc27b9b487cc07bc4064b27fa7e0a1e23e1a?s=96&d=mm&r=g","caption":"st2vivadicas"},"sameAs":["https:\/\/vivadicas.com\/st2"],"url":"https:\/\/vivadicas.com\/st2\/author\/st2vivadicas\/"}]}},"_links":{"self":[{"href":"https:\/\/vivadicas.com\/st2\/wp-json\/wp\/v2\/posts\/13176","targetHints":{"allow":["GET"]}}],"collection":[{"href":"https:\/\/vivadicas.com\/st2\/wp-json\/wp\/v2\/posts"}],"about":[{"href":"https:\/\/vivadicas.com\/st2\/wp-json\/wp\/v2\/types\/post"}],"author":[{"embeddable":true,"href":"https:\/\/vivadicas.com\/st2\/wp-json\/wp\/v2\/users\/1"}],"replies":[{"embeddable":true,"href":"https:\/\/vivadicas.com\/st2\/wp-json\/wp\/v2\/comments?post=13176"}],"version-history":[{"count":0,"href":"https:\/\/vivadicas.com\/st2\/wp-json\/wp\/v2\/posts\/13176\/revisions"}],"wp:attachment":[{"href":"https:\/\/vivadicas.com\/st2\/wp-json\/wp\/v2\/media?parent=13176"}],"wp:term":[{"taxonomy":"category","embeddable":true,"href":"https:\/\/vivadicas.com\/st2\/wp-json\/wp\/v2\/categories?post=13176"},{"taxonomy":"post_tag","embeddable":true,"href":"https:\/\/vivadicas.com\/st2\/wp-json\/wp\/v2\/tags?post=13176"}],"curies":[{"name":"wp","href":"https:\/\/api.w.org\/{rel}","templated":true}]}}