{"id":13534,"date":"2025-08-14T00:45:29","date_gmt":"2025-08-14T03:45:29","guid":{"rendered":"https:\/\/vivadicas.com\/st2\/blog\/alianza-fc-e-managua-fc-se-enfrentam-em-confronto-decisivo-na-copa-centro-americana\/13534\/"},"modified":"2025-08-14T00:45:30","modified_gmt":"2025-08-14T03:45:30","slug":"alianza-fc-e-managua-fc-se-enfrentam-em-confronto-decisivo-na-copa-centro-americana","status":"publish","type":"post","link":"https:\/\/vivadicas.com\/st2\/esportes\/alianza-fc-e-managua-fc-se-enfrentam-em-confronto-decisivo-na-copa-centro-americana\/13534\/","title":{"rendered":"Alianza FC e Managua FC se enfrentam em confronto decisivo na Copa Centro-Americana"},"content":{"rendered":"<p>Managua FC ter\u00e1 um grande desafio hoje, 13 de agosto de 2025, quando enfrenta o Alianza FC. A partida acontece \u00e0s 23h, no Est\u00e1dio Jorge \u201cEl M\u00e1gico\u201d Gonz\u00e1lez. Esse confronto \u00e9 crucial para ambas as equipes, que buscam se destacar na fase de grupos da Copa Centro-Americana da Concacaf.<\/p>\n<h2>\ud83c\udfaf Detalhes da Partida<\/h2>\n<p>A partida entre Alianza FC e Managua FC marca a terceira rodada do Grupo A da Copa Centro-Americana. O jogo promete ser emocionante, com ambas as equipes lutando para garantir uma posi\u00e7\u00e3o privilegiada na tabela.<\/p>\n<p>O Alianza FC \u00e9 conhecido por sua for\u00e7a em casa, e isso pode representar uma vantagem significativa. Por outro lado, o Managua FC vem preparado para surpreender e buscar os tr\u00eas pontos fora de casa. <\/p>\n<h3>\u26a1 Onde Assistir<\/h3>\n<p>Os f\u00e3s podem acompanhar o jogo ao vivo, com transmiss\u00e3o dispon\u00edvel em v\u00e1rias plataformas. \u00c9 importante verificar a programa\u00e7\u00e3o local para n\u00e3o perder nenhum momento dessa disputa acirrada. O interesse pela partida \u00e9 alto, e as expectativas s\u00e3o grandes entre os torcedores.<\/p>\n<h2>\ud83d\udcca O Desempenho Recente do Managua FC<\/h2>\n<p>O Managua FC tem se mostrado competitivo nas \u00faltimas edi\u00e7\u00f5es da Copa Centro-Americana. A equipe, que j\u00e1 conquistou t\u00edtulos importantes, busca mais uma vit\u00f3ria para aumentar suas chances de avan\u00e7ar na competi\u00e7\u00e3o.<\/p>\n<p>Recentemente, o Managua FC enfrentou o Alajuelense, onde teve um desempenho razo\u00e1vel. Apesar de n\u00e3o ter sa\u00eddo vitorioso, a equipe mostrou garra e disposi\u00e7\u00e3o para continuar lutando.<\/p>\n<h3>\ud83d\udca1 Expectativas para o Confronto<\/h3>\n<p>A expectativa \u00e9 de um jogo equilibrado. Ambos os times t\u00eam jogadores talentosos e estrat\u00e9gias bem definidas. O Alianza FC, jogando em casa, provavelmente tentar\u00e1 dominar a posse de bola, enquanto o Managua FC buscar\u00e1 contra-ataques r\u00e1pidos.<\/p>\n<p>Os torcedores est\u00e3o ansiosos para ver como cada time ir\u00e1 se comportar em campo. A t\u00e1tica e a execu\u00e7\u00e3o ser\u00e3o fundamentais para o resultado final.<\/p>\n<h2>\ud83d\udd0d Conclus\u00e3o<\/h2>\n<p>\u00c0 medida que o hor\u00e1rio do jogo se aproxima, a ansiedade aumenta. O duelo entre Alianza FC e Managua FC promete ser um espet\u00e1culo. Torcedores de ambos os lados est\u00e3o prontos para apoiar suas equipes.<\/p>\n<p>Gostou de saber mais sobre o confronto entre Alianza FC e Managua FC? Seus amigos tamb\u00e9m podem se interessar. <a href=\"https:\/\/www.addtoany.com\/share#url=https%3A%2F%2Fvivadicas.com%2Fst2%2Fesportes%2Falianza-fc-e-managua-fc-se-enfrentam-em-confronto-decisivo-na-copa-centro-americana%2F13534%2F\" target=\"_blank\" rel=\"noopener\">Compartilhe<\/a> com eles agora mesmo!<\/p>\n","protected":false},"excerpt":{"rendered":"<p>Managua FC ter\u00e1 um grande desafio hoje, 13 de agosto de 2025, quando enfrenta o Alianza FC. A partida acontece \u00e0s 23h, no Est\u00e1dio Jorge \u201cEl M\u00e1gico\u201d Gonz\u00e1lez. Esse confronto \u00e9 crucial para ambas as equipes, que buscam se destacar na fase de grupos da Copa Centro-Americana da Concacaf. \ud83c\udfaf Detalhes da Partida A partida &#8230; <a title=\"Alianza FC e Managua FC se enfrentam em confronto decisivo na Copa Centro-Americana\" class=\"read-more\" href=\"https:\/\/vivadicas.com\/st2\/esportes\/alianza-fc-e-managua-fc-se-enfrentam-em-confronto-decisivo-na-copa-centro-americana\/13534\/\" aria-label=\"Read more about Alianza FC e Managua FC se enfrentam em confronto decisivo na Copa Centro-Americana\">Ler mais<\/a><\/p>\n","protected":false},"author":1,"featured_media":13533,"comment_status":"open","ping_status":"open","sticky":false,"template":"","format":"standard","meta":{"footnotes":""},"categories":[1199],"tags":[10341,758,10343,52,10342],"class_list":["post-13534","post","type-post","status-publish","format-standard","has-post-thumbnail","hentry","category-esportes","tag-alianza-fc","tag-concacaf","tag-copa-centro-americana","tag-futebol","tag-managua-fc"],"yoast_head":"<!-- This site is optimized with the Yoast SEO plugin v25.3.1 - https:\/\/yoast.com\/wordpress\/plugins\/seo\/ -->\n<title>Alianza FC e Managua FC se enfrentam em confronto decisivo na Copa Centro-Americana - WordPulseTrends com<\/title>\n<meta name=\"robots\" content=\"index, follow, max-snippet:-1, max-image-preview:large, max-video-preview:-1\" \/>\n<link rel=\"canonical\" href=\"https:\/\/vivadicas.com\/st2\/esportes\/alianza-fc-e-managua-fc-se-enfrentam-em-confronto-decisivo-na-copa-centro-americana\/13534\/\" \/>\n<meta property=\"og:locale\" content=\"pt_BR\" \/>\n<meta property=\"og:type\" content=\"article\" \/>\n<meta property=\"og:title\" content=\"Alianza FC e Managua FC se enfrentam em confronto decisivo na Copa Centro-Americana - WordPulseTrends com\" \/>\n<meta property=\"og:description\" content=\"Managua FC ter\u00e1 um grande desafio hoje, 13 de agosto de 2025, quando enfrenta o Alianza FC. A partida acontece \u00e0s 23h, no Est\u00e1dio Jorge \u201cEl M\u00e1gico\u201d Gonz\u00e1lez. Esse confronto \u00e9 crucial para ambas as equipes, que buscam se destacar na fase de grupos da Copa Centro-Americana da Concacaf. \ud83c\udfaf Detalhes da Partida A partida ... Ler mais\" \/>\n<meta property=\"og:url\" content=\"https:\/\/vivadicas.com\/st2\/esportes\/alianza-fc-e-managua-fc-se-enfrentam-em-confronto-decisivo-na-copa-centro-americana\/13534\/\" \/>\n<meta property=\"og:site_name\" content=\"WordPulseTrends com\" \/>\n<meta property=\"article:published_time\" content=\"2025-08-14T03:45:29+00:00\" \/>\n<meta property=\"article:modified_time\" content=\"2025-08-14T03:45:30+00:00\" \/>\n<meta property=\"og:image\" content=\"https:\/\/vivadicas.com\/st2\/wp-content\/uploads\/2025\/08\/ai_trend_1755143094_d7cffec4.png\" \/>\n\t<meta property=\"og:image:width\" content=\"1024\" \/>\n\t<meta property=\"og:image:height\" content=\"1024\" \/>\n\t<meta property=\"og:image:type\" content=\"image\/png\" \/>\n<meta name=\"author\" content=\"st2vivadicas\" \/>\n<meta name=\"twitter:card\" content=\"summary_large_image\" \/>\n<meta name=\"twitter:label1\" content=\"Escrito por\" \/>\n\t<meta name=\"twitter:data1\" content=\"st2vivadicas\" \/>\n\t<meta name=\"twitter:label2\" content=\"Est. tempo de leitura\" \/>\n\t<meta name=\"twitter:data2\" content=\"2 minutos\" \/>\n<script type=\"application\/ld+json\" class=\"yoast-schema-graph\">{\"@context\":\"https:\/\/schema.org\",\"@graph\":[{\"@type\":\"Article\",\"@id\":\"https:\/\/vivadicas.com\/st2\/esportes\/alianza-fc-e-managua-fc-se-enfrentam-em-confronto-decisivo-na-copa-centro-americana\/13534\/#article\",\"isPartOf\":{\"@id\":\"https:\/\/vivadicas.com\/st2\/esportes\/alianza-fc-e-managua-fc-se-enfrentam-em-confronto-decisivo-na-copa-centro-americana\/13534\/\"},\"author\":{\"name\":\"st2vivadicas\",\"@id\":\"https:\/\/vivadicas.com\/st2\/#\/schema\/person\/f8432157bb5752f84d3a30f1c7388a16\"},\"headline\":\"Alianza FC e Managua FC se enfrentam em confronto decisivo na Copa Centro-Americana\",\"datePublished\":\"2025-08-14T03:45:29+00:00\",\"dateModified\":\"2025-08-14T03:45:30+00:00\",\"mainEntityOfPage\":{\"@id\":\"https:\/\/vivadicas.com\/st2\/esportes\/alianza-fc-e-managua-fc-se-enfrentam-em-confronto-decisivo-na-copa-centro-americana\/13534\/\"},\"wordCount\":396,\"commentCount\":0,\"publisher\":{\"@id\":\"https:\/\/vivadicas.com\/st2\/#organization\"},\"image\":{\"@id\":\"https:\/\/vivadicas.com\/st2\/esportes\/alianza-fc-e-managua-fc-se-enfrentam-em-confronto-decisivo-na-copa-centro-americana\/13534\/#primaryimage\"},\"thumbnailUrl\":\"https:\/\/vivadicas.com\/st2\/wp-content\/uploads\/2025\/08\/ai_trend_1755143094_d7cffec4.png\",\"keywords\":[\"Alianza FC\",\"CONCACAF\",\"Copa Centro-Americana\",\"futebol\",\"Managua FC\"],\"articleSection\":[\"Esportes\"],\"inLanguage\":\"pt-BR\",\"potentialAction\":[{\"@type\":\"CommentAction\",\"name\":\"Comment\",\"target\":[\"https:\/\/vivadicas.com\/st2\/esportes\/alianza-fc-e-managua-fc-se-enfrentam-em-confronto-decisivo-na-copa-centro-americana\/13534\/#respond\"]}]},{\"@type\":\"WebPage\",\"@id\":\"https:\/\/vivadicas.com\/st2\/esportes\/alianza-fc-e-managua-fc-se-enfrentam-em-confronto-decisivo-na-copa-centro-americana\/13534\/\",\"url\":\"https:\/\/vivadicas.com\/st2\/esportes\/alianza-fc-e-managua-fc-se-enfrentam-em-confronto-decisivo-na-copa-centro-americana\/13534\/\",\"name\":\"Alianza FC e Managua FC se enfrentam em confronto decisivo na Copa Centro-Americana - WordPulseTrends com\",\"isPartOf\":{\"@id\":\"https:\/\/vivadicas.com\/st2\/#website\"},\"primaryImageOfPage\":{\"@id\":\"https:\/\/vivadicas.com\/st2\/esportes\/alianza-fc-e-managua-fc-se-enfrentam-em-confronto-decisivo-na-copa-centro-americana\/13534\/#primaryimage\"},\"image\":{\"@id\":\"https:\/\/vivadicas.com\/st2\/esportes\/alianza-fc-e-managua-fc-se-enfrentam-em-confronto-decisivo-na-copa-centro-americana\/13534\/#primaryimage\"},\"thumbnailUrl\":\"https:\/\/vivadicas.com\/st2\/wp-content\/uploads\/2025\/08\/ai_trend_1755143094_d7cffec4.png\",\"datePublished\":\"2025-08-14T03:45:29+00:00\",\"dateModified\":\"2025-08-14T03:45:30+00:00\",\"breadcrumb\":{\"@id\":\"https:\/\/vivadicas.com\/st2\/esportes\/alianza-fc-e-managua-fc-se-enfrentam-em-confronto-decisivo-na-copa-centro-americana\/13534\/#breadcrumb\"},\"inLanguage\":\"pt-BR\",\"potentialAction\":[{\"@type\":\"ReadAction\",\"target\":[\"https:\/\/vivadicas.com\/st2\/esportes\/alianza-fc-e-managua-fc-se-enfrentam-em-confronto-decisivo-na-copa-centro-americana\/13534\/\"]}]},{\"@type\":\"ImageObject\",\"inLanguage\":\"pt-BR\",\"@id\":\"https:\/\/vivadicas.com\/st2\/esportes\/alianza-fc-e-managua-fc-se-enfrentam-em-confronto-decisivo-na-copa-centro-americana\/13534\/#primaryimage\",\"url\":\"https:\/\/vivadicas.com\/st2\/wp-content\/uploads\/2025\/08\/ai_trend_1755143094_d7cffec4.png\",\"contentUrl\":\"https:\/\/vivadicas.com\/st2\/wp-content\/uploads\/2025\/08\/ai_trend_1755143094_d7cffec4.png\",\"width\":1024,\"height\":1024},{\"@type\":\"BreadcrumbList\",\"@id\":\"https:\/\/vivadicas.com\/st2\/esportes\/alianza-fc-e-managua-fc-se-enfrentam-em-confronto-decisivo-na-copa-centro-americana\/13534\/#breadcrumb\",\"itemListElement\":[{\"@type\":\"ListItem\",\"position\":1,\"name\":\"In\u00edcio\",\"item\":\"https:\/\/vivadicas.com\/st2\/\"},{\"@type\":\"ListItem\",\"position\":2,\"name\":\"Alianza FC e Managua FC se enfrentam em confronto decisivo na Copa Centro-Americana\"}]},{\"@type\":\"WebSite\",\"@id\":\"https:\/\/vivadicas.com\/st2\/#website\",\"url\":\"https:\/\/vivadicas.com\/st2\/\",\"name\":\"TrendsBrasil\",\"description\":\"Stay updated with trending topics, viral news, hot updates, breaking headlines, global trends, and real-time content. Discover what\u2019s going viral now and follow the most talked-about stories across the web, social media, and news platforms!\",\"publisher\":{\"@id\":\"https:\/\/vivadicas.com\/st2\/#organization\"},\"potentialAction\":[{\"@type\":\"SearchAction\",\"target\":{\"@type\":\"EntryPoint\",\"urlTemplate\":\"https:\/\/vivadicas.com\/st2\/?s={search_term_string}\"},\"query-input\":{\"@type\":\"PropertyValueSpecification\",\"valueRequired\":true,\"valueName\":\"search_term_string\"}}],\"inLanguage\":\"pt-BR\"},{\"@type\":\"Organization\",\"@id\":\"https:\/\/vivadicas.com\/st2\/#organization\",\"name\":\"TrendsBrasil\",\"url\":\"https:\/\/vivadicas.com\/st2\/\",\"logo\":{\"@type\":\"ImageObject\",\"inLanguage\":\"pt-BR\",\"@id\":\"https:\/\/vivadicas.com\/st2\/#\/schema\/logo\/image\/\",\"url\":\"https:\/\/vivadicas.com\/st2\/wp-content\/uploads\/2025\/06\/ChatGPT-Image-24-de-jun.-de-2025-10_39_16-683x1024.png\",\"contentUrl\":\"https:\/\/vivadicas.com\/st2\/wp-content\/uploads\/2025\/06\/ChatGPT-Image-24-de-jun.-de-2025-10_39_16-683x1024.png\",\"width\":683,\"height\":1024,\"caption\":\"TrendsBrasil\"},\"image\":{\"@id\":\"https:\/\/vivadicas.com\/st2\/#\/schema\/logo\/image\/\"}},{\"@type\":\"Person\",\"@id\":\"https:\/\/vivadicas.com\/st2\/#\/schema\/person\/f8432157bb5752f84d3a30f1c7388a16\",\"name\":\"st2vivadicas\",\"image\":{\"@type\":\"ImageObject\",\"inLanguage\":\"pt-BR\",\"@id\":\"https:\/\/vivadicas.com\/st2\/#\/schema\/person\/image\/\",\"url\":\"https:\/\/secure.gravatar.com\/avatar\/9bb04fcca59036779222f5f2d61adc27b9b487cc07bc4064b27fa7e0a1e23e1a?s=96&d=mm&r=g\",\"contentUrl\":\"https:\/\/secure.gravatar.com\/avatar\/9bb04fcca59036779222f5f2d61adc27b9b487cc07bc4064b27fa7e0a1e23e1a?s=96&d=mm&r=g\",\"caption\":\"st2vivadicas\"},\"sameAs\":[\"https:\/\/vivadicas.com\/st2\"],\"url\":\"https:\/\/vivadicas.com\/st2\/author\/st2vivadicas\/\"}]}<\/script>\n<!-- \/ Yoast SEO plugin. -->","yoast_head_json":{"title":"Alianza FC e Managua FC se enfrentam em confronto decisivo na Copa Centro-Americana - WordPulseTrends com","robots":{"index":"index","follow":"follow","max-snippet":"max-snippet:-1","max-image-preview":"max-image-preview:large","max-video-preview":"max-video-preview:-1"},"canonical":"https:\/\/vivadicas.com\/st2\/esportes\/alianza-fc-e-managua-fc-se-enfrentam-em-confronto-decisivo-na-copa-centro-americana\/13534\/","og_locale":"pt_BR","og_type":"article","og_title":"Alianza FC e Managua FC se enfrentam em confronto decisivo na Copa Centro-Americana - WordPulseTrends com","og_description":"Managua FC ter\u00e1 um grande desafio hoje, 13 de agosto de 2025, quando enfrenta o Alianza FC. A partida acontece \u00e0s 23h, no Est\u00e1dio Jorge \u201cEl M\u00e1gico\u201d Gonz\u00e1lez. Esse confronto \u00e9 crucial para ambas as equipes, que buscam se destacar na fase de grupos da Copa Centro-Americana da Concacaf. \ud83c\udfaf Detalhes da Partida A partida ... Ler mais","og_url":"https:\/\/vivadicas.com\/st2\/esportes\/alianza-fc-e-managua-fc-se-enfrentam-em-confronto-decisivo-na-copa-centro-americana\/13534\/","og_site_name":"WordPulseTrends com","article_published_time":"2025-08-14T03:45:29+00:00","article_modified_time":"2025-08-14T03:45:30+00:00","og_image":[{"url":"https:\/\/vivadicas.com\/st2\/wp-content\/uploads\/2025\/08\/ai_trend_1755143094_d7cffec4.png","width":1024,"height":1024,"type":"image\/png"}],"author":"st2vivadicas","twitter_card":"summary_large_image","twitter_misc":{"Escrito por":"st2vivadicas","Est. tempo de leitura":"2 minutos"},"schema":{"@context":"https:\/\/schema.org","@graph":[{"@type":"Article","@id":"https:\/\/vivadicas.com\/st2\/esportes\/alianza-fc-e-managua-fc-se-enfrentam-em-confronto-decisivo-na-copa-centro-americana\/13534\/#article","isPartOf":{"@id":"https:\/\/vivadicas.com\/st2\/esportes\/alianza-fc-e-managua-fc-se-enfrentam-em-confronto-decisivo-na-copa-centro-americana\/13534\/"},"author":{"name":"st2vivadicas","@id":"https:\/\/vivadicas.com\/st2\/#\/schema\/person\/f8432157bb5752f84d3a30f1c7388a16"},"headline":"Alianza FC e Managua FC se enfrentam em confronto decisivo na Copa Centro-Americana","datePublished":"2025-08-14T03:45:29+00:00","dateModified":"2025-08-14T03:45:30+00:00","mainEntityOfPage":{"@id":"https:\/\/vivadicas.com\/st2\/esportes\/alianza-fc-e-managua-fc-se-enfrentam-em-confronto-decisivo-na-copa-centro-americana\/13534\/"},"wordCount":396,"commentCount":0,"publisher":{"@id":"https:\/\/vivadicas.com\/st2\/#organization"},"image":{"@id":"https:\/\/vivadicas.com\/st2\/esportes\/alianza-fc-e-managua-fc-se-enfrentam-em-confronto-decisivo-na-copa-centro-americana\/13534\/#primaryimage"},"thumbnailUrl":"https:\/\/vivadicas.com\/st2\/wp-content\/uploads\/2025\/08\/ai_trend_1755143094_d7cffec4.png","keywords":["Alianza FC","CONCACAF","Copa Centro-Americana","futebol","Managua FC"],"articleSection":["Esportes"],"inLanguage":"pt-BR","potentialAction":[{"@type":"CommentAction","name":"Comment","target":["https:\/\/vivadicas.com\/st2\/esportes\/alianza-fc-e-managua-fc-se-enfrentam-em-confronto-decisivo-na-copa-centro-americana\/13534\/#respond"]}]},{"@type":"WebPage","@id":"https:\/\/vivadicas.com\/st2\/esportes\/alianza-fc-e-managua-fc-se-enfrentam-em-confronto-decisivo-na-copa-centro-americana\/13534\/","url":"https:\/\/vivadicas.com\/st2\/esportes\/alianza-fc-e-managua-fc-se-enfrentam-em-confronto-decisivo-na-copa-centro-americana\/13534\/","name":"Alianza FC e Managua FC se enfrentam em confronto decisivo na Copa Centro-Americana - WordPulseTrends com","isPartOf":{"@id":"https:\/\/vivadicas.com\/st2\/#website"},"primaryImageOfPage":{"@id":"https:\/\/vivadicas.com\/st2\/esportes\/alianza-fc-e-managua-fc-se-enfrentam-em-confronto-decisivo-na-copa-centro-americana\/13534\/#primaryimage"},"image":{"@id":"https:\/\/vivadicas.com\/st2\/esportes\/alianza-fc-e-managua-fc-se-enfrentam-em-confronto-decisivo-na-copa-centro-americana\/13534\/#primaryimage"},"thumbnailUrl":"https:\/\/vivadicas.com\/st2\/wp-content\/uploads\/2025\/08\/ai_trend_1755143094_d7cffec4.png","datePublished":"2025-08-14T03:45:29+00:00","dateModified":"2025-08-14T03:45:30+00:00","breadcrumb":{"@id":"https:\/\/vivadicas.com\/st2\/esportes\/alianza-fc-e-managua-fc-se-enfrentam-em-confronto-decisivo-na-copa-centro-americana\/13534\/#breadcrumb"},"inLanguage":"pt-BR","potentialAction":[{"@type":"ReadAction","target":["https:\/\/vivadicas.com\/st2\/esportes\/alianza-fc-e-managua-fc-se-enfrentam-em-confronto-decisivo-na-copa-centro-americana\/13534\/"]}]},{"@type":"ImageObject","inLanguage":"pt-BR","@id":"https:\/\/vivadicas.com\/st2\/esportes\/alianza-fc-e-managua-fc-se-enfrentam-em-confronto-decisivo-na-copa-centro-americana\/13534\/#primaryimage","url":"https:\/\/vivadicas.com\/st2\/wp-content\/uploads\/2025\/08\/ai_trend_1755143094_d7cffec4.png","contentUrl":"https:\/\/vivadicas.com\/st2\/wp-content\/uploads\/2025\/08\/ai_trend_1755143094_d7cffec4.png","width":1024,"height":1024},{"@type":"BreadcrumbList","@id":"https:\/\/vivadicas.com\/st2\/esportes\/alianza-fc-e-managua-fc-se-enfrentam-em-confronto-decisivo-na-copa-centro-americana\/13534\/#breadcrumb","itemListElement":[{"@type":"ListItem","position":1,"name":"In\u00edcio","item":"https:\/\/vivadicas.com\/st2\/"},{"@type":"ListItem","position":2,"name":"Alianza FC e Managua FC se enfrentam em confronto decisivo na Copa Centro-Americana"}]},{"@type":"WebSite","@id":"https:\/\/vivadicas.com\/st2\/#website","url":"https:\/\/vivadicas.com\/st2\/","name":"TrendsBrasil","description":"Stay updated with trending topics, viral news, hot updates, breaking headlines, global trends, and real-time content. Discover what\u2019s going viral now and follow the most talked-about stories across the web, social media, and news platforms!","publisher":{"@id":"https:\/\/vivadicas.com\/st2\/#organization"},"potentialAction":[{"@type":"SearchAction","target":{"@type":"EntryPoint","urlTemplate":"https:\/\/vivadicas.com\/st2\/?s={search_term_string}"},"query-input":{"@type":"PropertyValueSpecification","valueRequired":true,"valueName":"search_term_string"}}],"inLanguage":"pt-BR"},{"@type":"Organization","@id":"https:\/\/vivadicas.com\/st2\/#organization","name":"TrendsBrasil","url":"https:\/\/vivadicas.com\/st2\/","logo":{"@type":"ImageObject","inLanguage":"pt-BR","@id":"https:\/\/vivadicas.com\/st2\/#\/schema\/logo\/image\/","url":"https:\/\/vivadicas.com\/st2\/wp-content\/uploads\/2025\/06\/ChatGPT-Image-24-de-jun.-de-2025-10_39_16-683x1024.png","contentUrl":"https:\/\/vivadicas.com\/st2\/wp-content\/uploads\/2025\/06\/ChatGPT-Image-24-de-jun.-de-2025-10_39_16-683x1024.png","width":683,"height":1024,"caption":"TrendsBrasil"},"image":{"@id":"https:\/\/vivadicas.com\/st2\/#\/schema\/logo\/image\/"}},{"@type":"Person","@id":"https:\/\/vivadicas.com\/st2\/#\/schema\/person\/f8432157bb5752f84d3a30f1c7388a16","name":"st2vivadicas","image":{"@type":"ImageObject","inLanguage":"pt-BR","@id":"https:\/\/vivadicas.com\/st2\/#\/schema\/person\/image\/","url":"https:\/\/secure.gravatar.com\/avatar\/9bb04fcca59036779222f5f2d61adc27b9b487cc07bc4064b27fa7e0a1e23e1a?s=96&d=mm&r=g","contentUrl":"https:\/\/secure.gravatar.com\/avatar\/9bb04fcca59036779222f5f2d61adc27b9b487cc07bc4064b27fa7e0a1e23e1a?s=96&d=mm&r=g","caption":"st2vivadicas"},"sameAs":["https:\/\/vivadicas.com\/st2"],"url":"https:\/\/vivadicas.com\/st2\/author\/st2vivadicas\/"}]}},"_links":{"self":[{"href":"https:\/\/vivadicas.com\/st2\/wp-json\/wp\/v2\/posts\/13534","targetHints":{"allow":["GET"]}}],"collection":[{"href":"https:\/\/vivadicas.com\/st2\/wp-json\/wp\/v2\/posts"}],"about":[{"href":"https:\/\/vivadicas.com\/st2\/wp-json\/wp\/v2\/types\/post"}],"author":[{"embeddable":true,"href":"https:\/\/vivadicas.com\/st2\/wp-json\/wp\/v2\/users\/1"}],"replies":[{"embeddable":true,"href":"https:\/\/vivadicas.com\/st2\/wp-json\/wp\/v2\/comments?post=13534"}],"version-history":[{"count":1,"href":"https:\/\/vivadicas.com\/st2\/wp-json\/wp\/v2\/posts\/13534\/revisions"}],"predecessor-version":[{"id":13535,"href":"https:\/\/vivadicas.com\/st2\/wp-json\/wp\/v2\/posts\/13534\/revisions\/13535"}],"wp:featuredmedia":[{"embeddable":true,"href":"https:\/\/vivadicas.com\/st2\/wp-json\/wp\/v2\/media\/13533"}],"wp:attachment":[{"href":"https:\/\/vivadicas.com\/st2\/wp-json\/wp\/v2\/media?parent=13534"}],"wp:term":[{"taxonomy":"category","embeddable":true,"href":"https:\/\/vivadicas.com\/st2\/wp-json\/wp\/v2\/categories?post=13534"},{"taxonomy":"post_tag","embeddable":true,"href":"https:\/\/vivadicas.com\/st2\/wp-json\/wp\/v2\/tags?post=13534"}],"curies":[{"name":"wp","href":"https:\/\/api.w.org\/{rel}","templated":true}]}}