{"id":13992,"date":"2025-08-19T15:00:58","date_gmt":"2025-08-19T18:00:58","guid":{"rendered":"https:\/\/vivadicas.com\/st2\/blog\/andreas-pereira-o-meio-campista-promissor-do-fulham\/13992\/"},"modified":"2025-08-19T15:00:58","modified_gmt":"2025-08-19T18:00:58","slug":"andreas-pereira-o-meio-campista-promissor-do-fulham","status":"publish","type":"post","link":"https:\/\/vivadicas.com\/st2\/blog\/andreas-pereira-o-meio-campista-promissor-do-fulham\/13992\/","title":{"rendered":"Andreas Pereira: O Meio-Campista Promissor do Fulham"},"content":{"rendered":"<p>Andreas Pereira, o talentoso meio-campista brasileiro atualmente atuando pelo Fulham, tem atra\u00eddo a aten\u00e7\u00e3o de f\u00e3s e cr\u00edticos com seu desempenho nas ligas europeias. Nascido em D\u00fcsseldorf, Alemanha, mas naturalizado brasileiro, Pereira sempre sonhou em deixar sua marca no futebol internacional. Ap\u00f3s uma trajet\u00f3ria repleta de desafios e conquistas, ele finalmente se estabeleceu como um jogador fundamental na Premier League. Neste perfil, exploraremos as origens de Andreas, suas caracter\u00edsticas como jogador e o impacto que ele tem no Fulham na temporada 2025\/2026.<\/p>\n<h2>As Origens e a Trajet\u00f3ria Profissional<\/h2>\n<p>Pereira come\u00e7ou sua carreira nas categorias de base do PSV Eindhoven antes de se mudar para o Manchester United jovem. No clube ingl\u00eas, ele se destacou por sua habilidade t\u00e9cnica e vis\u00e3o de jogo. Durante sua passagem pelo United, Pereira teve a oportunidade de jogar sob diferentes treinadores e em diversas posi\u00e7\u00f5es no meio-campo, o que moldou seu estilo vers\u00e1til e adapt\u00e1vel. Com passagens por empr\u00e9stimos em clubes como Granada e Valencia, o jogador ganhou experi\u00eancia vital no futebol europeu.<\/p>\n<p>A sua jornada n\u00e3o foi isenta de dificuldades, especialmente devido \u00e0 press\u00e3o intensa que vem com a associa\u00e7\u00e3o ao Manchester United. Mesmo assim, Andreas manteve-se focado em seu desenvolvimento pessoal e profissional. O reconhecimento por suas habilidades crescia aos poucos, e ap\u00f3s deixar o United definitivamente em busca de mais tempo em campo regular, ele encontrou um novo lar no Fulham. Isso marcou uma nova fase em sua carreira onde ele poderia realmente brilhar.<\/p>\n<h2>Caracter\u00edsticas T\u00e9cnicas e Estilo de Jogo<\/h2>\n<p>Andreas Pereira \u00e9 amplamente reconhecido por suas habilidades criativas no meio-campo. Ele combina excelente controle de bola com uma vis\u00e3o agu\u00e7ada para passes decisivos. Sua capacidade de ler o jogo permite que ele antecipe movimentos advers\u00e1rios e crie oportunidades tanto para si quanto para seus companheiros. Al\u00e9m disso, Pereira possui um bom chute fora da \u00e1rea, tornando-o uma amea\u00e7a constante em jogadas de longa dist\u00e2ncia.<\/p>\n<p>Outro aspecto not\u00f3rio \u00e9 sua versatilidade; Andreas pode atuar tanto como um meia central quanto mais avan\u00e7ado como n\u00famero 10 ou at\u00e9 mesmo na ponta direita. Essa flexibilidade t\u00e1tica \u00e9 altamente valorizada pelos treinadores do Fulham e lhe permite se adaptar conforme as necessidades da equipe durante os jogos. O meio-campista tamb\u00e9m \u00e9 conhecido por seu forte trabalho defensivo quando necess\u00e1rio, demonstrando que possui a disposi\u00e7\u00e3o para contribuir defensivamente al\u00e9m de suas atribui\u00e7\u00f5es ofensivas.<\/p>\n<h2>Desempenho na Temporada 2025\/2026<\/h2>\n<p>Na temporada atual da Premier League (2025\/2026), Andreas tem sido uma pe\u00e7a fundamental para o sucesso do Fulham. Com atua\u00e7\u00f5es consistentes e decisivas em v\u00e1rias partidas, ele n\u00e3o apenas voltou a ser titular absoluto como tamb\u00e9m se tornou um dos l\u00edderes em assist\u00eancias da equipe. As suas jogadas criativas t\u00eam sido essenciais para desestabilizar as defesas advers\u00e1rias e garantir resultados positivos para o clube londrino.<\/p>\n<p>Cabe ressaltar que sua adapta\u00e7\u00e3o ao estilo din\u00e2mico do Fulham tem sido admir\u00e1vel. Ele conseguiu criar uma boa sintonia com outros jogadores do elenco, contribuindo para um sistema ofensivo mais coeso e eficaz. Ao longo da temporada, Andreas revelou-se um exemplo n\u00e3o apenas como atleta, mas tamb\u00e9m como l\u00edder dentro do vesti\u00e1rio. Seu comprometimento com o time \u00e9 evidente nos treinos intensos e na dedica\u00e7\u00e3o mostrada dentro das quatro linhas durante os jogos.<\/p>\n<h2>Impacto Cultural \u2013 A Conex\u00e3o Brasileira<\/h2>\n<p>A presen\u00e7a de Andreas Pereira no futebol europeu tamb\u00e9m traz uma dimens\u00e3o cultural significativa para os torcedores brasileiros que acompanham suas performances com grande interesse. Ele representa uma nova gera\u00e7\u00e3o de jogadores brasileiros que buscam conquistar seus espa\u00e7os nas ligas mais competitivas do mundo. Al\u00e9m disso, seus la\u00e7os familiares e culturais com o Brasil refor\u00e7am essa conex\u00e3o emocional com os f\u00e3s locais que muitas vezes se veem representados atrav\u00e9s dele.<\/p>\n<p>A contribui\u00e7\u00e3o de jogadores brasileiros ao cen\u00e1rio europeu sempre foi marcante; desde Pel\u00e9 at\u00e9 Neymar, cada gera\u00e7\u00e3o deixa sua marca \u00fanica no esporte global. O sucesso de Andreas pode inspirar jovens talentos no Brasil a perseguirem seus sonhos futbol\u00edsticos fora das fronteiras nacionais. \u00c9 importante lembrar que a diversidade cultural presente entre os jogadores brasileiros enriquece ainda mais o futebol mundial.<\/p>\n<p>No entanto, nem tudo s\u00e3o flores na trajet\u00f3ria profissional do atleta; recentes declara\u00e7\u00f5es sobre quest\u00f5es relacionadas \u00e0 sua perman\u00eancia em clubes anteriores revelam a complexidade dos neg\u00f3cios internos do futebol moderno e as dificuldades enfrentadas pelos jogadores nesse processo.<\/p>\n<h2>Conclus\u00e3o<\/h2>\n<p>Andreas Pereira \u00e9 um exemplo emblem\u00e1tico da capacidade brasileira de se destacar nas ligas europeias atrav\u00e9s do talento nato aliado \u00e0 dedica\u00e7\u00e3o incans\u00e1vel ao esporte. Sua trajet\u00f3ria demonstra que perseveran\u00e7a pode levar a grandes conquistas pessoais e profissionais dentro do futebol internacional. Com seu desempenho crescente no Fulham nesta temporada 2025\/2026, esperam-se novos cap\u00edtulos brilhantes na carreira deste jovem meio-campista brasileiro que j\u00e1 conquistou muitos cora\u00e7\u00f5es desde seu in\u00edcio promissor at\u00e9 agora.<\/p>\n","protected":false},"excerpt":{"rendered":"<p>Conhe\u00e7a Andreas Pereira: O meio-campista brasileiro est\u00e1 em alta no Fulham na temporada 2025\/2026.<\/p>\n","protected":false},"author":1,"featured_media":0,"comment_status":"open","ping_status":"open","sticky":false,"template":"","format":"standard","meta":{"footnotes":""},"categories":[1],"tags":[],"class_list":["post-13992","post","type-post","status-publish","format-standard","hentry","category-blog"],"yoast_head":"<!-- This site is optimized with the Yoast SEO plugin v25.3.1 - https:\/\/yoast.com\/wordpress\/plugins\/seo\/ -->\n<title>Andreas Pereira: O Meio-Campista Promissor do Fulham - WordPulseTrends com<\/title>\n<meta name=\"robots\" content=\"index, follow, max-snippet:-1, max-image-preview:large, max-video-preview:-1\" \/>\n<link rel=\"canonical\" href=\"https:\/\/vivadicas.com\/st2\/blog\/andreas-pereira-o-meio-campista-promissor-do-fulham\/13992\/\" \/>\n<meta property=\"og:locale\" content=\"pt_BR\" \/>\n<meta property=\"og:type\" content=\"article\" \/>\n<meta property=\"og:title\" content=\"Andreas Pereira: O Meio-Campista Promissor do Fulham - WordPulseTrends com\" \/>\n<meta property=\"og:description\" content=\"Conhe\u00e7a Andreas Pereira: O meio-campista brasileiro est\u00e1 em alta no Fulham na temporada 2025\/2026.\" \/>\n<meta property=\"og:url\" content=\"https:\/\/vivadicas.com\/st2\/blog\/andreas-pereira-o-meio-campista-promissor-do-fulham\/13992\/\" \/>\n<meta property=\"og:site_name\" content=\"WordPulseTrends com\" \/>\n<meta property=\"article:published_time\" content=\"2025-08-19T18:00:58+00:00\" \/>\n<meta name=\"author\" content=\"st2vivadicas\" \/>\n<meta name=\"twitter:card\" content=\"summary_large_image\" \/>\n<meta name=\"twitter:label1\" content=\"Escrito por\" \/>\n\t<meta name=\"twitter:data1\" content=\"st2vivadicas\" \/>\n\t<meta name=\"twitter:label2\" content=\"Est. tempo de leitura\" \/>\n\t<meta name=\"twitter:data2\" content=\"4 minutos\" \/>\n<script type=\"application\/ld+json\" class=\"yoast-schema-graph\">{\"@context\":\"https:\/\/schema.org\",\"@graph\":[{\"@type\":\"Article\",\"@id\":\"https:\/\/vivadicas.com\/st2\/blog\/andreas-pereira-o-meio-campista-promissor-do-fulham\/13992\/#article\",\"isPartOf\":{\"@id\":\"https:\/\/vivadicas.com\/st2\/blog\/andreas-pereira-o-meio-campista-promissor-do-fulham\/13992\/\"},\"author\":{\"name\":\"st2vivadicas\",\"@id\":\"https:\/\/vivadicas.com\/st2\/#\/schema\/person\/f8432157bb5752f84d3a30f1c7388a16\"},\"headline\":\"Andreas Pereira: O Meio-Campista Promissor do Fulham\",\"datePublished\":\"2025-08-19T18:00:58+00:00\",\"mainEntityOfPage\":{\"@id\":\"https:\/\/vivadicas.com\/st2\/blog\/andreas-pereira-o-meio-campista-promissor-do-fulham\/13992\/\"},\"wordCount\":857,\"commentCount\":0,\"publisher\":{\"@id\":\"https:\/\/vivadicas.com\/st2\/#organization\"},\"articleSection\":[\"Blog\"],\"inLanguage\":\"pt-BR\",\"potentialAction\":[{\"@type\":\"CommentAction\",\"name\":\"Comment\",\"target\":[\"https:\/\/vivadicas.com\/st2\/blog\/andreas-pereira-o-meio-campista-promissor-do-fulham\/13992\/#respond\"]}]},{\"@type\":\"WebPage\",\"@id\":\"https:\/\/vivadicas.com\/st2\/blog\/andreas-pereira-o-meio-campista-promissor-do-fulham\/13992\/\",\"url\":\"https:\/\/vivadicas.com\/st2\/blog\/andreas-pereira-o-meio-campista-promissor-do-fulham\/13992\/\",\"name\":\"Andreas Pereira: O Meio-Campista Promissor do Fulham - WordPulseTrends com\",\"isPartOf\":{\"@id\":\"https:\/\/vivadicas.com\/st2\/#website\"},\"datePublished\":\"2025-08-19T18:00:58+00:00\",\"breadcrumb\":{\"@id\":\"https:\/\/vivadicas.com\/st2\/blog\/andreas-pereira-o-meio-campista-promissor-do-fulham\/13992\/#breadcrumb\"},\"inLanguage\":\"pt-BR\",\"potentialAction\":[{\"@type\":\"ReadAction\",\"target\":[\"https:\/\/vivadicas.com\/st2\/blog\/andreas-pereira-o-meio-campista-promissor-do-fulham\/13992\/\"]}]},{\"@type\":\"BreadcrumbList\",\"@id\":\"https:\/\/vivadicas.com\/st2\/blog\/andreas-pereira-o-meio-campista-promissor-do-fulham\/13992\/#breadcrumb\",\"itemListElement\":[{\"@type\":\"ListItem\",\"position\":1,\"name\":\"In\u00edcio\",\"item\":\"https:\/\/vivadicas.com\/st2\/\"},{\"@type\":\"ListItem\",\"position\":2,\"name\":\"Andreas Pereira: O Meio-Campista Promissor do Fulham\"}]},{\"@type\":\"WebSite\",\"@id\":\"https:\/\/vivadicas.com\/st2\/#website\",\"url\":\"https:\/\/vivadicas.com\/st2\/\",\"name\":\"TrendsBrasil\",\"description\":\"Stay updated with trending topics, viral news, hot updates, breaking headlines, global trends, and real-time content. Discover what\u2019s going viral now and follow the most talked-about stories across the web, social media, and news platforms!\",\"publisher\":{\"@id\":\"https:\/\/vivadicas.com\/st2\/#organization\"},\"potentialAction\":[{\"@type\":\"SearchAction\",\"target\":{\"@type\":\"EntryPoint\",\"urlTemplate\":\"https:\/\/vivadicas.com\/st2\/?s={search_term_string}\"},\"query-input\":{\"@type\":\"PropertyValueSpecification\",\"valueRequired\":true,\"valueName\":\"search_term_string\"}}],\"inLanguage\":\"pt-BR\"},{\"@type\":\"Organization\",\"@id\":\"https:\/\/vivadicas.com\/st2\/#organization\",\"name\":\"TrendsBrasil\",\"url\":\"https:\/\/vivadicas.com\/st2\/\",\"logo\":{\"@type\":\"ImageObject\",\"inLanguage\":\"pt-BR\",\"@id\":\"https:\/\/vivadicas.com\/st2\/#\/schema\/logo\/image\/\",\"url\":\"https:\/\/vivadicas.com\/st2\/wp-content\/uploads\/2025\/06\/ChatGPT-Image-24-de-jun.-de-2025-10_39_16-683x1024.png\",\"contentUrl\":\"https:\/\/vivadicas.com\/st2\/wp-content\/uploads\/2025\/06\/ChatGPT-Image-24-de-jun.-de-2025-10_39_16-683x1024.png\",\"width\":683,\"height\":1024,\"caption\":\"TrendsBrasil\"},\"image\":{\"@id\":\"https:\/\/vivadicas.com\/st2\/#\/schema\/logo\/image\/\"}},{\"@type\":\"Person\",\"@id\":\"https:\/\/vivadicas.com\/st2\/#\/schema\/person\/f8432157bb5752f84d3a30f1c7388a16\",\"name\":\"st2vivadicas\",\"image\":{\"@type\":\"ImageObject\",\"inLanguage\":\"pt-BR\",\"@id\":\"https:\/\/vivadicas.com\/st2\/#\/schema\/person\/image\/\",\"url\":\"https:\/\/secure.gravatar.com\/avatar\/9bb04fcca59036779222f5f2d61adc27b9b487cc07bc4064b27fa7e0a1e23e1a?s=96&d=mm&r=g\",\"contentUrl\":\"https:\/\/secure.gravatar.com\/avatar\/9bb04fcca59036779222f5f2d61adc27b9b487cc07bc4064b27fa7e0a1e23e1a?s=96&d=mm&r=g\",\"caption\":\"st2vivadicas\"},\"sameAs\":[\"https:\/\/vivadicas.com\/st2\"],\"url\":\"https:\/\/vivadicas.com\/st2\/author\/st2vivadicas\/\"}]}<\/script>\n<!-- \/ Yoast SEO plugin. -->","yoast_head_json":{"title":"Andreas Pereira: O Meio-Campista Promissor do Fulham - WordPulseTrends com","robots":{"index":"index","follow":"follow","max-snippet":"max-snippet:-1","max-image-preview":"max-image-preview:large","max-video-preview":"max-video-preview:-1"},"canonical":"https:\/\/vivadicas.com\/st2\/blog\/andreas-pereira-o-meio-campista-promissor-do-fulham\/13992\/","og_locale":"pt_BR","og_type":"article","og_title":"Andreas Pereira: O Meio-Campista Promissor do Fulham - WordPulseTrends com","og_description":"Conhe\u00e7a Andreas Pereira: O meio-campista brasileiro est\u00e1 em alta no Fulham na temporada 2025\/2026.","og_url":"https:\/\/vivadicas.com\/st2\/blog\/andreas-pereira-o-meio-campista-promissor-do-fulham\/13992\/","og_site_name":"WordPulseTrends com","article_published_time":"2025-08-19T18:00:58+00:00","author":"st2vivadicas","twitter_card":"summary_large_image","twitter_misc":{"Escrito por":"st2vivadicas","Est. tempo de leitura":"4 minutos"},"schema":{"@context":"https:\/\/schema.org","@graph":[{"@type":"Article","@id":"https:\/\/vivadicas.com\/st2\/blog\/andreas-pereira-o-meio-campista-promissor-do-fulham\/13992\/#article","isPartOf":{"@id":"https:\/\/vivadicas.com\/st2\/blog\/andreas-pereira-o-meio-campista-promissor-do-fulham\/13992\/"},"author":{"name":"st2vivadicas","@id":"https:\/\/vivadicas.com\/st2\/#\/schema\/person\/f8432157bb5752f84d3a30f1c7388a16"},"headline":"Andreas Pereira: O Meio-Campista Promissor do Fulham","datePublished":"2025-08-19T18:00:58+00:00","mainEntityOfPage":{"@id":"https:\/\/vivadicas.com\/st2\/blog\/andreas-pereira-o-meio-campista-promissor-do-fulham\/13992\/"},"wordCount":857,"commentCount":0,"publisher":{"@id":"https:\/\/vivadicas.com\/st2\/#organization"},"articleSection":["Blog"],"inLanguage":"pt-BR","potentialAction":[{"@type":"CommentAction","name":"Comment","target":["https:\/\/vivadicas.com\/st2\/blog\/andreas-pereira-o-meio-campista-promissor-do-fulham\/13992\/#respond"]}]},{"@type":"WebPage","@id":"https:\/\/vivadicas.com\/st2\/blog\/andreas-pereira-o-meio-campista-promissor-do-fulham\/13992\/","url":"https:\/\/vivadicas.com\/st2\/blog\/andreas-pereira-o-meio-campista-promissor-do-fulham\/13992\/","name":"Andreas Pereira: O Meio-Campista Promissor do Fulham - WordPulseTrends com","isPartOf":{"@id":"https:\/\/vivadicas.com\/st2\/#website"},"datePublished":"2025-08-19T18:00:58+00:00","breadcrumb":{"@id":"https:\/\/vivadicas.com\/st2\/blog\/andreas-pereira-o-meio-campista-promissor-do-fulham\/13992\/#breadcrumb"},"inLanguage":"pt-BR","potentialAction":[{"@type":"ReadAction","target":["https:\/\/vivadicas.com\/st2\/blog\/andreas-pereira-o-meio-campista-promissor-do-fulham\/13992\/"]}]},{"@type":"BreadcrumbList","@id":"https:\/\/vivadicas.com\/st2\/blog\/andreas-pereira-o-meio-campista-promissor-do-fulham\/13992\/#breadcrumb","itemListElement":[{"@type":"ListItem","position":1,"name":"In\u00edcio","item":"https:\/\/vivadicas.com\/st2\/"},{"@type":"ListItem","position":2,"name":"Andreas Pereira: O Meio-Campista Promissor do Fulham"}]},{"@type":"WebSite","@id":"https:\/\/vivadicas.com\/st2\/#website","url":"https:\/\/vivadicas.com\/st2\/","name":"TrendsBrasil","description":"Stay updated with trending topics, viral news, hot updates, breaking headlines, global trends, and real-time content. Discover what\u2019s going viral now and follow the most talked-about stories across the web, social media, and news platforms!","publisher":{"@id":"https:\/\/vivadicas.com\/st2\/#organization"},"potentialAction":[{"@type":"SearchAction","target":{"@type":"EntryPoint","urlTemplate":"https:\/\/vivadicas.com\/st2\/?s={search_term_string}"},"query-input":{"@type":"PropertyValueSpecification","valueRequired":true,"valueName":"search_term_string"}}],"inLanguage":"pt-BR"},{"@type":"Organization","@id":"https:\/\/vivadicas.com\/st2\/#organization","name":"TrendsBrasil","url":"https:\/\/vivadicas.com\/st2\/","logo":{"@type":"ImageObject","inLanguage":"pt-BR","@id":"https:\/\/vivadicas.com\/st2\/#\/schema\/logo\/image\/","url":"https:\/\/vivadicas.com\/st2\/wp-content\/uploads\/2025\/06\/ChatGPT-Image-24-de-jun.-de-2025-10_39_16-683x1024.png","contentUrl":"https:\/\/vivadicas.com\/st2\/wp-content\/uploads\/2025\/06\/ChatGPT-Image-24-de-jun.-de-2025-10_39_16-683x1024.png","width":683,"height":1024,"caption":"TrendsBrasil"},"image":{"@id":"https:\/\/vivadicas.com\/st2\/#\/schema\/logo\/image\/"}},{"@type":"Person","@id":"https:\/\/vivadicas.com\/st2\/#\/schema\/person\/f8432157bb5752f84d3a30f1c7388a16","name":"st2vivadicas","image":{"@type":"ImageObject","inLanguage":"pt-BR","@id":"https:\/\/vivadicas.com\/st2\/#\/schema\/person\/image\/","url":"https:\/\/secure.gravatar.com\/avatar\/9bb04fcca59036779222f5f2d61adc27b9b487cc07bc4064b27fa7e0a1e23e1a?s=96&d=mm&r=g","contentUrl":"https:\/\/secure.gravatar.com\/avatar\/9bb04fcca59036779222f5f2d61adc27b9b487cc07bc4064b27fa7e0a1e23e1a?s=96&d=mm&r=g","caption":"st2vivadicas"},"sameAs":["https:\/\/vivadicas.com\/st2"],"url":"https:\/\/vivadicas.com\/st2\/author\/st2vivadicas\/"}]}},"_links":{"self":[{"href":"https:\/\/vivadicas.com\/st2\/wp-json\/wp\/v2\/posts\/13992","targetHints":{"allow":["GET"]}}],"collection":[{"href":"https:\/\/vivadicas.com\/st2\/wp-json\/wp\/v2\/posts"}],"about":[{"href":"https:\/\/vivadicas.com\/st2\/wp-json\/wp\/v2\/types\/post"}],"author":[{"embeddable":true,"href":"https:\/\/vivadicas.com\/st2\/wp-json\/wp\/v2\/users\/1"}],"replies":[{"embeddable":true,"href":"https:\/\/vivadicas.com\/st2\/wp-json\/wp\/v2\/comments?post=13992"}],"version-history":[{"count":0,"href":"https:\/\/vivadicas.com\/st2\/wp-json\/wp\/v2\/posts\/13992\/revisions"}],"wp:attachment":[{"href":"https:\/\/vivadicas.com\/st2\/wp-json\/wp\/v2\/media?parent=13992"}],"wp:term":[{"taxonomy":"category","embeddable":true,"href":"https:\/\/vivadicas.com\/st2\/wp-json\/wp\/v2\/categories?post=13992"},{"taxonomy":"post_tag","embeddable":true,"href":"https:\/\/vivadicas.com\/st2\/wp-json\/wp\/v2\/tags?post=13992"}],"curies":[{"name":"wp","href":"https:\/\/api.w.org\/{rel}","templated":true}]}}