{"id":13993,"date":"2025-08-19T15:01:27","date_gmt":"2025-08-19T18:01:27","guid":{"rendered":"https:\/\/vivadicas.com\/st2\/blog\/andreas-pereira-a-ascensao-do-meio-campista-brasileiro-no-fulham\/13993\/"},"modified":"2025-08-19T15:01:27","modified_gmt":"2025-08-19T18:01:27","slug":"andreas-pereira-a-ascensao-do-meio-campista-brasileiro-no-fulham","status":"publish","type":"post","link":"https:\/\/vivadicas.com\/st2\/blog\/andreas-pereira-a-ascensao-do-meio-campista-brasileiro-no-fulham\/13993\/","title":{"rendered":"Andreas Pereira: A Ascens\u00e3o do Meio-campista Brasileiro no Fulham"},"content":{"rendered":"<p>Andreas Pereira, meio-campista brasileiro que atualmente defende as cores do Fulham na Premier League, tem se destacado como uma das promessas do futebol nacional. Com um estilo de jogo vers\u00e1til, ele trouxe novas esperan\u00e7as para a equipe londrina e se tornou uma pe\u00e7a chave nas estrat\u00e9gias de seu treinador. Nascido em D\u00fcsseldorf, Alemanha, em 1996, o jogador possui ra\u00edzes brasileiras que o conectam profundamente com o futebol do Brasil, e sua trajet\u00f3ria no esporte \u00e9 marcada por desafios e supera\u00e7\u00f5es que refletem o esp\u00edrito competitivo do pa\u00eds.<\/p>\n<h2>In\u00edcio da Carreira e Transfer\u00eancias<\/h2>\n<p>A carreira de Andreas Pereira come\u00e7ou nas categorias de base do Manchester United, clube que revelou grandes estrelas do futebol mundial. O jovem talento se destacou nas divis\u00f5es inferiores, mostrando habilidade e vis\u00e3o de jogo acima da m\u00e9dia. No entanto, sua jornada n\u00e3o foi isenta de dificuldades. Ap\u00f3s algumas temporadas emprestado a clubes como Granada e Valencia, onde teve experi\u00eancias mistas, Pereira decidiu buscar novos horizontes para sua carreira.<\/p>\n<p>Em 2021, Andreas fez a transi\u00e7\u00e3o para o Flamengo, onde teve um papel fundamental no time carioca durante a temporada. Sua passagem pelo Rubro-Negro foi marcada por jogos memor\u00e1veis e t\u00edtulos importantes, incluindo a Copa Libertadores. Ap\u00f3s retornar \u00e0 Europa para jogar pelo Fulham, Pereira enfrentou o desafio de se adaptar ao intenso ritmo da Premier League. Essa nova fase na carreira representa n\u00e3o apenas um teste de suas habilidades t\u00e9cnicas, mas tamb\u00e9m uma oportunidade para mostrar que pode brilhar em um dos campeonatos mais competitivos do mundo.<\/p>\n<h2>Estilo de Jogo e Contribui\u00e7\u00f5es no Fulham<\/h2>\n<p>No Fulham, Andreas Pereira rapidamente se destacou por sua capacidade de controlar o meio-campo e criar oportunidades de gol. Sua habilidade em passar a bola com precis\u00e3o e seu entendimento t\u00e1tico fazem dele um jogador valioso tanto na defesa quanto no ataque. Muitos especialistas destacam sua vis\u00e3o de jogo como um dos principais atributos que o diferenciam dos demais. Ao se posicionar estrategicamente em campo, ele n\u00e3o apenas ajuda na constru\u00e7\u00e3o das jogadas ofensivas, mas tamb\u00e9m se mostra eficaz defensivamente.<\/p>\n<p>Al\u00e9m disso, Pereira \u00e9 conhecido por suas cobran\u00e7as de falta precisas e pela habilidade em finalizar fora da \u00e1rea. Suas contribui\u00e7\u00f5es t\u00eam sido vitais para o desempenho do Fulham nesta temporada, principalmente em momentos decisivos onde a equipe precisou de um toque especial para mudar o rumo das partidas. A qu\u00edmica que ele estabeleceu com outros jogadores do elenco permite um jogo coletivo mais fluido e din\u00e2mico.<\/p>\n<h2>A Influ\u00eancia Brasileira e Expectativas Futuras<\/h2>\n<p>Como um representante brasileiro na Premier League, Andreas Pereira carrega uma grande responsabilidade sobre seus ombros. O Brasil sempre foi visto como uma pot\u00eancia no futebol mundial; portanto, cada jogador que se destaca fora do pa\u00eds traz consigo n\u00e3o apenas suas ambi\u00e7\u00f5es pessoais, mas tamb\u00e9m as expectativas de todo um povo apaixonado pelo esporte. Sua presen\u00e7a no Fulham serve como inspira\u00e7\u00e3o para jovens talentos brasileiros que sonham em seguir os passos dele nos grandes est\u00e1dios europeus.<\/p>\n<p>As pr\u00f3ximas temporadas ser\u00e3o cruciais para a carreira de Andreas. Se conseguir manter seu n\u00edvel de desempenho e continuar evoluindo sob press\u00e3o na Premier League, h\u00e1 potencial para que ele venha a ser convocado novamente para defender a Sele\u00e7\u00e3o Brasileira. Jogadores que atuam nas ligas europeias frequentemente t\u00eam mais visibilidade entre os t\u00e9cnicos da sele\u00e7\u00e3o nacional. Assim sendo, integrar-se ao time principal seria um passo significativo na trajet\u00f3ria deste talentoso atleta.<\/p>\n<h2>Considera\u00e7\u00f5es Finais sobre A Trajet\u00f3ria de Andreas Pereira<\/h2>\n<p>A trajet\u00f3ria de Andreas Pereira no futebol \u00e9 um reflexo da perseveran\u00e7a e determina\u00e7\u00e3o t\u00edpicas dos atletas brasileiros. Desde seus primeiros passos nos gramados da Europa at\u00e9 sua ascens\u00e3o ao Fulham na Premier League, ele enfrentou desafios que moldaram seu car\u00e1ter esportivo e profissional. O meio-campista n\u00e3o \u00e9 apenas um jogador talentoso; ele \u00e9 um exemplo vivo das oportunidades dispon\u00edveis para aqueles dispostos a lutar por seus sonhos.<\/p>\n<p>No cen\u00e1rio atual do futebol mundial, onde as competi\u00e7\u00f5es s\u00e3o cada vez mais acirradas e as exig\u00eancias aumentam exponencialmente, jogadores como Andreas t\u00eam a chance de mostrar seu valor em times tradicionais. Com seu talento indiscut\u00edvel aliando-se \u00e0 paix\u00e3o brasileira pelo esporte mais amado do mundo, espera-se que ele continue a escrever sua hist\u00f3ria com cap\u00edtulos repletos de sucesso e realiza\u00e7\u00f5es.<\/p>\n","protected":false},"excerpt":{"rendered":"<p>Andreas Pereira brilha no Fulham e representa esperan\u00e7a no futebol brasileiro.<\/p>\n","protected":false},"author":1,"featured_media":0,"comment_status":"open","ping_status":"open","sticky":false,"template":"","format":"standard","meta":{"footnotes":""},"categories":[1],"tags":[],"class_list":["post-13993","post","type-post","status-publish","format-standard","hentry","category-blog"],"yoast_head":"<!-- This site is optimized with the Yoast SEO plugin v25.3.1 - https:\/\/yoast.com\/wordpress\/plugins\/seo\/ -->\n<title>Andreas Pereira: A Ascens\u00e3o do Meio-campista Brasileiro no Fulham - WordPulseTrends com<\/title>\n<meta name=\"robots\" content=\"index, follow, max-snippet:-1, max-image-preview:large, max-video-preview:-1\" \/>\n<link rel=\"canonical\" href=\"https:\/\/vivadicas.com\/st2\/blog\/andreas-pereira-a-ascensao-do-meio-campista-brasileiro-no-fulham\/13993\/\" \/>\n<meta property=\"og:locale\" content=\"pt_BR\" \/>\n<meta property=\"og:type\" content=\"article\" \/>\n<meta property=\"og:title\" content=\"Andreas Pereira: A Ascens\u00e3o do Meio-campista Brasileiro no Fulham - WordPulseTrends com\" \/>\n<meta property=\"og:description\" content=\"Andreas Pereira brilha no Fulham e representa esperan\u00e7a no futebol brasileiro.\" \/>\n<meta property=\"og:url\" content=\"https:\/\/vivadicas.com\/st2\/blog\/andreas-pereira-a-ascensao-do-meio-campista-brasileiro-no-fulham\/13993\/\" \/>\n<meta property=\"og:site_name\" content=\"WordPulseTrends com\" \/>\n<meta property=\"article:published_time\" content=\"2025-08-19T18:01:27+00:00\" \/>\n<meta name=\"author\" content=\"st2vivadicas\" \/>\n<meta name=\"twitter:card\" content=\"summary_large_image\" \/>\n<meta name=\"twitter:label1\" content=\"Escrito por\" \/>\n\t<meta name=\"twitter:data1\" content=\"st2vivadicas\" \/>\n\t<meta name=\"twitter:label2\" content=\"Est. tempo de leitura\" \/>\n\t<meta name=\"twitter:data2\" content=\"4 minutos\" \/>\n<script type=\"application\/ld+json\" class=\"yoast-schema-graph\">{\"@context\":\"https:\/\/schema.org\",\"@graph\":[{\"@type\":\"Article\",\"@id\":\"https:\/\/vivadicas.com\/st2\/blog\/andreas-pereira-a-ascensao-do-meio-campista-brasileiro-no-fulham\/13993\/#article\",\"isPartOf\":{\"@id\":\"https:\/\/vivadicas.com\/st2\/blog\/andreas-pereira-a-ascensao-do-meio-campista-brasileiro-no-fulham\/13993\/\"},\"author\":{\"name\":\"st2vivadicas\",\"@id\":\"https:\/\/vivadicas.com\/st2\/#\/schema\/person\/f8432157bb5752f84d3a30f1c7388a16\"},\"headline\":\"Andreas Pereira: A Ascens\u00e3o do Meio-campista Brasileiro no Fulham\",\"datePublished\":\"2025-08-19T18:01:27+00:00\",\"mainEntityOfPage\":{\"@id\":\"https:\/\/vivadicas.com\/st2\/blog\/andreas-pereira-a-ascensao-do-meio-campista-brasileiro-no-fulham\/13993\/\"},\"wordCount\":771,\"commentCount\":0,\"publisher\":{\"@id\":\"https:\/\/vivadicas.com\/st2\/#organization\"},\"articleSection\":[\"Blog\"],\"inLanguage\":\"pt-BR\",\"potentialAction\":[{\"@type\":\"CommentAction\",\"name\":\"Comment\",\"target\":[\"https:\/\/vivadicas.com\/st2\/blog\/andreas-pereira-a-ascensao-do-meio-campista-brasileiro-no-fulham\/13993\/#respond\"]}]},{\"@type\":\"WebPage\",\"@id\":\"https:\/\/vivadicas.com\/st2\/blog\/andreas-pereira-a-ascensao-do-meio-campista-brasileiro-no-fulham\/13993\/\",\"url\":\"https:\/\/vivadicas.com\/st2\/blog\/andreas-pereira-a-ascensao-do-meio-campista-brasileiro-no-fulham\/13993\/\",\"name\":\"Andreas Pereira: A Ascens\u00e3o do Meio-campista Brasileiro no Fulham - WordPulseTrends com\",\"isPartOf\":{\"@id\":\"https:\/\/vivadicas.com\/st2\/#website\"},\"datePublished\":\"2025-08-19T18:01:27+00:00\",\"breadcrumb\":{\"@id\":\"https:\/\/vivadicas.com\/st2\/blog\/andreas-pereira-a-ascensao-do-meio-campista-brasileiro-no-fulham\/13993\/#breadcrumb\"},\"inLanguage\":\"pt-BR\",\"potentialAction\":[{\"@type\":\"ReadAction\",\"target\":[\"https:\/\/vivadicas.com\/st2\/blog\/andreas-pereira-a-ascensao-do-meio-campista-brasileiro-no-fulham\/13993\/\"]}]},{\"@type\":\"BreadcrumbList\",\"@id\":\"https:\/\/vivadicas.com\/st2\/blog\/andreas-pereira-a-ascensao-do-meio-campista-brasileiro-no-fulham\/13993\/#breadcrumb\",\"itemListElement\":[{\"@type\":\"ListItem\",\"position\":1,\"name\":\"In\u00edcio\",\"item\":\"https:\/\/vivadicas.com\/st2\/\"},{\"@type\":\"ListItem\",\"position\":2,\"name\":\"Andreas Pereira: A Ascens\u00e3o do Meio-campista Brasileiro no Fulham\"}]},{\"@type\":\"WebSite\",\"@id\":\"https:\/\/vivadicas.com\/st2\/#website\",\"url\":\"https:\/\/vivadicas.com\/st2\/\",\"name\":\"TrendsBrasil\",\"description\":\"Stay updated with trending topics, viral news, hot updates, breaking headlines, global trends, and real-time content. Discover what\u2019s going viral now and follow the most talked-about stories across the web, social media, and news platforms!\",\"publisher\":{\"@id\":\"https:\/\/vivadicas.com\/st2\/#organization\"},\"potentialAction\":[{\"@type\":\"SearchAction\",\"target\":{\"@type\":\"EntryPoint\",\"urlTemplate\":\"https:\/\/vivadicas.com\/st2\/?s={search_term_string}\"},\"query-input\":{\"@type\":\"PropertyValueSpecification\",\"valueRequired\":true,\"valueName\":\"search_term_string\"}}],\"inLanguage\":\"pt-BR\"},{\"@type\":\"Organization\",\"@id\":\"https:\/\/vivadicas.com\/st2\/#organization\",\"name\":\"TrendsBrasil\",\"url\":\"https:\/\/vivadicas.com\/st2\/\",\"logo\":{\"@type\":\"ImageObject\",\"inLanguage\":\"pt-BR\",\"@id\":\"https:\/\/vivadicas.com\/st2\/#\/schema\/logo\/image\/\",\"url\":\"https:\/\/vivadicas.com\/st2\/wp-content\/uploads\/2025\/06\/ChatGPT-Image-24-de-jun.-de-2025-10_39_16-683x1024.png\",\"contentUrl\":\"https:\/\/vivadicas.com\/st2\/wp-content\/uploads\/2025\/06\/ChatGPT-Image-24-de-jun.-de-2025-10_39_16-683x1024.png\",\"width\":683,\"height\":1024,\"caption\":\"TrendsBrasil\"},\"image\":{\"@id\":\"https:\/\/vivadicas.com\/st2\/#\/schema\/logo\/image\/\"}},{\"@type\":\"Person\",\"@id\":\"https:\/\/vivadicas.com\/st2\/#\/schema\/person\/f8432157bb5752f84d3a30f1c7388a16\",\"name\":\"st2vivadicas\",\"image\":{\"@type\":\"ImageObject\",\"inLanguage\":\"pt-BR\",\"@id\":\"https:\/\/vivadicas.com\/st2\/#\/schema\/person\/image\/\",\"url\":\"https:\/\/secure.gravatar.com\/avatar\/9bb04fcca59036779222f5f2d61adc27b9b487cc07bc4064b27fa7e0a1e23e1a?s=96&d=mm&r=g\",\"contentUrl\":\"https:\/\/secure.gravatar.com\/avatar\/9bb04fcca59036779222f5f2d61adc27b9b487cc07bc4064b27fa7e0a1e23e1a?s=96&d=mm&r=g\",\"caption\":\"st2vivadicas\"},\"sameAs\":[\"https:\/\/vivadicas.com\/st2\"],\"url\":\"https:\/\/vivadicas.com\/st2\/author\/st2vivadicas\/\"}]}<\/script>\n<!-- \/ Yoast SEO plugin. -->","yoast_head_json":{"title":"Andreas Pereira: A Ascens\u00e3o do Meio-campista Brasileiro no Fulham - WordPulseTrends com","robots":{"index":"index","follow":"follow","max-snippet":"max-snippet:-1","max-image-preview":"max-image-preview:large","max-video-preview":"max-video-preview:-1"},"canonical":"https:\/\/vivadicas.com\/st2\/blog\/andreas-pereira-a-ascensao-do-meio-campista-brasileiro-no-fulham\/13993\/","og_locale":"pt_BR","og_type":"article","og_title":"Andreas Pereira: A Ascens\u00e3o do Meio-campista Brasileiro no Fulham - WordPulseTrends com","og_description":"Andreas Pereira brilha no Fulham e representa esperan\u00e7a no futebol brasileiro.","og_url":"https:\/\/vivadicas.com\/st2\/blog\/andreas-pereira-a-ascensao-do-meio-campista-brasileiro-no-fulham\/13993\/","og_site_name":"WordPulseTrends com","article_published_time":"2025-08-19T18:01:27+00:00","author":"st2vivadicas","twitter_card":"summary_large_image","twitter_misc":{"Escrito por":"st2vivadicas","Est. tempo de leitura":"4 minutos"},"schema":{"@context":"https:\/\/schema.org","@graph":[{"@type":"Article","@id":"https:\/\/vivadicas.com\/st2\/blog\/andreas-pereira-a-ascensao-do-meio-campista-brasileiro-no-fulham\/13993\/#article","isPartOf":{"@id":"https:\/\/vivadicas.com\/st2\/blog\/andreas-pereira-a-ascensao-do-meio-campista-brasileiro-no-fulham\/13993\/"},"author":{"name":"st2vivadicas","@id":"https:\/\/vivadicas.com\/st2\/#\/schema\/person\/f8432157bb5752f84d3a30f1c7388a16"},"headline":"Andreas Pereira: A Ascens\u00e3o do Meio-campista Brasileiro no Fulham","datePublished":"2025-08-19T18:01:27+00:00","mainEntityOfPage":{"@id":"https:\/\/vivadicas.com\/st2\/blog\/andreas-pereira-a-ascensao-do-meio-campista-brasileiro-no-fulham\/13993\/"},"wordCount":771,"commentCount":0,"publisher":{"@id":"https:\/\/vivadicas.com\/st2\/#organization"},"articleSection":["Blog"],"inLanguage":"pt-BR","potentialAction":[{"@type":"CommentAction","name":"Comment","target":["https:\/\/vivadicas.com\/st2\/blog\/andreas-pereira-a-ascensao-do-meio-campista-brasileiro-no-fulham\/13993\/#respond"]}]},{"@type":"WebPage","@id":"https:\/\/vivadicas.com\/st2\/blog\/andreas-pereira-a-ascensao-do-meio-campista-brasileiro-no-fulham\/13993\/","url":"https:\/\/vivadicas.com\/st2\/blog\/andreas-pereira-a-ascensao-do-meio-campista-brasileiro-no-fulham\/13993\/","name":"Andreas Pereira: A Ascens\u00e3o do Meio-campista Brasileiro no Fulham - WordPulseTrends com","isPartOf":{"@id":"https:\/\/vivadicas.com\/st2\/#website"},"datePublished":"2025-08-19T18:01:27+00:00","breadcrumb":{"@id":"https:\/\/vivadicas.com\/st2\/blog\/andreas-pereira-a-ascensao-do-meio-campista-brasileiro-no-fulham\/13993\/#breadcrumb"},"inLanguage":"pt-BR","potentialAction":[{"@type":"ReadAction","target":["https:\/\/vivadicas.com\/st2\/blog\/andreas-pereira-a-ascensao-do-meio-campista-brasileiro-no-fulham\/13993\/"]}]},{"@type":"BreadcrumbList","@id":"https:\/\/vivadicas.com\/st2\/blog\/andreas-pereira-a-ascensao-do-meio-campista-brasileiro-no-fulham\/13993\/#breadcrumb","itemListElement":[{"@type":"ListItem","position":1,"name":"In\u00edcio","item":"https:\/\/vivadicas.com\/st2\/"},{"@type":"ListItem","position":2,"name":"Andreas Pereira: A Ascens\u00e3o do Meio-campista Brasileiro no Fulham"}]},{"@type":"WebSite","@id":"https:\/\/vivadicas.com\/st2\/#website","url":"https:\/\/vivadicas.com\/st2\/","name":"TrendsBrasil","description":"Stay updated with trending topics, viral news, hot updates, breaking headlines, global trends, and real-time content. Discover what\u2019s going viral now and follow the most talked-about stories across the web, social media, and news platforms!","publisher":{"@id":"https:\/\/vivadicas.com\/st2\/#organization"},"potentialAction":[{"@type":"SearchAction","target":{"@type":"EntryPoint","urlTemplate":"https:\/\/vivadicas.com\/st2\/?s={search_term_string}"},"query-input":{"@type":"PropertyValueSpecification","valueRequired":true,"valueName":"search_term_string"}}],"inLanguage":"pt-BR"},{"@type":"Organization","@id":"https:\/\/vivadicas.com\/st2\/#organization","name":"TrendsBrasil","url":"https:\/\/vivadicas.com\/st2\/","logo":{"@type":"ImageObject","inLanguage":"pt-BR","@id":"https:\/\/vivadicas.com\/st2\/#\/schema\/logo\/image\/","url":"https:\/\/vivadicas.com\/st2\/wp-content\/uploads\/2025\/06\/ChatGPT-Image-24-de-jun.-de-2025-10_39_16-683x1024.png","contentUrl":"https:\/\/vivadicas.com\/st2\/wp-content\/uploads\/2025\/06\/ChatGPT-Image-24-de-jun.-de-2025-10_39_16-683x1024.png","width":683,"height":1024,"caption":"TrendsBrasil"},"image":{"@id":"https:\/\/vivadicas.com\/st2\/#\/schema\/logo\/image\/"}},{"@type":"Person","@id":"https:\/\/vivadicas.com\/st2\/#\/schema\/person\/f8432157bb5752f84d3a30f1c7388a16","name":"st2vivadicas","image":{"@type":"ImageObject","inLanguage":"pt-BR","@id":"https:\/\/vivadicas.com\/st2\/#\/schema\/person\/image\/","url":"https:\/\/secure.gravatar.com\/avatar\/9bb04fcca59036779222f5f2d61adc27b9b487cc07bc4064b27fa7e0a1e23e1a?s=96&d=mm&r=g","contentUrl":"https:\/\/secure.gravatar.com\/avatar\/9bb04fcca59036779222f5f2d61adc27b9b487cc07bc4064b27fa7e0a1e23e1a?s=96&d=mm&r=g","caption":"st2vivadicas"},"sameAs":["https:\/\/vivadicas.com\/st2"],"url":"https:\/\/vivadicas.com\/st2\/author\/st2vivadicas\/"}]}},"_links":{"self":[{"href":"https:\/\/vivadicas.com\/st2\/wp-json\/wp\/v2\/posts\/13993","targetHints":{"allow":["GET"]}}],"collection":[{"href":"https:\/\/vivadicas.com\/st2\/wp-json\/wp\/v2\/posts"}],"about":[{"href":"https:\/\/vivadicas.com\/st2\/wp-json\/wp\/v2\/types\/post"}],"author":[{"embeddable":true,"href":"https:\/\/vivadicas.com\/st2\/wp-json\/wp\/v2\/users\/1"}],"replies":[{"embeddable":true,"href":"https:\/\/vivadicas.com\/st2\/wp-json\/wp\/v2\/comments?post=13993"}],"version-history":[{"count":0,"href":"https:\/\/vivadicas.com\/st2\/wp-json\/wp\/v2\/posts\/13993\/revisions"}],"wp:attachment":[{"href":"https:\/\/vivadicas.com\/st2\/wp-json\/wp\/v2\/media?parent=13993"}],"wp:term":[{"taxonomy":"category","embeddable":true,"href":"https:\/\/vivadicas.com\/st2\/wp-json\/wp\/v2\/categories?post=13993"},{"taxonomy":"post_tag","embeddable":true,"href":"https:\/\/vivadicas.com\/st2\/wp-json\/wp\/v2\/tags?post=13993"}],"curies":[{"name":"wp","href":"https:\/\/api.w.org\/{rel}","templated":true}]}}