{"id":13994,"date":"2025-08-19T15:01:53","date_gmt":"2025-08-19T18:01:53","guid":{"rendered":"https:\/\/vivadicas.com\/st2\/blog\/andreas-pereira-o-meio-campista-que-brilha-no-fulham\/13994\/"},"modified":"2025-08-19T15:01:53","modified_gmt":"2025-08-19T18:01:53","slug":"andreas-pereira-o-meio-campista-que-brilha-no-fulham","status":"publish","type":"post","link":"https:\/\/vivadicas.com\/st2\/blog\/andreas-pereira-o-meio-campista-que-brilha-no-fulham\/13994\/","title":{"rendered":"Andreas Pereira: O Meio Campista que Brilha no Fulham"},"content":{"rendered":"<p>Andreas Pereira, jogador brasileiro e meio campista do Fulham, \u00e9 um dos talentos mais promissores do futebol contempor\u00e2neo. Nascido em 1996, em Duffel, na B\u00e9lgica, mas com ra\u00edzes brasileiras por parte de pai, Andreas tem chamado a aten\u00e7\u00e3o tanto no cen\u00e1rio europeu quanto na sele\u00e7\u00e3o brasileira. Sua trajet\u00f3ria no esporte \u00e9 marcada por sua versatilidade em campo, habilidade t\u00e9cnica e uma vis\u00e3o de jogo que encanta torcedores e analistas. Nos \u00faltimos anos, ele se destacou especialmente na Premier League, onde suas atua\u00e7\u00f5es t\u00eam sido fundamentais para o desempenho de sua equipe.<\/p>\n<h2>In\u00edcio da Carreira e Forma\u00e7\u00e3o<\/h2>\n<p>Andreas Pereira come\u00e7ou sua carreira nas categorias de base do PSV Eindhoven antes de se mudar para o Manchester United, onde se destacou como uma das promessas do clube ingl\u00eas. A sua passagem pelo Manchester foi repleta de desafios, mas tamb\u00e9m de aprendizados importantes. Apesar de algumas dificuldades em ganhar espa\u00e7o entre os titulares, Andreas teve a chance de mostrar seu talento durante empr\u00e9stimos a clubes como Granada e Lazio, onde poliu suas habilidades e adquiriu experi\u00eancia competitiva no futebol europeu.<\/p>\n<p>Durante suas temporadas emprestadas, ele conseguiu n\u00e3o apenas ganhar minutos em campo, mas tamb\u00e9m se adaptar ao estilo de jogo exigente da Europa. No Granada, ele participou ativamente da campanha que levou o clube \u00e0 Liga Europa, enquanto na Lazio aprimorou seu jogo coletivo e individual. Essas experi\u00eancias moldaram o jogador que hoje defende as cores do Fulham, onde se tornou uma pe\u00e7a-chave sob o comando do t\u00e9cnico Marco Silva.<\/p>\n<h2>O Impacto no Fulham<\/h2>\n<p>No in\u00edcio da temporada 2022-23 da Premier League, Andreas Pereira foi adquirido pelo Fulham e rapidamente se destacou como um dos principais jogadores do time. Sua capacidade de controlar o meio campo e criar jogadas ofensivas fez dele uma refer\u00eancia na equipe. Com passes precisos e uma vis\u00e3o privilegiada, ele contribuiu significativamente para a franquia londrina ao longo da temporada.<\/p>\n<p>A sua chegada ao Fulham coincidiu com um ressurgimento da equipe na Premier League ap\u00f3s retornar da Championship. A presen\u00e7a de Pereira trouxe mais criatividade ao setor ofensivo do Fulham, permitindo um estilo de jogo mais fluido e din\u00e2mico. Os torcedores rapidamente perceberam a qualidade do jogador brasileiro, que tamb\u00e9m se mostrou eficaz nas cobran\u00e7as de faltas e escanteios, adicionando mais vari\u00e1veis ao ataque do time.<\/p>\n<h2>Desafios e Aspira\u00e7\u00f5es Futuras<\/h2>\n<p>Embora Andreas tenha mostrado um desempenho impressionante no Fulham, ele ainda enfrenta desafios significativos em sua carreira. Um deles \u00e9 a concorr\u00eancia por posi\u00e7\u00f5es na sele\u00e7\u00e3o brasileira principal. Com diversas op\u00e7\u00f5es talentosas dispon\u00edveis para o t\u00e9cnico Tite, incluindo nomes como Neymar e Bruno Guimar\u00e3es, Andreas precisa continuar evoluindo para ser considerado entre os convocados para competi\u00e7\u00f5es importantes como a Copa do Mundo ou a Copa Am\u00e9rica.<\/p>\n<p>Al\u00e9m disso, manter-se saud\u00e1vel e livre de les\u00f5es \u00e9 crucial para que ele possa sustentar seu n\u00edvel elevado de performance no clube. A press\u00e3o em times da Premier League \u00e9 intensa e Andreas ter\u00e1 que demonstrar consist\u00eancia se quiser permanecer relevante entre os melhores jogadores da liga. Ele parece estar ciente disso e frequentemente menciona em entrevistas seu desejo de crescer continuamente como atleta.<\/p>\n<h2>A Conex\u00e3o Brasileira<\/h2>\n<p>A conex\u00e3o brasileira na carreira de Andreas Pereira \u00e9 evidente n\u00e3o apenas por suas origens familiares e pela cidadania brasileira que possui, mas tamb\u00e9m pela rela\u00e7\u00e3o afetiva que mant\u00e9m com o Brasil. Apesar de ter crescido na Europa e iniciado sua carreira por l\u00e1, seu cora\u00e7\u00e3o sempre esteve ligado \u00e0 cultura brasileira. Ele frequentemente expressa seu orgulho em representar o Brasil internacionalmente sempre que tem oportunidade.<\/p>\n<p>No entanto, essa rela\u00e7\u00e3o pode ser complexa; muitos torcedores brasileiros esperam ver novos talentos emergindo das ligas europeias representando a Sele\u00e7\u00e3o Brasileira com garra. Assim sendo, Andreas tem n\u00e3o s\u00f3 a responsabilidade pessoal com seu desempenho individual como tamb\u00e9m com a expectativa que gira em torno dos jogadores brasileiros atuando fora do pa\u00eds.<\/p>\n<p>Conforme avan\u00e7a sua carreira no Fulham e busca consolidar-se ainda mais no cen\u00e1rio europeu &#8211; talvez at\u00e9 mesmo almejando grandes clubes futuramente &#8211; Andreas Pereira se estabelece como uma figura que pode unir as duas culturas: a europeia pela qual foi moldado e a brasileira pela qual nutre grande admira\u00e7\u00e3o.<\/p>\n","protected":false},"excerpt":{"rendered":"<p>Andreas Pereira brilha no Fulham e enfrenta desafios na carreira.<\/p>\n","protected":false},"author":1,"featured_media":0,"comment_status":"open","ping_status":"open","sticky":false,"template":"","format":"standard","meta":{"footnotes":""},"categories":[1],"tags":[],"class_list":["post-13994","post","type-post","status-publish","format-standard","hentry","category-blog"],"yoast_head":"<!-- This site is optimized with the Yoast SEO plugin v25.3.1 - https:\/\/yoast.com\/wordpress\/plugins\/seo\/ -->\n<title>Andreas Pereira: O Meio Campista que Brilha no Fulham - WordPulseTrends com<\/title>\n<meta name=\"robots\" content=\"index, follow, max-snippet:-1, max-image-preview:large, max-video-preview:-1\" \/>\n<link rel=\"canonical\" href=\"https:\/\/vivadicas.com\/st2\/blog\/andreas-pereira-o-meio-campista-que-brilha-no-fulham\/13994\/\" \/>\n<meta property=\"og:locale\" content=\"pt_BR\" \/>\n<meta property=\"og:type\" content=\"article\" \/>\n<meta property=\"og:title\" content=\"Andreas Pereira: O Meio Campista que Brilha no Fulham - WordPulseTrends com\" \/>\n<meta property=\"og:description\" content=\"Andreas Pereira brilha no Fulham e enfrenta desafios na carreira.\" \/>\n<meta property=\"og:url\" content=\"https:\/\/vivadicas.com\/st2\/blog\/andreas-pereira-o-meio-campista-que-brilha-no-fulham\/13994\/\" \/>\n<meta property=\"og:site_name\" content=\"WordPulseTrends com\" \/>\n<meta property=\"article:published_time\" content=\"2025-08-19T18:01:53+00:00\" \/>\n<meta name=\"author\" content=\"st2vivadicas\" \/>\n<meta name=\"twitter:card\" content=\"summary_large_image\" \/>\n<meta name=\"twitter:label1\" content=\"Escrito por\" \/>\n\t<meta name=\"twitter:data1\" content=\"st2vivadicas\" \/>\n\t<meta name=\"twitter:label2\" content=\"Est. tempo de leitura\" \/>\n\t<meta name=\"twitter:data2\" content=\"4 minutos\" \/>\n<script type=\"application\/ld+json\" class=\"yoast-schema-graph\">{\"@context\":\"https:\/\/schema.org\",\"@graph\":[{\"@type\":\"Article\",\"@id\":\"https:\/\/vivadicas.com\/st2\/blog\/andreas-pereira-o-meio-campista-que-brilha-no-fulham\/13994\/#article\",\"isPartOf\":{\"@id\":\"https:\/\/vivadicas.com\/st2\/blog\/andreas-pereira-o-meio-campista-que-brilha-no-fulham\/13994\/\"},\"author\":{\"name\":\"st2vivadicas\",\"@id\":\"https:\/\/vivadicas.com\/st2\/#\/schema\/person\/f8432157bb5752f84d3a30f1c7388a16\"},\"headline\":\"Andreas Pereira: O Meio Campista que Brilha no Fulham\",\"datePublished\":\"2025-08-19T18:01:53+00:00\",\"mainEntityOfPage\":{\"@id\":\"https:\/\/vivadicas.com\/st2\/blog\/andreas-pereira-o-meio-campista-que-brilha-no-fulham\/13994\/\"},\"wordCount\":747,\"commentCount\":0,\"publisher\":{\"@id\":\"https:\/\/vivadicas.com\/st2\/#organization\"},\"articleSection\":[\"Blog\"],\"inLanguage\":\"pt-BR\",\"potentialAction\":[{\"@type\":\"CommentAction\",\"name\":\"Comment\",\"target\":[\"https:\/\/vivadicas.com\/st2\/blog\/andreas-pereira-o-meio-campista-que-brilha-no-fulham\/13994\/#respond\"]}]},{\"@type\":\"WebPage\",\"@id\":\"https:\/\/vivadicas.com\/st2\/blog\/andreas-pereira-o-meio-campista-que-brilha-no-fulham\/13994\/\",\"url\":\"https:\/\/vivadicas.com\/st2\/blog\/andreas-pereira-o-meio-campista-que-brilha-no-fulham\/13994\/\",\"name\":\"Andreas Pereira: O Meio Campista que Brilha no Fulham - WordPulseTrends com\",\"isPartOf\":{\"@id\":\"https:\/\/vivadicas.com\/st2\/#website\"},\"datePublished\":\"2025-08-19T18:01:53+00:00\",\"breadcrumb\":{\"@id\":\"https:\/\/vivadicas.com\/st2\/blog\/andreas-pereira-o-meio-campista-que-brilha-no-fulham\/13994\/#breadcrumb\"},\"inLanguage\":\"pt-BR\",\"potentialAction\":[{\"@type\":\"ReadAction\",\"target\":[\"https:\/\/vivadicas.com\/st2\/blog\/andreas-pereira-o-meio-campista-que-brilha-no-fulham\/13994\/\"]}]},{\"@type\":\"BreadcrumbList\",\"@id\":\"https:\/\/vivadicas.com\/st2\/blog\/andreas-pereira-o-meio-campista-que-brilha-no-fulham\/13994\/#breadcrumb\",\"itemListElement\":[{\"@type\":\"ListItem\",\"position\":1,\"name\":\"In\u00edcio\",\"item\":\"https:\/\/vivadicas.com\/st2\/\"},{\"@type\":\"ListItem\",\"position\":2,\"name\":\"Andreas Pereira: O Meio Campista que Brilha no Fulham\"}]},{\"@type\":\"WebSite\",\"@id\":\"https:\/\/vivadicas.com\/st2\/#website\",\"url\":\"https:\/\/vivadicas.com\/st2\/\",\"name\":\"TrendsBrasil\",\"description\":\"Stay updated with trending topics, viral news, hot updates, breaking headlines, global trends, and real-time content. Discover what\u2019s going viral now and follow the most talked-about stories across the web, social media, and news platforms!\",\"publisher\":{\"@id\":\"https:\/\/vivadicas.com\/st2\/#organization\"},\"potentialAction\":[{\"@type\":\"SearchAction\",\"target\":{\"@type\":\"EntryPoint\",\"urlTemplate\":\"https:\/\/vivadicas.com\/st2\/?s={search_term_string}\"},\"query-input\":{\"@type\":\"PropertyValueSpecification\",\"valueRequired\":true,\"valueName\":\"search_term_string\"}}],\"inLanguage\":\"pt-BR\"},{\"@type\":\"Organization\",\"@id\":\"https:\/\/vivadicas.com\/st2\/#organization\",\"name\":\"TrendsBrasil\",\"url\":\"https:\/\/vivadicas.com\/st2\/\",\"logo\":{\"@type\":\"ImageObject\",\"inLanguage\":\"pt-BR\",\"@id\":\"https:\/\/vivadicas.com\/st2\/#\/schema\/logo\/image\/\",\"url\":\"https:\/\/vivadicas.com\/st2\/wp-content\/uploads\/2025\/06\/ChatGPT-Image-24-de-jun.-de-2025-10_39_16-683x1024.png\",\"contentUrl\":\"https:\/\/vivadicas.com\/st2\/wp-content\/uploads\/2025\/06\/ChatGPT-Image-24-de-jun.-de-2025-10_39_16-683x1024.png\",\"width\":683,\"height\":1024,\"caption\":\"TrendsBrasil\"},\"image\":{\"@id\":\"https:\/\/vivadicas.com\/st2\/#\/schema\/logo\/image\/\"}},{\"@type\":\"Person\",\"@id\":\"https:\/\/vivadicas.com\/st2\/#\/schema\/person\/f8432157bb5752f84d3a30f1c7388a16\",\"name\":\"st2vivadicas\",\"image\":{\"@type\":\"ImageObject\",\"inLanguage\":\"pt-BR\",\"@id\":\"https:\/\/vivadicas.com\/st2\/#\/schema\/person\/image\/\",\"url\":\"https:\/\/secure.gravatar.com\/avatar\/9bb04fcca59036779222f5f2d61adc27b9b487cc07bc4064b27fa7e0a1e23e1a?s=96&d=mm&r=g\",\"contentUrl\":\"https:\/\/secure.gravatar.com\/avatar\/9bb04fcca59036779222f5f2d61adc27b9b487cc07bc4064b27fa7e0a1e23e1a?s=96&d=mm&r=g\",\"caption\":\"st2vivadicas\"},\"sameAs\":[\"https:\/\/vivadicas.com\/st2\"],\"url\":\"https:\/\/vivadicas.com\/st2\/author\/st2vivadicas\/\"}]}<\/script>\n<!-- \/ Yoast SEO plugin. -->","yoast_head_json":{"title":"Andreas Pereira: O Meio Campista que Brilha no Fulham - WordPulseTrends com","robots":{"index":"index","follow":"follow","max-snippet":"max-snippet:-1","max-image-preview":"max-image-preview:large","max-video-preview":"max-video-preview:-1"},"canonical":"https:\/\/vivadicas.com\/st2\/blog\/andreas-pereira-o-meio-campista-que-brilha-no-fulham\/13994\/","og_locale":"pt_BR","og_type":"article","og_title":"Andreas Pereira: O Meio Campista que Brilha no Fulham - WordPulseTrends com","og_description":"Andreas Pereira brilha no Fulham e enfrenta desafios na carreira.","og_url":"https:\/\/vivadicas.com\/st2\/blog\/andreas-pereira-o-meio-campista-que-brilha-no-fulham\/13994\/","og_site_name":"WordPulseTrends com","article_published_time":"2025-08-19T18:01:53+00:00","author":"st2vivadicas","twitter_card":"summary_large_image","twitter_misc":{"Escrito por":"st2vivadicas","Est. tempo de leitura":"4 minutos"},"schema":{"@context":"https:\/\/schema.org","@graph":[{"@type":"Article","@id":"https:\/\/vivadicas.com\/st2\/blog\/andreas-pereira-o-meio-campista-que-brilha-no-fulham\/13994\/#article","isPartOf":{"@id":"https:\/\/vivadicas.com\/st2\/blog\/andreas-pereira-o-meio-campista-que-brilha-no-fulham\/13994\/"},"author":{"name":"st2vivadicas","@id":"https:\/\/vivadicas.com\/st2\/#\/schema\/person\/f8432157bb5752f84d3a30f1c7388a16"},"headline":"Andreas Pereira: O Meio Campista que Brilha no Fulham","datePublished":"2025-08-19T18:01:53+00:00","mainEntityOfPage":{"@id":"https:\/\/vivadicas.com\/st2\/blog\/andreas-pereira-o-meio-campista-que-brilha-no-fulham\/13994\/"},"wordCount":747,"commentCount":0,"publisher":{"@id":"https:\/\/vivadicas.com\/st2\/#organization"},"articleSection":["Blog"],"inLanguage":"pt-BR","potentialAction":[{"@type":"CommentAction","name":"Comment","target":["https:\/\/vivadicas.com\/st2\/blog\/andreas-pereira-o-meio-campista-que-brilha-no-fulham\/13994\/#respond"]}]},{"@type":"WebPage","@id":"https:\/\/vivadicas.com\/st2\/blog\/andreas-pereira-o-meio-campista-que-brilha-no-fulham\/13994\/","url":"https:\/\/vivadicas.com\/st2\/blog\/andreas-pereira-o-meio-campista-que-brilha-no-fulham\/13994\/","name":"Andreas Pereira: O Meio Campista que Brilha no Fulham - WordPulseTrends com","isPartOf":{"@id":"https:\/\/vivadicas.com\/st2\/#website"},"datePublished":"2025-08-19T18:01:53+00:00","breadcrumb":{"@id":"https:\/\/vivadicas.com\/st2\/blog\/andreas-pereira-o-meio-campista-que-brilha-no-fulham\/13994\/#breadcrumb"},"inLanguage":"pt-BR","potentialAction":[{"@type":"ReadAction","target":["https:\/\/vivadicas.com\/st2\/blog\/andreas-pereira-o-meio-campista-que-brilha-no-fulham\/13994\/"]}]},{"@type":"BreadcrumbList","@id":"https:\/\/vivadicas.com\/st2\/blog\/andreas-pereira-o-meio-campista-que-brilha-no-fulham\/13994\/#breadcrumb","itemListElement":[{"@type":"ListItem","position":1,"name":"In\u00edcio","item":"https:\/\/vivadicas.com\/st2\/"},{"@type":"ListItem","position":2,"name":"Andreas Pereira: O Meio Campista que Brilha no Fulham"}]},{"@type":"WebSite","@id":"https:\/\/vivadicas.com\/st2\/#website","url":"https:\/\/vivadicas.com\/st2\/","name":"TrendsBrasil","description":"Stay updated with trending topics, viral news, hot updates, breaking headlines, global trends, and real-time content. Discover what\u2019s going viral now and follow the most talked-about stories across the web, social media, and news platforms!","publisher":{"@id":"https:\/\/vivadicas.com\/st2\/#organization"},"potentialAction":[{"@type":"SearchAction","target":{"@type":"EntryPoint","urlTemplate":"https:\/\/vivadicas.com\/st2\/?s={search_term_string}"},"query-input":{"@type":"PropertyValueSpecification","valueRequired":true,"valueName":"search_term_string"}}],"inLanguage":"pt-BR"},{"@type":"Organization","@id":"https:\/\/vivadicas.com\/st2\/#organization","name":"TrendsBrasil","url":"https:\/\/vivadicas.com\/st2\/","logo":{"@type":"ImageObject","inLanguage":"pt-BR","@id":"https:\/\/vivadicas.com\/st2\/#\/schema\/logo\/image\/","url":"https:\/\/vivadicas.com\/st2\/wp-content\/uploads\/2025\/06\/ChatGPT-Image-24-de-jun.-de-2025-10_39_16-683x1024.png","contentUrl":"https:\/\/vivadicas.com\/st2\/wp-content\/uploads\/2025\/06\/ChatGPT-Image-24-de-jun.-de-2025-10_39_16-683x1024.png","width":683,"height":1024,"caption":"TrendsBrasil"},"image":{"@id":"https:\/\/vivadicas.com\/st2\/#\/schema\/logo\/image\/"}},{"@type":"Person","@id":"https:\/\/vivadicas.com\/st2\/#\/schema\/person\/f8432157bb5752f84d3a30f1c7388a16","name":"st2vivadicas","image":{"@type":"ImageObject","inLanguage":"pt-BR","@id":"https:\/\/vivadicas.com\/st2\/#\/schema\/person\/image\/","url":"https:\/\/secure.gravatar.com\/avatar\/9bb04fcca59036779222f5f2d61adc27b9b487cc07bc4064b27fa7e0a1e23e1a?s=96&d=mm&r=g","contentUrl":"https:\/\/secure.gravatar.com\/avatar\/9bb04fcca59036779222f5f2d61adc27b9b487cc07bc4064b27fa7e0a1e23e1a?s=96&d=mm&r=g","caption":"st2vivadicas"},"sameAs":["https:\/\/vivadicas.com\/st2"],"url":"https:\/\/vivadicas.com\/st2\/author\/st2vivadicas\/"}]}},"_links":{"self":[{"href":"https:\/\/vivadicas.com\/st2\/wp-json\/wp\/v2\/posts\/13994","targetHints":{"allow":["GET"]}}],"collection":[{"href":"https:\/\/vivadicas.com\/st2\/wp-json\/wp\/v2\/posts"}],"about":[{"href":"https:\/\/vivadicas.com\/st2\/wp-json\/wp\/v2\/types\/post"}],"author":[{"embeddable":true,"href":"https:\/\/vivadicas.com\/st2\/wp-json\/wp\/v2\/users\/1"}],"replies":[{"embeddable":true,"href":"https:\/\/vivadicas.com\/st2\/wp-json\/wp\/v2\/comments?post=13994"}],"version-history":[{"count":0,"href":"https:\/\/vivadicas.com\/st2\/wp-json\/wp\/v2\/posts\/13994\/revisions"}],"wp:attachment":[{"href":"https:\/\/vivadicas.com\/st2\/wp-json\/wp\/v2\/media?parent=13994"}],"wp:term":[{"taxonomy":"category","embeddable":true,"href":"https:\/\/vivadicas.com\/st2\/wp-json\/wp\/v2\/categories?post=13994"},{"taxonomy":"post_tag","embeddable":true,"href":"https:\/\/vivadicas.com\/st2\/wp-json\/wp\/v2\/tags?post=13994"}],"curies":[{"name":"wp","href":"https:\/\/api.w.org\/{rel}","templated":true}]}}