{"id":14482,"date":"2025-09-07T17:00:52","date_gmt":"2025-09-07T20:00:52","guid":{"rendered":"https:\/\/vivadicas.com\/st2\/blog\/lindsey-vonn-a-fenomena-do-esqui-alpino-mundial\/14482\/"},"modified":"2025-09-07T17:00:52","modified_gmt":"2025-09-07T20:00:52","slug":"lindsey-vonn-a-fenomena-do-esqui-alpino-mundial","status":"publish","type":"post","link":"https:\/\/vivadicas.com\/st2\/blog\/lindsey-vonn-a-fenomena-do-esqui-alpino-mundial\/14482\/","title":{"rendered":"Lindsey Vonn: A Fen\u00f4mena do Esqui Alpino Mundial"},"content":{"rendered":"<p>Lindsey Vonn \u00e9 considerada uma das maiores atletas da hist\u00f3ria do esqui alpino, n\u00e3o apenas pelos seus recordes impressionantes, mas tamb\u00e9m pela sua resili\u00eancia e impacto fora das pistas. Nascida em 18 de outubro de 1984, em Saint Paul, Minnesota, Vonn come\u00e7ou sua carreira no esqui desde muito jovem e rapidamente se destacou nas competi\u00e7\u00f5es juvenis. Ao longo dos anos, ela acumulou uma s\u00e9rie de conquistas, incluindo tr\u00eas medalhas ol\u00edmpicas e um recorde de vit\u00f3rias na Copa do Mundo que a consolidaram como uma lenda no esporte. Sua trajet\u00f3ria \u00e9 marcada por desafios pessoais e f\u00edsicos que ela superou com determina\u00e7\u00e3o e coragem.<\/p>\n<h2>O In\u00edcio da Carreira e Primeiros Sucessos<\/h2>\n<p>A carreira de Lindsey Vonn come\u00e7ou a tomar forma aos sete anos de idade, quando come\u00e7ou a esquiar em sua cidade natal. Com o apoio de sua fam\u00edlia, especialmente de seu pai, que era um ex-esquiador profissional, Vonn rapidamente progrediu nas categorias de base. Aos 16 anos, ela fez sua estreia na Copa do Mundo de Esqui Alpino e logo se tornou uma atleta em ascens\u00e3o. Em 2008, conquistou sua primeira medalha ol\u00edmpica ao ganhar o bronze nos Jogos Ol\u00edmpicos de Inverno em Torino.<\/p>\n<p>O verdadeiro marco na carreira de Vonn veio em 2010, durante os Jogos Ol\u00edmpicos de Vancouver, onde ela conquistou a medalha de ouro no downhill e a medalha de bronze no super-G. Esses resultados n\u00e3o apenas solidificaram sua posi\u00e7\u00e3o como uma das melhores esquiadoras do mundo, mas tamb\u00e9m ajudaram a elevar o perfil do esqui alpino nos Estados Unidos e internacionalmente. A popularidade crescente do esporte nos Estados Unidos tamb\u00e9m teve reflexos no Brasil, onde o esqui ainda \u00e9 uma modalidade pouco explorada.<\/p>\n<h2>Desafios e Supera\u00e7\u00f5es<\/h2>\n<p>Apesar de seus sucessos nas competi\u00e7\u00f5es, a trajet\u00f3ria de Lindsey Vonn n\u00e3o foi livre de obst\u00e1culos. Ao longo dos anos, ela enfrentou s\u00e9rios problemas f\u00edsicos que amea\u00e7aram sua carreira. Les\u00f5es graves nos joelhos exigiram m\u00faltiplas cirurgias e longos per\u00edodos fora das competi\u00e7\u00f5es. Em particular, as les\u00f5es sofridas durante a temporada 2013-2014 foram desafiadoras; mesmo assim, ela retornou \u00e0s competi\u00e7\u00f5es com for\u00e7a total ap\u00f3s cada reabilita\u00e7\u00e3o.<\/p>\n<p>A resili\u00eancia demonstrada por Vonn inspirou muitos jovens atletas ao redor do mundo. No Brasil, por exemplo, ela se tornou um \u00edcone para aspirantes a esportistas de inverno em um pa\u00eds onde o esqui alpino ainda est\u00e1 engatinhando em termos de desenvolvimento. A hist\u00f3ria dela serve como exemplo para aqueles que enfrentam adversidades em suas jornadas esportivas e pessoais.<\/p>\n<h2>Aposentadoria e Legado<\/h2>\n<p>Lindsey Vonn anunciou oficialmente sua aposentadoria ap\u00f3s os Campeonatos Mundiais de Esqui Alpino em 2019. Ao longo da sua carreira, ela acumulou um total impressionante de 82 vit\u00f3rias na Copa do Mundo &#8211; mais que qualquer outra mulher na hist\u00f3ria do esqui alpino at\u00e9 hoje. Suas conquistas n\u00e3o s\u00e3o apenas n\u00fameros; elas representam um avan\u00e7o significativo para as mulheres no esporte e abriram portas para futuras gera\u00e7\u00f5es.<\/p>\n<p>O legado que Vonn deixa vai al\u00e9m das medalhas e trof\u00e9us. Ela utiliza sua plataforma para promover importantes quest\u00f5es sociais como igualdade no esporte feminino e enfrentamento \u00e0 viol\u00eancia contra mulheres. Este ativismo ressoou n\u00e3o apenas nos Estados Unidos, mas tamb\u00e9m internacionalmente, alcan\u00e7ando pa\u00edses como o Brasil onde estas quest\u00f5es ainda s\u00e3o extremamente relevantes.<\/p>\n<h2>Vida Pessoal e Projetos Futuros<\/h2>\n<p>Fora das pistas, Lindsey Vonn tem se envolvido em diversos projetos na m\u00eddia e no entretenimento. Ela atuou como comentarista para eventos esportivos e lan\u00e7ou uma linha pr\u00f3pria de roupas esportivas. Al\u00e9m disso, \u00e9 ativa nas redes sociais onde compartilha detalhes sobre sua vida pessoal e profissional com milh\u00f5es de seguidores ao redor do mundo.<\/p>\n<p>No contexto brasileiro, a\u00e7\u00f5es promocionais ligadas ao turismo esportivo t\u00eam ganhado for\u00e7a com eventos internacionais sendo realizados nas montanhas brasileiras. Lindsey poderia ser uma grande influ\u00eancia nesse cen\u00e1rio ao incentivar mais jovens atletas a se dedicarem ao esqui alpino ou mesmo visitar centros tur\u00edsticos voltados para os esportes radicais nas regi\u00f5es serranas do pa\u00eds.<\/p>\n<p>Com sua combina\u00e7\u00e3o \u00fanica de talento atl\u00e9tico e carisma fora das pistas, Lindsey Vonn continua sendo uma figura influente tanto no mundo dos esportes quanto na promo\u00e7\u00e3o social. Seu futuro parece brilhante enquanto ela continua a impactar pessoas ao redor do globo.<\/p>\n","protected":false},"excerpt":{"rendered":"<p>Lindsey Vonn \u00e9 uma lenda do esqui alpino com impactos significativos na cultura esportiva mundial.<\/p>\n","protected":false},"author":1,"featured_media":0,"comment_status":"open","ping_status":"open","sticky":false,"template":"","format":"standard","meta":{"footnotes":""},"categories":[1],"tags":[],"class_list":["post-14482","post","type-post","status-publish","format-standard","hentry","category-blog"],"yoast_head":"<!-- This site is optimized with the Yoast SEO plugin v25.3.1 - https:\/\/yoast.com\/wordpress\/plugins\/seo\/ -->\n<title>Lindsey Vonn: A Fen\u00f4mena do Esqui Alpino Mundial - WordPulseTrends com<\/title>\n<meta name=\"robots\" content=\"index, follow, max-snippet:-1, max-image-preview:large, max-video-preview:-1\" \/>\n<link rel=\"canonical\" href=\"https:\/\/vivadicas.com\/st2\/blog\/lindsey-vonn-a-fenomena-do-esqui-alpino-mundial\/14482\/\" \/>\n<meta property=\"og:locale\" content=\"pt_BR\" \/>\n<meta property=\"og:type\" content=\"article\" \/>\n<meta property=\"og:title\" content=\"Lindsey Vonn: A Fen\u00f4mena do Esqui Alpino Mundial - WordPulseTrends com\" \/>\n<meta property=\"og:description\" content=\"Lindsey Vonn \u00e9 uma lenda do esqui alpino com impactos significativos na cultura esportiva mundial.\" \/>\n<meta property=\"og:url\" content=\"https:\/\/vivadicas.com\/st2\/blog\/lindsey-vonn-a-fenomena-do-esqui-alpino-mundial\/14482\/\" \/>\n<meta property=\"og:site_name\" content=\"WordPulseTrends com\" \/>\n<meta property=\"article:published_time\" content=\"2025-09-07T20:00:52+00:00\" \/>\n<meta name=\"author\" content=\"st2vivadicas\" \/>\n<meta name=\"twitter:card\" content=\"summary_large_image\" \/>\n<meta name=\"twitter:label1\" content=\"Escrito por\" \/>\n\t<meta name=\"twitter:data1\" content=\"st2vivadicas\" \/>\n\t<meta name=\"twitter:label2\" content=\"Est. tempo de leitura\" \/>\n\t<meta name=\"twitter:data2\" content=\"4 minutos\" \/>\n<script type=\"application\/ld+json\" class=\"yoast-schema-graph\">{\"@context\":\"https:\/\/schema.org\",\"@graph\":[{\"@type\":\"Article\",\"@id\":\"https:\/\/vivadicas.com\/st2\/blog\/lindsey-vonn-a-fenomena-do-esqui-alpino-mundial\/14482\/#article\",\"isPartOf\":{\"@id\":\"https:\/\/vivadicas.com\/st2\/blog\/lindsey-vonn-a-fenomena-do-esqui-alpino-mundial\/14482\/\"},\"author\":{\"name\":\"st2vivadicas\",\"@id\":\"https:\/\/vivadicas.com\/st2\/#\/schema\/person\/f8432157bb5752f84d3a30f1c7388a16\"},\"headline\":\"Lindsey Vonn: A Fen\u00f4mena do Esqui Alpino Mundial\",\"datePublished\":\"2025-09-07T20:00:52+00:00\",\"mainEntityOfPage\":{\"@id\":\"https:\/\/vivadicas.com\/st2\/blog\/lindsey-vonn-a-fenomena-do-esqui-alpino-mundial\/14482\/\"},\"wordCount\":760,\"commentCount\":0,\"publisher\":{\"@id\":\"https:\/\/vivadicas.com\/st2\/#organization\"},\"articleSection\":[\"Blog\"],\"inLanguage\":\"pt-BR\",\"potentialAction\":[{\"@type\":\"CommentAction\",\"name\":\"Comment\",\"target\":[\"https:\/\/vivadicas.com\/st2\/blog\/lindsey-vonn-a-fenomena-do-esqui-alpino-mundial\/14482\/#respond\"]}]},{\"@type\":\"WebPage\",\"@id\":\"https:\/\/vivadicas.com\/st2\/blog\/lindsey-vonn-a-fenomena-do-esqui-alpino-mundial\/14482\/\",\"url\":\"https:\/\/vivadicas.com\/st2\/blog\/lindsey-vonn-a-fenomena-do-esqui-alpino-mundial\/14482\/\",\"name\":\"Lindsey Vonn: A Fen\u00f4mena do Esqui Alpino Mundial - WordPulseTrends com\",\"isPartOf\":{\"@id\":\"https:\/\/vivadicas.com\/st2\/#website\"},\"datePublished\":\"2025-09-07T20:00:52+00:00\",\"breadcrumb\":{\"@id\":\"https:\/\/vivadicas.com\/st2\/blog\/lindsey-vonn-a-fenomena-do-esqui-alpino-mundial\/14482\/#breadcrumb\"},\"inLanguage\":\"pt-BR\",\"potentialAction\":[{\"@type\":\"ReadAction\",\"target\":[\"https:\/\/vivadicas.com\/st2\/blog\/lindsey-vonn-a-fenomena-do-esqui-alpino-mundial\/14482\/\"]}]},{\"@type\":\"BreadcrumbList\",\"@id\":\"https:\/\/vivadicas.com\/st2\/blog\/lindsey-vonn-a-fenomena-do-esqui-alpino-mundial\/14482\/#breadcrumb\",\"itemListElement\":[{\"@type\":\"ListItem\",\"position\":1,\"name\":\"In\u00edcio\",\"item\":\"https:\/\/vivadicas.com\/st2\/\"},{\"@type\":\"ListItem\",\"position\":2,\"name\":\"Lindsey Vonn: A Fen\u00f4mena do Esqui Alpino Mundial\"}]},{\"@type\":\"WebSite\",\"@id\":\"https:\/\/vivadicas.com\/st2\/#website\",\"url\":\"https:\/\/vivadicas.com\/st2\/\",\"name\":\"TrendsBrasil\",\"description\":\"Stay updated with trending topics, viral news, hot updates, breaking headlines, global trends, and real-time content. Discover what\u2019s going viral now and follow the most talked-about stories across the web, social media, and news platforms!\",\"publisher\":{\"@id\":\"https:\/\/vivadicas.com\/st2\/#organization\"},\"potentialAction\":[{\"@type\":\"SearchAction\",\"target\":{\"@type\":\"EntryPoint\",\"urlTemplate\":\"https:\/\/vivadicas.com\/st2\/?s={search_term_string}\"},\"query-input\":{\"@type\":\"PropertyValueSpecification\",\"valueRequired\":true,\"valueName\":\"search_term_string\"}}],\"inLanguage\":\"pt-BR\"},{\"@type\":\"Organization\",\"@id\":\"https:\/\/vivadicas.com\/st2\/#organization\",\"name\":\"TrendsBrasil\",\"url\":\"https:\/\/vivadicas.com\/st2\/\",\"logo\":{\"@type\":\"ImageObject\",\"inLanguage\":\"pt-BR\",\"@id\":\"https:\/\/vivadicas.com\/st2\/#\/schema\/logo\/image\/\",\"url\":\"https:\/\/vivadicas.com\/st2\/wp-content\/uploads\/2025\/06\/ChatGPT-Image-24-de-jun.-de-2025-10_39_16-683x1024.png\",\"contentUrl\":\"https:\/\/vivadicas.com\/st2\/wp-content\/uploads\/2025\/06\/ChatGPT-Image-24-de-jun.-de-2025-10_39_16-683x1024.png\",\"width\":683,\"height\":1024,\"caption\":\"TrendsBrasil\"},\"image\":{\"@id\":\"https:\/\/vivadicas.com\/st2\/#\/schema\/logo\/image\/\"}},{\"@type\":\"Person\",\"@id\":\"https:\/\/vivadicas.com\/st2\/#\/schema\/person\/f8432157bb5752f84d3a30f1c7388a16\",\"name\":\"st2vivadicas\",\"image\":{\"@type\":\"ImageObject\",\"inLanguage\":\"pt-BR\",\"@id\":\"https:\/\/vivadicas.com\/st2\/#\/schema\/person\/image\/\",\"url\":\"https:\/\/secure.gravatar.com\/avatar\/9bb04fcca59036779222f5f2d61adc27b9b487cc07bc4064b27fa7e0a1e23e1a?s=96&d=mm&r=g\",\"contentUrl\":\"https:\/\/secure.gravatar.com\/avatar\/9bb04fcca59036779222f5f2d61adc27b9b487cc07bc4064b27fa7e0a1e23e1a?s=96&d=mm&r=g\",\"caption\":\"st2vivadicas\"},\"sameAs\":[\"https:\/\/vivadicas.com\/st2\"],\"url\":\"https:\/\/vivadicas.com\/st2\/author\/st2vivadicas\/\"}]}<\/script>\n<!-- \/ Yoast SEO plugin. -->","yoast_head_json":{"title":"Lindsey Vonn: A Fen\u00f4mena do Esqui Alpino Mundial - WordPulseTrends com","robots":{"index":"index","follow":"follow","max-snippet":"max-snippet:-1","max-image-preview":"max-image-preview:large","max-video-preview":"max-video-preview:-1"},"canonical":"https:\/\/vivadicas.com\/st2\/blog\/lindsey-vonn-a-fenomena-do-esqui-alpino-mundial\/14482\/","og_locale":"pt_BR","og_type":"article","og_title":"Lindsey Vonn: A Fen\u00f4mena do Esqui Alpino Mundial - WordPulseTrends com","og_description":"Lindsey Vonn \u00e9 uma lenda do esqui alpino com impactos significativos na cultura esportiva mundial.","og_url":"https:\/\/vivadicas.com\/st2\/blog\/lindsey-vonn-a-fenomena-do-esqui-alpino-mundial\/14482\/","og_site_name":"WordPulseTrends com","article_published_time":"2025-09-07T20:00:52+00:00","author":"st2vivadicas","twitter_card":"summary_large_image","twitter_misc":{"Escrito por":"st2vivadicas","Est. tempo de leitura":"4 minutos"},"schema":{"@context":"https:\/\/schema.org","@graph":[{"@type":"Article","@id":"https:\/\/vivadicas.com\/st2\/blog\/lindsey-vonn-a-fenomena-do-esqui-alpino-mundial\/14482\/#article","isPartOf":{"@id":"https:\/\/vivadicas.com\/st2\/blog\/lindsey-vonn-a-fenomena-do-esqui-alpino-mundial\/14482\/"},"author":{"name":"st2vivadicas","@id":"https:\/\/vivadicas.com\/st2\/#\/schema\/person\/f8432157bb5752f84d3a30f1c7388a16"},"headline":"Lindsey Vonn: A Fen\u00f4mena do Esqui Alpino Mundial","datePublished":"2025-09-07T20:00:52+00:00","mainEntityOfPage":{"@id":"https:\/\/vivadicas.com\/st2\/blog\/lindsey-vonn-a-fenomena-do-esqui-alpino-mundial\/14482\/"},"wordCount":760,"commentCount":0,"publisher":{"@id":"https:\/\/vivadicas.com\/st2\/#organization"},"articleSection":["Blog"],"inLanguage":"pt-BR","potentialAction":[{"@type":"CommentAction","name":"Comment","target":["https:\/\/vivadicas.com\/st2\/blog\/lindsey-vonn-a-fenomena-do-esqui-alpino-mundial\/14482\/#respond"]}]},{"@type":"WebPage","@id":"https:\/\/vivadicas.com\/st2\/blog\/lindsey-vonn-a-fenomena-do-esqui-alpino-mundial\/14482\/","url":"https:\/\/vivadicas.com\/st2\/blog\/lindsey-vonn-a-fenomena-do-esqui-alpino-mundial\/14482\/","name":"Lindsey Vonn: A Fen\u00f4mena do Esqui Alpino Mundial - WordPulseTrends com","isPartOf":{"@id":"https:\/\/vivadicas.com\/st2\/#website"},"datePublished":"2025-09-07T20:00:52+00:00","breadcrumb":{"@id":"https:\/\/vivadicas.com\/st2\/blog\/lindsey-vonn-a-fenomena-do-esqui-alpino-mundial\/14482\/#breadcrumb"},"inLanguage":"pt-BR","potentialAction":[{"@type":"ReadAction","target":["https:\/\/vivadicas.com\/st2\/blog\/lindsey-vonn-a-fenomena-do-esqui-alpino-mundial\/14482\/"]}]},{"@type":"BreadcrumbList","@id":"https:\/\/vivadicas.com\/st2\/blog\/lindsey-vonn-a-fenomena-do-esqui-alpino-mundial\/14482\/#breadcrumb","itemListElement":[{"@type":"ListItem","position":1,"name":"In\u00edcio","item":"https:\/\/vivadicas.com\/st2\/"},{"@type":"ListItem","position":2,"name":"Lindsey Vonn: A Fen\u00f4mena do Esqui Alpino Mundial"}]},{"@type":"WebSite","@id":"https:\/\/vivadicas.com\/st2\/#website","url":"https:\/\/vivadicas.com\/st2\/","name":"TrendsBrasil","description":"Stay updated with trending topics, viral news, hot updates, breaking headlines, global trends, and real-time content. Discover what\u2019s going viral now and follow the most talked-about stories across the web, social media, and news platforms!","publisher":{"@id":"https:\/\/vivadicas.com\/st2\/#organization"},"potentialAction":[{"@type":"SearchAction","target":{"@type":"EntryPoint","urlTemplate":"https:\/\/vivadicas.com\/st2\/?s={search_term_string}"},"query-input":{"@type":"PropertyValueSpecification","valueRequired":true,"valueName":"search_term_string"}}],"inLanguage":"pt-BR"},{"@type":"Organization","@id":"https:\/\/vivadicas.com\/st2\/#organization","name":"TrendsBrasil","url":"https:\/\/vivadicas.com\/st2\/","logo":{"@type":"ImageObject","inLanguage":"pt-BR","@id":"https:\/\/vivadicas.com\/st2\/#\/schema\/logo\/image\/","url":"https:\/\/vivadicas.com\/st2\/wp-content\/uploads\/2025\/06\/ChatGPT-Image-24-de-jun.-de-2025-10_39_16-683x1024.png","contentUrl":"https:\/\/vivadicas.com\/st2\/wp-content\/uploads\/2025\/06\/ChatGPT-Image-24-de-jun.-de-2025-10_39_16-683x1024.png","width":683,"height":1024,"caption":"TrendsBrasil"},"image":{"@id":"https:\/\/vivadicas.com\/st2\/#\/schema\/logo\/image\/"}},{"@type":"Person","@id":"https:\/\/vivadicas.com\/st2\/#\/schema\/person\/f8432157bb5752f84d3a30f1c7388a16","name":"st2vivadicas","image":{"@type":"ImageObject","inLanguage":"pt-BR","@id":"https:\/\/vivadicas.com\/st2\/#\/schema\/person\/image\/","url":"https:\/\/secure.gravatar.com\/avatar\/9bb04fcca59036779222f5f2d61adc27b9b487cc07bc4064b27fa7e0a1e23e1a?s=96&d=mm&r=g","contentUrl":"https:\/\/secure.gravatar.com\/avatar\/9bb04fcca59036779222f5f2d61adc27b9b487cc07bc4064b27fa7e0a1e23e1a?s=96&d=mm&r=g","caption":"st2vivadicas"},"sameAs":["https:\/\/vivadicas.com\/st2"],"url":"https:\/\/vivadicas.com\/st2\/author\/st2vivadicas\/"}]}},"_links":{"self":[{"href":"https:\/\/vivadicas.com\/st2\/wp-json\/wp\/v2\/posts\/14482","targetHints":{"allow":["GET"]}}],"collection":[{"href":"https:\/\/vivadicas.com\/st2\/wp-json\/wp\/v2\/posts"}],"about":[{"href":"https:\/\/vivadicas.com\/st2\/wp-json\/wp\/v2\/types\/post"}],"author":[{"embeddable":true,"href":"https:\/\/vivadicas.com\/st2\/wp-json\/wp\/v2\/users\/1"}],"replies":[{"embeddable":true,"href":"https:\/\/vivadicas.com\/st2\/wp-json\/wp\/v2\/comments?post=14482"}],"version-history":[{"count":0,"href":"https:\/\/vivadicas.com\/st2\/wp-json\/wp\/v2\/posts\/14482\/revisions"}],"wp:attachment":[{"href":"https:\/\/vivadicas.com\/st2\/wp-json\/wp\/v2\/media?parent=14482"}],"wp:term":[{"taxonomy":"category","embeddable":true,"href":"https:\/\/vivadicas.com\/st2\/wp-json\/wp\/v2\/categories?post=14482"},{"taxonomy":"post_tag","embeddable":true,"href":"https:\/\/vivadicas.com\/st2\/wp-json\/wp\/v2\/tags?post=14482"}],"curies":[{"name":"wp","href":"https:\/\/api.w.org\/{rel}","templated":true}]}}