{"id":14506,"date":"2025-09-08T09:01:08","date_gmt":"2025-09-08T12:01:08","guid":{"rendered":"https:\/\/vivadicas.com\/st2\/blog\/feriado-de-7-de-setembro-e-curiosidades-em-curitiba\/14506\/"},"modified":"2025-09-08T09:01:08","modified_gmt":"2025-09-08T12:01:08","slug":"feriado-de-7-de-setembro-e-curiosidades-em-curitiba","status":"publish","type":"post","link":"https:\/\/vivadicas.com\/st2\/blog\/feriado-de-7-de-setembro-e-curiosidades-em-curitiba\/14506\/","title":{"rendered":"Feriado de 7 de Setembro e Curiosidades em Curitiba"},"content":{"rendered":"<p>O dia 7 de setembro \u00e9 uma data emblem\u00e1tica para todos os brasileiros, pois marca a Independ\u00eancia do Brasil. Este feriado nacional \u00e9 celebrado anualmente com desfiles c\u00edvicos, cerim\u00f4nias e homenagens \u00e0 hist\u00f3ria do pa\u00eds. Em 2023, a festividade cai em uma quinta-feira, o que proporciona um feriado prolongado para muitos trabalhadores e suas fam\u00edlias. Entretanto, na cidade de Curitiba, o dia seguinte, 8 de setembro, tamb\u00e9m \u00e9 um feriado municipal, conhecido como Dia da Padroeira da cidade. Esta coincid\u00eancia oferece aos curitibanos uma oportunidade \u00edmpar para celebrar a cultura local enquanto aprecia o significado hist\u00f3rico do pa\u00eds.<\/p>\n<h2>A Hist\u00f3ria do Dia da Independ\u00eancia<\/h2>\n<p>A independ\u00eancia do Brasil foi proclamada no ano de 1822 por Dom Pedro I \u00e0s margens do Rio Ipiranga, em S\u00e3o Paulo. Desde ent\u00e3o, o dia 7 de setembro passou a ser uma data crucial na forma\u00e7\u00e3o da identidade nacional brasileira. As celebra\u00e7\u00f5es incluem desfiles militares e civis que ocorrem em diversas cidades ao longo do territ\u00f3rio nacional. Em Curitiba, as festividades geralmente s\u00e3o marcadas por apresenta\u00e7\u00f5es culturais que enaltecem a hist\u00f3ria e as tradi\u00e7\u00f5es da cidade e do estado do Paran\u00e1.<\/p>\n<p>As comemora\u00e7\u00f5es c\u00edvicas em Curitiba re\u00fanem a popula\u00e7\u00e3o em torno de atos simb\u00f3licos, onde a bandeira nacional \u00e9 hasteada com solenidade e os cidad\u00e3os se re\u00fanem para assistir \u00e0s apresenta\u00e7\u00f5es das for\u00e7as armadas. O evento n\u00e3o apenas promove o patriotismo entre os participantes, mas tamb\u00e9m serve como um momento de reflex\u00e3o sobre os valores e ideais pelos quais o Brasil passou ao longo dos s\u00e9culos desde sua independ\u00eancia.<\/p>\n<h2>Curitiba e Suas Festividades Locais<\/h2>\n<p>No dia seguinte \u00e0s celebra\u00e7\u00f5es nacionais, em 8 de setembro, Curitiba comemora seu feriado municipal em honra \u00e0 sua padroeira, Nossa Senhora da Luz dos Pinhais. Essa festividade \u00e9 uma oportunidade para que os curitibanos celebrem n\u00e3o apenas sua devo\u00e7\u00e3o religiosa, mas tamb\u00e9m a rica cultura e tradi\u00e7\u00f5es locais que moldaram a cidade ao longo dos anos. Durante essa data especial, muitas par\u00f3quias organizam prociss\u00f5es e missas solenes em homenagem \u00e0 padroeira.<\/p>\n<p>Al\u00e9m das celebra\u00e7\u00f5es religiosas, diversas atividades culturais s\u00e3o programadas para proporcionar entretenimento \u00e0 comunidade curitibana. Eventos art\u00edsticos como shows musicais, feiras de artesanato e gastronomia costumam ocorrer durante este per\u00edodo festivo. Esses eventos atraem tanto os habitantes locais quanto turistas que desejam vivenciar um pouco da cultura paranaense e desfrutar das del\u00edcias culin\u00e1rias t\u00edpicas da regi\u00e3o.<\/p>\n<h2>Impacto Econ\u00f4mico dos Feriados Prolongados<\/h2>\n<p>A coincid\u00eancia dos feriados nos dias 7 e 8 de setembro resulta em um impacto econ\u00f4mico significativo na cidade de Curitiba. O aumento no fluxo tur\u00edstico traz benef\u00edcios diretos ao com\u00e9rcio local, especialmente para setores como hot\u00e9is, restaurantes e lojas de artesanato. Muitos curitibanos optam por explorar op\u00e7\u00f5es tur\u00edsticas dentro da pr\u00f3pria cidade ou nas proximidades durante esses feriados prolongados, injetando dinheiro na economia local.<\/p>\n<p>Al\u00e9m disso, as festividades promovem um sentimento de pertencimento entre os moradores da cidade. Ao participarem ativamente das celebra\u00e7\u00f5es c\u00edvicas e religiosas, eles refor\u00e7am la\u00e7os comunit\u00e1rios que s\u00e3o essenciais para o desenvolvimento social e cultural da regi\u00e3o. Isso tamb\u00e9m abre espa\u00e7o para debates sobre a hist\u00f3ria local e o papel que cada cidad\u00e3o desempenha na constru\u00e7\u00e3o cont\u00ednua da sociedade paranaense.<\/p>\n<h2>O Que Abre e Fecha Durante os Feriados<\/h2>\n<p>Em rela\u00e7\u00e3o ao funcionamento do com\u00e9rcio durante esses dias festivos em Curitiba, \u00e9 importante destacar que muitos estabelecimentos comerciais tendem a fechar suas portas nos dias 7 e 8 de setembro. Isso inclui bancos, escolas e \u00f3rg\u00e3os p\u00fablicos que interrompem suas atividades habituais para permitir que funcion\u00e1rios participem das celebra\u00e7\u00f5es ou desfrutem do merecido descanso.<\/p>\n<p>No entanto, algumas \u00e1reas podem permanecer abertas durante esses feriados prolongados. Restaurantes e pontos tur\u00edsticos frequentemente ajustam seus hor\u00e1rios para atender \u00e0 demanda crescente por parte dos turistas que desejam aproveitar as festividades na cidade. Portanto, \u00e9 recomend\u00e1vel que moradores e visitantes verifiquem antecipadamente os hor\u00e1rios de funcionamento dos locais que pretendem visitar.<\/p>\n","protected":false},"excerpt":{"rendered":"<p>Em Curitiba, os feriados de 7 e 8 de setembro celebram a Independ\u00eancia do Brasil e a padroeira da cidade.<\/p>\n","protected":false},"author":1,"featured_media":0,"comment_status":"open","ping_status":"open","sticky":false,"template":"","format":"standard","meta":{"footnotes":""},"categories":[1],"tags":[],"class_list":["post-14506","post","type-post","status-publish","format-standard","hentry","category-blog"],"yoast_head":"<!-- This site is optimized with the Yoast SEO plugin v25.3.1 - https:\/\/yoast.com\/wordpress\/plugins\/seo\/ -->\n<title>Feriado de 7 de Setembro e Curiosidades em Curitiba - WordPulseTrends com<\/title>\n<meta name=\"robots\" content=\"index, follow, max-snippet:-1, max-image-preview:large, max-video-preview:-1\" \/>\n<link rel=\"canonical\" href=\"https:\/\/vivadicas.com\/st2\/blog\/feriado-de-7-de-setembro-e-curiosidades-em-curitiba\/14506\/\" \/>\n<meta property=\"og:locale\" content=\"pt_BR\" \/>\n<meta property=\"og:type\" content=\"article\" \/>\n<meta property=\"og:title\" content=\"Feriado de 7 de Setembro e Curiosidades em Curitiba - WordPulseTrends com\" \/>\n<meta property=\"og:description\" content=\"Em Curitiba, os feriados de 7 e 8 de setembro celebram a Independ\u00eancia do Brasil e a padroeira da cidade.\" \/>\n<meta property=\"og:url\" content=\"https:\/\/vivadicas.com\/st2\/blog\/feriado-de-7-de-setembro-e-curiosidades-em-curitiba\/14506\/\" \/>\n<meta property=\"og:site_name\" content=\"WordPulseTrends com\" \/>\n<meta property=\"article:published_time\" content=\"2025-09-08T12:01:08+00:00\" \/>\n<meta name=\"author\" content=\"st2vivadicas\" \/>\n<meta name=\"twitter:card\" content=\"summary_large_image\" \/>\n<meta name=\"twitter:label1\" content=\"Escrito por\" \/>\n\t<meta name=\"twitter:data1\" content=\"st2vivadicas\" \/>\n\t<meta name=\"twitter:label2\" content=\"Est. tempo de leitura\" \/>\n\t<meta name=\"twitter:data2\" content=\"3 minutos\" \/>\n<script type=\"application\/ld+json\" class=\"yoast-schema-graph\">{\"@context\":\"https:\/\/schema.org\",\"@graph\":[{\"@type\":\"Article\",\"@id\":\"https:\/\/vivadicas.com\/st2\/blog\/feriado-de-7-de-setembro-e-curiosidades-em-curitiba\/14506\/#article\",\"isPartOf\":{\"@id\":\"https:\/\/vivadicas.com\/st2\/blog\/feriado-de-7-de-setembro-e-curiosidades-em-curitiba\/14506\/\"},\"author\":{\"name\":\"st2vivadicas\",\"@id\":\"https:\/\/vivadicas.com\/st2\/#\/schema\/person\/f8432157bb5752f84d3a30f1c7388a16\"},\"headline\":\"Feriado de 7 de Setembro e Curiosidades em Curitiba\",\"datePublished\":\"2025-09-08T12:01:08+00:00\",\"mainEntityOfPage\":{\"@id\":\"https:\/\/vivadicas.com\/st2\/blog\/feriado-de-7-de-setembro-e-curiosidades-em-curitiba\/14506\/\"},\"wordCount\":706,\"commentCount\":0,\"publisher\":{\"@id\":\"https:\/\/vivadicas.com\/st2\/#organization\"},\"articleSection\":[\"Blog\"],\"inLanguage\":\"pt-BR\",\"potentialAction\":[{\"@type\":\"CommentAction\",\"name\":\"Comment\",\"target\":[\"https:\/\/vivadicas.com\/st2\/blog\/feriado-de-7-de-setembro-e-curiosidades-em-curitiba\/14506\/#respond\"]}]},{\"@type\":\"WebPage\",\"@id\":\"https:\/\/vivadicas.com\/st2\/blog\/feriado-de-7-de-setembro-e-curiosidades-em-curitiba\/14506\/\",\"url\":\"https:\/\/vivadicas.com\/st2\/blog\/feriado-de-7-de-setembro-e-curiosidades-em-curitiba\/14506\/\",\"name\":\"Feriado de 7 de Setembro e Curiosidades em Curitiba - WordPulseTrends com\",\"isPartOf\":{\"@id\":\"https:\/\/vivadicas.com\/st2\/#website\"},\"datePublished\":\"2025-09-08T12:01:08+00:00\",\"breadcrumb\":{\"@id\":\"https:\/\/vivadicas.com\/st2\/blog\/feriado-de-7-de-setembro-e-curiosidades-em-curitiba\/14506\/#breadcrumb\"},\"inLanguage\":\"pt-BR\",\"potentialAction\":[{\"@type\":\"ReadAction\",\"target\":[\"https:\/\/vivadicas.com\/st2\/blog\/feriado-de-7-de-setembro-e-curiosidades-em-curitiba\/14506\/\"]}]},{\"@type\":\"BreadcrumbList\",\"@id\":\"https:\/\/vivadicas.com\/st2\/blog\/feriado-de-7-de-setembro-e-curiosidades-em-curitiba\/14506\/#breadcrumb\",\"itemListElement\":[{\"@type\":\"ListItem\",\"position\":1,\"name\":\"In\u00edcio\",\"item\":\"https:\/\/vivadicas.com\/st2\/\"},{\"@type\":\"ListItem\",\"position\":2,\"name\":\"Feriado de 7 de Setembro e Curiosidades em Curitiba\"}]},{\"@type\":\"WebSite\",\"@id\":\"https:\/\/vivadicas.com\/st2\/#website\",\"url\":\"https:\/\/vivadicas.com\/st2\/\",\"name\":\"TrendsBrasil\",\"description\":\"Stay updated with trending topics, viral news, hot updates, breaking headlines, global trends, and real-time content. Discover what\u2019s going viral now and follow the most talked-about stories across the web, social media, and news platforms!\",\"publisher\":{\"@id\":\"https:\/\/vivadicas.com\/st2\/#organization\"},\"potentialAction\":[{\"@type\":\"SearchAction\",\"target\":{\"@type\":\"EntryPoint\",\"urlTemplate\":\"https:\/\/vivadicas.com\/st2\/?s={search_term_string}\"},\"query-input\":{\"@type\":\"PropertyValueSpecification\",\"valueRequired\":true,\"valueName\":\"search_term_string\"}}],\"inLanguage\":\"pt-BR\"},{\"@type\":\"Organization\",\"@id\":\"https:\/\/vivadicas.com\/st2\/#organization\",\"name\":\"TrendsBrasil\",\"url\":\"https:\/\/vivadicas.com\/st2\/\",\"logo\":{\"@type\":\"ImageObject\",\"inLanguage\":\"pt-BR\",\"@id\":\"https:\/\/vivadicas.com\/st2\/#\/schema\/logo\/image\/\",\"url\":\"https:\/\/vivadicas.com\/st2\/wp-content\/uploads\/2025\/06\/ChatGPT-Image-24-de-jun.-de-2025-10_39_16-683x1024.png\",\"contentUrl\":\"https:\/\/vivadicas.com\/st2\/wp-content\/uploads\/2025\/06\/ChatGPT-Image-24-de-jun.-de-2025-10_39_16-683x1024.png\",\"width\":683,\"height\":1024,\"caption\":\"TrendsBrasil\"},\"image\":{\"@id\":\"https:\/\/vivadicas.com\/st2\/#\/schema\/logo\/image\/\"}},{\"@type\":\"Person\",\"@id\":\"https:\/\/vivadicas.com\/st2\/#\/schema\/person\/f8432157bb5752f84d3a30f1c7388a16\",\"name\":\"st2vivadicas\",\"image\":{\"@type\":\"ImageObject\",\"inLanguage\":\"pt-BR\",\"@id\":\"https:\/\/vivadicas.com\/st2\/#\/schema\/person\/image\/\",\"url\":\"https:\/\/secure.gravatar.com\/avatar\/9bb04fcca59036779222f5f2d61adc27b9b487cc07bc4064b27fa7e0a1e23e1a?s=96&d=mm&r=g\",\"contentUrl\":\"https:\/\/secure.gravatar.com\/avatar\/9bb04fcca59036779222f5f2d61adc27b9b487cc07bc4064b27fa7e0a1e23e1a?s=96&d=mm&r=g\",\"caption\":\"st2vivadicas\"},\"sameAs\":[\"https:\/\/vivadicas.com\/st2\"],\"url\":\"https:\/\/vivadicas.com\/st2\/author\/st2vivadicas\/\"}]}<\/script>\n<!-- \/ Yoast SEO plugin. -->","yoast_head_json":{"title":"Feriado de 7 de Setembro e Curiosidades em Curitiba - WordPulseTrends com","robots":{"index":"index","follow":"follow","max-snippet":"max-snippet:-1","max-image-preview":"max-image-preview:large","max-video-preview":"max-video-preview:-1"},"canonical":"https:\/\/vivadicas.com\/st2\/blog\/feriado-de-7-de-setembro-e-curiosidades-em-curitiba\/14506\/","og_locale":"pt_BR","og_type":"article","og_title":"Feriado de 7 de Setembro e Curiosidades em Curitiba - WordPulseTrends com","og_description":"Em Curitiba, os feriados de 7 e 8 de setembro celebram a Independ\u00eancia do Brasil e a padroeira da cidade.","og_url":"https:\/\/vivadicas.com\/st2\/blog\/feriado-de-7-de-setembro-e-curiosidades-em-curitiba\/14506\/","og_site_name":"WordPulseTrends com","article_published_time":"2025-09-08T12:01:08+00:00","author":"st2vivadicas","twitter_card":"summary_large_image","twitter_misc":{"Escrito por":"st2vivadicas","Est. tempo de leitura":"3 minutos"},"schema":{"@context":"https:\/\/schema.org","@graph":[{"@type":"Article","@id":"https:\/\/vivadicas.com\/st2\/blog\/feriado-de-7-de-setembro-e-curiosidades-em-curitiba\/14506\/#article","isPartOf":{"@id":"https:\/\/vivadicas.com\/st2\/blog\/feriado-de-7-de-setembro-e-curiosidades-em-curitiba\/14506\/"},"author":{"name":"st2vivadicas","@id":"https:\/\/vivadicas.com\/st2\/#\/schema\/person\/f8432157bb5752f84d3a30f1c7388a16"},"headline":"Feriado de 7 de Setembro e Curiosidades em Curitiba","datePublished":"2025-09-08T12:01:08+00:00","mainEntityOfPage":{"@id":"https:\/\/vivadicas.com\/st2\/blog\/feriado-de-7-de-setembro-e-curiosidades-em-curitiba\/14506\/"},"wordCount":706,"commentCount":0,"publisher":{"@id":"https:\/\/vivadicas.com\/st2\/#organization"},"articleSection":["Blog"],"inLanguage":"pt-BR","potentialAction":[{"@type":"CommentAction","name":"Comment","target":["https:\/\/vivadicas.com\/st2\/blog\/feriado-de-7-de-setembro-e-curiosidades-em-curitiba\/14506\/#respond"]}]},{"@type":"WebPage","@id":"https:\/\/vivadicas.com\/st2\/blog\/feriado-de-7-de-setembro-e-curiosidades-em-curitiba\/14506\/","url":"https:\/\/vivadicas.com\/st2\/blog\/feriado-de-7-de-setembro-e-curiosidades-em-curitiba\/14506\/","name":"Feriado de 7 de Setembro e Curiosidades em Curitiba - WordPulseTrends com","isPartOf":{"@id":"https:\/\/vivadicas.com\/st2\/#website"},"datePublished":"2025-09-08T12:01:08+00:00","breadcrumb":{"@id":"https:\/\/vivadicas.com\/st2\/blog\/feriado-de-7-de-setembro-e-curiosidades-em-curitiba\/14506\/#breadcrumb"},"inLanguage":"pt-BR","potentialAction":[{"@type":"ReadAction","target":["https:\/\/vivadicas.com\/st2\/blog\/feriado-de-7-de-setembro-e-curiosidades-em-curitiba\/14506\/"]}]},{"@type":"BreadcrumbList","@id":"https:\/\/vivadicas.com\/st2\/blog\/feriado-de-7-de-setembro-e-curiosidades-em-curitiba\/14506\/#breadcrumb","itemListElement":[{"@type":"ListItem","position":1,"name":"In\u00edcio","item":"https:\/\/vivadicas.com\/st2\/"},{"@type":"ListItem","position":2,"name":"Feriado de 7 de Setembro e Curiosidades em Curitiba"}]},{"@type":"WebSite","@id":"https:\/\/vivadicas.com\/st2\/#website","url":"https:\/\/vivadicas.com\/st2\/","name":"TrendsBrasil","description":"Stay updated with trending topics, viral news, hot updates, breaking headlines, global trends, and real-time content. Discover what\u2019s going viral now and follow the most talked-about stories across the web, social media, and news platforms!","publisher":{"@id":"https:\/\/vivadicas.com\/st2\/#organization"},"potentialAction":[{"@type":"SearchAction","target":{"@type":"EntryPoint","urlTemplate":"https:\/\/vivadicas.com\/st2\/?s={search_term_string}"},"query-input":{"@type":"PropertyValueSpecification","valueRequired":true,"valueName":"search_term_string"}}],"inLanguage":"pt-BR"},{"@type":"Organization","@id":"https:\/\/vivadicas.com\/st2\/#organization","name":"TrendsBrasil","url":"https:\/\/vivadicas.com\/st2\/","logo":{"@type":"ImageObject","inLanguage":"pt-BR","@id":"https:\/\/vivadicas.com\/st2\/#\/schema\/logo\/image\/","url":"https:\/\/vivadicas.com\/st2\/wp-content\/uploads\/2025\/06\/ChatGPT-Image-24-de-jun.-de-2025-10_39_16-683x1024.png","contentUrl":"https:\/\/vivadicas.com\/st2\/wp-content\/uploads\/2025\/06\/ChatGPT-Image-24-de-jun.-de-2025-10_39_16-683x1024.png","width":683,"height":1024,"caption":"TrendsBrasil"},"image":{"@id":"https:\/\/vivadicas.com\/st2\/#\/schema\/logo\/image\/"}},{"@type":"Person","@id":"https:\/\/vivadicas.com\/st2\/#\/schema\/person\/f8432157bb5752f84d3a30f1c7388a16","name":"st2vivadicas","image":{"@type":"ImageObject","inLanguage":"pt-BR","@id":"https:\/\/vivadicas.com\/st2\/#\/schema\/person\/image\/","url":"https:\/\/secure.gravatar.com\/avatar\/9bb04fcca59036779222f5f2d61adc27b9b487cc07bc4064b27fa7e0a1e23e1a?s=96&d=mm&r=g","contentUrl":"https:\/\/secure.gravatar.com\/avatar\/9bb04fcca59036779222f5f2d61adc27b9b487cc07bc4064b27fa7e0a1e23e1a?s=96&d=mm&r=g","caption":"st2vivadicas"},"sameAs":["https:\/\/vivadicas.com\/st2"],"url":"https:\/\/vivadicas.com\/st2\/author\/st2vivadicas\/"}]}},"_links":{"self":[{"href":"https:\/\/vivadicas.com\/st2\/wp-json\/wp\/v2\/posts\/14506","targetHints":{"allow":["GET"]}}],"collection":[{"href":"https:\/\/vivadicas.com\/st2\/wp-json\/wp\/v2\/posts"}],"about":[{"href":"https:\/\/vivadicas.com\/st2\/wp-json\/wp\/v2\/types\/post"}],"author":[{"embeddable":true,"href":"https:\/\/vivadicas.com\/st2\/wp-json\/wp\/v2\/users\/1"}],"replies":[{"embeddable":true,"href":"https:\/\/vivadicas.com\/st2\/wp-json\/wp\/v2\/comments?post=14506"}],"version-history":[{"count":0,"href":"https:\/\/vivadicas.com\/st2\/wp-json\/wp\/v2\/posts\/14506\/revisions"}],"wp:attachment":[{"href":"https:\/\/vivadicas.com\/st2\/wp-json\/wp\/v2\/media?parent=14506"}],"wp:term":[{"taxonomy":"category","embeddable":true,"href":"https:\/\/vivadicas.com\/st2\/wp-json\/wp\/v2\/categories?post=14506"},{"taxonomy":"post_tag","embeddable":true,"href":"https:\/\/vivadicas.com\/st2\/wp-json\/wp\/v2\/tags?post=14506"}],"curies":[{"name":"wp","href":"https:\/\/api.w.org\/{rel}","templated":true}]}}