{"id":14886,"date":"2025-09-23T07:01:52","date_gmt":"2025-09-23T10:01:52","guid":{"rendered":"https:\/\/vivadicas.com\/st2\/blog\/clima-e-previsao-do-tempo-para-15-dias-em-manaus-am\/14886\/"},"modified":"2025-09-23T07:01:52","modified_gmt":"2025-09-23T10:01:52","slug":"clima-e-previsao-do-tempo-para-15-dias-em-manaus-am","status":"publish","type":"post","link":"https:\/\/vivadicas.com\/st2\/blog\/clima-e-previsao-do-tempo-para-15-dias-em-manaus-am\/14886\/","title":{"rendered":"Clima e Previs\u00e3o do Tempo para 15 Dias em Manaus (AM)"},"content":{"rendered":"<p>Manaus, a capital do Amazonas, \u00e9 uma das cidades brasileiras mais conhecidas pelo seu clima tropical e pela rica biodiversidade que a cerca. A previs\u00e3o do tempo para os pr\u00f3ximos dias se torna essencial para os moradores e visitantes, especialmente em uma regi\u00e3o onde as chuvas s\u00e3o frequentes e as temperaturas podem ser elevadas. Este artigo ir\u00e1 explorar as condi\u00e7\u00f5es clim\u00e1ticas em Manaus, com foco na previs\u00e3o do tempo para hoje e amanh\u00e3, al\u00e9m de oferecer uma vis\u00e3o mais ampla sobre o clima da cidade nos pr\u00f3ximos quinze dias.<\/p>\n<h2>Condi\u00e7\u00f5es Clim\u00e1ticas Atuais<\/h2>\n<p>Atualmente, Manaus apresenta um clima tipicamente equatorial, caracterizado por uma temperatura m\u00e9dia elevada durante todo o ano. Hoje, a cidade deve registrar temperaturas que variam entre 24\u00b0C \u00e0 noite e at\u00e9 32\u00b0C durante o dia. A umidade relativa do ar oscila em torno de 80%, o que pode intensificar a sensa\u00e7\u00e3o de calor. Al\u00e9m disso, a previs\u00e3o indica pancadas de chuva isoladas ao longo do dia, t\u00edpicas da esta\u00e7\u00e3o chuvosa que geralmente ocorre entre dezembro e maio. Essas chuvas s\u00e3o fundamentais tanto para a agricultura local quanto para a manuten\u00e7\u00e3o dos ecossistemas da floresta amaz\u00f4nica.<\/p>\n<p>Amanh\u00e3, espera-se um cen\u00e1rio semelhante, com temperaturas tamb\u00e9m variando entre 24\u00b0C e 31\u00b0C. As chuvas ser\u00e3o novamente uma constante na previs\u00e3o, sendo esperadas durante a tarde e in\u00edcio da noite. Apesar das condi\u00e7\u00f5es chuvosas, \u00e9 importante notar que essas precipita\u00e7\u00f5es contribuem positivamente para o abastecimento h\u00eddrico da cidade e ajudam a refrescar o clima ap\u00f3s um dia ensolarado. Durante essa \u00e9poca do ano, a popula\u00e7\u00e3o deve estar atenta \u00e0s previs\u00f5es meteorol\u00f3gicas para se preparar adequadamente para os temporais repentinos.<\/p>\n<h2>Previs\u00e3o do Tempo para os Pr\u00f3ximos Dias<\/h2>\n<p>Nos pr\u00f3ximos dias, Manaus seguir\u00e1 sob forte influ\u00eancia das massas de ar tropicais que predominam na regi\u00e3o. A previs\u00e3o estendida aponta que a partir de amanh\u00e3 at\u00e9 o final da semana haver\u00e1 continuidade nas chuvas dispersas, especialmente no per\u00edodo da tarde. As temperaturas devem continuar est\u00e1veis, mantendo-se entre 23\u00b0C e 32\u00b0C. Essa const\u00e2ncia nas condi\u00e7\u00f5es meteorol\u00f3gicas \u00e9 comum na Amaz\u00f4nia nesta \u00e9poca do ano e reflete as caracter\u00edsticas clim\u00e1ticas da regi\u00e3o.<\/p>\n<p>Al\u00e9m disso, h\u00e1 possibilidade de algumas frentes frias transit\u00f3rias que podem trazer al\u00edvios tempor\u00e1rios nas temperaturas m\u00e1ximas ao longo dos pr\u00f3ximos quinze dias. \u00c9 importante ressaltar que essas varia\u00e7\u00f5es podem impactar tanto a vida cotidiana dos manauenses quanto os eventos sociais e esportivos programados ao ar livre. Portanto, recomenda-se que todos os cidad\u00e3os acompanhem as atualiza\u00e7\u00f5es di\u00e1rias de previs\u00e3o do tempo para se adaptarem \u00e0s mudan\u00e7as clim\u00e1ticas.<\/p>\n<h2>Impacto do Clima no Cotidiano dos Manauenses<\/h2>\n<p>A influ\u00eancia do clima na vida em Manaus \u00e9 palp\u00e1vel em diversos aspectos. As altas temperaturas e a elevada umidade exigem cuidados especiais por parte da popula\u00e7\u00e3o. A necessidade de hidrata\u00e7\u00e3o constante se torna evidente, assim como o uso de roupas leves e protetor solar ao se expor ao sol. Al\u00e9m disso, as chuvas frequentes podem causar transtornos como alagamentos em algumas \u00e1reas menos preparadas da cidade.<\/p>\n<p>A agricultura local tamb\u00e9m depende diretamente das condi\u00e7\u00f5es clim\u00e1ticas, j\u00e1 que muitos produtos cultivados na regi\u00e3o necessitam das chuvas regulares para crescer saud\u00e1veis. A produ\u00e7\u00e3o de frutas tropicais como bananas e guaran\u00e1 mostra-se dependente dessas varia\u00e7\u00f5es clim\u00e1ticas sazonais. Portanto, o acompanhamento rigoroso das previs\u00f5es meteorol\u00f3gicas \u00e9 crucial n\u00e3o apenas para o conforto di\u00e1rio dos habitantes mas tamb\u00e9m para garantir produ\u00e7\u00f5es agr\u00edcolas consistentes.<\/p>\n<h2>Expectativas Clim\u00e1ticas Futuras<\/h2>\n<p>Para os pr\u00f3ximos quinze dias em Manaus, espera-se uma continuidade nas altas temperaturas acompanhadas por per\u00edodos intermitentes de chuvas t\u00edpicas desta temporada espec\u00edfica. Embora as condi\u00e7\u00f5es atuais indiquem um quadro relativamente est\u00e1vel, eventos extremos relacionados ao clima devem ser monitorados com aten\u00e7\u00e3o pelas autoridades locais e pela popula\u00e7\u00e3o geral. O comportamento clim\u00e1tico na Amaz\u00f4nia pode ser imprevis\u00edvel devido \u00e0 sua complexidade ecol\u00f3gica.<\/p>\n<p>Al\u00e9m disso, fen\u00f4menos globais como El Ni\u00f1o ou La Ni\u00f1a podem influenciar consideravelmente as previs\u00f5es meteorol\u00f3gicas na Amaz\u00f4nia brasileira. Assim sendo, especialistas recomendam que tanto os cidad\u00e3os quanto os gestores p\u00fablicos se mantenham atualizados sobre as tend\u00eancias clim\u00e1ticas atrav\u00e9s de fontes confi\u00e1veis como institutos meteorol\u00f3gicos nacionais e internacionais.<\/p>\n<p>Dessa forma, entender as nuances do clima em Manaus n\u00e3o apenas melhora a qualidade de vida local mas tamb\u00e9m promove um planejamento mais eficaz frente aos desafios impostos pelas mudan\u00e7as clim\u00e1ticas globais.<\/p>\n","protected":false},"excerpt":{"rendered":"<p>Saiba tudo sobre a previs\u00e3o do tempo em Manaus nos pr\u00f3ximos dias.<\/p>\n","protected":false},"author":1,"featured_media":0,"comment_status":"open","ping_status":"open","sticky":false,"template":"","format":"standard","meta":{"footnotes":""},"categories":[1],"tags":[],"class_list":["post-14886","post","type-post","status-publish","format-standard","hentry","category-blog"],"yoast_head":"<!-- This site is optimized with the Yoast SEO plugin v25.3.1 - https:\/\/yoast.com\/wordpress\/plugins\/seo\/ -->\n<title>Clima e Previs\u00e3o do Tempo para 15 Dias em Manaus (AM) - WordPulseTrends com<\/title>\n<meta name=\"robots\" content=\"index, follow, max-snippet:-1, max-image-preview:large, max-video-preview:-1\" \/>\n<link rel=\"canonical\" href=\"https:\/\/vivadicas.com\/st2\/blog\/clima-e-previsao-do-tempo-para-15-dias-em-manaus-am\/14886\/\" \/>\n<meta property=\"og:locale\" content=\"pt_BR\" \/>\n<meta property=\"og:type\" content=\"article\" \/>\n<meta property=\"og:title\" content=\"Clima e Previs\u00e3o do Tempo para 15 Dias em Manaus (AM) - WordPulseTrends com\" \/>\n<meta property=\"og:description\" content=\"Saiba tudo sobre a previs\u00e3o do tempo em Manaus nos pr\u00f3ximos dias.\" \/>\n<meta property=\"og:url\" content=\"https:\/\/vivadicas.com\/st2\/blog\/clima-e-previsao-do-tempo-para-15-dias-em-manaus-am\/14886\/\" \/>\n<meta property=\"og:site_name\" content=\"WordPulseTrends com\" \/>\n<meta property=\"article:published_time\" content=\"2025-09-23T10:01:52+00:00\" \/>\n<meta name=\"author\" content=\"st2vivadicas\" \/>\n<meta name=\"twitter:card\" content=\"summary_large_image\" \/>\n<meta name=\"twitter:label1\" content=\"Escrito por\" \/>\n\t<meta name=\"twitter:data1\" content=\"st2vivadicas\" \/>\n\t<meta name=\"twitter:label2\" content=\"Est. tempo de leitura\" \/>\n\t<meta name=\"twitter:data2\" content=\"4 minutos\" \/>\n<script type=\"application\/ld+json\" class=\"yoast-schema-graph\">{\"@context\":\"https:\/\/schema.org\",\"@graph\":[{\"@type\":\"Article\",\"@id\":\"https:\/\/vivadicas.com\/st2\/blog\/clima-e-previsao-do-tempo-para-15-dias-em-manaus-am\/14886\/#article\",\"isPartOf\":{\"@id\":\"https:\/\/vivadicas.com\/st2\/blog\/clima-e-previsao-do-tempo-para-15-dias-em-manaus-am\/14886\/\"},\"author\":{\"name\":\"st2vivadicas\",\"@id\":\"https:\/\/vivadicas.com\/st2\/#\/schema\/person\/f8432157bb5752f84d3a30f1c7388a16\"},\"headline\":\"Clima e Previs\u00e3o do Tempo para 15 Dias em Manaus (AM)\",\"datePublished\":\"2025-09-23T10:01:52+00:00\",\"mainEntityOfPage\":{\"@id\":\"https:\/\/vivadicas.com\/st2\/blog\/clima-e-previsao-do-tempo-para-15-dias-em-manaus-am\/14886\/\"},\"wordCount\":806,\"commentCount\":0,\"publisher\":{\"@id\":\"https:\/\/vivadicas.com\/st2\/#organization\"},\"articleSection\":[\"Blog\"],\"inLanguage\":\"pt-BR\",\"potentialAction\":[{\"@type\":\"CommentAction\",\"name\":\"Comment\",\"target\":[\"https:\/\/vivadicas.com\/st2\/blog\/clima-e-previsao-do-tempo-para-15-dias-em-manaus-am\/14886\/#respond\"]}]},{\"@type\":\"WebPage\",\"@id\":\"https:\/\/vivadicas.com\/st2\/blog\/clima-e-previsao-do-tempo-para-15-dias-em-manaus-am\/14886\/\",\"url\":\"https:\/\/vivadicas.com\/st2\/blog\/clima-e-previsao-do-tempo-para-15-dias-em-manaus-am\/14886\/\",\"name\":\"Clima e Previs\u00e3o do Tempo para 15 Dias em Manaus (AM) - WordPulseTrends com\",\"isPartOf\":{\"@id\":\"https:\/\/vivadicas.com\/st2\/#website\"},\"datePublished\":\"2025-09-23T10:01:52+00:00\",\"breadcrumb\":{\"@id\":\"https:\/\/vivadicas.com\/st2\/blog\/clima-e-previsao-do-tempo-para-15-dias-em-manaus-am\/14886\/#breadcrumb\"},\"inLanguage\":\"pt-BR\",\"potentialAction\":[{\"@type\":\"ReadAction\",\"target\":[\"https:\/\/vivadicas.com\/st2\/blog\/clima-e-previsao-do-tempo-para-15-dias-em-manaus-am\/14886\/\"]}]},{\"@type\":\"BreadcrumbList\",\"@id\":\"https:\/\/vivadicas.com\/st2\/blog\/clima-e-previsao-do-tempo-para-15-dias-em-manaus-am\/14886\/#breadcrumb\",\"itemListElement\":[{\"@type\":\"ListItem\",\"position\":1,\"name\":\"In\u00edcio\",\"item\":\"https:\/\/vivadicas.com\/st2\/\"},{\"@type\":\"ListItem\",\"position\":2,\"name\":\"Clima e Previs\u00e3o do Tempo para 15 Dias em Manaus (AM)\"}]},{\"@type\":\"WebSite\",\"@id\":\"https:\/\/vivadicas.com\/st2\/#website\",\"url\":\"https:\/\/vivadicas.com\/st2\/\",\"name\":\"TrendsBrasil\",\"description\":\"Stay updated with trending topics, viral news, hot updates, breaking headlines, global trends, and real-time content. Discover what\u2019s going viral now and follow the most talked-about stories across the web, social media, and news platforms!\",\"publisher\":{\"@id\":\"https:\/\/vivadicas.com\/st2\/#organization\"},\"potentialAction\":[{\"@type\":\"SearchAction\",\"target\":{\"@type\":\"EntryPoint\",\"urlTemplate\":\"https:\/\/vivadicas.com\/st2\/?s={search_term_string}\"},\"query-input\":{\"@type\":\"PropertyValueSpecification\",\"valueRequired\":true,\"valueName\":\"search_term_string\"}}],\"inLanguage\":\"pt-BR\"},{\"@type\":\"Organization\",\"@id\":\"https:\/\/vivadicas.com\/st2\/#organization\",\"name\":\"TrendsBrasil\",\"url\":\"https:\/\/vivadicas.com\/st2\/\",\"logo\":{\"@type\":\"ImageObject\",\"inLanguage\":\"pt-BR\",\"@id\":\"https:\/\/vivadicas.com\/st2\/#\/schema\/logo\/image\/\",\"url\":\"https:\/\/vivadicas.com\/st2\/wp-content\/uploads\/2025\/06\/ChatGPT-Image-24-de-jun.-de-2025-10_39_16-683x1024.png\",\"contentUrl\":\"https:\/\/vivadicas.com\/st2\/wp-content\/uploads\/2025\/06\/ChatGPT-Image-24-de-jun.-de-2025-10_39_16-683x1024.png\",\"width\":683,\"height\":1024,\"caption\":\"TrendsBrasil\"},\"image\":{\"@id\":\"https:\/\/vivadicas.com\/st2\/#\/schema\/logo\/image\/\"}},{\"@type\":\"Person\",\"@id\":\"https:\/\/vivadicas.com\/st2\/#\/schema\/person\/f8432157bb5752f84d3a30f1c7388a16\",\"name\":\"st2vivadicas\",\"image\":{\"@type\":\"ImageObject\",\"inLanguage\":\"pt-BR\",\"@id\":\"https:\/\/vivadicas.com\/st2\/#\/schema\/person\/image\/\",\"url\":\"https:\/\/secure.gravatar.com\/avatar\/9bb04fcca59036779222f5f2d61adc27b9b487cc07bc4064b27fa7e0a1e23e1a?s=96&d=mm&r=g\",\"contentUrl\":\"https:\/\/secure.gravatar.com\/avatar\/9bb04fcca59036779222f5f2d61adc27b9b487cc07bc4064b27fa7e0a1e23e1a?s=96&d=mm&r=g\",\"caption\":\"st2vivadicas\"},\"sameAs\":[\"https:\/\/vivadicas.com\/st2\"],\"url\":\"https:\/\/vivadicas.com\/st2\/author\/st2vivadicas\/\"}]}<\/script>\n<!-- \/ Yoast SEO plugin. -->","yoast_head_json":{"title":"Clima e Previs\u00e3o do Tempo para 15 Dias em Manaus (AM) - WordPulseTrends com","robots":{"index":"index","follow":"follow","max-snippet":"max-snippet:-1","max-image-preview":"max-image-preview:large","max-video-preview":"max-video-preview:-1"},"canonical":"https:\/\/vivadicas.com\/st2\/blog\/clima-e-previsao-do-tempo-para-15-dias-em-manaus-am\/14886\/","og_locale":"pt_BR","og_type":"article","og_title":"Clima e Previs\u00e3o do Tempo para 15 Dias em Manaus (AM) - WordPulseTrends com","og_description":"Saiba tudo sobre a previs\u00e3o do tempo em Manaus nos pr\u00f3ximos dias.","og_url":"https:\/\/vivadicas.com\/st2\/blog\/clima-e-previsao-do-tempo-para-15-dias-em-manaus-am\/14886\/","og_site_name":"WordPulseTrends com","article_published_time":"2025-09-23T10:01:52+00:00","author":"st2vivadicas","twitter_card":"summary_large_image","twitter_misc":{"Escrito por":"st2vivadicas","Est. tempo de leitura":"4 minutos"},"schema":{"@context":"https:\/\/schema.org","@graph":[{"@type":"Article","@id":"https:\/\/vivadicas.com\/st2\/blog\/clima-e-previsao-do-tempo-para-15-dias-em-manaus-am\/14886\/#article","isPartOf":{"@id":"https:\/\/vivadicas.com\/st2\/blog\/clima-e-previsao-do-tempo-para-15-dias-em-manaus-am\/14886\/"},"author":{"name":"st2vivadicas","@id":"https:\/\/vivadicas.com\/st2\/#\/schema\/person\/f8432157bb5752f84d3a30f1c7388a16"},"headline":"Clima e Previs\u00e3o do Tempo para 15 Dias em Manaus (AM)","datePublished":"2025-09-23T10:01:52+00:00","mainEntityOfPage":{"@id":"https:\/\/vivadicas.com\/st2\/blog\/clima-e-previsao-do-tempo-para-15-dias-em-manaus-am\/14886\/"},"wordCount":806,"commentCount":0,"publisher":{"@id":"https:\/\/vivadicas.com\/st2\/#organization"},"articleSection":["Blog"],"inLanguage":"pt-BR","potentialAction":[{"@type":"CommentAction","name":"Comment","target":["https:\/\/vivadicas.com\/st2\/blog\/clima-e-previsao-do-tempo-para-15-dias-em-manaus-am\/14886\/#respond"]}]},{"@type":"WebPage","@id":"https:\/\/vivadicas.com\/st2\/blog\/clima-e-previsao-do-tempo-para-15-dias-em-manaus-am\/14886\/","url":"https:\/\/vivadicas.com\/st2\/blog\/clima-e-previsao-do-tempo-para-15-dias-em-manaus-am\/14886\/","name":"Clima e Previs\u00e3o do Tempo para 15 Dias em Manaus (AM) - WordPulseTrends com","isPartOf":{"@id":"https:\/\/vivadicas.com\/st2\/#website"},"datePublished":"2025-09-23T10:01:52+00:00","breadcrumb":{"@id":"https:\/\/vivadicas.com\/st2\/blog\/clima-e-previsao-do-tempo-para-15-dias-em-manaus-am\/14886\/#breadcrumb"},"inLanguage":"pt-BR","potentialAction":[{"@type":"ReadAction","target":["https:\/\/vivadicas.com\/st2\/blog\/clima-e-previsao-do-tempo-para-15-dias-em-manaus-am\/14886\/"]}]},{"@type":"BreadcrumbList","@id":"https:\/\/vivadicas.com\/st2\/blog\/clima-e-previsao-do-tempo-para-15-dias-em-manaus-am\/14886\/#breadcrumb","itemListElement":[{"@type":"ListItem","position":1,"name":"In\u00edcio","item":"https:\/\/vivadicas.com\/st2\/"},{"@type":"ListItem","position":2,"name":"Clima e Previs\u00e3o do Tempo para 15 Dias em Manaus (AM)"}]},{"@type":"WebSite","@id":"https:\/\/vivadicas.com\/st2\/#website","url":"https:\/\/vivadicas.com\/st2\/","name":"TrendsBrasil","description":"Stay updated with trending topics, viral news, hot updates, breaking headlines, global trends, and real-time content. Discover what\u2019s going viral now and follow the most talked-about stories across the web, social media, and news platforms!","publisher":{"@id":"https:\/\/vivadicas.com\/st2\/#organization"},"potentialAction":[{"@type":"SearchAction","target":{"@type":"EntryPoint","urlTemplate":"https:\/\/vivadicas.com\/st2\/?s={search_term_string}"},"query-input":{"@type":"PropertyValueSpecification","valueRequired":true,"valueName":"search_term_string"}}],"inLanguage":"pt-BR"},{"@type":"Organization","@id":"https:\/\/vivadicas.com\/st2\/#organization","name":"TrendsBrasil","url":"https:\/\/vivadicas.com\/st2\/","logo":{"@type":"ImageObject","inLanguage":"pt-BR","@id":"https:\/\/vivadicas.com\/st2\/#\/schema\/logo\/image\/","url":"https:\/\/vivadicas.com\/st2\/wp-content\/uploads\/2025\/06\/ChatGPT-Image-24-de-jun.-de-2025-10_39_16-683x1024.png","contentUrl":"https:\/\/vivadicas.com\/st2\/wp-content\/uploads\/2025\/06\/ChatGPT-Image-24-de-jun.-de-2025-10_39_16-683x1024.png","width":683,"height":1024,"caption":"TrendsBrasil"},"image":{"@id":"https:\/\/vivadicas.com\/st2\/#\/schema\/logo\/image\/"}},{"@type":"Person","@id":"https:\/\/vivadicas.com\/st2\/#\/schema\/person\/f8432157bb5752f84d3a30f1c7388a16","name":"st2vivadicas","image":{"@type":"ImageObject","inLanguage":"pt-BR","@id":"https:\/\/vivadicas.com\/st2\/#\/schema\/person\/image\/","url":"https:\/\/secure.gravatar.com\/avatar\/9bb04fcca59036779222f5f2d61adc27b9b487cc07bc4064b27fa7e0a1e23e1a?s=96&d=mm&r=g","contentUrl":"https:\/\/secure.gravatar.com\/avatar\/9bb04fcca59036779222f5f2d61adc27b9b487cc07bc4064b27fa7e0a1e23e1a?s=96&d=mm&r=g","caption":"st2vivadicas"},"sameAs":["https:\/\/vivadicas.com\/st2"],"url":"https:\/\/vivadicas.com\/st2\/author\/st2vivadicas\/"}]}},"_links":{"self":[{"href":"https:\/\/vivadicas.com\/st2\/wp-json\/wp\/v2\/posts\/14886","targetHints":{"allow":["GET"]}}],"collection":[{"href":"https:\/\/vivadicas.com\/st2\/wp-json\/wp\/v2\/posts"}],"about":[{"href":"https:\/\/vivadicas.com\/st2\/wp-json\/wp\/v2\/types\/post"}],"author":[{"embeddable":true,"href":"https:\/\/vivadicas.com\/st2\/wp-json\/wp\/v2\/users\/1"}],"replies":[{"embeddable":true,"href":"https:\/\/vivadicas.com\/st2\/wp-json\/wp\/v2\/comments?post=14886"}],"version-history":[{"count":0,"href":"https:\/\/vivadicas.com\/st2\/wp-json\/wp\/v2\/posts\/14886\/revisions"}],"wp:attachment":[{"href":"https:\/\/vivadicas.com\/st2\/wp-json\/wp\/v2\/media?parent=14886"}],"wp:term":[{"taxonomy":"category","embeddable":true,"href":"https:\/\/vivadicas.com\/st2\/wp-json\/wp\/v2\/categories?post=14886"},{"taxonomy":"post_tag","embeddable":true,"href":"https:\/\/vivadicas.com\/st2\/wp-json\/wp\/v2\/tags?post=14886"}],"curies":[{"name":"wp","href":"https:\/\/api.w.org\/{rel}","templated":true}]}}