{"id":15190,"date":"2025-10-16T23:00:53","date_gmt":"2025-10-17T02:00:53","guid":{"rendered":"https:\/\/vivadicas.com\/st2\/blog\/quem-esta-no-presidio-de-tremembe-a-serie-que-impacta-o-brasil\/15190\/"},"modified":"2025-10-16T23:00:53","modified_gmt":"2025-10-17T02:00:53","slug":"quem-esta-no-presidio-de-tremembe-a-serie-que-impacta-o-brasil","status":"publish","type":"post","link":"https:\/\/vivadicas.com\/st2\/blog\/quem-esta-no-presidio-de-tremembe-a-serie-que-impacta-o-brasil\/15190\/","title":{"rendered":"Quem est\u00e1 no pres\u00eddio de Trememb\u00e9? A s\u00e9rie que impacta o Brasil"},"content":{"rendered":"<p>A s\u00e9rie &#8216;Trememb\u00e9&#8217;, que estreou recentemente, provoca reflex\u00f5es sobre a realidade do sistema prisional brasileiro. Com uma narrativa envolvente e personagens complexos, a produ\u00e7\u00e3o tem atra\u00eddo a aten\u00e7\u00e3o do p\u00fablico por sua abordagem crua e direta das vidas de quem vive atr\u00e1s das grades. O pres\u00eddio de Trememb\u00e9, localizado no interior de S\u00e3o Paulo, \u00e9 conhecido por abrigar alguns dos criminosos mais perigosos do pa\u00eds. Este artigo busca explorar n\u00e3o apenas os personagens da s\u00e9rie, mas tamb\u00e9m o contexto social e hist\u00f3rico que envolve essa institui\u00e7\u00e3o penal.<\/p>\n<h2>A hist\u00f3ria do pres\u00eddio de Trememb\u00e9<\/h2>\n<p>O pres\u00eddio de Trememb\u00e9 foi inaugurado em 2006 e rapidamente se destacou por sua superlota\u00e7\u00e3o e pelas condi\u00e7\u00f5es prec\u00e1rias enfrentadas pelos detentos. Localizado na cidade de Trememb\u00e9, a cerca de 150 km da capital paulista, essa unidade prisional \u00e9 parte do Complexo Penitenci\u00e1rio de Taubat\u00e9. Em seus pavilh\u00f5es, encontram-se detentos com diversos perfis, incluindo aqueles condenados por crimes violentos, como homic\u00eddios e assaltos armados. A estrutura f\u00edsica da pris\u00e3o j\u00e1 enfrentou diversas cr\u00edticas ao longo dos anos por conta das condi\u00e7\u00f5es insalubres e pela falta de recursos para reabilita\u00e7\u00e3o dos presos.<\/p>\n<p>Al\u00e9m disso, o pres\u00eddio \u00e9 conhecido por ter um sistema r\u00edgido de seguran\u00e7a e disciplina, onde as fac\u00e7\u00f5es criminosas exercem influ\u00eancia significativa nas rotinas di\u00e1rias. Essa realidade reflete um dos principais problemas do sistema penal brasileiro: a luta pelo poder entre as fac\u00e7\u00f5es dentro das penitenci\u00e1rias. Essas din\u00e2micas s\u00e3o abordadas na s\u00e9rie &#8216;Trememb\u00e9&#8217;, que apresenta os desafios enfrentados pelos apenados em um ambiente hostil e competitivo.<\/p>\n<h2>Os personagens da s\u00e9rie<\/h2>\n<p>&#8216;Trememb\u00e9&#8217; apresenta uma gama diversificada de personagens que representam diferentes realidades dentro do sistema prisional. Entre eles est\u00e3o l\u00edderes de fac\u00e7\u00f5es que disputam territ\u00f3rio e poder; jovens que cometem crimes impulsivamente; e detentos mais velhos que refletem sobre suas vidas e arrependimentos. Cada personagem traz \u00e0 tona quest\u00f5es importantes sobre a criminalidade, a marginaliza\u00e7\u00e3o social e as consequ\u00eancias das escolhas feitas na vida.<\/p>\n<p>Um dos protagonistas da s\u00e9rie \u00e9 um jovem que se v\u00ea preso sem saber exatamente como chegou ali. Sua trajet\u00f3ria demonstra como a vulnerabilidade social pode levar \u00e0 criminaliza\u00e7\u00e3o prematura. Outro personagem central \u00e9 um l\u00edder de uma fac\u00e7\u00e3o criminosa, cuja hist\u00f3ria revela os dilemas morais enfrentados em um ambiente onde a sobreviv\u00eancia \u00e9 muitas vezes priorizada em detrimento da \u00e9tica. A complexidade desses personagens enriquece a narrativa, trazendo empatia ao espectador em rela\u00e7\u00e3o \u00e0s suas lutas individuais.<\/p>\n<h2>A recep\u00e7\u00e3o cr\u00edtica da s\u00e9rie<\/h2>\n<p>A recep\u00e7\u00e3o cr\u00edtica de &#8216;Trememb\u00e9&#8217; tem sido majoritariamente positiva, com muitos elogiando sua coragem em abordar temas delicados e relevantes na sociedade brasileira contempor\u00e2nea. Cr\u00edticos apontam que a s\u00e9rie n\u00e3o apenas entret\u00e9m, mas tamb\u00e9m educa o p\u00fablico sobre as realidades brutais enfrentadas pelos detentos no sistema prisional nacional. Ao retratar as hist\u00f3rias humanas por tr\u00e1s das grades, &#8216;Trememb\u00e9&#8217; provoca discuss\u00f5es necess\u00e1rias sobre justi\u00e7a criminal, reabilita\u00e7\u00e3o e pol\u00edticas p\u00fablicas voltadas para a preven\u00e7\u00e3o do crime.<\/p>\n<p>Al\u00e9m disso, muitos espectadores destacaram a qualidade da produ\u00e7\u00e3o cinematogr\u00e1fica, desde a atua\u00e7\u00e3o at\u00e9 os aspectos t\u00e9cnicos da dire\u00e7\u00e3o e fotografia. Os roteiros bem elaborados conseguem equilibrar momentos tensos com toques sutis de humor e humanidade, tornando-a acess\u00edvel para um p\u00fablico amplo. Essa combina\u00e7\u00e3o tem sido fundamental para atrair tanto cr\u00edticos quanto amantes da arte cinematogr\u00e1fica.<\/p>\n<h2>O impacto cultural da s\u00e9rie<\/h2>\n<p>&#8216;Trememb\u00e9&#8217; n\u00e3o se limita apenas ao entretenimento; seu impacto cultural ressoa fortemente fora das telas. As discuss\u00f5es geradas pela s\u00e9rie t\u00eam incentivado debates sobre reformas no sistema penal brasileiro e levantado quest\u00f5es sobre inclus\u00e3o social e oportunidades para os jovens em risco. Atrav\u00e9s de suas narrativas pungentes, a s\u00e9rie instiga um olhar mais cr\u00edtico sobre as pol\u00edticas p\u00fablicas relacionadas \u00e0 criminalidade e \u00e0 reabilita\u00e7\u00e3o de infratores.<\/p>\n<p>Al\u00e9m disso, &#8216;Trememb\u00e9&#8217; abre espa\u00e7o para di\u00e1logos entre diferentes setores da sociedade \u2014 governantes, ONGs focadas no direito dos presos e o p\u00fablico em geral \u2014 sobre como transformar o sistema carcer\u00e1rio em algo mais humano e eficaz na reintegra\u00e7\u00e3o social dos ex-detentos. O sucesso da s\u00e9rie demonstra que h\u00e1 uma demanda crescente por produ\u00e7\u00f5es que abordem temas sociais relevantes com sensibilidade e profundidade.<\/p>\n<p>Em suma, &#8216;Trememb\u00e9&#8217; n\u00e3o \u00e9 apenas uma s\u00e9rie dramatizada sobre o cotidiano dentro das pris\u00f5es brasileiras; \u00e9 uma poderosa ferramenta para reflex\u00e3o social que potencializa vozes muitas vezes silenciadas pela sociedade contempor\u00e2nea. Com personagens ricos em nuances psicol\u00f3gicas e quest\u00f5es sociais urgentes sendo colocadas em pauta, a produ\u00e7\u00e3o promete continuar gerando debate enquanto entretem o p\u00fablico brasileiro.<\/p>\n","protected":false},"excerpt":{"rendered":"<p>Descubra os intrigantes personagens da s\u00e9rie &#8216;Trememb\u00e9&#8217; e seu impacto social.<\/p>\n","protected":false},"author":1,"featured_media":0,"comment_status":"open","ping_status":"open","sticky":false,"template":"","format":"standard","meta":{"footnotes":""},"categories":[1],"tags":[],"class_list":["post-15190","post","type-post","status-publish","format-standard","hentry","category-blog"],"yoast_head":"<!-- This site is optimized with the Yoast SEO plugin v25.3.1 - https:\/\/yoast.com\/wordpress\/plugins\/seo\/ -->\n<title>Quem est\u00e1 no pres\u00eddio de Trememb\u00e9? A s\u00e9rie que impacta o Brasil - WordPulseTrends com<\/title>\n<meta name=\"robots\" content=\"index, follow, max-snippet:-1, max-image-preview:large, max-video-preview:-1\" \/>\n<link rel=\"canonical\" href=\"https:\/\/vivadicas.com\/st2\/blog\/quem-esta-no-presidio-de-tremembe-a-serie-que-impacta-o-brasil\/15190\/\" \/>\n<meta property=\"og:locale\" content=\"pt_BR\" \/>\n<meta property=\"og:type\" content=\"article\" \/>\n<meta property=\"og:title\" content=\"Quem est\u00e1 no pres\u00eddio de Trememb\u00e9? A s\u00e9rie que impacta o Brasil - WordPulseTrends com\" \/>\n<meta property=\"og:description\" content=\"Descubra os intrigantes personagens da s\u00e9rie &#039;Trememb\u00e9&#039; e seu impacto social.\" \/>\n<meta property=\"og:url\" content=\"https:\/\/vivadicas.com\/st2\/blog\/quem-esta-no-presidio-de-tremembe-a-serie-que-impacta-o-brasil\/15190\/\" \/>\n<meta property=\"og:site_name\" content=\"WordPulseTrends com\" \/>\n<meta property=\"article:published_time\" content=\"2025-10-17T02:00:53+00:00\" \/>\n<meta name=\"author\" content=\"st2vivadicas\" \/>\n<meta name=\"twitter:card\" content=\"summary_large_image\" \/>\n<meta name=\"twitter:label1\" content=\"Escrito por\" \/>\n\t<meta name=\"twitter:data1\" content=\"st2vivadicas\" \/>\n\t<meta name=\"twitter:label2\" content=\"Est. tempo de leitura\" \/>\n\t<meta name=\"twitter:data2\" content=\"4 minutos\" \/>\n<script type=\"application\/ld+json\" class=\"yoast-schema-graph\">{\"@context\":\"https:\/\/schema.org\",\"@graph\":[{\"@type\":\"Article\",\"@id\":\"https:\/\/vivadicas.com\/st2\/blog\/quem-esta-no-presidio-de-tremembe-a-serie-que-impacta-o-brasil\/15190\/#article\",\"isPartOf\":{\"@id\":\"https:\/\/vivadicas.com\/st2\/blog\/quem-esta-no-presidio-de-tremembe-a-serie-que-impacta-o-brasil\/15190\/\"},\"author\":{\"name\":\"st2vivadicas\",\"@id\":\"https:\/\/vivadicas.com\/st2\/#\/schema\/person\/f8432157bb5752f84d3a30f1c7388a16\"},\"headline\":\"Quem est\u00e1 no pres\u00eddio de Trememb\u00e9? A s\u00e9rie que impacta o Brasil\",\"datePublished\":\"2025-10-17T02:00:53+00:00\",\"mainEntityOfPage\":{\"@id\":\"https:\/\/vivadicas.com\/st2\/blog\/quem-esta-no-presidio-de-tremembe-a-serie-que-impacta-o-brasil\/15190\/\"},\"wordCount\":839,\"commentCount\":0,\"publisher\":{\"@id\":\"https:\/\/vivadicas.com\/st2\/#organization\"},\"articleSection\":[\"Blog\"],\"inLanguage\":\"pt-BR\",\"potentialAction\":[{\"@type\":\"CommentAction\",\"name\":\"Comment\",\"target\":[\"https:\/\/vivadicas.com\/st2\/blog\/quem-esta-no-presidio-de-tremembe-a-serie-que-impacta-o-brasil\/15190\/#respond\"]}]},{\"@type\":\"WebPage\",\"@id\":\"https:\/\/vivadicas.com\/st2\/blog\/quem-esta-no-presidio-de-tremembe-a-serie-que-impacta-o-brasil\/15190\/\",\"url\":\"https:\/\/vivadicas.com\/st2\/blog\/quem-esta-no-presidio-de-tremembe-a-serie-que-impacta-o-brasil\/15190\/\",\"name\":\"Quem est\u00e1 no pres\u00eddio de Trememb\u00e9? A s\u00e9rie que impacta o Brasil - WordPulseTrends com\",\"isPartOf\":{\"@id\":\"https:\/\/vivadicas.com\/st2\/#website\"},\"datePublished\":\"2025-10-17T02:00:53+00:00\",\"breadcrumb\":{\"@id\":\"https:\/\/vivadicas.com\/st2\/blog\/quem-esta-no-presidio-de-tremembe-a-serie-que-impacta-o-brasil\/15190\/#breadcrumb\"},\"inLanguage\":\"pt-BR\",\"potentialAction\":[{\"@type\":\"ReadAction\",\"target\":[\"https:\/\/vivadicas.com\/st2\/blog\/quem-esta-no-presidio-de-tremembe-a-serie-que-impacta-o-brasil\/15190\/\"]}]},{\"@type\":\"BreadcrumbList\",\"@id\":\"https:\/\/vivadicas.com\/st2\/blog\/quem-esta-no-presidio-de-tremembe-a-serie-que-impacta-o-brasil\/15190\/#breadcrumb\",\"itemListElement\":[{\"@type\":\"ListItem\",\"position\":1,\"name\":\"In\u00edcio\",\"item\":\"https:\/\/vivadicas.com\/st2\/\"},{\"@type\":\"ListItem\",\"position\":2,\"name\":\"Quem est\u00e1 no pres\u00eddio de Trememb\u00e9? A s\u00e9rie que impacta o Brasil\"}]},{\"@type\":\"WebSite\",\"@id\":\"https:\/\/vivadicas.com\/st2\/#website\",\"url\":\"https:\/\/vivadicas.com\/st2\/\",\"name\":\"TrendsBrasil\",\"description\":\"Stay updated with trending topics, viral news, hot updates, breaking headlines, global trends, and real-time content. Discover what\u2019s going viral now and follow the most talked-about stories across the web, social media, and news platforms!\",\"publisher\":{\"@id\":\"https:\/\/vivadicas.com\/st2\/#organization\"},\"potentialAction\":[{\"@type\":\"SearchAction\",\"target\":{\"@type\":\"EntryPoint\",\"urlTemplate\":\"https:\/\/vivadicas.com\/st2\/?s={search_term_string}\"},\"query-input\":{\"@type\":\"PropertyValueSpecification\",\"valueRequired\":true,\"valueName\":\"search_term_string\"}}],\"inLanguage\":\"pt-BR\"},{\"@type\":\"Organization\",\"@id\":\"https:\/\/vivadicas.com\/st2\/#organization\",\"name\":\"TrendsBrasil\",\"url\":\"https:\/\/vivadicas.com\/st2\/\",\"logo\":{\"@type\":\"ImageObject\",\"inLanguage\":\"pt-BR\",\"@id\":\"https:\/\/vivadicas.com\/st2\/#\/schema\/logo\/image\/\",\"url\":\"https:\/\/vivadicas.com\/st2\/wp-content\/uploads\/2025\/06\/ChatGPT-Image-24-de-jun.-de-2025-10_39_16-683x1024.png\",\"contentUrl\":\"https:\/\/vivadicas.com\/st2\/wp-content\/uploads\/2025\/06\/ChatGPT-Image-24-de-jun.-de-2025-10_39_16-683x1024.png\",\"width\":683,\"height\":1024,\"caption\":\"TrendsBrasil\"},\"image\":{\"@id\":\"https:\/\/vivadicas.com\/st2\/#\/schema\/logo\/image\/\"}},{\"@type\":\"Person\",\"@id\":\"https:\/\/vivadicas.com\/st2\/#\/schema\/person\/f8432157bb5752f84d3a30f1c7388a16\",\"name\":\"st2vivadicas\",\"image\":{\"@type\":\"ImageObject\",\"inLanguage\":\"pt-BR\",\"@id\":\"https:\/\/vivadicas.com\/st2\/#\/schema\/person\/image\/\",\"url\":\"https:\/\/secure.gravatar.com\/avatar\/9bb04fcca59036779222f5f2d61adc27b9b487cc07bc4064b27fa7e0a1e23e1a?s=96&d=mm&r=g\",\"contentUrl\":\"https:\/\/secure.gravatar.com\/avatar\/9bb04fcca59036779222f5f2d61adc27b9b487cc07bc4064b27fa7e0a1e23e1a?s=96&d=mm&r=g\",\"caption\":\"st2vivadicas\"},\"sameAs\":[\"https:\/\/vivadicas.com\/st2\"],\"url\":\"https:\/\/vivadicas.com\/st2\/author\/st2vivadicas\/\"}]}<\/script>\n<!-- \/ Yoast SEO plugin. -->","yoast_head_json":{"title":"Quem est\u00e1 no pres\u00eddio de Trememb\u00e9? A s\u00e9rie que impacta o Brasil - WordPulseTrends com","robots":{"index":"index","follow":"follow","max-snippet":"max-snippet:-1","max-image-preview":"max-image-preview:large","max-video-preview":"max-video-preview:-1"},"canonical":"https:\/\/vivadicas.com\/st2\/blog\/quem-esta-no-presidio-de-tremembe-a-serie-que-impacta-o-brasil\/15190\/","og_locale":"pt_BR","og_type":"article","og_title":"Quem est\u00e1 no pres\u00eddio de Trememb\u00e9? A s\u00e9rie que impacta o Brasil - WordPulseTrends com","og_description":"Descubra os intrigantes personagens da s\u00e9rie 'Trememb\u00e9' e seu impacto social.","og_url":"https:\/\/vivadicas.com\/st2\/blog\/quem-esta-no-presidio-de-tremembe-a-serie-que-impacta-o-brasil\/15190\/","og_site_name":"WordPulseTrends com","article_published_time":"2025-10-17T02:00:53+00:00","author":"st2vivadicas","twitter_card":"summary_large_image","twitter_misc":{"Escrito por":"st2vivadicas","Est. tempo de leitura":"4 minutos"},"schema":{"@context":"https:\/\/schema.org","@graph":[{"@type":"Article","@id":"https:\/\/vivadicas.com\/st2\/blog\/quem-esta-no-presidio-de-tremembe-a-serie-que-impacta-o-brasil\/15190\/#article","isPartOf":{"@id":"https:\/\/vivadicas.com\/st2\/blog\/quem-esta-no-presidio-de-tremembe-a-serie-que-impacta-o-brasil\/15190\/"},"author":{"name":"st2vivadicas","@id":"https:\/\/vivadicas.com\/st2\/#\/schema\/person\/f8432157bb5752f84d3a30f1c7388a16"},"headline":"Quem est\u00e1 no pres\u00eddio de Trememb\u00e9? A s\u00e9rie que impacta o Brasil","datePublished":"2025-10-17T02:00:53+00:00","mainEntityOfPage":{"@id":"https:\/\/vivadicas.com\/st2\/blog\/quem-esta-no-presidio-de-tremembe-a-serie-que-impacta-o-brasil\/15190\/"},"wordCount":839,"commentCount":0,"publisher":{"@id":"https:\/\/vivadicas.com\/st2\/#organization"},"articleSection":["Blog"],"inLanguage":"pt-BR","potentialAction":[{"@type":"CommentAction","name":"Comment","target":["https:\/\/vivadicas.com\/st2\/blog\/quem-esta-no-presidio-de-tremembe-a-serie-que-impacta-o-brasil\/15190\/#respond"]}]},{"@type":"WebPage","@id":"https:\/\/vivadicas.com\/st2\/blog\/quem-esta-no-presidio-de-tremembe-a-serie-que-impacta-o-brasil\/15190\/","url":"https:\/\/vivadicas.com\/st2\/blog\/quem-esta-no-presidio-de-tremembe-a-serie-que-impacta-o-brasil\/15190\/","name":"Quem est\u00e1 no pres\u00eddio de Trememb\u00e9? A s\u00e9rie que impacta o Brasil - WordPulseTrends com","isPartOf":{"@id":"https:\/\/vivadicas.com\/st2\/#website"},"datePublished":"2025-10-17T02:00:53+00:00","breadcrumb":{"@id":"https:\/\/vivadicas.com\/st2\/blog\/quem-esta-no-presidio-de-tremembe-a-serie-que-impacta-o-brasil\/15190\/#breadcrumb"},"inLanguage":"pt-BR","potentialAction":[{"@type":"ReadAction","target":["https:\/\/vivadicas.com\/st2\/blog\/quem-esta-no-presidio-de-tremembe-a-serie-que-impacta-o-brasil\/15190\/"]}]},{"@type":"BreadcrumbList","@id":"https:\/\/vivadicas.com\/st2\/blog\/quem-esta-no-presidio-de-tremembe-a-serie-que-impacta-o-brasil\/15190\/#breadcrumb","itemListElement":[{"@type":"ListItem","position":1,"name":"In\u00edcio","item":"https:\/\/vivadicas.com\/st2\/"},{"@type":"ListItem","position":2,"name":"Quem est\u00e1 no pres\u00eddio de Trememb\u00e9? A s\u00e9rie que impacta o Brasil"}]},{"@type":"WebSite","@id":"https:\/\/vivadicas.com\/st2\/#website","url":"https:\/\/vivadicas.com\/st2\/","name":"TrendsBrasil","description":"Stay updated with trending topics, viral news, hot updates, breaking headlines, global trends, and real-time content. Discover what\u2019s going viral now and follow the most talked-about stories across the web, social media, and news platforms!","publisher":{"@id":"https:\/\/vivadicas.com\/st2\/#organization"},"potentialAction":[{"@type":"SearchAction","target":{"@type":"EntryPoint","urlTemplate":"https:\/\/vivadicas.com\/st2\/?s={search_term_string}"},"query-input":{"@type":"PropertyValueSpecification","valueRequired":true,"valueName":"search_term_string"}}],"inLanguage":"pt-BR"},{"@type":"Organization","@id":"https:\/\/vivadicas.com\/st2\/#organization","name":"TrendsBrasil","url":"https:\/\/vivadicas.com\/st2\/","logo":{"@type":"ImageObject","inLanguage":"pt-BR","@id":"https:\/\/vivadicas.com\/st2\/#\/schema\/logo\/image\/","url":"https:\/\/vivadicas.com\/st2\/wp-content\/uploads\/2025\/06\/ChatGPT-Image-24-de-jun.-de-2025-10_39_16-683x1024.png","contentUrl":"https:\/\/vivadicas.com\/st2\/wp-content\/uploads\/2025\/06\/ChatGPT-Image-24-de-jun.-de-2025-10_39_16-683x1024.png","width":683,"height":1024,"caption":"TrendsBrasil"},"image":{"@id":"https:\/\/vivadicas.com\/st2\/#\/schema\/logo\/image\/"}},{"@type":"Person","@id":"https:\/\/vivadicas.com\/st2\/#\/schema\/person\/f8432157bb5752f84d3a30f1c7388a16","name":"st2vivadicas","image":{"@type":"ImageObject","inLanguage":"pt-BR","@id":"https:\/\/vivadicas.com\/st2\/#\/schema\/person\/image\/","url":"https:\/\/secure.gravatar.com\/avatar\/9bb04fcca59036779222f5f2d61adc27b9b487cc07bc4064b27fa7e0a1e23e1a?s=96&d=mm&r=g","contentUrl":"https:\/\/secure.gravatar.com\/avatar\/9bb04fcca59036779222f5f2d61adc27b9b487cc07bc4064b27fa7e0a1e23e1a?s=96&d=mm&r=g","caption":"st2vivadicas"},"sameAs":["https:\/\/vivadicas.com\/st2"],"url":"https:\/\/vivadicas.com\/st2\/author\/st2vivadicas\/"}]}},"_links":{"self":[{"href":"https:\/\/vivadicas.com\/st2\/wp-json\/wp\/v2\/posts\/15190","targetHints":{"allow":["GET"]}}],"collection":[{"href":"https:\/\/vivadicas.com\/st2\/wp-json\/wp\/v2\/posts"}],"about":[{"href":"https:\/\/vivadicas.com\/st2\/wp-json\/wp\/v2\/types\/post"}],"author":[{"embeddable":true,"href":"https:\/\/vivadicas.com\/st2\/wp-json\/wp\/v2\/users\/1"}],"replies":[{"embeddable":true,"href":"https:\/\/vivadicas.com\/st2\/wp-json\/wp\/v2\/comments?post=15190"}],"version-history":[{"count":0,"href":"https:\/\/vivadicas.com\/st2\/wp-json\/wp\/v2\/posts\/15190\/revisions"}],"wp:attachment":[{"href":"https:\/\/vivadicas.com\/st2\/wp-json\/wp\/v2\/media?parent=15190"}],"wp:term":[{"taxonomy":"category","embeddable":true,"href":"https:\/\/vivadicas.com\/st2\/wp-json\/wp\/v2\/categories?post=15190"},{"taxonomy":"post_tag","embeddable":true,"href":"https:\/\/vivadicas.com\/st2\/wp-json\/wp\/v2\/tags?post=15190"}],"curies":[{"name":"wp","href":"https:\/\/api.w.org\/{rel}","templated":true}]}}