{"id":15440,"date":"2025-11-12T13:58:30","date_gmt":"2025-11-12T16:58:30","guid":{"rendered":"https:\/\/vivadicas.com\/st2\/blog\/titulo-o-legado-polemico-de-epstein-e-suas-implicacoes-sociais\/15440\/"},"modified":"2025-11-12T13:58:30","modified_gmt":"2025-11-12T16:58:30","slug":"titulo-o-legado-polemico-de-epstein-e-suas-implicacoes-sociais","status":"publish","type":"post","link":"https:\/\/vivadicas.com\/st2\/justica\/titulo-o-legado-polemico-de-epstein-e-suas-implicacoes-sociais\/15440\/","title":{"rendered":"T\u00edtulo: O legado pol\u00eamico de Epstein e suas implica\u00e7\u00f5es sociais"},"content":{"rendered":"<p>O caso Epstein continua a reverberar em diferentes esferas da sociedade. Jeffrey Epstein foi um financista americano, acusado de tr\u00e1fico sexual de menores. O impacto de Epstein ainda \u00e9 sentido em debates sobre abuso, poder e impunidade. Ao longo dos anos, o nome de Epstein se tornou sin\u00f4nimo de controv\u00e9rsia e injusti\u00e7a.<\/p>\n<p><h3>\ud83c\udfaf O que aconteceu com Epstein?<\/h3>\n<\/p>\n<p>Jeffrey Epstein foi preso em julho de 2019, ap\u00f3s novas acusa\u00e7\u00f5es de tr\u00e1fico sexual. Em agosto do mesmo ano, ele foi encontrado morto em sua cela. A morte foi considerada um suic\u00eddio, mas gerou muitas teorias da conspira\u00e7\u00e3o. Diversas figuras p\u00fablicas est\u00e3o ligadas a Epstein, o que aumentou o interesse pelo caso.<\/p>\n<p>As investiga\u00e7\u00f5es revelaram uma rede complexa de abuso, envolvendo v\u00e1rias mulheres e meninas. Muitas v\u00edtimas se apresentaram, expondo o sofrimento que enfrentaram. Epstein usou sua influ\u00eancia e riqueza para manipular e controlar suas v\u00edtimas. Isso levantou quest\u00f5es sobre como a sociedade lida com o poder e o abuso.<\/p>\n<p><h3>\ud83d\udcca Dados alarmantes sobre abuso sexual<\/h3>\n<\/p>\n<p>Estudos indicam que uma em cada quatro mulheres sofrer\u00e1 abuso sexual ao longo da vida. Isso coloca o caso Epstein em um contexto mais amplo, revelando uma epidemia de viol\u00eancia. Al\u00e9m disso, apenas uma pequena fra\u00e7\u00e3o dos casos \u00e9 denunciada. A hist\u00f3ria de Epstein destaca a necessidade de mais apoio e recursos para v\u00edtimas de abuso.<\/p>\n<p>As consequ\u00eancias sociais do caso Epstein s\u00e3o profundas. A cobertura da m\u00eddia e as discuss\u00f5es p\u00fablicas incentivaram um di\u00e1logo sobre a cultura do sil\u00eancio. Muitas v\u00edtimas encontraram coragem para falar e denunciar, o que \u00e9 um passo importante para a mudan\u00e7a.<\/p>\n<p><h3>\ud83d\udca1 O impacto na cultura e na sociedade<\/h3>\n<\/p>\n<p>O caso Epstein tamb\u00e9m provocou uma reflex\u00e3o sobre a normaliza\u00e7\u00e3o do abuso e a prote\u00e7\u00e3o de figuras poderosas. Muitas pessoas come\u00e7aram a questionar a forma como a sociedade trata essas quest\u00f5es. O movimento #MeToo ganhou for\u00e7a, com v\u00edtimas se unindo para exigir justi\u00e7a e accountability.<\/p>\n<p>As repercuss\u00f5es v\u00e3o al\u00e9m do caso individual. H\u00e1 um chamado para repensar o sistema de justi\u00e7a e garantir que crimes sexuais sejam tratados com a seriedade que merecem. O legado de Epstein pode se transformar em uma oportunidade de mudan\u00e7a cultural.<\/p>\n<p><h3>\ud83d\udd0d Analisando o legado de Epstein<\/h3>\n<\/p>\n<p>Com a sa\u00edda de novas informa\u00e7\u00f5es sobre o caso, especialistas analisam como a hist\u00f3ria de Epstein se entrela\u00e7a com quest\u00f5es mais amplas de desigualdade social. O modo como ele manipulou o sistema para escapar da justi\u00e7a \u00e9 um alerta sobre a fragilidade do mesmo.<\/p>\n<p>A an\u00e1lise cr\u00edtica do legado de Epstein \u00e9 crucial. \u00c9 necess\u00e1rio abordar as falhas que permitiram que ele agisse impunemente por tanto tempo. As discuss\u00f5es devem continuar para garantir que hist\u00f3rias como a de Epstein n\u00e3o se repitam.<\/p>\n<p>Gostou de saber mais sobre Epstein? Seus amigos tamb\u00e9m podem se interessar. <a href=\"https:\/\/www.addtoany.com\/share#url=https:\/\/ziontradeplatform.com\/test0625\/009_07.php?publish\" target=\"_blank\">Compartilhe<\/a> com eles agora mesmo.<\/p>\n","protected":false},"excerpt":{"rendered":"<p>O caso Epstein continua a reverberar em diferentes esferas da sociedade. Jeffrey Epstein foi um financista americano, acusado de tr\u00e1fico sexual de menores. O impacto de Epstein ainda \u00e9 sentido em debates sobre abuso, poder e impunidade. Ao longo dos anos, o nome de Epstein se tornou sin\u00f4nimo de controv\u00e9rsia e injusti\u00e7a. \ud83c\udfaf O que &#8230; <a title=\"T\u00edtulo: O legado pol\u00eamico de Epstein e suas implica\u00e7\u00f5es sociais\" class=\"read-more\" href=\"https:\/\/vivadicas.com\/st2\/justica\/titulo-o-legado-polemico-de-epstein-e-suas-implicacoes-sociais\/15440\/\" aria-label=\"Read more about T\u00edtulo: O legado pol\u00eamico de Epstein e suas implica\u00e7\u00f5es sociais\">Ler mais<\/a><\/p>\n","protected":false},"author":1,"featured_media":15439,"comment_status":"open","ping_status":"open","sticky":false,"template":"","format":"standard","meta":{"footnotes":""},"categories":[1253],"tags":[1298,224,4508,663,10935],"class_list":["post-15440","post","type-post","status-publish","format-standard","has-post-thumbnail","hentry","category-justica","tag-abuso-sexual","tag-cultura","tag-epstein","tag-justica","tag-movimento-metoo"],"yoast_head":"<!-- This site is optimized with the Yoast SEO plugin v25.3.1 - https:\/\/yoast.com\/wordpress\/plugins\/seo\/ -->\n<title>T\u00edtulo: O legado pol\u00eamico de Epstein e suas implica\u00e7\u00f5es sociais - WordPulseTrends com<\/title>\n<meta name=\"robots\" content=\"index, follow, max-snippet:-1, max-image-preview:large, max-video-preview:-1\" \/>\n<link rel=\"canonical\" href=\"https:\/\/vivadicas.com\/st2\/blog\/titulo-o-legado-polemico-de-epstein-e-suas-implicacoes-sociais\/15440\/\" \/>\n<meta property=\"og:locale\" content=\"pt_BR\" \/>\n<meta property=\"og:type\" content=\"article\" \/>\n<meta property=\"og:title\" content=\"T\u00edtulo: O legado pol\u00eamico de Epstein e suas implica\u00e7\u00f5es sociais - WordPulseTrends com\" \/>\n<meta property=\"og:description\" content=\"O caso Epstein continua a reverberar em diferentes esferas da sociedade. Jeffrey Epstein foi um financista americano, acusado de tr\u00e1fico sexual de menores. O impacto de Epstein ainda \u00e9 sentido em debates sobre abuso, poder e impunidade. Ao longo dos anos, o nome de Epstein se tornou sin\u00f4nimo de controv\u00e9rsia e injusti\u00e7a. \ud83c\udfaf O que ... Ler mais\" \/>\n<meta property=\"og:url\" content=\"https:\/\/vivadicas.com\/st2\/blog\/titulo-o-legado-polemico-de-epstein-e-suas-implicacoes-sociais\/15440\/\" \/>\n<meta property=\"og:site_name\" content=\"WordPulseTrends com\" \/>\n<meta property=\"article:published_time\" content=\"2025-11-12T16:58:30+00:00\" \/>\n<meta name=\"author\" content=\"st2vivadicas\" \/>\n<meta name=\"twitter:card\" content=\"summary_large_image\" \/>\n<meta name=\"twitter:label1\" content=\"Escrito por\" \/>\n\t<meta name=\"twitter:data1\" content=\"st2vivadicas\" \/>\n\t<meta name=\"twitter:label2\" content=\"Est. tempo de leitura\" \/>\n\t<meta name=\"twitter:data2\" content=\"3 minutos\" \/>\n<script type=\"application\/ld+json\" class=\"yoast-schema-graph\">{\"@context\":\"https:\/\/schema.org\",\"@graph\":[{\"@type\":\"Article\",\"@id\":\"https:\/\/vivadicas.com\/st2\/blog\/titulo-o-legado-polemico-de-epstein-e-suas-implicacoes-sociais\/15440\/#article\",\"isPartOf\":{\"@id\":\"https:\/\/vivadicas.com\/st2\/blog\/titulo-o-legado-polemico-de-epstein-e-suas-implicacoes-sociais\/15440\/\"},\"author\":{\"name\":\"st2vivadicas\",\"@id\":\"https:\/\/vivadicas.com\/st2\/#\/schema\/person\/f8432157bb5752f84d3a30f1c7388a16\"},\"headline\":\"T\u00edtulo: O legado pol\u00eamico de Epstein e suas implica\u00e7\u00f5es sociais\",\"datePublished\":\"2025-11-12T16:58:30+00:00\",\"mainEntityOfPage\":{\"@id\":\"https:\/\/vivadicas.com\/st2\/blog\/titulo-o-legado-polemico-de-epstein-e-suas-implicacoes-sociais\/15440\/\"},\"wordCount\":520,\"commentCount\":0,\"publisher\":{\"@id\":\"https:\/\/vivadicas.com\/st2\/#organization\"},\"image\":{\"@id\":\"https:\/\/vivadicas.com\/st2\/blog\/titulo-o-legado-polemico-de-epstein-e-suas-implicacoes-sociais\/15440\/#primaryimage\"},\"thumbnailUrl\":\"https:\/\/vivadicas.com\/st2\/wp-content\/uploads\/2025\/11\/ai_trend_1762966704_90a2743a.jpg\",\"keywords\":[\"abuso sexual\",\"cultura\",\"Epstein\",\"justi\u00e7a\",\"movimento #MeToo\"],\"articleSection\":[\"Justi\u00e7a\"],\"inLanguage\":\"pt-BR\",\"potentialAction\":[{\"@type\":\"CommentAction\",\"name\":\"Comment\",\"target\":[\"https:\/\/vivadicas.com\/st2\/blog\/titulo-o-legado-polemico-de-epstein-e-suas-implicacoes-sociais\/15440\/#respond\"]}]},{\"@type\":\"WebPage\",\"@id\":\"https:\/\/vivadicas.com\/st2\/blog\/titulo-o-legado-polemico-de-epstein-e-suas-implicacoes-sociais\/15440\/\",\"url\":\"https:\/\/vivadicas.com\/st2\/blog\/titulo-o-legado-polemico-de-epstein-e-suas-implicacoes-sociais\/15440\/\",\"name\":\"T\u00edtulo: O legado pol\u00eamico de Epstein e suas implica\u00e7\u00f5es sociais - WordPulseTrends com\",\"isPartOf\":{\"@id\":\"https:\/\/vivadicas.com\/st2\/#website\"},\"primaryImageOfPage\":{\"@id\":\"https:\/\/vivadicas.com\/st2\/blog\/titulo-o-legado-polemico-de-epstein-e-suas-implicacoes-sociais\/15440\/#primaryimage\"},\"image\":{\"@id\":\"https:\/\/vivadicas.com\/st2\/blog\/titulo-o-legado-polemico-de-epstein-e-suas-implicacoes-sociais\/15440\/#primaryimage\"},\"thumbnailUrl\":\"https:\/\/vivadicas.com\/st2\/wp-content\/uploads\/2025\/11\/ai_trend_1762966704_90a2743a.jpg\",\"datePublished\":\"2025-11-12T16:58:30+00:00\",\"breadcrumb\":{\"@id\":\"https:\/\/vivadicas.com\/st2\/blog\/titulo-o-legado-polemico-de-epstein-e-suas-implicacoes-sociais\/15440\/#breadcrumb\"},\"inLanguage\":\"pt-BR\",\"potentialAction\":[{\"@type\":\"ReadAction\",\"target\":[\"https:\/\/vivadicas.com\/st2\/blog\/titulo-o-legado-polemico-de-epstein-e-suas-implicacoes-sociais\/15440\/\"]}]},{\"@type\":\"ImageObject\",\"inLanguage\":\"pt-BR\",\"@id\":\"https:\/\/vivadicas.com\/st2\/blog\/titulo-o-legado-polemico-de-epstein-e-suas-implicacoes-sociais\/15440\/#primaryimage\",\"url\":\"https:\/\/vivadicas.com\/st2\/wp-content\/uploads\/2025\/11\/ai_trend_1762966704_90a2743a.jpg\",\"contentUrl\":\"https:\/\/vivadicas.com\/st2\/wp-content\/uploads\/2025\/11\/ai_trend_1762966704_90a2743a.jpg\",\"width\":1200,\"height\":630},{\"@type\":\"BreadcrumbList\",\"@id\":\"https:\/\/vivadicas.com\/st2\/blog\/titulo-o-legado-polemico-de-epstein-e-suas-implicacoes-sociais\/15440\/#breadcrumb\",\"itemListElement\":[{\"@type\":\"ListItem\",\"position\":1,\"name\":\"In\u00edcio\",\"item\":\"https:\/\/vivadicas.com\/st2\/\"},{\"@type\":\"ListItem\",\"position\":2,\"name\":\"T\u00edtulo: O legado pol\u00eamico de Epstein e suas implica\u00e7\u00f5es sociais\"}]},{\"@type\":\"WebSite\",\"@id\":\"https:\/\/vivadicas.com\/st2\/#website\",\"url\":\"https:\/\/vivadicas.com\/st2\/\",\"name\":\"TrendsBrasil\",\"description\":\"Stay updated with trending topics, viral news, hot updates, breaking headlines, global trends, and real-time content. Discover what\u2019s going viral now and follow the most talked-about stories across the web, social media, and news platforms!\",\"publisher\":{\"@id\":\"https:\/\/vivadicas.com\/st2\/#organization\"},\"potentialAction\":[{\"@type\":\"SearchAction\",\"target\":{\"@type\":\"EntryPoint\",\"urlTemplate\":\"https:\/\/vivadicas.com\/st2\/?s={search_term_string}\"},\"query-input\":{\"@type\":\"PropertyValueSpecification\",\"valueRequired\":true,\"valueName\":\"search_term_string\"}}],\"inLanguage\":\"pt-BR\"},{\"@type\":\"Organization\",\"@id\":\"https:\/\/vivadicas.com\/st2\/#organization\",\"name\":\"TrendsBrasil\",\"url\":\"https:\/\/vivadicas.com\/st2\/\",\"logo\":{\"@type\":\"ImageObject\",\"inLanguage\":\"pt-BR\",\"@id\":\"https:\/\/vivadicas.com\/st2\/#\/schema\/logo\/image\/\",\"url\":\"https:\/\/vivadicas.com\/st2\/wp-content\/uploads\/2025\/06\/ChatGPT-Image-24-de-jun.-de-2025-10_39_16-683x1024.png\",\"contentUrl\":\"https:\/\/vivadicas.com\/st2\/wp-content\/uploads\/2025\/06\/ChatGPT-Image-24-de-jun.-de-2025-10_39_16-683x1024.png\",\"width\":683,\"height\":1024,\"caption\":\"TrendsBrasil\"},\"image\":{\"@id\":\"https:\/\/vivadicas.com\/st2\/#\/schema\/logo\/image\/\"}},{\"@type\":\"Person\",\"@id\":\"https:\/\/vivadicas.com\/st2\/#\/schema\/person\/f8432157bb5752f84d3a30f1c7388a16\",\"name\":\"st2vivadicas\",\"image\":{\"@type\":\"ImageObject\",\"inLanguage\":\"pt-BR\",\"@id\":\"https:\/\/vivadicas.com\/st2\/#\/schema\/person\/image\/\",\"url\":\"https:\/\/secure.gravatar.com\/avatar\/9bb04fcca59036779222f5f2d61adc27b9b487cc07bc4064b27fa7e0a1e23e1a?s=96&d=mm&r=g\",\"contentUrl\":\"https:\/\/secure.gravatar.com\/avatar\/9bb04fcca59036779222f5f2d61adc27b9b487cc07bc4064b27fa7e0a1e23e1a?s=96&d=mm&r=g\",\"caption\":\"st2vivadicas\"},\"sameAs\":[\"https:\/\/vivadicas.com\/st2\"],\"url\":\"https:\/\/vivadicas.com\/st2\/author\/st2vivadicas\/\"}]}<\/script>\n<!-- \/ Yoast SEO plugin. -->","yoast_head_json":{"title":"T\u00edtulo: O legado pol\u00eamico de Epstein e suas implica\u00e7\u00f5es sociais - WordPulseTrends com","robots":{"index":"index","follow":"follow","max-snippet":"max-snippet:-1","max-image-preview":"max-image-preview:large","max-video-preview":"max-video-preview:-1"},"canonical":"https:\/\/vivadicas.com\/st2\/blog\/titulo-o-legado-polemico-de-epstein-e-suas-implicacoes-sociais\/15440\/","og_locale":"pt_BR","og_type":"article","og_title":"T\u00edtulo: O legado pol\u00eamico de Epstein e suas implica\u00e7\u00f5es sociais - WordPulseTrends com","og_description":"O caso Epstein continua a reverberar em diferentes esferas da sociedade. Jeffrey Epstein foi um financista americano, acusado de tr\u00e1fico sexual de menores. O impacto de Epstein ainda \u00e9 sentido em debates sobre abuso, poder e impunidade. Ao longo dos anos, o nome de Epstein se tornou sin\u00f4nimo de controv\u00e9rsia e injusti\u00e7a. \ud83c\udfaf O que ... Ler mais","og_url":"https:\/\/vivadicas.com\/st2\/blog\/titulo-o-legado-polemico-de-epstein-e-suas-implicacoes-sociais\/15440\/","og_site_name":"WordPulseTrends com","article_published_time":"2025-11-12T16:58:30+00:00","author":"st2vivadicas","twitter_card":"summary_large_image","twitter_misc":{"Escrito por":"st2vivadicas","Est. tempo de leitura":"3 minutos"},"schema":{"@context":"https:\/\/schema.org","@graph":[{"@type":"Article","@id":"https:\/\/vivadicas.com\/st2\/blog\/titulo-o-legado-polemico-de-epstein-e-suas-implicacoes-sociais\/15440\/#article","isPartOf":{"@id":"https:\/\/vivadicas.com\/st2\/blog\/titulo-o-legado-polemico-de-epstein-e-suas-implicacoes-sociais\/15440\/"},"author":{"name":"st2vivadicas","@id":"https:\/\/vivadicas.com\/st2\/#\/schema\/person\/f8432157bb5752f84d3a30f1c7388a16"},"headline":"T\u00edtulo: O legado pol\u00eamico de Epstein e suas implica\u00e7\u00f5es sociais","datePublished":"2025-11-12T16:58:30+00:00","mainEntityOfPage":{"@id":"https:\/\/vivadicas.com\/st2\/blog\/titulo-o-legado-polemico-de-epstein-e-suas-implicacoes-sociais\/15440\/"},"wordCount":520,"commentCount":0,"publisher":{"@id":"https:\/\/vivadicas.com\/st2\/#organization"},"image":{"@id":"https:\/\/vivadicas.com\/st2\/blog\/titulo-o-legado-polemico-de-epstein-e-suas-implicacoes-sociais\/15440\/#primaryimage"},"thumbnailUrl":"https:\/\/vivadicas.com\/st2\/wp-content\/uploads\/2025\/11\/ai_trend_1762966704_90a2743a.jpg","keywords":["abuso sexual","cultura","Epstein","justi\u00e7a","movimento #MeToo"],"articleSection":["Justi\u00e7a"],"inLanguage":"pt-BR","potentialAction":[{"@type":"CommentAction","name":"Comment","target":["https:\/\/vivadicas.com\/st2\/blog\/titulo-o-legado-polemico-de-epstein-e-suas-implicacoes-sociais\/15440\/#respond"]}]},{"@type":"WebPage","@id":"https:\/\/vivadicas.com\/st2\/blog\/titulo-o-legado-polemico-de-epstein-e-suas-implicacoes-sociais\/15440\/","url":"https:\/\/vivadicas.com\/st2\/blog\/titulo-o-legado-polemico-de-epstein-e-suas-implicacoes-sociais\/15440\/","name":"T\u00edtulo: O legado pol\u00eamico de Epstein e suas implica\u00e7\u00f5es sociais - WordPulseTrends com","isPartOf":{"@id":"https:\/\/vivadicas.com\/st2\/#website"},"primaryImageOfPage":{"@id":"https:\/\/vivadicas.com\/st2\/blog\/titulo-o-legado-polemico-de-epstein-e-suas-implicacoes-sociais\/15440\/#primaryimage"},"image":{"@id":"https:\/\/vivadicas.com\/st2\/blog\/titulo-o-legado-polemico-de-epstein-e-suas-implicacoes-sociais\/15440\/#primaryimage"},"thumbnailUrl":"https:\/\/vivadicas.com\/st2\/wp-content\/uploads\/2025\/11\/ai_trend_1762966704_90a2743a.jpg","datePublished":"2025-11-12T16:58:30+00:00","breadcrumb":{"@id":"https:\/\/vivadicas.com\/st2\/blog\/titulo-o-legado-polemico-de-epstein-e-suas-implicacoes-sociais\/15440\/#breadcrumb"},"inLanguage":"pt-BR","potentialAction":[{"@type":"ReadAction","target":["https:\/\/vivadicas.com\/st2\/blog\/titulo-o-legado-polemico-de-epstein-e-suas-implicacoes-sociais\/15440\/"]}]},{"@type":"ImageObject","inLanguage":"pt-BR","@id":"https:\/\/vivadicas.com\/st2\/blog\/titulo-o-legado-polemico-de-epstein-e-suas-implicacoes-sociais\/15440\/#primaryimage","url":"https:\/\/vivadicas.com\/st2\/wp-content\/uploads\/2025\/11\/ai_trend_1762966704_90a2743a.jpg","contentUrl":"https:\/\/vivadicas.com\/st2\/wp-content\/uploads\/2025\/11\/ai_trend_1762966704_90a2743a.jpg","width":1200,"height":630},{"@type":"BreadcrumbList","@id":"https:\/\/vivadicas.com\/st2\/blog\/titulo-o-legado-polemico-de-epstein-e-suas-implicacoes-sociais\/15440\/#breadcrumb","itemListElement":[{"@type":"ListItem","position":1,"name":"In\u00edcio","item":"https:\/\/vivadicas.com\/st2\/"},{"@type":"ListItem","position":2,"name":"T\u00edtulo: O legado pol\u00eamico de Epstein e suas implica\u00e7\u00f5es sociais"}]},{"@type":"WebSite","@id":"https:\/\/vivadicas.com\/st2\/#website","url":"https:\/\/vivadicas.com\/st2\/","name":"TrendsBrasil","description":"Stay updated with trending topics, viral news, hot updates, breaking headlines, global trends, and real-time content. Discover what\u2019s going viral now and follow the most talked-about stories across the web, social media, and news platforms!","publisher":{"@id":"https:\/\/vivadicas.com\/st2\/#organization"},"potentialAction":[{"@type":"SearchAction","target":{"@type":"EntryPoint","urlTemplate":"https:\/\/vivadicas.com\/st2\/?s={search_term_string}"},"query-input":{"@type":"PropertyValueSpecification","valueRequired":true,"valueName":"search_term_string"}}],"inLanguage":"pt-BR"},{"@type":"Organization","@id":"https:\/\/vivadicas.com\/st2\/#organization","name":"TrendsBrasil","url":"https:\/\/vivadicas.com\/st2\/","logo":{"@type":"ImageObject","inLanguage":"pt-BR","@id":"https:\/\/vivadicas.com\/st2\/#\/schema\/logo\/image\/","url":"https:\/\/vivadicas.com\/st2\/wp-content\/uploads\/2025\/06\/ChatGPT-Image-24-de-jun.-de-2025-10_39_16-683x1024.png","contentUrl":"https:\/\/vivadicas.com\/st2\/wp-content\/uploads\/2025\/06\/ChatGPT-Image-24-de-jun.-de-2025-10_39_16-683x1024.png","width":683,"height":1024,"caption":"TrendsBrasil"},"image":{"@id":"https:\/\/vivadicas.com\/st2\/#\/schema\/logo\/image\/"}},{"@type":"Person","@id":"https:\/\/vivadicas.com\/st2\/#\/schema\/person\/f8432157bb5752f84d3a30f1c7388a16","name":"st2vivadicas","image":{"@type":"ImageObject","inLanguage":"pt-BR","@id":"https:\/\/vivadicas.com\/st2\/#\/schema\/person\/image\/","url":"https:\/\/secure.gravatar.com\/avatar\/9bb04fcca59036779222f5f2d61adc27b9b487cc07bc4064b27fa7e0a1e23e1a?s=96&d=mm&r=g","contentUrl":"https:\/\/secure.gravatar.com\/avatar\/9bb04fcca59036779222f5f2d61adc27b9b487cc07bc4064b27fa7e0a1e23e1a?s=96&d=mm&r=g","caption":"st2vivadicas"},"sameAs":["https:\/\/vivadicas.com\/st2"],"url":"https:\/\/vivadicas.com\/st2\/author\/st2vivadicas\/"}]}},"_links":{"self":[{"href":"https:\/\/vivadicas.com\/st2\/wp-json\/wp\/v2\/posts\/15440","targetHints":{"allow":["GET"]}}],"collection":[{"href":"https:\/\/vivadicas.com\/st2\/wp-json\/wp\/v2\/posts"}],"about":[{"href":"https:\/\/vivadicas.com\/st2\/wp-json\/wp\/v2\/types\/post"}],"author":[{"embeddable":true,"href":"https:\/\/vivadicas.com\/st2\/wp-json\/wp\/v2\/users\/1"}],"replies":[{"embeddable":true,"href":"https:\/\/vivadicas.com\/st2\/wp-json\/wp\/v2\/comments?post=15440"}],"version-history":[{"count":0,"href":"https:\/\/vivadicas.com\/st2\/wp-json\/wp\/v2\/posts\/15440\/revisions"}],"wp:featuredmedia":[{"embeddable":true,"href":"https:\/\/vivadicas.com\/st2\/wp-json\/wp\/v2\/media\/15439"}],"wp:attachment":[{"href":"https:\/\/vivadicas.com\/st2\/wp-json\/wp\/v2\/media?parent=15440"}],"wp:term":[{"taxonomy":"category","embeddable":true,"href":"https:\/\/vivadicas.com\/st2\/wp-json\/wp\/v2\/categories?post=15440"},{"taxonomy":"post_tag","embeddable":true,"href":"https:\/\/vivadicas.com\/st2\/wp-json\/wp\/v2\/tags?post=15440"}],"curies":[{"name":"wp","href":"https:\/\/api.w.org\/{rel}","templated":true}]}}