{"id":1727,"date":"2025-07-01T05:27:37","date_gmt":"2025-07-01T08:27:37","guid":{"rendered":"https:\/\/vivadicas.com\/st2\/blog\/49ers-enfrentam-polemica-com-prisao-de-deommodore-lenoir\/1727\/"},"modified":"2025-07-01T05:27:39","modified_gmt":"2025-07-01T08:27:39","slug":"49ers-enfrentam-polemica-com-prisao-de-deommodore-lenoir","status":"publish","type":"post","link":"https:\/\/vivadicas.com\/st2\/esportes\/49ers-enfrentam-polemica-com-prisao-de-deommodore-lenoir\/1727\/","title":{"rendered":"49ers enfrentam pol\u00eamica com pris\u00e3o de Deommodore Lenoir"},"content":{"rendered":"<p>O time San Francisco 49ers se encontra no centro de uma pol\u00eamica ap\u00f3s a pris\u00e3o do cornerback Deommodore Lenoir. Lenoir foi detido em Los Angeles na noite de quinta-feira, acusado de obstru\u00e7\u00e3o de justi\u00e7a. A situa\u00e7\u00e3o levanta quest\u00f5es sobre o futuro do atleta na equipe e como isso pode impactar os 49ers na atual temporada.<\/p>\n<h3>\ud83c\udfaf Detalhes da Pris\u00e3o<\/h3>\n<p>Deommodore Lenoir, que assinou um contrato de cinco anos e 92 milh\u00f5es de d\u00f3lares com os 49ers em novembro, foi preso em um evento que chamou a aten\u00e7\u00e3o da m\u00eddia esportiva. Segundo informa\u00e7\u00f5es da pol\u00edcia, a pris\u00e3o ocorreu ap\u00f3s um incidente que envolveu a obstru\u00e7\u00e3o de uma investiga\u00e7\u00e3o. Este tipo de acusa\u00e7\u00e3o \u00e9 s\u00e9rio e pode ter consequ\u00eancias significativas tanto para o jogador quanto para a equipe.<\/p>\n<p>A deten\u00e7\u00e3o de Lenoir n\u00e3o apenas traz preocupa\u00e7\u00f5es para a defesa dos 49ers, mas tamb\u00e9m para a moral do time. Os 49ers s\u00e3o um dos times mais respeitados da NFL, e eventos como esse podem abalar a imagem da franquia. A dire\u00e7\u00e3o da equipe deve se pronunciar em breve sobre o caso.<\/p>\n<h3>\ud83d\udcca Impacto na Temporada<\/h3>\n<p>O impacto da pris\u00e3o de Lenoir pode ser profundo. Ele \u00e9 um dos principais jogadores da defesa dos 49ers, e sua aus\u00eancia pode ser sentida nas pr\u00f3ximas partidas. Al\u00e9m disso, seus companheiros de time, como o wide receiver Ricky Pearsall, j\u00e1 demonstraram preocupa\u00e7\u00e3o com a situa\u00e7\u00e3o. Pearsall mencionou que a equipe precisa manter o foco, especialmente ap\u00f3s a extens\u00e3o de contrato de Brock Purdy, que promete trazer uma nova din\u00e2mica ao time.<\/p>\n<p>Os 49ers estavam em busca de uma temporada forte, e a instabilidade gerada pela pris\u00e3o de Lenoir pode afetar o desempenho em campo. A equipe ter\u00e1 que se adaptar rapidamente e encontrar maneiras de compensar a poss\u00edvel aus\u00eancia do cornerback.<\/p>\n<h3>\ud83d\udca1 Repercuss\u00f5es e Futuro<\/h3>\n<p>O futuro de Deommodore Lenoir nos 49ers agora est\u00e1 em d\u00favida. A acusa\u00e7\u00e3o de obstru\u00e7\u00e3o de justi\u00e7a pode levar a san\u00e7\u00f5es disciplinares por parte da equipe e at\u00e9 mesmo da liga. \u00c9 um momento cr\u00edtico para o jogador, que ter\u00e1 que lidar n\u00e3o s\u00f3 com a situa\u00e7\u00e3o legal, mas tamb\u00e9m com a press\u00e3o da m\u00eddia e dos torcedores.<\/p>\n<p>Este incidente pode abrir oportunidades para outros jogadores na defesa dos 49ers. A equipe deve avaliar suas op\u00e7\u00f5es e considerar a possibilidade de trazer novos talentos para refor\u00e7ar a posi\u00e7\u00e3o de cornerback. As decis\u00f5es tomadas agora ser\u00e3o cruciais para o sucesso do time ao longo da temporada.<\/p>\n<h3>\u26a1 Novidades no Mercado<\/h3>\n<p>Al\u00e9m das quest\u00f5es relacionadas a Deommodore Lenoir, os 49ers tamb\u00e9m est\u00e3o se movimentando no mercado de transfer\u00eancias. A parceria com o Leeds United e os Rangers tem trazido novas possibilidades de neg\u00f3cios. O novo vice-presidente da equipe, Paraag Marathe, afirmou que a conex\u00e3o est\u00e1 gerando &#8220;retornos iniciais&#8221; positivos nas buscas por jogadores.<\/p>\n<p>Essa alian\u00e7a pode ser uma estrat\u00e9gia importante para os 49ers, ajudando a fortalecer o elenco e evitar que situa\u00e7\u00f5es como a de Lenoir se tornem um problema recorrente. A equipe deve focar em trazer jogadores com um hist\u00f3rico s\u00f3lido e que possam contribuir positivamente.<\/p>\n<p>A situa\u00e7\u00e3o envolvendo os 49ers e Deommodore Lenoir \u00e9 um lembrete de que, no esporte, as quest\u00f5es fora de campo podem impactar diretamente o desempenho e a reputa\u00e7\u00e3o de uma equipe. Acompanhar o desenrolar desse caso ser\u00e1 fundamental para entender como os 49ers ir\u00e3o se posicionar no restante da temporada.<\/p>\n<p>Gostou de saber mais sobre 49ers? Seus amigos tamb\u00e9m podem se interessar. <a href=\"https:\/\/www.addtoany.com\/share#url=https%3A%2F%2Fvivadicas.com%2Fst2%2Fesportes%2F49ers-enfrentam-polemica-com-prisao-de-deommodore-lenoir%2F1727%2F\" target=\"_blank\" rel=\"noopener\">Compartilhe<\/a> com eles agora mesmo!<\/p>\n","protected":false},"excerpt":{"rendered":"<p>O time San Francisco 49ers se encontra no centro de uma pol\u00eamica ap\u00f3s a pris\u00e3o do cornerback Deommodore Lenoir. Lenoir foi detido em Los Angeles na noite de quinta-feira, acusado de obstru\u00e7\u00e3o de justi\u00e7a. A situa\u00e7\u00e3o levanta quest\u00f5es sobre o futuro do atleta na equipe e como isso pode impactar os 49ers na atual temporada. &#8230; <a title=\"49ers enfrentam pol\u00eamica com pris\u00e3o de Deommodore Lenoir\" class=\"read-more\" href=\"https:\/\/vivadicas.com\/st2\/esportes\/49ers-enfrentam-polemica-com-prisao-de-deommodore-lenoir\/1727\/\" aria-label=\"Read more about 49ers enfrentam pol\u00eamica com pris\u00e3o de Deommodore Lenoir\">Ler mais<\/a><\/p>\n","protected":false},"author":1,"featured_media":1726,"comment_status":"open","ping_status":"open","sticky":false,"template":"","format":"standard","meta":{"footnotes":""},"categories":[1199],"tags":[1944,1942,1849,61,1943],"class_list":["post-1727","post","type-post","status-publish","format-standard","has-post-thumbnail","hentry","category-esportes","tag-brock-purdy","tag-deommodore-lenoir","tag-nfl","tag-prisao","tag-san-francisco-49ers"],"yoast_head":"<!-- This site is optimized with the Yoast SEO plugin v25.3.1 - https:\/\/yoast.com\/wordpress\/plugins\/seo\/ -->\n<title>49ers enfrentam pol\u00eamica com pris\u00e3o de Deommodore Lenoir - WordPulseTrends com<\/title>\n<meta name=\"robots\" content=\"index, follow, max-snippet:-1, max-image-preview:large, max-video-preview:-1\" \/>\n<link rel=\"canonical\" href=\"https:\/\/vivadicas.com\/st2\/esportes\/49ers-enfrentam-polemica-com-prisao-de-deommodore-lenoir\/1727\/\" \/>\n<meta property=\"og:locale\" content=\"pt_BR\" \/>\n<meta property=\"og:type\" content=\"article\" \/>\n<meta property=\"og:title\" content=\"49ers enfrentam pol\u00eamica com pris\u00e3o de Deommodore Lenoir - WordPulseTrends com\" \/>\n<meta property=\"og:description\" content=\"O time San Francisco 49ers se encontra no centro de uma pol\u00eamica ap\u00f3s a pris\u00e3o do cornerback Deommodore Lenoir. Lenoir foi detido em Los Angeles na noite de quinta-feira, acusado de obstru\u00e7\u00e3o de justi\u00e7a. A situa\u00e7\u00e3o levanta quest\u00f5es sobre o futuro do atleta na equipe e como isso pode impactar os 49ers na atual temporada. ... Ler mais\" \/>\n<meta property=\"og:url\" content=\"https:\/\/vivadicas.com\/st2\/esportes\/49ers-enfrentam-polemica-com-prisao-de-deommodore-lenoir\/1727\/\" \/>\n<meta property=\"og:site_name\" content=\"WordPulseTrends com\" \/>\n<meta property=\"article:published_time\" content=\"2025-07-01T08:27:37+00:00\" \/>\n<meta property=\"article:modified_time\" content=\"2025-07-01T08:27:39+00:00\" \/>\n<meta property=\"og:image\" content=\"https:\/\/vivadicas.com\/st2\/wp-content\/uploads\/2025\/07\/ai_trend_1751358447_3460bfc0.jpg\" \/>\n\t<meta property=\"og:image:width\" content=\"1200\" \/>\n\t<meta property=\"og:image:height\" content=\"630\" \/>\n\t<meta property=\"og:image:type\" content=\"image\/jpeg\" \/>\n<meta name=\"author\" content=\"st2vivadicas\" \/>\n<meta name=\"twitter:card\" content=\"summary_large_image\" \/>\n<meta name=\"twitter:label1\" content=\"Escrito por\" \/>\n\t<meta name=\"twitter:data1\" content=\"st2vivadicas\" \/>\n\t<meta name=\"twitter:label2\" content=\"Est. tempo de leitura\" \/>\n\t<meta name=\"twitter:data2\" content=\"3 minutos\" \/>\n<script type=\"application\/ld+json\" class=\"yoast-schema-graph\">{\"@context\":\"https:\/\/schema.org\",\"@graph\":[{\"@type\":\"Article\",\"@id\":\"https:\/\/vivadicas.com\/st2\/esportes\/49ers-enfrentam-polemica-com-prisao-de-deommodore-lenoir\/1727\/#article\",\"isPartOf\":{\"@id\":\"https:\/\/vivadicas.com\/st2\/esportes\/49ers-enfrentam-polemica-com-prisao-de-deommodore-lenoir\/1727\/\"},\"author\":{\"name\":\"st2vivadicas\",\"@id\":\"https:\/\/vivadicas.com\/st2\/#\/schema\/person\/f8432157bb5752f84d3a30f1c7388a16\"},\"headline\":\"49ers enfrentam pol\u00eamica com pris\u00e3o de Deommodore Lenoir\",\"datePublished\":\"2025-07-01T08:27:37+00:00\",\"dateModified\":\"2025-07-01T08:27:39+00:00\",\"mainEntityOfPage\":{\"@id\":\"https:\/\/vivadicas.com\/st2\/esportes\/49ers-enfrentam-polemica-com-prisao-de-deommodore-lenoir\/1727\/\"},\"wordCount\":644,\"commentCount\":0,\"publisher\":{\"@id\":\"https:\/\/vivadicas.com\/st2\/#organization\"},\"image\":{\"@id\":\"https:\/\/vivadicas.com\/st2\/esportes\/49ers-enfrentam-polemica-com-prisao-de-deommodore-lenoir\/1727\/#primaryimage\"},\"thumbnailUrl\":\"https:\/\/vivadicas.com\/st2\/wp-content\/uploads\/2025\/07\/ai_trend_1751358447_3460bfc0.jpg\",\"keywords\":[\"Brock Purdy\",\"Deommodore Lenoir\",\"NFL\",\"Pris\u00e3o\",\"San Francisco 49ers\"],\"articleSection\":[\"Esportes\"],\"inLanguage\":\"pt-BR\",\"potentialAction\":[{\"@type\":\"CommentAction\",\"name\":\"Comment\",\"target\":[\"https:\/\/vivadicas.com\/st2\/esportes\/49ers-enfrentam-polemica-com-prisao-de-deommodore-lenoir\/1727\/#respond\"]}]},{\"@type\":\"WebPage\",\"@id\":\"https:\/\/vivadicas.com\/st2\/esportes\/49ers-enfrentam-polemica-com-prisao-de-deommodore-lenoir\/1727\/\",\"url\":\"https:\/\/vivadicas.com\/st2\/esportes\/49ers-enfrentam-polemica-com-prisao-de-deommodore-lenoir\/1727\/\",\"name\":\"49ers enfrentam pol\u00eamica com pris\u00e3o de Deommodore Lenoir - WordPulseTrends com\",\"isPartOf\":{\"@id\":\"https:\/\/vivadicas.com\/st2\/#website\"},\"primaryImageOfPage\":{\"@id\":\"https:\/\/vivadicas.com\/st2\/esportes\/49ers-enfrentam-polemica-com-prisao-de-deommodore-lenoir\/1727\/#primaryimage\"},\"image\":{\"@id\":\"https:\/\/vivadicas.com\/st2\/esportes\/49ers-enfrentam-polemica-com-prisao-de-deommodore-lenoir\/1727\/#primaryimage\"},\"thumbnailUrl\":\"https:\/\/vivadicas.com\/st2\/wp-content\/uploads\/2025\/07\/ai_trend_1751358447_3460bfc0.jpg\",\"datePublished\":\"2025-07-01T08:27:37+00:00\",\"dateModified\":\"2025-07-01T08:27:39+00:00\",\"breadcrumb\":{\"@id\":\"https:\/\/vivadicas.com\/st2\/esportes\/49ers-enfrentam-polemica-com-prisao-de-deommodore-lenoir\/1727\/#breadcrumb\"},\"inLanguage\":\"pt-BR\",\"potentialAction\":[{\"@type\":\"ReadAction\",\"target\":[\"https:\/\/vivadicas.com\/st2\/esportes\/49ers-enfrentam-polemica-com-prisao-de-deommodore-lenoir\/1727\/\"]}]},{\"@type\":\"ImageObject\",\"inLanguage\":\"pt-BR\",\"@id\":\"https:\/\/vivadicas.com\/st2\/esportes\/49ers-enfrentam-polemica-com-prisao-de-deommodore-lenoir\/1727\/#primaryimage\",\"url\":\"https:\/\/vivadicas.com\/st2\/wp-content\/uploads\/2025\/07\/ai_trend_1751358447_3460bfc0.jpg\",\"contentUrl\":\"https:\/\/vivadicas.com\/st2\/wp-content\/uploads\/2025\/07\/ai_trend_1751358447_3460bfc0.jpg\",\"width\":1200,\"height\":630},{\"@type\":\"BreadcrumbList\",\"@id\":\"https:\/\/vivadicas.com\/st2\/esportes\/49ers-enfrentam-polemica-com-prisao-de-deommodore-lenoir\/1727\/#breadcrumb\",\"itemListElement\":[{\"@type\":\"ListItem\",\"position\":1,\"name\":\"In\u00edcio\",\"item\":\"https:\/\/vivadicas.com\/st2\/\"},{\"@type\":\"ListItem\",\"position\":2,\"name\":\"49ers enfrentam pol\u00eamica com pris\u00e3o de Deommodore Lenoir\"}]},{\"@type\":\"WebSite\",\"@id\":\"https:\/\/vivadicas.com\/st2\/#website\",\"url\":\"https:\/\/vivadicas.com\/st2\/\",\"name\":\"TrendsBrasil\",\"description\":\"Stay updated with trending topics, viral news, hot updates, breaking headlines, global trends, and real-time content. Discover what\u2019s going viral now and follow the most talked-about stories across the web, social media, and news platforms!\",\"publisher\":{\"@id\":\"https:\/\/vivadicas.com\/st2\/#organization\"},\"potentialAction\":[{\"@type\":\"SearchAction\",\"target\":{\"@type\":\"EntryPoint\",\"urlTemplate\":\"https:\/\/vivadicas.com\/st2\/?s={search_term_string}\"},\"query-input\":{\"@type\":\"PropertyValueSpecification\",\"valueRequired\":true,\"valueName\":\"search_term_string\"}}],\"inLanguage\":\"pt-BR\"},{\"@type\":\"Organization\",\"@id\":\"https:\/\/vivadicas.com\/st2\/#organization\",\"name\":\"TrendsBrasil\",\"url\":\"https:\/\/vivadicas.com\/st2\/\",\"logo\":{\"@type\":\"ImageObject\",\"inLanguage\":\"pt-BR\",\"@id\":\"https:\/\/vivadicas.com\/st2\/#\/schema\/logo\/image\/\",\"url\":\"https:\/\/vivadicas.com\/st2\/wp-content\/uploads\/2025\/06\/ChatGPT-Image-24-de-jun.-de-2025-10_39_16-683x1024.png\",\"contentUrl\":\"https:\/\/vivadicas.com\/st2\/wp-content\/uploads\/2025\/06\/ChatGPT-Image-24-de-jun.-de-2025-10_39_16-683x1024.png\",\"width\":683,\"height\":1024,\"caption\":\"TrendsBrasil\"},\"image\":{\"@id\":\"https:\/\/vivadicas.com\/st2\/#\/schema\/logo\/image\/\"}},{\"@type\":\"Person\",\"@id\":\"https:\/\/vivadicas.com\/st2\/#\/schema\/person\/f8432157bb5752f84d3a30f1c7388a16\",\"name\":\"st2vivadicas\",\"image\":{\"@type\":\"ImageObject\",\"inLanguage\":\"pt-BR\",\"@id\":\"https:\/\/vivadicas.com\/st2\/#\/schema\/person\/image\/\",\"url\":\"https:\/\/secure.gravatar.com\/avatar\/9bb04fcca59036779222f5f2d61adc27b9b487cc07bc4064b27fa7e0a1e23e1a?s=96&d=mm&r=g\",\"contentUrl\":\"https:\/\/secure.gravatar.com\/avatar\/9bb04fcca59036779222f5f2d61adc27b9b487cc07bc4064b27fa7e0a1e23e1a?s=96&d=mm&r=g\",\"caption\":\"st2vivadicas\"},\"sameAs\":[\"https:\/\/vivadicas.com\/st2\"],\"url\":\"https:\/\/vivadicas.com\/st2\/author\/st2vivadicas\/\"}]}<\/script>\n<!-- \/ Yoast SEO plugin. -->","yoast_head_json":{"title":"49ers enfrentam pol\u00eamica com pris\u00e3o de Deommodore Lenoir - WordPulseTrends com","robots":{"index":"index","follow":"follow","max-snippet":"max-snippet:-1","max-image-preview":"max-image-preview:large","max-video-preview":"max-video-preview:-1"},"canonical":"https:\/\/vivadicas.com\/st2\/esportes\/49ers-enfrentam-polemica-com-prisao-de-deommodore-lenoir\/1727\/","og_locale":"pt_BR","og_type":"article","og_title":"49ers enfrentam pol\u00eamica com pris\u00e3o de Deommodore Lenoir - WordPulseTrends com","og_description":"O time San Francisco 49ers se encontra no centro de uma pol\u00eamica ap\u00f3s a pris\u00e3o do cornerback Deommodore Lenoir. Lenoir foi detido em Los Angeles na noite de quinta-feira, acusado de obstru\u00e7\u00e3o de justi\u00e7a. A situa\u00e7\u00e3o levanta quest\u00f5es sobre o futuro do atleta na equipe e como isso pode impactar os 49ers na atual temporada. ... Ler mais","og_url":"https:\/\/vivadicas.com\/st2\/esportes\/49ers-enfrentam-polemica-com-prisao-de-deommodore-lenoir\/1727\/","og_site_name":"WordPulseTrends com","article_published_time":"2025-07-01T08:27:37+00:00","article_modified_time":"2025-07-01T08:27:39+00:00","og_image":[{"width":1200,"height":630,"url":"https:\/\/vivadicas.com\/st2\/wp-content\/uploads\/2025\/07\/ai_trend_1751358447_3460bfc0.jpg","type":"image\/jpeg"}],"author":"st2vivadicas","twitter_card":"summary_large_image","twitter_misc":{"Escrito por":"st2vivadicas","Est. tempo de leitura":"3 minutos"},"schema":{"@context":"https:\/\/schema.org","@graph":[{"@type":"Article","@id":"https:\/\/vivadicas.com\/st2\/esportes\/49ers-enfrentam-polemica-com-prisao-de-deommodore-lenoir\/1727\/#article","isPartOf":{"@id":"https:\/\/vivadicas.com\/st2\/esportes\/49ers-enfrentam-polemica-com-prisao-de-deommodore-lenoir\/1727\/"},"author":{"name":"st2vivadicas","@id":"https:\/\/vivadicas.com\/st2\/#\/schema\/person\/f8432157bb5752f84d3a30f1c7388a16"},"headline":"49ers enfrentam pol\u00eamica com pris\u00e3o de Deommodore Lenoir","datePublished":"2025-07-01T08:27:37+00:00","dateModified":"2025-07-01T08:27:39+00:00","mainEntityOfPage":{"@id":"https:\/\/vivadicas.com\/st2\/esportes\/49ers-enfrentam-polemica-com-prisao-de-deommodore-lenoir\/1727\/"},"wordCount":644,"commentCount":0,"publisher":{"@id":"https:\/\/vivadicas.com\/st2\/#organization"},"image":{"@id":"https:\/\/vivadicas.com\/st2\/esportes\/49ers-enfrentam-polemica-com-prisao-de-deommodore-lenoir\/1727\/#primaryimage"},"thumbnailUrl":"https:\/\/vivadicas.com\/st2\/wp-content\/uploads\/2025\/07\/ai_trend_1751358447_3460bfc0.jpg","keywords":["Brock Purdy","Deommodore Lenoir","NFL","Pris\u00e3o","San Francisco 49ers"],"articleSection":["Esportes"],"inLanguage":"pt-BR","potentialAction":[{"@type":"CommentAction","name":"Comment","target":["https:\/\/vivadicas.com\/st2\/esportes\/49ers-enfrentam-polemica-com-prisao-de-deommodore-lenoir\/1727\/#respond"]}]},{"@type":"WebPage","@id":"https:\/\/vivadicas.com\/st2\/esportes\/49ers-enfrentam-polemica-com-prisao-de-deommodore-lenoir\/1727\/","url":"https:\/\/vivadicas.com\/st2\/esportes\/49ers-enfrentam-polemica-com-prisao-de-deommodore-lenoir\/1727\/","name":"49ers enfrentam pol\u00eamica com pris\u00e3o de Deommodore Lenoir - WordPulseTrends com","isPartOf":{"@id":"https:\/\/vivadicas.com\/st2\/#website"},"primaryImageOfPage":{"@id":"https:\/\/vivadicas.com\/st2\/esportes\/49ers-enfrentam-polemica-com-prisao-de-deommodore-lenoir\/1727\/#primaryimage"},"image":{"@id":"https:\/\/vivadicas.com\/st2\/esportes\/49ers-enfrentam-polemica-com-prisao-de-deommodore-lenoir\/1727\/#primaryimage"},"thumbnailUrl":"https:\/\/vivadicas.com\/st2\/wp-content\/uploads\/2025\/07\/ai_trend_1751358447_3460bfc0.jpg","datePublished":"2025-07-01T08:27:37+00:00","dateModified":"2025-07-01T08:27:39+00:00","breadcrumb":{"@id":"https:\/\/vivadicas.com\/st2\/esportes\/49ers-enfrentam-polemica-com-prisao-de-deommodore-lenoir\/1727\/#breadcrumb"},"inLanguage":"pt-BR","potentialAction":[{"@type":"ReadAction","target":["https:\/\/vivadicas.com\/st2\/esportes\/49ers-enfrentam-polemica-com-prisao-de-deommodore-lenoir\/1727\/"]}]},{"@type":"ImageObject","inLanguage":"pt-BR","@id":"https:\/\/vivadicas.com\/st2\/esportes\/49ers-enfrentam-polemica-com-prisao-de-deommodore-lenoir\/1727\/#primaryimage","url":"https:\/\/vivadicas.com\/st2\/wp-content\/uploads\/2025\/07\/ai_trend_1751358447_3460bfc0.jpg","contentUrl":"https:\/\/vivadicas.com\/st2\/wp-content\/uploads\/2025\/07\/ai_trend_1751358447_3460bfc0.jpg","width":1200,"height":630},{"@type":"BreadcrumbList","@id":"https:\/\/vivadicas.com\/st2\/esportes\/49ers-enfrentam-polemica-com-prisao-de-deommodore-lenoir\/1727\/#breadcrumb","itemListElement":[{"@type":"ListItem","position":1,"name":"In\u00edcio","item":"https:\/\/vivadicas.com\/st2\/"},{"@type":"ListItem","position":2,"name":"49ers enfrentam pol\u00eamica com pris\u00e3o de Deommodore Lenoir"}]},{"@type":"WebSite","@id":"https:\/\/vivadicas.com\/st2\/#website","url":"https:\/\/vivadicas.com\/st2\/","name":"TrendsBrasil","description":"Stay updated with trending topics, viral news, hot updates, breaking headlines, global trends, and real-time content. Discover what\u2019s going viral now and follow the most talked-about stories across the web, social media, and news platforms!","publisher":{"@id":"https:\/\/vivadicas.com\/st2\/#organization"},"potentialAction":[{"@type":"SearchAction","target":{"@type":"EntryPoint","urlTemplate":"https:\/\/vivadicas.com\/st2\/?s={search_term_string}"},"query-input":{"@type":"PropertyValueSpecification","valueRequired":true,"valueName":"search_term_string"}}],"inLanguage":"pt-BR"},{"@type":"Organization","@id":"https:\/\/vivadicas.com\/st2\/#organization","name":"TrendsBrasil","url":"https:\/\/vivadicas.com\/st2\/","logo":{"@type":"ImageObject","inLanguage":"pt-BR","@id":"https:\/\/vivadicas.com\/st2\/#\/schema\/logo\/image\/","url":"https:\/\/vivadicas.com\/st2\/wp-content\/uploads\/2025\/06\/ChatGPT-Image-24-de-jun.-de-2025-10_39_16-683x1024.png","contentUrl":"https:\/\/vivadicas.com\/st2\/wp-content\/uploads\/2025\/06\/ChatGPT-Image-24-de-jun.-de-2025-10_39_16-683x1024.png","width":683,"height":1024,"caption":"TrendsBrasil"},"image":{"@id":"https:\/\/vivadicas.com\/st2\/#\/schema\/logo\/image\/"}},{"@type":"Person","@id":"https:\/\/vivadicas.com\/st2\/#\/schema\/person\/f8432157bb5752f84d3a30f1c7388a16","name":"st2vivadicas","image":{"@type":"ImageObject","inLanguage":"pt-BR","@id":"https:\/\/vivadicas.com\/st2\/#\/schema\/person\/image\/","url":"https:\/\/secure.gravatar.com\/avatar\/9bb04fcca59036779222f5f2d61adc27b9b487cc07bc4064b27fa7e0a1e23e1a?s=96&d=mm&r=g","contentUrl":"https:\/\/secure.gravatar.com\/avatar\/9bb04fcca59036779222f5f2d61adc27b9b487cc07bc4064b27fa7e0a1e23e1a?s=96&d=mm&r=g","caption":"st2vivadicas"},"sameAs":["https:\/\/vivadicas.com\/st2"],"url":"https:\/\/vivadicas.com\/st2\/author\/st2vivadicas\/"}]}},"_links":{"self":[{"href":"https:\/\/vivadicas.com\/st2\/wp-json\/wp\/v2\/posts\/1727","targetHints":{"allow":["GET"]}}],"collection":[{"href":"https:\/\/vivadicas.com\/st2\/wp-json\/wp\/v2\/posts"}],"about":[{"href":"https:\/\/vivadicas.com\/st2\/wp-json\/wp\/v2\/types\/post"}],"author":[{"embeddable":true,"href":"https:\/\/vivadicas.com\/st2\/wp-json\/wp\/v2\/users\/1"}],"replies":[{"embeddable":true,"href":"https:\/\/vivadicas.com\/st2\/wp-json\/wp\/v2\/comments?post=1727"}],"version-history":[{"count":1,"href":"https:\/\/vivadicas.com\/st2\/wp-json\/wp\/v2\/posts\/1727\/revisions"}],"predecessor-version":[{"id":1728,"href":"https:\/\/vivadicas.com\/st2\/wp-json\/wp\/v2\/posts\/1727\/revisions\/1728"}],"wp:featuredmedia":[{"embeddable":true,"href":"https:\/\/vivadicas.com\/st2\/wp-json\/wp\/v2\/media\/1726"}],"wp:attachment":[{"href":"https:\/\/vivadicas.com\/st2\/wp-json\/wp\/v2\/media?parent=1727"}],"wp:term":[{"taxonomy":"category","embeddable":true,"href":"https:\/\/vivadicas.com\/st2\/wp-json\/wp\/v2\/categories?post=1727"},{"taxonomy":"post_tag","embeddable":true,"href":"https:\/\/vivadicas.com\/st2\/wp-json\/wp\/v2\/tags?post=1727"}],"curies":[{"name":"wp","href":"https:\/\/api.w.org\/{rel}","templated":true}]}}