{"id":1874,"date":"2025-07-01T08:37:38","date_gmt":"2025-07-01T11:37:38","guid":{"rendered":"https:\/\/vivadicas.com\/st2\/blog\/scott-bessent-critica-o-federal-reserve-e-alerta-sobre-tarifas-comerciais\/1874\/"},"modified":"2025-07-01T08:37:39","modified_gmt":"2025-07-01T11:37:39","slug":"scott-bessent-critica-o-federal-reserve-e-alerta-sobre-tarifas-comerciais","status":"publish","type":"post","link":"https:\/\/vivadicas.com\/st2\/economia\/scott-bessent-critica-o-federal-reserve-e-alerta-sobre-tarifas-comerciais\/1874\/","title":{"rendered":"Scott Bessent critica o Federal Reserve e alerta sobre tarifas comerciais"},"content":{"rendered":"<p>O secret\u00e1rio do Tesouro dos EUA, Scott Bessent, fez declara\u00e7\u00f5es impactantes sobre a pol\u00edtica econ\u00f4mica americana em uma recente coletiva de imprensa. Scott Bessent afirmou que o Federal Reserve (Fed) cometeu um \u201cerro gigantesco\u201d em 2022, o que ainda est\u00e1 gerando consequ\u00eancias para a economia. Al\u00e9m disso, Bessent ressaltou a possibilidade de a administra\u00e7\u00e3o americana retomar tarifas comerciais estabelecidas anteriormente, caso as negocia\u00e7\u00f5es comerciais n\u00e3o avancem.<\/p>\n<h3>\ud83c\udfaf Erros do passado<\/h3>\n<p>Scott Bessent, ao criticar o Federal Reserve, destacou que as decis\u00f5es tomadas em 2022 n\u00e3o foram adequadas para a realidade econ\u00f4mica do pa\u00eds. Ele argumentou que a pol\u00edtica monet\u00e1ria excessivamente acomodativa pode ter contribu\u00eddo para a infla\u00e7\u00e3o e outros problemas econ\u00f4micos. Essa avalia\u00e7\u00e3o de Scott Bessent traz \u00e0 tona um debate profundo sobre as medidas que o Fed deve adotar para estabilizar a economia nos pr\u00f3ximos anos.<\/p>\n<p>Bessent acredita que \u00e9 crucial aprender com os erros do passado. Ele enfatizou que a recupera\u00e7\u00e3o econ\u00f4mica ser\u00e1 mais desafiadora se o Fed n\u00e3o ajustar suas pol\u00edticas de forma eficaz. A opini\u00e3o de Scott Bessent reflete uma preocupa\u00e7\u00e3o crescente entre economistas e investidores sobre a dire\u00e7\u00e3o da pol\u00edtica monet\u00e1ria americana.<\/p>\n<h3>\u26a0\ufe0f Retorno das tarifas comerciais<\/h3>\n<p>Em suas declara\u00e7\u00f5es, Scott Bessent tamb\u00e9m mencionou a possibilidade de retomar as tarifas comerciais estabelecidas em 2 de abril, caso n\u00e3o haja progresso nas negocia\u00e7\u00f5es comerciais com outros pa\u00edses. Bessent frisou que os Estados Unidos precisam estar preparados para tomar medidas firmes em rela\u00e7\u00e3o ao com\u00e9rcio internacional.<\/p>\n<p>Ele enfatizou que as tarifas s\u00e3o um importante instrumento de pol\u00edtica econ\u00f4mica e podem ser utilizadas se as contrapartes n\u00e3o se mostrarem dispostas a fazer acordos favor\u00e1veis. Essa posi\u00e7\u00e3o firme de Scott Bessent \u00e9 um sinal claro de que a administra\u00e7\u00e3o Trump continua comprometida em proteger os interesses econ\u00f4micos dos EUA.<\/p>\n<h3>\ud83d\udcca Expectativas para as negocia\u00e7\u00f5es comerciais<\/h3>\n<p>Scott Bessent tamb\u00e9m comentou sobre as expectativas em rela\u00e7\u00e3o \u00e0s negocia\u00e7\u00f5es comerciais, que, segundo ele, n\u00e3o devem ser conclu\u00eddas at\u00e9 o prazo previsto de 9 de julho. Ele acredita que as discuss\u00f5es sobre com\u00e9rcio podem ser finalizadas at\u00e9 o Dia do Trabalho, em setembro. Essa janela de tempo oferece uma oportunidade para que as partes envolvidas cheguem a um entendimento que beneficie todos os envolvidos.<\/p>\n<p>As declara\u00e7\u00f5es de Scott Bessent sobre a necessidade de um acordo comercial eficaz refletem uma preocupa\u00e7\u00e3o com os impactos econ\u00f4micos globais. Uma resolu\u00e7\u00e3o favor\u00e1vel poderia ajudar a estabilizar mercados e impulsionar o crescimento econ\u00f4mico.<\/p>\n<h3>\ud83d\udca1 O futuro da pol\u00edtica fiscal<\/h3>\n<p>Al\u00e9m de suas observa\u00e7\u00f5es sobre o Fed e tarifas comerciais, Scott Bessent destacou a import\u00e2ncia de um entendimento conjunto entre os pa\u00edses do G7 sobre quest\u00f5es fiscais. Segundo ele, um acordo que defenda os interesses americanos est\u00e1 em andamento, e isso pode ter implica\u00e7\u00f5es significativas para as empresas nos EUA.<\/p>\n<p>Essa abordagem busca criar um ambiente de neg\u00f3cios mais favor\u00e1vel e competitivo, ao mesmo tempo em que garante que as empresas americanas n\u00e3o sejam sobrecarregadas por impostos excessivos.<\/p>\n<p>Encerrando suas observa\u00e7\u00f5es, Scott Bessent reafirmou seu compromisso com pol\u00edticas que beneficiem a economia americana. No entanto, ele tamb\u00e9m alertou que os desafios permanecem, e medidas adequadas devem ser tomadas para evitar novos erros.<\/p>\n<p>Gostou de saber mais sobre Scott Bessent? Seus amigos tamb\u00e9m podem se interessar. <a href=\"https:\/\/www.addtoany.com\/share#url=https%3A%2F%2Fvivadicas.com%2Fst2%2Feconomia%2Fscott-bessent-critica-o-federal-reserve-e-alerta-sobre-tarifas-comerciais%2F1874%2F\" target=\"_blank\" rel=\"noopener\">Compartilhe<\/a> com eles agora mesmo!<\/p>\n","protected":false},"excerpt":{"rendered":"<p>O secret\u00e1rio do Tesouro dos EUA, Scott Bessent, fez declara\u00e7\u00f5es impactantes sobre a pol\u00edtica econ\u00f4mica americana em uma recente coletiva de imprensa. Scott Bessent afirmou que o Federal Reserve (Fed) cometeu um \u201cerro gigantesco\u201d em 2022, o que ainda est\u00e1 gerando consequ\u00eancias para a economia. Al\u00e9m disso, Bessent ressaltou a possibilidade de a administra\u00e7\u00e3o americana &#8230; <a title=\"Scott Bessent critica o Federal Reserve e alerta sobre tarifas comerciais\" class=\"read-more\" href=\"https:\/\/vivadicas.com\/st2\/economia\/scott-bessent-critica-o-federal-reserve-e-alerta-sobre-tarifas-comerciais\/1874\/\" aria-label=\"Read more about Scott Bessent critica o Federal Reserve e alerta sobre tarifas comerciais\">Ler mais<\/a><\/p>\n","protected":false},"author":1,"featured_media":1873,"comment_status":"open","ping_status":"open","sticky":false,"template":"","format":"standard","meta":{"footnotes":""},"categories":[1431],"tags":[2064,2062,2065,2061,2063],"class_list":["post-1874","post","type-post","status-publish","format-standard","has-post-thumbnail","hentry","category-economia","tag-economia-americana","tag-federal-reserve","tag-politica-fiscal","tag-scott-bessent","tag-tarifas-comerciais"],"yoast_head":"<!-- This site is optimized with the Yoast SEO plugin v25.3.1 - https:\/\/yoast.com\/wordpress\/plugins\/seo\/ -->\n<title>Scott Bessent critica o Federal Reserve e alerta sobre tarifas comerciais - WordPulseTrends com<\/title>\n<meta name=\"robots\" content=\"index, follow, max-snippet:-1, max-image-preview:large, max-video-preview:-1\" \/>\n<link rel=\"canonical\" href=\"https:\/\/vivadicas.com\/st2\/economia\/scott-bessent-critica-o-federal-reserve-e-alerta-sobre-tarifas-comerciais\/1874\/\" \/>\n<meta property=\"og:locale\" content=\"pt_BR\" \/>\n<meta property=\"og:type\" content=\"article\" \/>\n<meta property=\"og:title\" content=\"Scott Bessent critica o Federal Reserve e alerta sobre tarifas comerciais - WordPulseTrends com\" \/>\n<meta property=\"og:description\" content=\"O secret\u00e1rio do Tesouro dos EUA, Scott Bessent, fez declara\u00e7\u00f5es impactantes sobre a pol\u00edtica econ\u00f4mica americana em uma recente coletiva de imprensa. Scott Bessent afirmou que o Federal Reserve (Fed) cometeu um \u201cerro gigantesco\u201d em 2022, o que ainda est\u00e1 gerando consequ\u00eancias para a economia. Al\u00e9m disso, Bessent ressaltou a possibilidade de a administra\u00e7\u00e3o americana ... Ler mais\" \/>\n<meta property=\"og:url\" content=\"https:\/\/vivadicas.com\/st2\/economia\/scott-bessent-critica-o-federal-reserve-e-alerta-sobre-tarifas-comerciais\/1874\/\" \/>\n<meta property=\"og:site_name\" content=\"WordPulseTrends com\" \/>\n<meta property=\"article:published_time\" content=\"2025-07-01T11:37:38+00:00\" \/>\n<meta property=\"article:modified_time\" content=\"2025-07-01T11:37:39+00:00\" \/>\n<meta property=\"og:image\" content=\"https:\/\/vivadicas.com\/st2\/wp-content\/uploads\/2025\/07\/ai_trend_1751369845_f85532ef.jpg\" \/>\n\t<meta property=\"og:image:width\" content=\"1200\" \/>\n\t<meta property=\"og:image:height\" content=\"630\" \/>\n\t<meta property=\"og:image:type\" content=\"image\/jpeg\" \/>\n<meta name=\"author\" content=\"st2vivadicas\" \/>\n<meta name=\"twitter:card\" content=\"summary_large_image\" \/>\n<meta name=\"twitter:label1\" content=\"Escrito por\" \/>\n\t<meta name=\"twitter:data1\" content=\"st2vivadicas\" \/>\n\t<meta name=\"twitter:label2\" content=\"Est. tempo de leitura\" \/>\n\t<meta name=\"twitter:data2\" content=\"3 minutos\" \/>\n<script type=\"application\/ld+json\" class=\"yoast-schema-graph\">{\"@context\":\"https:\/\/schema.org\",\"@graph\":[{\"@type\":\"Article\",\"@id\":\"https:\/\/vivadicas.com\/st2\/economia\/scott-bessent-critica-o-federal-reserve-e-alerta-sobre-tarifas-comerciais\/1874\/#article\",\"isPartOf\":{\"@id\":\"https:\/\/vivadicas.com\/st2\/economia\/scott-bessent-critica-o-federal-reserve-e-alerta-sobre-tarifas-comerciais\/1874\/\"},\"author\":{\"name\":\"st2vivadicas\",\"@id\":\"https:\/\/vivadicas.com\/st2\/#\/schema\/person\/f8432157bb5752f84d3a30f1c7388a16\"},\"headline\":\"Scott Bessent critica o Federal Reserve e alerta sobre tarifas comerciais\",\"datePublished\":\"2025-07-01T11:37:38+00:00\",\"dateModified\":\"2025-07-01T11:37:39+00:00\",\"mainEntityOfPage\":{\"@id\":\"https:\/\/vivadicas.com\/st2\/economia\/scott-bessent-critica-o-federal-reserve-e-alerta-sobre-tarifas-comerciais\/1874\/\"},\"wordCount\":603,\"commentCount\":0,\"publisher\":{\"@id\":\"https:\/\/vivadicas.com\/st2\/#organization\"},\"image\":{\"@id\":\"https:\/\/vivadicas.com\/st2\/economia\/scott-bessent-critica-o-federal-reserve-e-alerta-sobre-tarifas-comerciais\/1874\/#primaryimage\"},\"thumbnailUrl\":\"https:\/\/vivadicas.com\/st2\/wp-content\/uploads\/2025\/07\/ai_trend_1751369845_f85532ef.jpg\",\"keywords\":[\"economia americana\",\"Federal Reserve\",\"pol\u00edtica fiscal\",\"Scott Bessent\",\"tarifas comerciais\"],\"articleSection\":[\"Economia\"],\"inLanguage\":\"pt-BR\",\"potentialAction\":[{\"@type\":\"CommentAction\",\"name\":\"Comment\",\"target\":[\"https:\/\/vivadicas.com\/st2\/economia\/scott-bessent-critica-o-federal-reserve-e-alerta-sobre-tarifas-comerciais\/1874\/#respond\"]}]},{\"@type\":\"WebPage\",\"@id\":\"https:\/\/vivadicas.com\/st2\/economia\/scott-bessent-critica-o-federal-reserve-e-alerta-sobre-tarifas-comerciais\/1874\/\",\"url\":\"https:\/\/vivadicas.com\/st2\/economia\/scott-bessent-critica-o-federal-reserve-e-alerta-sobre-tarifas-comerciais\/1874\/\",\"name\":\"Scott Bessent critica o Federal Reserve e alerta sobre tarifas comerciais - WordPulseTrends com\",\"isPartOf\":{\"@id\":\"https:\/\/vivadicas.com\/st2\/#website\"},\"primaryImageOfPage\":{\"@id\":\"https:\/\/vivadicas.com\/st2\/economia\/scott-bessent-critica-o-federal-reserve-e-alerta-sobre-tarifas-comerciais\/1874\/#primaryimage\"},\"image\":{\"@id\":\"https:\/\/vivadicas.com\/st2\/economia\/scott-bessent-critica-o-federal-reserve-e-alerta-sobre-tarifas-comerciais\/1874\/#primaryimage\"},\"thumbnailUrl\":\"https:\/\/vivadicas.com\/st2\/wp-content\/uploads\/2025\/07\/ai_trend_1751369845_f85532ef.jpg\",\"datePublished\":\"2025-07-01T11:37:38+00:00\",\"dateModified\":\"2025-07-01T11:37:39+00:00\",\"breadcrumb\":{\"@id\":\"https:\/\/vivadicas.com\/st2\/economia\/scott-bessent-critica-o-federal-reserve-e-alerta-sobre-tarifas-comerciais\/1874\/#breadcrumb\"},\"inLanguage\":\"pt-BR\",\"potentialAction\":[{\"@type\":\"ReadAction\",\"target\":[\"https:\/\/vivadicas.com\/st2\/economia\/scott-bessent-critica-o-federal-reserve-e-alerta-sobre-tarifas-comerciais\/1874\/\"]}]},{\"@type\":\"ImageObject\",\"inLanguage\":\"pt-BR\",\"@id\":\"https:\/\/vivadicas.com\/st2\/economia\/scott-bessent-critica-o-federal-reserve-e-alerta-sobre-tarifas-comerciais\/1874\/#primaryimage\",\"url\":\"https:\/\/vivadicas.com\/st2\/wp-content\/uploads\/2025\/07\/ai_trend_1751369845_f85532ef.jpg\",\"contentUrl\":\"https:\/\/vivadicas.com\/st2\/wp-content\/uploads\/2025\/07\/ai_trend_1751369845_f85532ef.jpg\",\"width\":1200,\"height\":630},{\"@type\":\"BreadcrumbList\",\"@id\":\"https:\/\/vivadicas.com\/st2\/economia\/scott-bessent-critica-o-federal-reserve-e-alerta-sobre-tarifas-comerciais\/1874\/#breadcrumb\",\"itemListElement\":[{\"@type\":\"ListItem\",\"position\":1,\"name\":\"In\u00edcio\",\"item\":\"https:\/\/vivadicas.com\/st2\/\"},{\"@type\":\"ListItem\",\"position\":2,\"name\":\"Scott Bessent critica o Federal Reserve e alerta sobre tarifas comerciais\"}]},{\"@type\":\"WebSite\",\"@id\":\"https:\/\/vivadicas.com\/st2\/#website\",\"url\":\"https:\/\/vivadicas.com\/st2\/\",\"name\":\"TrendsBrasil\",\"description\":\"Stay updated with trending topics, viral news, hot updates, breaking headlines, global trends, and real-time content. Discover what\u2019s going viral now and follow the most talked-about stories across the web, social media, and news platforms!\",\"publisher\":{\"@id\":\"https:\/\/vivadicas.com\/st2\/#organization\"},\"potentialAction\":[{\"@type\":\"SearchAction\",\"target\":{\"@type\":\"EntryPoint\",\"urlTemplate\":\"https:\/\/vivadicas.com\/st2\/?s={search_term_string}\"},\"query-input\":{\"@type\":\"PropertyValueSpecification\",\"valueRequired\":true,\"valueName\":\"search_term_string\"}}],\"inLanguage\":\"pt-BR\"},{\"@type\":\"Organization\",\"@id\":\"https:\/\/vivadicas.com\/st2\/#organization\",\"name\":\"TrendsBrasil\",\"url\":\"https:\/\/vivadicas.com\/st2\/\",\"logo\":{\"@type\":\"ImageObject\",\"inLanguage\":\"pt-BR\",\"@id\":\"https:\/\/vivadicas.com\/st2\/#\/schema\/logo\/image\/\",\"url\":\"https:\/\/vivadicas.com\/st2\/wp-content\/uploads\/2025\/06\/ChatGPT-Image-24-de-jun.-de-2025-10_39_16-683x1024.png\",\"contentUrl\":\"https:\/\/vivadicas.com\/st2\/wp-content\/uploads\/2025\/06\/ChatGPT-Image-24-de-jun.-de-2025-10_39_16-683x1024.png\",\"width\":683,\"height\":1024,\"caption\":\"TrendsBrasil\"},\"image\":{\"@id\":\"https:\/\/vivadicas.com\/st2\/#\/schema\/logo\/image\/\"}},{\"@type\":\"Person\",\"@id\":\"https:\/\/vivadicas.com\/st2\/#\/schema\/person\/f8432157bb5752f84d3a30f1c7388a16\",\"name\":\"st2vivadicas\",\"image\":{\"@type\":\"ImageObject\",\"inLanguage\":\"pt-BR\",\"@id\":\"https:\/\/vivadicas.com\/st2\/#\/schema\/person\/image\/\",\"url\":\"https:\/\/secure.gravatar.com\/avatar\/9bb04fcca59036779222f5f2d61adc27b9b487cc07bc4064b27fa7e0a1e23e1a?s=96&d=mm&r=g\",\"contentUrl\":\"https:\/\/secure.gravatar.com\/avatar\/9bb04fcca59036779222f5f2d61adc27b9b487cc07bc4064b27fa7e0a1e23e1a?s=96&d=mm&r=g\",\"caption\":\"st2vivadicas\"},\"sameAs\":[\"https:\/\/vivadicas.com\/st2\"],\"url\":\"https:\/\/vivadicas.com\/st2\/author\/st2vivadicas\/\"}]}<\/script>\n<!-- \/ Yoast SEO plugin. -->","yoast_head_json":{"title":"Scott Bessent critica o Federal Reserve e alerta sobre tarifas comerciais - WordPulseTrends com","robots":{"index":"index","follow":"follow","max-snippet":"max-snippet:-1","max-image-preview":"max-image-preview:large","max-video-preview":"max-video-preview:-1"},"canonical":"https:\/\/vivadicas.com\/st2\/economia\/scott-bessent-critica-o-federal-reserve-e-alerta-sobre-tarifas-comerciais\/1874\/","og_locale":"pt_BR","og_type":"article","og_title":"Scott Bessent critica o Federal Reserve e alerta sobre tarifas comerciais - WordPulseTrends com","og_description":"O secret\u00e1rio do Tesouro dos EUA, Scott Bessent, fez declara\u00e7\u00f5es impactantes sobre a pol\u00edtica econ\u00f4mica americana em uma recente coletiva de imprensa. Scott Bessent afirmou que o Federal Reserve (Fed) cometeu um \u201cerro gigantesco\u201d em 2022, o que ainda est\u00e1 gerando consequ\u00eancias para a economia. Al\u00e9m disso, Bessent ressaltou a possibilidade de a administra\u00e7\u00e3o americana ... Ler mais","og_url":"https:\/\/vivadicas.com\/st2\/economia\/scott-bessent-critica-o-federal-reserve-e-alerta-sobre-tarifas-comerciais\/1874\/","og_site_name":"WordPulseTrends com","article_published_time":"2025-07-01T11:37:38+00:00","article_modified_time":"2025-07-01T11:37:39+00:00","og_image":[{"width":1200,"height":630,"url":"https:\/\/vivadicas.com\/st2\/wp-content\/uploads\/2025\/07\/ai_trend_1751369845_f85532ef.jpg","type":"image\/jpeg"}],"author":"st2vivadicas","twitter_card":"summary_large_image","twitter_misc":{"Escrito por":"st2vivadicas","Est. tempo de leitura":"3 minutos"},"schema":{"@context":"https:\/\/schema.org","@graph":[{"@type":"Article","@id":"https:\/\/vivadicas.com\/st2\/economia\/scott-bessent-critica-o-federal-reserve-e-alerta-sobre-tarifas-comerciais\/1874\/#article","isPartOf":{"@id":"https:\/\/vivadicas.com\/st2\/economia\/scott-bessent-critica-o-federal-reserve-e-alerta-sobre-tarifas-comerciais\/1874\/"},"author":{"name":"st2vivadicas","@id":"https:\/\/vivadicas.com\/st2\/#\/schema\/person\/f8432157bb5752f84d3a30f1c7388a16"},"headline":"Scott Bessent critica o Federal Reserve e alerta sobre tarifas comerciais","datePublished":"2025-07-01T11:37:38+00:00","dateModified":"2025-07-01T11:37:39+00:00","mainEntityOfPage":{"@id":"https:\/\/vivadicas.com\/st2\/economia\/scott-bessent-critica-o-federal-reserve-e-alerta-sobre-tarifas-comerciais\/1874\/"},"wordCount":603,"commentCount":0,"publisher":{"@id":"https:\/\/vivadicas.com\/st2\/#organization"},"image":{"@id":"https:\/\/vivadicas.com\/st2\/economia\/scott-bessent-critica-o-federal-reserve-e-alerta-sobre-tarifas-comerciais\/1874\/#primaryimage"},"thumbnailUrl":"https:\/\/vivadicas.com\/st2\/wp-content\/uploads\/2025\/07\/ai_trend_1751369845_f85532ef.jpg","keywords":["economia americana","Federal Reserve","pol\u00edtica fiscal","Scott Bessent","tarifas comerciais"],"articleSection":["Economia"],"inLanguage":"pt-BR","potentialAction":[{"@type":"CommentAction","name":"Comment","target":["https:\/\/vivadicas.com\/st2\/economia\/scott-bessent-critica-o-federal-reserve-e-alerta-sobre-tarifas-comerciais\/1874\/#respond"]}]},{"@type":"WebPage","@id":"https:\/\/vivadicas.com\/st2\/economia\/scott-bessent-critica-o-federal-reserve-e-alerta-sobre-tarifas-comerciais\/1874\/","url":"https:\/\/vivadicas.com\/st2\/economia\/scott-bessent-critica-o-federal-reserve-e-alerta-sobre-tarifas-comerciais\/1874\/","name":"Scott Bessent critica o Federal Reserve e alerta sobre tarifas comerciais - WordPulseTrends com","isPartOf":{"@id":"https:\/\/vivadicas.com\/st2\/#website"},"primaryImageOfPage":{"@id":"https:\/\/vivadicas.com\/st2\/economia\/scott-bessent-critica-o-federal-reserve-e-alerta-sobre-tarifas-comerciais\/1874\/#primaryimage"},"image":{"@id":"https:\/\/vivadicas.com\/st2\/economia\/scott-bessent-critica-o-federal-reserve-e-alerta-sobre-tarifas-comerciais\/1874\/#primaryimage"},"thumbnailUrl":"https:\/\/vivadicas.com\/st2\/wp-content\/uploads\/2025\/07\/ai_trend_1751369845_f85532ef.jpg","datePublished":"2025-07-01T11:37:38+00:00","dateModified":"2025-07-01T11:37:39+00:00","breadcrumb":{"@id":"https:\/\/vivadicas.com\/st2\/economia\/scott-bessent-critica-o-federal-reserve-e-alerta-sobre-tarifas-comerciais\/1874\/#breadcrumb"},"inLanguage":"pt-BR","potentialAction":[{"@type":"ReadAction","target":["https:\/\/vivadicas.com\/st2\/economia\/scott-bessent-critica-o-federal-reserve-e-alerta-sobre-tarifas-comerciais\/1874\/"]}]},{"@type":"ImageObject","inLanguage":"pt-BR","@id":"https:\/\/vivadicas.com\/st2\/economia\/scott-bessent-critica-o-federal-reserve-e-alerta-sobre-tarifas-comerciais\/1874\/#primaryimage","url":"https:\/\/vivadicas.com\/st2\/wp-content\/uploads\/2025\/07\/ai_trend_1751369845_f85532ef.jpg","contentUrl":"https:\/\/vivadicas.com\/st2\/wp-content\/uploads\/2025\/07\/ai_trend_1751369845_f85532ef.jpg","width":1200,"height":630},{"@type":"BreadcrumbList","@id":"https:\/\/vivadicas.com\/st2\/economia\/scott-bessent-critica-o-federal-reserve-e-alerta-sobre-tarifas-comerciais\/1874\/#breadcrumb","itemListElement":[{"@type":"ListItem","position":1,"name":"In\u00edcio","item":"https:\/\/vivadicas.com\/st2\/"},{"@type":"ListItem","position":2,"name":"Scott Bessent critica o Federal Reserve e alerta sobre tarifas comerciais"}]},{"@type":"WebSite","@id":"https:\/\/vivadicas.com\/st2\/#website","url":"https:\/\/vivadicas.com\/st2\/","name":"TrendsBrasil","description":"Stay updated with trending topics, viral news, hot updates, breaking headlines, global trends, and real-time content. Discover what\u2019s going viral now and follow the most talked-about stories across the web, social media, and news platforms!","publisher":{"@id":"https:\/\/vivadicas.com\/st2\/#organization"},"potentialAction":[{"@type":"SearchAction","target":{"@type":"EntryPoint","urlTemplate":"https:\/\/vivadicas.com\/st2\/?s={search_term_string}"},"query-input":{"@type":"PropertyValueSpecification","valueRequired":true,"valueName":"search_term_string"}}],"inLanguage":"pt-BR"},{"@type":"Organization","@id":"https:\/\/vivadicas.com\/st2\/#organization","name":"TrendsBrasil","url":"https:\/\/vivadicas.com\/st2\/","logo":{"@type":"ImageObject","inLanguage":"pt-BR","@id":"https:\/\/vivadicas.com\/st2\/#\/schema\/logo\/image\/","url":"https:\/\/vivadicas.com\/st2\/wp-content\/uploads\/2025\/06\/ChatGPT-Image-24-de-jun.-de-2025-10_39_16-683x1024.png","contentUrl":"https:\/\/vivadicas.com\/st2\/wp-content\/uploads\/2025\/06\/ChatGPT-Image-24-de-jun.-de-2025-10_39_16-683x1024.png","width":683,"height":1024,"caption":"TrendsBrasil"},"image":{"@id":"https:\/\/vivadicas.com\/st2\/#\/schema\/logo\/image\/"}},{"@type":"Person","@id":"https:\/\/vivadicas.com\/st2\/#\/schema\/person\/f8432157bb5752f84d3a30f1c7388a16","name":"st2vivadicas","image":{"@type":"ImageObject","inLanguage":"pt-BR","@id":"https:\/\/vivadicas.com\/st2\/#\/schema\/person\/image\/","url":"https:\/\/secure.gravatar.com\/avatar\/9bb04fcca59036779222f5f2d61adc27b9b487cc07bc4064b27fa7e0a1e23e1a?s=96&d=mm&r=g","contentUrl":"https:\/\/secure.gravatar.com\/avatar\/9bb04fcca59036779222f5f2d61adc27b9b487cc07bc4064b27fa7e0a1e23e1a?s=96&d=mm&r=g","caption":"st2vivadicas"},"sameAs":["https:\/\/vivadicas.com\/st2"],"url":"https:\/\/vivadicas.com\/st2\/author\/st2vivadicas\/"}]}},"_links":{"self":[{"href":"https:\/\/vivadicas.com\/st2\/wp-json\/wp\/v2\/posts\/1874","targetHints":{"allow":["GET"]}}],"collection":[{"href":"https:\/\/vivadicas.com\/st2\/wp-json\/wp\/v2\/posts"}],"about":[{"href":"https:\/\/vivadicas.com\/st2\/wp-json\/wp\/v2\/types\/post"}],"author":[{"embeddable":true,"href":"https:\/\/vivadicas.com\/st2\/wp-json\/wp\/v2\/users\/1"}],"replies":[{"embeddable":true,"href":"https:\/\/vivadicas.com\/st2\/wp-json\/wp\/v2\/comments?post=1874"}],"version-history":[{"count":1,"href":"https:\/\/vivadicas.com\/st2\/wp-json\/wp\/v2\/posts\/1874\/revisions"}],"predecessor-version":[{"id":1875,"href":"https:\/\/vivadicas.com\/st2\/wp-json\/wp\/v2\/posts\/1874\/revisions\/1875"}],"wp:featuredmedia":[{"embeddable":true,"href":"https:\/\/vivadicas.com\/st2\/wp-json\/wp\/v2\/media\/1873"}],"wp:attachment":[{"href":"https:\/\/vivadicas.com\/st2\/wp-json\/wp\/v2\/media?parent=1874"}],"wp:term":[{"taxonomy":"category","embeddable":true,"href":"https:\/\/vivadicas.com\/st2\/wp-json\/wp\/v2\/categories?post=1874"},{"taxonomy":"post_tag","embeddable":true,"href":"https:\/\/vivadicas.com\/st2\/wp-json\/wp\/v2\/tags?post=1874"}],"curies":[{"name":"wp","href":"https:\/\/api.w.org\/{rel}","templated":true}]}}