{"id":2135,"date":"2025-07-01T13:58:32","date_gmt":"2025-07-01T16:58:32","guid":{"rendered":"https:\/\/vivadicas.com\/st2\/blog\/vasilije-micic-viaja-a-atenas-por-motivos-pessoais-em-meio-a-especulacoes-na-europa\/2135\/"},"modified":"2025-07-01T13:58:34","modified_gmt":"2025-07-01T16:58:34","slug":"vasilije-micic-viaja-a-atenas-por-motivos-pessoais-em-meio-a-especulacoes-na-europa","status":"publish","type":"post","link":"https:\/\/vivadicas.com\/st2\/esportes\/vasilije-micic-viaja-a-atenas-por-motivos-pessoais-em-meio-a-especulacoes-na-europa\/2135\/","title":{"rendered":"Vasilije Micic viaja a Atenas por motivos pessoais em meio a especula\u00e7\u00f5es na Europa"},"content":{"rendered":"<p><h2>\ud83c\udfaf Vasilije Micic: A Estrela em Foco<\/h2>\n<\/p>\n<p>O armador s\u00e9rvio Vasilije Micic, considerado uma das estrelas mais brilhantes da EuroLeague, est\u00e1 novamente sob os holofotes. Vasilije Micic viajou a Atenas por motivos pessoais, o que gerou uma onda de especula\u00e7\u00f5es na Europa. Sua carreira tem sido marcada por sucessos, e agora todos se perguntam o que est\u00e1 por tr\u00e1s dessa viagem.<\/p>\n<p>Recentemente, o jogador tem sido um destaque em seu time, ajudando a elevar a competitividade na liga. A EuroLeague se tornou um campo de batalha intenso, e o desempenho de Vasilije Micic \u00e9 vital para o sucesso de sua equipe.<\/p>\n<p><h2>\ud83d\udd0d O Que Est\u00e1 por Tr\u00e1s da Viagem?<\/h2>\n<\/p>\n<p>V\u00e1rios analistas est\u00e3o tentando entender os motivos que levaram Vasilije Micic a viajar para Atenas. Embora os detalhes ainda sejam escassos, a viagem n\u00e3o \u00e9 vista como um simples ato pessoal. Muitos acreditam que pode haver negocia\u00e7\u00f5es em andamento ou at\u00e9 mesmo oportunidades de mudan\u00e7a de clube.<\/p>\n<p>Em um momento em que a EuroLeague se aproxima de sua fase decisiva, a aus\u00eancia de Micic poderia impactar seu time. Contudo, a situa\u00e7\u00e3o \u00e9 monitorada de perto pelos f\u00e3s e pela m\u00eddia europeia. A expectativa \u00e9 grande, e todos aguardam por um comunicado oficial.<\/p>\n<p><h2>\ud83d\udcc8 A Relev\u00e2ncia de Vasilije Micic na EuroLeague<\/h2>\n<\/p>\n<p>Vasilije Micic se destacou na EuroLeague nos \u00faltimos anos, conquistando pr\u00eamios e reconhecimento. Seu estilo de jogo din\u00e2mico e vis\u00e3o de quadra o tornaram um dos armadores mais respeitados da liga. As estat\u00edsticas falam por si: Micic \u00e9 um dos principais jogadores em assist\u00eancias e pontos.<\/p>\n<p>O armador tamb\u00e9m foi fundamental para o sucesso de sua equipe nas competi\u00e7\u00f5es anteriores. Sua habilidade de controlar o jogo e ser decisivo em momentos cr\u00edticos fez com que ele se tornasse uma refer\u00eancia entre os jovens atletas.<\/p>\n<p><h2>\u26a1 O Futuro de Vasilije Micic<\/h2>\n<\/p>\n<p>Com tantas especula\u00e7\u00f5es em torno de Vasilije Micic, muitos se perguntam sobre seu futuro. A viagem a Atenas pode ser um sinal de novas oportunidades ou uma simples pausa para quest\u00f5es pessoais. De qualquer forma, sua carreira est\u00e1 em um ponto crucial.<\/p>\n<p>Os f\u00e3s e especialistas aguardam por not\u00edcias, e cada movimento de Micic \u00e9 analisado. A EuroLeague est\u00e1 repleta de surpresas, e a presen\u00e7a de Vasilije Micic pode ser um fator decisivo nas pr\u00f3ximas partidas.<\/p>\n<p>Gostou de saber mais sobre Vasilije Micic? Seus amigos tamb\u00e9m podem se interessar. <a href=\"https:\/\/www.addtoany.com\/share#url=https%3A%2F%2Fvivadicas.com%2Fst2%2Fesportes%2Fvasilije-micic-viaja-a-atenas-por-motivos-pessoais-em-meio-a-especulacoes-na-europa%2F2135%2F\" target=\"_blank\" rel=\"noopener\">Compartilhe<\/a> com eles agora mesmo!<\/p>\n","protected":false},"excerpt":{"rendered":"<p>\ud83c\udfaf Vasilije Micic: A Estrela em Foco O armador s\u00e9rvio Vasilije Micic, considerado uma das estrelas mais brilhantes da EuroLeague, est\u00e1 novamente sob os holofotes. Vasilije Micic viajou a Atenas por motivos pessoais, o que gerou uma onda de especula\u00e7\u00f5es na Europa. Sua carreira tem sido marcada por sucessos, e agora todos se perguntam o &#8230; <a title=\"Vasilije Micic viaja a Atenas por motivos pessoais em meio a especula\u00e7\u00f5es na Europa\" class=\"read-more\" href=\"https:\/\/vivadicas.com\/st2\/esportes\/vasilije-micic-viaja-a-atenas-por-motivos-pessoais-em-meio-a-especulacoes-na-europa\/2135\/\" aria-label=\"Read more about Vasilije Micic viaja a Atenas por motivos pessoais em meio a especula\u00e7\u00f5es na Europa\">Ler mais<\/a><\/p>\n","protected":false},"author":1,"featured_media":2134,"comment_status":"open","ping_status":"open","sticky":false,"template":"","format":"standard","meta":{"footnotes":""},"categories":[1199],"tags":[2284,33,2282,2283,2281],"class_list":["post-2135","post","type-post","status-publish","format-standard","has-post-thumbnail","hentry","category-esportes","tag-armador","tag-basquete","tag-euroleague","tag-noticias-esportivas","tag-vasilije-micic"],"yoast_head":"<!-- This site is optimized with the Yoast SEO plugin v25.3.1 - https:\/\/yoast.com\/wordpress\/plugins\/seo\/ -->\n<title>Vasilije Micic viaja a Atenas por motivos pessoais em meio a especula\u00e7\u00f5es na Europa - WordPulseTrends com<\/title>\n<meta name=\"robots\" content=\"index, follow, max-snippet:-1, max-image-preview:large, max-video-preview:-1\" \/>\n<link rel=\"canonical\" href=\"https:\/\/vivadicas.com\/st2\/esportes\/vasilije-micic-viaja-a-atenas-por-motivos-pessoais-em-meio-a-especulacoes-na-europa\/2135\/\" \/>\n<meta property=\"og:locale\" content=\"pt_BR\" \/>\n<meta property=\"og:type\" content=\"article\" \/>\n<meta property=\"og:title\" content=\"Vasilije Micic viaja a Atenas por motivos pessoais em meio a especula\u00e7\u00f5es na Europa - WordPulseTrends com\" \/>\n<meta property=\"og:description\" content=\"\ud83c\udfaf Vasilije Micic: A Estrela em Foco O armador s\u00e9rvio Vasilije Micic, considerado uma das estrelas mais brilhantes da EuroLeague, est\u00e1 novamente sob os holofotes. Vasilije Micic viajou a Atenas por motivos pessoais, o que gerou uma onda de especula\u00e7\u00f5es na Europa. Sua carreira tem sido marcada por sucessos, e agora todos se perguntam o ... Ler mais\" \/>\n<meta property=\"og:url\" content=\"https:\/\/vivadicas.com\/st2\/esportes\/vasilije-micic-viaja-a-atenas-por-motivos-pessoais-em-meio-a-especulacoes-na-europa\/2135\/\" \/>\n<meta property=\"og:site_name\" content=\"WordPulseTrends com\" \/>\n<meta property=\"article:published_time\" content=\"2025-07-01T16:58:32+00:00\" \/>\n<meta property=\"article:modified_time\" content=\"2025-07-01T16:58:34+00:00\" \/>\n<meta property=\"og:image\" content=\"https:\/\/vivadicas.com\/st2\/wp-content\/uploads\/2025\/07\/ai_trend_1751389095_7ea89a84.png\" \/>\n\t<meta property=\"og:image:width\" content=\"1024\" \/>\n\t<meta property=\"og:image:height\" content=\"512\" \/>\n\t<meta property=\"og:image:type\" content=\"image\/png\" \/>\n<meta name=\"author\" content=\"st2vivadicas\" \/>\n<meta name=\"twitter:card\" content=\"summary_large_image\" \/>\n<meta name=\"twitter:label1\" content=\"Escrito por\" \/>\n\t<meta name=\"twitter:data1\" content=\"st2vivadicas\" \/>\n\t<meta name=\"twitter:label2\" content=\"Est. tempo de leitura\" \/>\n\t<meta name=\"twitter:data2\" content=\"2 minutos\" \/>\n<script type=\"application\/ld+json\" class=\"yoast-schema-graph\">{\"@context\":\"https:\/\/schema.org\",\"@graph\":[{\"@type\":\"Article\",\"@id\":\"https:\/\/vivadicas.com\/st2\/esportes\/vasilije-micic-viaja-a-atenas-por-motivos-pessoais-em-meio-a-especulacoes-na-europa\/2135\/#article\",\"isPartOf\":{\"@id\":\"https:\/\/vivadicas.com\/st2\/esportes\/vasilije-micic-viaja-a-atenas-por-motivos-pessoais-em-meio-a-especulacoes-na-europa\/2135\/\"},\"author\":{\"name\":\"st2vivadicas\",\"@id\":\"https:\/\/vivadicas.com\/st2\/#\/schema\/person\/f8432157bb5752f84d3a30f1c7388a16\"},\"headline\":\"Vasilije Micic viaja a Atenas por motivos pessoais em meio a especula\u00e7\u00f5es na Europa\",\"datePublished\":\"2025-07-01T16:58:32+00:00\",\"dateModified\":\"2025-07-01T16:58:34+00:00\",\"mainEntityOfPage\":{\"@id\":\"https:\/\/vivadicas.com\/st2\/esportes\/vasilije-micic-viaja-a-atenas-por-motivos-pessoais-em-meio-a-especulacoes-na-europa\/2135\/\"},\"wordCount\":428,\"commentCount\":0,\"publisher\":{\"@id\":\"https:\/\/vivadicas.com\/st2\/#organization\"},\"image\":{\"@id\":\"https:\/\/vivadicas.com\/st2\/esportes\/vasilije-micic-viaja-a-atenas-por-motivos-pessoais-em-meio-a-especulacoes-na-europa\/2135\/#primaryimage\"},\"thumbnailUrl\":\"https:\/\/vivadicas.com\/st2\/wp-content\/uploads\/2025\/07\/ai_trend_1751389095_7ea89a84.png\",\"keywords\":[\"armador\",\"basquete\",\"EuroLeague\",\"not\u00edcias esportivas\",\"Vasilije Micic\"],\"articleSection\":[\"Esportes\"],\"inLanguage\":\"pt-BR\",\"potentialAction\":[{\"@type\":\"CommentAction\",\"name\":\"Comment\",\"target\":[\"https:\/\/vivadicas.com\/st2\/esportes\/vasilije-micic-viaja-a-atenas-por-motivos-pessoais-em-meio-a-especulacoes-na-europa\/2135\/#respond\"]}]},{\"@type\":\"WebPage\",\"@id\":\"https:\/\/vivadicas.com\/st2\/esportes\/vasilije-micic-viaja-a-atenas-por-motivos-pessoais-em-meio-a-especulacoes-na-europa\/2135\/\",\"url\":\"https:\/\/vivadicas.com\/st2\/esportes\/vasilije-micic-viaja-a-atenas-por-motivos-pessoais-em-meio-a-especulacoes-na-europa\/2135\/\",\"name\":\"Vasilije Micic viaja a Atenas por motivos pessoais em meio a especula\u00e7\u00f5es na Europa - WordPulseTrends com\",\"isPartOf\":{\"@id\":\"https:\/\/vivadicas.com\/st2\/#website\"},\"primaryImageOfPage\":{\"@id\":\"https:\/\/vivadicas.com\/st2\/esportes\/vasilije-micic-viaja-a-atenas-por-motivos-pessoais-em-meio-a-especulacoes-na-europa\/2135\/#primaryimage\"},\"image\":{\"@id\":\"https:\/\/vivadicas.com\/st2\/esportes\/vasilije-micic-viaja-a-atenas-por-motivos-pessoais-em-meio-a-especulacoes-na-europa\/2135\/#primaryimage\"},\"thumbnailUrl\":\"https:\/\/vivadicas.com\/st2\/wp-content\/uploads\/2025\/07\/ai_trend_1751389095_7ea89a84.png\",\"datePublished\":\"2025-07-01T16:58:32+00:00\",\"dateModified\":\"2025-07-01T16:58:34+00:00\",\"breadcrumb\":{\"@id\":\"https:\/\/vivadicas.com\/st2\/esportes\/vasilije-micic-viaja-a-atenas-por-motivos-pessoais-em-meio-a-especulacoes-na-europa\/2135\/#breadcrumb\"},\"inLanguage\":\"pt-BR\",\"potentialAction\":[{\"@type\":\"ReadAction\",\"target\":[\"https:\/\/vivadicas.com\/st2\/esportes\/vasilije-micic-viaja-a-atenas-por-motivos-pessoais-em-meio-a-especulacoes-na-europa\/2135\/\"]}]},{\"@type\":\"ImageObject\",\"inLanguage\":\"pt-BR\",\"@id\":\"https:\/\/vivadicas.com\/st2\/esportes\/vasilije-micic-viaja-a-atenas-por-motivos-pessoais-em-meio-a-especulacoes-na-europa\/2135\/#primaryimage\",\"url\":\"https:\/\/vivadicas.com\/st2\/wp-content\/uploads\/2025\/07\/ai_trend_1751389095_7ea89a84.png\",\"contentUrl\":\"https:\/\/vivadicas.com\/st2\/wp-content\/uploads\/2025\/07\/ai_trend_1751389095_7ea89a84.png\",\"width\":1024,\"height\":512},{\"@type\":\"BreadcrumbList\",\"@id\":\"https:\/\/vivadicas.com\/st2\/esportes\/vasilije-micic-viaja-a-atenas-por-motivos-pessoais-em-meio-a-especulacoes-na-europa\/2135\/#breadcrumb\",\"itemListElement\":[{\"@type\":\"ListItem\",\"position\":1,\"name\":\"In\u00edcio\",\"item\":\"https:\/\/vivadicas.com\/st2\/\"},{\"@type\":\"ListItem\",\"position\":2,\"name\":\"Vasilije Micic viaja a Atenas por motivos pessoais em meio a especula\u00e7\u00f5es na Europa\"}]},{\"@type\":\"WebSite\",\"@id\":\"https:\/\/vivadicas.com\/st2\/#website\",\"url\":\"https:\/\/vivadicas.com\/st2\/\",\"name\":\"TrendsBrasil\",\"description\":\"Stay updated with trending topics, viral news, hot updates, breaking headlines, global trends, and real-time content. Discover what\u2019s going viral now and follow the most talked-about stories across the web, social media, and news platforms!\",\"publisher\":{\"@id\":\"https:\/\/vivadicas.com\/st2\/#organization\"},\"potentialAction\":[{\"@type\":\"SearchAction\",\"target\":{\"@type\":\"EntryPoint\",\"urlTemplate\":\"https:\/\/vivadicas.com\/st2\/?s={search_term_string}\"},\"query-input\":{\"@type\":\"PropertyValueSpecification\",\"valueRequired\":true,\"valueName\":\"search_term_string\"}}],\"inLanguage\":\"pt-BR\"},{\"@type\":\"Organization\",\"@id\":\"https:\/\/vivadicas.com\/st2\/#organization\",\"name\":\"TrendsBrasil\",\"url\":\"https:\/\/vivadicas.com\/st2\/\",\"logo\":{\"@type\":\"ImageObject\",\"inLanguage\":\"pt-BR\",\"@id\":\"https:\/\/vivadicas.com\/st2\/#\/schema\/logo\/image\/\",\"url\":\"https:\/\/vivadicas.com\/st2\/wp-content\/uploads\/2025\/06\/ChatGPT-Image-24-de-jun.-de-2025-10_39_16-683x1024.png\",\"contentUrl\":\"https:\/\/vivadicas.com\/st2\/wp-content\/uploads\/2025\/06\/ChatGPT-Image-24-de-jun.-de-2025-10_39_16-683x1024.png\",\"width\":683,\"height\":1024,\"caption\":\"TrendsBrasil\"},\"image\":{\"@id\":\"https:\/\/vivadicas.com\/st2\/#\/schema\/logo\/image\/\"}},{\"@type\":\"Person\",\"@id\":\"https:\/\/vivadicas.com\/st2\/#\/schema\/person\/f8432157bb5752f84d3a30f1c7388a16\",\"name\":\"st2vivadicas\",\"image\":{\"@type\":\"ImageObject\",\"inLanguage\":\"pt-BR\",\"@id\":\"https:\/\/vivadicas.com\/st2\/#\/schema\/person\/image\/\",\"url\":\"https:\/\/secure.gravatar.com\/avatar\/9bb04fcca59036779222f5f2d61adc27b9b487cc07bc4064b27fa7e0a1e23e1a?s=96&d=mm&r=g\",\"contentUrl\":\"https:\/\/secure.gravatar.com\/avatar\/9bb04fcca59036779222f5f2d61adc27b9b487cc07bc4064b27fa7e0a1e23e1a?s=96&d=mm&r=g\",\"caption\":\"st2vivadicas\"},\"sameAs\":[\"https:\/\/vivadicas.com\/st2\"],\"url\":\"https:\/\/vivadicas.com\/st2\/author\/st2vivadicas\/\"}]}<\/script>\n<!-- \/ Yoast SEO plugin. -->","yoast_head_json":{"title":"Vasilije Micic viaja a Atenas por motivos pessoais em meio a especula\u00e7\u00f5es na Europa - WordPulseTrends com","robots":{"index":"index","follow":"follow","max-snippet":"max-snippet:-1","max-image-preview":"max-image-preview:large","max-video-preview":"max-video-preview:-1"},"canonical":"https:\/\/vivadicas.com\/st2\/esportes\/vasilije-micic-viaja-a-atenas-por-motivos-pessoais-em-meio-a-especulacoes-na-europa\/2135\/","og_locale":"pt_BR","og_type":"article","og_title":"Vasilije Micic viaja a Atenas por motivos pessoais em meio a especula\u00e7\u00f5es na Europa - WordPulseTrends com","og_description":"\ud83c\udfaf Vasilije Micic: A Estrela em Foco O armador s\u00e9rvio Vasilije Micic, considerado uma das estrelas mais brilhantes da EuroLeague, est\u00e1 novamente sob os holofotes. Vasilije Micic viajou a Atenas por motivos pessoais, o que gerou uma onda de especula\u00e7\u00f5es na Europa. Sua carreira tem sido marcada por sucessos, e agora todos se perguntam o ... Ler mais","og_url":"https:\/\/vivadicas.com\/st2\/esportes\/vasilije-micic-viaja-a-atenas-por-motivos-pessoais-em-meio-a-especulacoes-na-europa\/2135\/","og_site_name":"WordPulseTrends com","article_published_time":"2025-07-01T16:58:32+00:00","article_modified_time":"2025-07-01T16:58:34+00:00","og_image":[{"width":1024,"height":512,"url":"https:\/\/vivadicas.com\/st2\/wp-content\/uploads\/2025\/07\/ai_trend_1751389095_7ea89a84.png","type":"image\/png"}],"author":"st2vivadicas","twitter_card":"summary_large_image","twitter_misc":{"Escrito por":"st2vivadicas","Est. tempo de leitura":"2 minutos"},"schema":{"@context":"https:\/\/schema.org","@graph":[{"@type":"Article","@id":"https:\/\/vivadicas.com\/st2\/esportes\/vasilije-micic-viaja-a-atenas-por-motivos-pessoais-em-meio-a-especulacoes-na-europa\/2135\/#article","isPartOf":{"@id":"https:\/\/vivadicas.com\/st2\/esportes\/vasilije-micic-viaja-a-atenas-por-motivos-pessoais-em-meio-a-especulacoes-na-europa\/2135\/"},"author":{"name":"st2vivadicas","@id":"https:\/\/vivadicas.com\/st2\/#\/schema\/person\/f8432157bb5752f84d3a30f1c7388a16"},"headline":"Vasilije Micic viaja a Atenas por motivos pessoais em meio a especula\u00e7\u00f5es na Europa","datePublished":"2025-07-01T16:58:32+00:00","dateModified":"2025-07-01T16:58:34+00:00","mainEntityOfPage":{"@id":"https:\/\/vivadicas.com\/st2\/esportes\/vasilije-micic-viaja-a-atenas-por-motivos-pessoais-em-meio-a-especulacoes-na-europa\/2135\/"},"wordCount":428,"commentCount":0,"publisher":{"@id":"https:\/\/vivadicas.com\/st2\/#organization"},"image":{"@id":"https:\/\/vivadicas.com\/st2\/esportes\/vasilije-micic-viaja-a-atenas-por-motivos-pessoais-em-meio-a-especulacoes-na-europa\/2135\/#primaryimage"},"thumbnailUrl":"https:\/\/vivadicas.com\/st2\/wp-content\/uploads\/2025\/07\/ai_trend_1751389095_7ea89a84.png","keywords":["armador","basquete","EuroLeague","not\u00edcias esportivas","Vasilije Micic"],"articleSection":["Esportes"],"inLanguage":"pt-BR","potentialAction":[{"@type":"CommentAction","name":"Comment","target":["https:\/\/vivadicas.com\/st2\/esportes\/vasilije-micic-viaja-a-atenas-por-motivos-pessoais-em-meio-a-especulacoes-na-europa\/2135\/#respond"]}]},{"@type":"WebPage","@id":"https:\/\/vivadicas.com\/st2\/esportes\/vasilije-micic-viaja-a-atenas-por-motivos-pessoais-em-meio-a-especulacoes-na-europa\/2135\/","url":"https:\/\/vivadicas.com\/st2\/esportes\/vasilije-micic-viaja-a-atenas-por-motivos-pessoais-em-meio-a-especulacoes-na-europa\/2135\/","name":"Vasilije Micic viaja a Atenas por motivos pessoais em meio a especula\u00e7\u00f5es na Europa - WordPulseTrends com","isPartOf":{"@id":"https:\/\/vivadicas.com\/st2\/#website"},"primaryImageOfPage":{"@id":"https:\/\/vivadicas.com\/st2\/esportes\/vasilije-micic-viaja-a-atenas-por-motivos-pessoais-em-meio-a-especulacoes-na-europa\/2135\/#primaryimage"},"image":{"@id":"https:\/\/vivadicas.com\/st2\/esportes\/vasilije-micic-viaja-a-atenas-por-motivos-pessoais-em-meio-a-especulacoes-na-europa\/2135\/#primaryimage"},"thumbnailUrl":"https:\/\/vivadicas.com\/st2\/wp-content\/uploads\/2025\/07\/ai_trend_1751389095_7ea89a84.png","datePublished":"2025-07-01T16:58:32+00:00","dateModified":"2025-07-01T16:58:34+00:00","breadcrumb":{"@id":"https:\/\/vivadicas.com\/st2\/esportes\/vasilije-micic-viaja-a-atenas-por-motivos-pessoais-em-meio-a-especulacoes-na-europa\/2135\/#breadcrumb"},"inLanguage":"pt-BR","potentialAction":[{"@type":"ReadAction","target":["https:\/\/vivadicas.com\/st2\/esportes\/vasilije-micic-viaja-a-atenas-por-motivos-pessoais-em-meio-a-especulacoes-na-europa\/2135\/"]}]},{"@type":"ImageObject","inLanguage":"pt-BR","@id":"https:\/\/vivadicas.com\/st2\/esportes\/vasilije-micic-viaja-a-atenas-por-motivos-pessoais-em-meio-a-especulacoes-na-europa\/2135\/#primaryimage","url":"https:\/\/vivadicas.com\/st2\/wp-content\/uploads\/2025\/07\/ai_trend_1751389095_7ea89a84.png","contentUrl":"https:\/\/vivadicas.com\/st2\/wp-content\/uploads\/2025\/07\/ai_trend_1751389095_7ea89a84.png","width":1024,"height":512},{"@type":"BreadcrumbList","@id":"https:\/\/vivadicas.com\/st2\/esportes\/vasilije-micic-viaja-a-atenas-por-motivos-pessoais-em-meio-a-especulacoes-na-europa\/2135\/#breadcrumb","itemListElement":[{"@type":"ListItem","position":1,"name":"In\u00edcio","item":"https:\/\/vivadicas.com\/st2\/"},{"@type":"ListItem","position":2,"name":"Vasilije Micic viaja a Atenas por motivos pessoais em meio a especula\u00e7\u00f5es na Europa"}]},{"@type":"WebSite","@id":"https:\/\/vivadicas.com\/st2\/#website","url":"https:\/\/vivadicas.com\/st2\/","name":"TrendsBrasil","description":"Stay updated with trending topics, viral news, hot updates, breaking headlines, global trends, and real-time content. Discover what\u2019s going viral now and follow the most talked-about stories across the web, social media, and news platforms!","publisher":{"@id":"https:\/\/vivadicas.com\/st2\/#organization"},"potentialAction":[{"@type":"SearchAction","target":{"@type":"EntryPoint","urlTemplate":"https:\/\/vivadicas.com\/st2\/?s={search_term_string}"},"query-input":{"@type":"PropertyValueSpecification","valueRequired":true,"valueName":"search_term_string"}}],"inLanguage":"pt-BR"},{"@type":"Organization","@id":"https:\/\/vivadicas.com\/st2\/#organization","name":"TrendsBrasil","url":"https:\/\/vivadicas.com\/st2\/","logo":{"@type":"ImageObject","inLanguage":"pt-BR","@id":"https:\/\/vivadicas.com\/st2\/#\/schema\/logo\/image\/","url":"https:\/\/vivadicas.com\/st2\/wp-content\/uploads\/2025\/06\/ChatGPT-Image-24-de-jun.-de-2025-10_39_16-683x1024.png","contentUrl":"https:\/\/vivadicas.com\/st2\/wp-content\/uploads\/2025\/06\/ChatGPT-Image-24-de-jun.-de-2025-10_39_16-683x1024.png","width":683,"height":1024,"caption":"TrendsBrasil"},"image":{"@id":"https:\/\/vivadicas.com\/st2\/#\/schema\/logo\/image\/"}},{"@type":"Person","@id":"https:\/\/vivadicas.com\/st2\/#\/schema\/person\/f8432157bb5752f84d3a30f1c7388a16","name":"st2vivadicas","image":{"@type":"ImageObject","inLanguage":"pt-BR","@id":"https:\/\/vivadicas.com\/st2\/#\/schema\/person\/image\/","url":"https:\/\/secure.gravatar.com\/avatar\/9bb04fcca59036779222f5f2d61adc27b9b487cc07bc4064b27fa7e0a1e23e1a?s=96&d=mm&r=g","contentUrl":"https:\/\/secure.gravatar.com\/avatar\/9bb04fcca59036779222f5f2d61adc27b9b487cc07bc4064b27fa7e0a1e23e1a?s=96&d=mm&r=g","caption":"st2vivadicas"},"sameAs":["https:\/\/vivadicas.com\/st2"],"url":"https:\/\/vivadicas.com\/st2\/author\/st2vivadicas\/"}]}},"_links":{"self":[{"href":"https:\/\/vivadicas.com\/st2\/wp-json\/wp\/v2\/posts\/2135","targetHints":{"allow":["GET"]}}],"collection":[{"href":"https:\/\/vivadicas.com\/st2\/wp-json\/wp\/v2\/posts"}],"about":[{"href":"https:\/\/vivadicas.com\/st2\/wp-json\/wp\/v2\/types\/post"}],"author":[{"embeddable":true,"href":"https:\/\/vivadicas.com\/st2\/wp-json\/wp\/v2\/users\/1"}],"replies":[{"embeddable":true,"href":"https:\/\/vivadicas.com\/st2\/wp-json\/wp\/v2\/comments?post=2135"}],"version-history":[{"count":1,"href":"https:\/\/vivadicas.com\/st2\/wp-json\/wp\/v2\/posts\/2135\/revisions"}],"predecessor-version":[{"id":2136,"href":"https:\/\/vivadicas.com\/st2\/wp-json\/wp\/v2\/posts\/2135\/revisions\/2136"}],"wp:featuredmedia":[{"embeddable":true,"href":"https:\/\/vivadicas.com\/st2\/wp-json\/wp\/v2\/media\/2134"}],"wp:attachment":[{"href":"https:\/\/vivadicas.com\/st2\/wp-json\/wp\/v2\/media?parent=2135"}],"wp:term":[{"taxonomy":"category","embeddable":true,"href":"https:\/\/vivadicas.com\/st2\/wp-json\/wp\/v2\/categories?post=2135"},{"taxonomy":"post_tag","embeddable":true,"href":"https:\/\/vivadicas.com\/st2\/wp-json\/wp\/v2\/tags?post=2135"}],"curies":[{"name":"wp","href":"https:\/\/api.w.org\/{rel}","templated":true}]}}