{"id":2336,"date":"2025-07-01T17:20:33","date_gmt":"2025-07-01T20:20:33","guid":{"rendered":"https:\/\/vivadicas.com\/st2\/blog\/vacina-meningite-acwy-e-disponibilizada-para-criancas-no-sus\/2336\/"},"modified":"2025-07-01T17:20:34","modified_gmt":"2025-07-01T20:20:34","slug":"vacina-meningite-acwy-e-disponibilizada-para-criancas-no-sus","status":"publish","type":"post","link":"https:\/\/vivadicas.com\/st2\/saude\/vacina-meningite-acwy-e-disponibilizada-para-criancas-no-sus\/2336\/","title":{"rendered":"Vacina meningite ACWY \u00e9 disponibilizada para crian\u00e7as no SUS"},"content":{"rendered":"<p>A vacina meningite ACWY \u00e9 uma nova ferramenta importante na preven\u00e7\u00e3o das meningites bacterianas. A partir de 1\u00ba de julho, o Minist\u00e9rio da Sa\u00fade come\u00e7ou a oferecer a vacina meningoc\u00f3cica ACWY no Sistema \u00danico de Sa\u00fade (SUS) para crian\u00e7as de doze meses. Essa vacina visa aumentar a prote\u00e7\u00e3o contra os sorogrupos A, C, W e Y da bact\u00e9ria Neisseria meningitidis, respons\u00e1veis por casos graves de meningite.<\/p>\n<p><h2>\ud83c\udfaf Import\u00e2ncia da Vacina\u00e7\u00e3o<\/h2>\n<\/p>\n<p>A introdu\u00e7\u00e3o da vacina meningite ACWY \u00e9 um avan\u00e7o significativo na sa\u00fade p\u00fablica. A meningite \u00e9 uma infec\u00e7\u00e3o que afeta as membranas que envolvem o c\u00e9rebro e a medula espinhal, podendo levar a sequelas graves e at\u00e9 \u00e0 morte. A vacina\u00e7\u00e3o \u00e9 a maneira mais eficaz de prevenir a doen\u00e7a.<\/p>\n<p>Al\u00e9m de proteger as crian\u00e7as, a vacina tamb\u00e9m contribui para a imuniza\u00e7\u00e3o da popula\u00e7\u00e3o em geral. Ao vacinar um maior n\u00famero de crian\u00e7as, diminui-se a circula\u00e7\u00e3o do v\u00edrus na comunidade, beneficiando todos. Essa estrat\u00e9gia \u00e9 fundamental, principalmente em tempos de aumento dos casos de meningite no Brasil.<\/p>\n<p><h2>\ud83d\udca1 A Nova Abordagem da Vacina\u00e7\u00e3o<\/h2>\n<\/p>\n<p>A vacina meningite ACWY ser\u00e1 aplicada como uma dose de refor\u00e7o para os beb\u00eas que j\u00e1 receberam a vacina meningoc\u00f3cica C anteriormente. Essa mudan\u00e7a no calend\u00e1rio vacinal \u00e9 parte de um esfor\u00e7o para refor\u00e7ar a prote\u00e7\u00e3o das crian\u00e7as, que est\u00e3o mais vulner\u00e1veis a essa doen\u00e7a.<\/p>\n<p>O governo da Para\u00edba, por exemplo, j\u00e1 iniciou a aplica\u00e7\u00e3o da vacina nas salas de vacinas e pontos m\u00f3veis. As autoridades locais ressaltam que essa vacina\u00e7\u00e3o \u00e9 essencial para garantir a seguran\u00e7a e sa\u00fade das crian\u00e7as.<\/p>\n<p><h2>\u26a1 Expans\u00e3o das Vacinas em Diferentes Estados<\/h2>\n<\/p>\n<p>Al\u00e9m da Para\u00edba, outras cidades, como Jo\u00e3o Pessoa e Curitiba, tamb\u00e9m adotaram a vacina meningite ACWY. Em Jo\u00e3o Pessoa, a vacina\u00e7\u00e3o come\u00e7ou a ser realizada a partir de 1\u00ba de julho, com o objetivo de ampliar a prote\u00e7\u00e3o nas crian\u00e7as de doze meses.<\/p>\n<p>Em Curitiba, a a\u00e7\u00e3o segue a mesma linha, com as autoridades locais refor\u00e7ando a import\u00e2ncia da vacina\u00e7\u00e3o. A expectativa \u00e9 de que a ades\u00e3o \u00e0 vacina seja alta, garantindo que mais crian\u00e7as estejam protegidas.<\/p>\n<p><h2>\ud83d\udcc8 Resultados Esperados<\/h2>\n<\/p>\n<p>Os especialistas esperam que a vacina meningite ACWY reduza o n\u00famero de casos de meningite bacteriana nos pr\u00f3ximos anos. A prote\u00e7\u00e3o adicional contra os sorogrupos A, C, W e Y \u00e9 vital para melhorar a sa\u00fade p\u00fablica no Brasil.<\/p>\n<p>\u00c9 importante que os pais e respons\u00e1veis se mantenham informados sobre a vacina\u00e7\u00e3o de seus filhos. Manter o calend\u00e1rio vacinal em dia \u00e9 uma forma eficaz de garantir a sa\u00fade e bem-estar das crian\u00e7as.<\/p>\n<p>Finalizando, a vacina meningite ACWY representa um passo positivo na luta contra a meningite bacteriana. As autoridades de sa\u00fade pedem aos pais que levem seus filhos para serem vacinados e refor\u00e7am a import\u00e2ncia dessa iniciativa.<\/p>\n<p>Gostou de saber mais sobre vacina meningite ACWY? Seus amigos tamb\u00e9m podem se interessar. <a href=\"https:\/\/www.addtoany.com\/share#url=https%3A%2F%2Fvivadicas.com%2Fst2%2Fsaude%2Fvacina-meningite-acwy-e-disponibilizada-para-criancas-no-sus%2F2336%2F\" target=\"_blank\" rel=\"noopener\">Compartilhe<\/a> com eles agora mesmo!<\/p>\n","protected":false},"excerpt":{"rendered":"<p>A vacina meningite ACWY \u00e9 uma nova ferramenta importante na preven\u00e7\u00e3o das meningites bacterianas. A partir de 1\u00ba de julho, o Minist\u00e9rio da Sa\u00fade come\u00e7ou a oferecer a vacina meningoc\u00f3cica ACWY no Sistema \u00danico de Sa\u00fade (SUS) para crian\u00e7as de doze meses. Essa vacina visa aumentar a prote\u00e7\u00e3o contra os sorogrupos A, C, W e &#8230; <a title=\"Vacina meningite ACWY \u00e9 disponibilizada para crian\u00e7as no SUS\" class=\"read-more\" href=\"https:\/\/vivadicas.com\/st2\/saude\/vacina-meningite-acwy-e-disponibilizada-para-criancas-no-sus\/2336\/\" aria-label=\"Read more about Vacina meningite ACWY \u00e9 disponibilizada para crian\u00e7as no SUS\">Ler mais<\/a><\/p>\n","protected":false},"author":1,"featured_media":2335,"comment_status":"open","ping_status":"open","sticky":false,"template":"","format":"standard","meta":{"footnotes":""},"categories":[1561],"tags":[2439,1398,2438,2437,2440],"class_list":["post-2336","post","type-post","status-publish","format-standard","has-post-thumbnail","hentry","category-saude","tag-meningite-bacteriana","tag-prevencao","tag-saude-publica","tag-vacina-meningite","tag-vacinacao"],"yoast_head":"<!-- This site is optimized with the Yoast SEO plugin v25.3.1 - https:\/\/yoast.com\/wordpress\/plugins\/seo\/ -->\n<title>Vacina meningite ACWY \u00e9 disponibilizada para crian\u00e7as no SUS - WordPulseTrends com<\/title>\n<meta name=\"robots\" content=\"index, follow, max-snippet:-1, max-image-preview:large, max-video-preview:-1\" \/>\n<link rel=\"canonical\" href=\"https:\/\/vivadicas.com\/st2\/saude\/vacina-meningite-acwy-e-disponibilizada-para-criancas-no-sus\/2336\/\" \/>\n<meta property=\"og:locale\" content=\"pt_BR\" \/>\n<meta property=\"og:type\" content=\"article\" \/>\n<meta property=\"og:title\" content=\"Vacina meningite ACWY \u00e9 disponibilizada para crian\u00e7as no SUS - WordPulseTrends com\" \/>\n<meta property=\"og:description\" content=\"A vacina meningite ACWY \u00e9 uma nova ferramenta importante na preven\u00e7\u00e3o das meningites bacterianas. A partir de 1\u00ba de julho, o Minist\u00e9rio da Sa\u00fade come\u00e7ou a oferecer a vacina meningoc\u00f3cica ACWY no Sistema \u00danico de Sa\u00fade (SUS) para crian\u00e7as de doze meses. Essa vacina visa aumentar a prote\u00e7\u00e3o contra os sorogrupos A, C, W e ... Ler mais\" \/>\n<meta property=\"og:url\" content=\"https:\/\/vivadicas.com\/st2\/saude\/vacina-meningite-acwy-e-disponibilizada-para-criancas-no-sus\/2336\/\" \/>\n<meta property=\"og:site_name\" content=\"WordPulseTrends com\" \/>\n<meta property=\"article:published_time\" content=\"2025-07-01T20:20:33+00:00\" \/>\n<meta property=\"article:modified_time\" content=\"2025-07-01T20:20:34+00:00\" \/>\n<meta property=\"og:image\" content=\"https:\/\/vivadicas.com\/st2\/wp-content\/uploads\/2025\/07\/ai_trend_1751401217_046565f7.png\" \/>\n\t<meta property=\"og:image:width\" content=\"1024\" \/>\n\t<meta property=\"og:image:height\" content=\"512\" \/>\n\t<meta property=\"og:image:type\" content=\"image\/png\" \/>\n<meta name=\"author\" content=\"st2vivadicas\" \/>\n<meta name=\"twitter:card\" content=\"summary_large_image\" \/>\n<meta name=\"twitter:label1\" content=\"Escrito por\" \/>\n\t<meta name=\"twitter:data1\" content=\"st2vivadicas\" \/>\n\t<meta name=\"twitter:label2\" content=\"Est. tempo de leitura\" \/>\n\t<meta name=\"twitter:data2\" content=\"3 minutos\" \/>\n<script type=\"application\/ld+json\" class=\"yoast-schema-graph\">{\"@context\":\"https:\/\/schema.org\",\"@graph\":[{\"@type\":\"Article\",\"@id\":\"https:\/\/vivadicas.com\/st2\/saude\/vacina-meningite-acwy-e-disponibilizada-para-criancas-no-sus\/2336\/#article\",\"isPartOf\":{\"@id\":\"https:\/\/vivadicas.com\/st2\/saude\/vacina-meningite-acwy-e-disponibilizada-para-criancas-no-sus\/2336\/\"},\"author\":{\"name\":\"st2vivadicas\",\"@id\":\"https:\/\/vivadicas.com\/st2\/#\/schema\/person\/f8432157bb5752f84d3a30f1c7388a16\"},\"headline\":\"Vacina meningite ACWY \u00e9 disponibilizada para crian\u00e7as no SUS\",\"datePublished\":\"2025-07-01T20:20:33+00:00\",\"dateModified\":\"2025-07-01T20:20:34+00:00\",\"mainEntityOfPage\":{\"@id\":\"https:\/\/vivadicas.com\/st2\/saude\/vacina-meningite-acwy-e-disponibilizada-para-criancas-no-sus\/2336\/\"},\"wordCount\":538,\"commentCount\":0,\"publisher\":{\"@id\":\"https:\/\/vivadicas.com\/st2\/#organization\"},\"image\":{\"@id\":\"https:\/\/vivadicas.com\/st2\/saude\/vacina-meningite-acwy-e-disponibilizada-para-criancas-no-sus\/2336\/#primaryimage\"},\"thumbnailUrl\":\"https:\/\/vivadicas.com\/st2\/wp-content\/uploads\/2025\/07\/ai_trend_1751401217_046565f7.png\",\"keywords\":[\"meningite bacteriana\",\"preven\u00e7\u00e3o\",\"sa\u00fade p\u00fablica\",\"vacina meningite\",\"vacina\u00e7\u00e3o\"],\"articleSection\":[\"Sa\u00fade\"],\"inLanguage\":\"pt-BR\",\"potentialAction\":[{\"@type\":\"CommentAction\",\"name\":\"Comment\",\"target\":[\"https:\/\/vivadicas.com\/st2\/saude\/vacina-meningite-acwy-e-disponibilizada-para-criancas-no-sus\/2336\/#respond\"]}]},{\"@type\":\"WebPage\",\"@id\":\"https:\/\/vivadicas.com\/st2\/saude\/vacina-meningite-acwy-e-disponibilizada-para-criancas-no-sus\/2336\/\",\"url\":\"https:\/\/vivadicas.com\/st2\/saude\/vacina-meningite-acwy-e-disponibilizada-para-criancas-no-sus\/2336\/\",\"name\":\"Vacina meningite ACWY \u00e9 disponibilizada para crian\u00e7as no SUS - WordPulseTrends com\",\"isPartOf\":{\"@id\":\"https:\/\/vivadicas.com\/st2\/#website\"},\"primaryImageOfPage\":{\"@id\":\"https:\/\/vivadicas.com\/st2\/saude\/vacina-meningite-acwy-e-disponibilizada-para-criancas-no-sus\/2336\/#primaryimage\"},\"image\":{\"@id\":\"https:\/\/vivadicas.com\/st2\/saude\/vacina-meningite-acwy-e-disponibilizada-para-criancas-no-sus\/2336\/#primaryimage\"},\"thumbnailUrl\":\"https:\/\/vivadicas.com\/st2\/wp-content\/uploads\/2025\/07\/ai_trend_1751401217_046565f7.png\",\"datePublished\":\"2025-07-01T20:20:33+00:00\",\"dateModified\":\"2025-07-01T20:20:34+00:00\",\"breadcrumb\":{\"@id\":\"https:\/\/vivadicas.com\/st2\/saude\/vacina-meningite-acwy-e-disponibilizada-para-criancas-no-sus\/2336\/#breadcrumb\"},\"inLanguage\":\"pt-BR\",\"potentialAction\":[{\"@type\":\"ReadAction\",\"target\":[\"https:\/\/vivadicas.com\/st2\/saude\/vacina-meningite-acwy-e-disponibilizada-para-criancas-no-sus\/2336\/\"]}]},{\"@type\":\"ImageObject\",\"inLanguage\":\"pt-BR\",\"@id\":\"https:\/\/vivadicas.com\/st2\/saude\/vacina-meningite-acwy-e-disponibilizada-para-criancas-no-sus\/2336\/#primaryimage\",\"url\":\"https:\/\/vivadicas.com\/st2\/wp-content\/uploads\/2025\/07\/ai_trend_1751401217_046565f7.png\",\"contentUrl\":\"https:\/\/vivadicas.com\/st2\/wp-content\/uploads\/2025\/07\/ai_trend_1751401217_046565f7.png\",\"width\":1024,\"height\":512},{\"@type\":\"BreadcrumbList\",\"@id\":\"https:\/\/vivadicas.com\/st2\/saude\/vacina-meningite-acwy-e-disponibilizada-para-criancas-no-sus\/2336\/#breadcrumb\",\"itemListElement\":[{\"@type\":\"ListItem\",\"position\":1,\"name\":\"In\u00edcio\",\"item\":\"https:\/\/vivadicas.com\/st2\/\"},{\"@type\":\"ListItem\",\"position\":2,\"name\":\"Vacina meningite ACWY \u00e9 disponibilizada para crian\u00e7as no SUS\"}]},{\"@type\":\"WebSite\",\"@id\":\"https:\/\/vivadicas.com\/st2\/#website\",\"url\":\"https:\/\/vivadicas.com\/st2\/\",\"name\":\"TrendsBrasil\",\"description\":\"Stay updated with trending topics, viral news, hot updates, breaking headlines, global trends, and real-time content. Discover what\u2019s going viral now and follow the most talked-about stories across the web, social media, and news platforms!\",\"publisher\":{\"@id\":\"https:\/\/vivadicas.com\/st2\/#organization\"},\"potentialAction\":[{\"@type\":\"SearchAction\",\"target\":{\"@type\":\"EntryPoint\",\"urlTemplate\":\"https:\/\/vivadicas.com\/st2\/?s={search_term_string}\"},\"query-input\":{\"@type\":\"PropertyValueSpecification\",\"valueRequired\":true,\"valueName\":\"search_term_string\"}}],\"inLanguage\":\"pt-BR\"},{\"@type\":\"Organization\",\"@id\":\"https:\/\/vivadicas.com\/st2\/#organization\",\"name\":\"TrendsBrasil\",\"url\":\"https:\/\/vivadicas.com\/st2\/\",\"logo\":{\"@type\":\"ImageObject\",\"inLanguage\":\"pt-BR\",\"@id\":\"https:\/\/vivadicas.com\/st2\/#\/schema\/logo\/image\/\",\"url\":\"https:\/\/vivadicas.com\/st2\/wp-content\/uploads\/2025\/06\/ChatGPT-Image-24-de-jun.-de-2025-10_39_16-683x1024.png\",\"contentUrl\":\"https:\/\/vivadicas.com\/st2\/wp-content\/uploads\/2025\/06\/ChatGPT-Image-24-de-jun.-de-2025-10_39_16-683x1024.png\",\"width\":683,\"height\":1024,\"caption\":\"TrendsBrasil\"},\"image\":{\"@id\":\"https:\/\/vivadicas.com\/st2\/#\/schema\/logo\/image\/\"}},{\"@type\":\"Person\",\"@id\":\"https:\/\/vivadicas.com\/st2\/#\/schema\/person\/f8432157bb5752f84d3a30f1c7388a16\",\"name\":\"st2vivadicas\",\"image\":{\"@type\":\"ImageObject\",\"inLanguage\":\"pt-BR\",\"@id\":\"https:\/\/vivadicas.com\/st2\/#\/schema\/person\/image\/\",\"url\":\"https:\/\/secure.gravatar.com\/avatar\/9bb04fcca59036779222f5f2d61adc27b9b487cc07bc4064b27fa7e0a1e23e1a?s=96&d=mm&r=g\",\"contentUrl\":\"https:\/\/secure.gravatar.com\/avatar\/9bb04fcca59036779222f5f2d61adc27b9b487cc07bc4064b27fa7e0a1e23e1a?s=96&d=mm&r=g\",\"caption\":\"st2vivadicas\"},\"sameAs\":[\"https:\/\/vivadicas.com\/st2\"],\"url\":\"https:\/\/vivadicas.com\/st2\/author\/st2vivadicas\/\"}]}<\/script>\n<!-- \/ Yoast SEO plugin. -->","yoast_head_json":{"title":"Vacina meningite ACWY \u00e9 disponibilizada para crian\u00e7as no SUS - WordPulseTrends com","robots":{"index":"index","follow":"follow","max-snippet":"max-snippet:-1","max-image-preview":"max-image-preview:large","max-video-preview":"max-video-preview:-1"},"canonical":"https:\/\/vivadicas.com\/st2\/saude\/vacina-meningite-acwy-e-disponibilizada-para-criancas-no-sus\/2336\/","og_locale":"pt_BR","og_type":"article","og_title":"Vacina meningite ACWY \u00e9 disponibilizada para crian\u00e7as no SUS - WordPulseTrends com","og_description":"A vacina meningite ACWY \u00e9 uma nova ferramenta importante na preven\u00e7\u00e3o das meningites bacterianas. A partir de 1\u00ba de julho, o Minist\u00e9rio da Sa\u00fade come\u00e7ou a oferecer a vacina meningoc\u00f3cica ACWY no Sistema \u00danico de Sa\u00fade (SUS) para crian\u00e7as de doze meses. Essa vacina visa aumentar a prote\u00e7\u00e3o contra os sorogrupos A, C, W e ... Ler mais","og_url":"https:\/\/vivadicas.com\/st2\/saude\/vacina-meningite-acwy-e-disponibilizada-para-criancas-no-sus\/2336\/","og_site_name":"WordPulseTrends com","article_published_time":"2025-07-01T20:20:33+00:00","article_modified_time":"2025-07-01T20:20:34+00:00","og_image":[{"width":1024,"height":512,"url":"https:\/\/vivadicas.com\/st2\/wp-content\/uploads\/2025\/07\/ai_trend_1751401217_046565f7.png","type":"image\/png"}],"author":"st2vivadicas","twitter_card":"summary_large_image","twitter_misc":{"Escrito por":"st2vivadicas","Est. tempo de leitura":"3 minutos"},"schema":{"@context":"https:\/\/schema.org","@graph":[{"@type":"Article","@id":"https:\/\/vivadicas.com\/st2\/saude\/vacina-meningite-acwy-e-disponibilizada-para-criancas-no-sus\/2336\/#article","isPartOf":{"@id":"https:\/\/vivadicas.com\/st2\/saude\/vacina-meningite-acwy-e-disponibilizada-para-criancas-no-sus\/2336\/"},"author":{"name":"st2vivadicas","@id":"https:\/\/vivadicas.com\/st2\/#\/schema\/person\/f8432157bb5752f84d3a30f1c7388a16"},"headline":"Vacina meningite ACWY \u00e9 disponibilizada para crian\u00e7as no SUS","datePublished":"2025-07-01T20:20:33+00:00","dateModified":"2025-07-01T20:20:34+00:00","mainEntityOfPage":{"@id":"https:\/\/vivadicas.com\/st2\/saude\/vacina-meningite-acwy-e-disponibilizada-para-criancas-no-sus\/2336\/"},"wordCount":538,"commentCount":0,"publisher":{"@id":"https:\/\/vivadicas.com\/st2\/#organization"},"image":{"@id":"https:\/\/vivadicas.com\/st2\/saude\/vacina-meningite-acwy-e-disponibilizada-para-criancas-no-sus\/2336\/#primaryimage"},"thumbnailUrl":"https:\/\/vivadicas.com\/st2\/wp-content\/uploads\/2025\/07\/ai_trend_1751401217_046565f7.png","keywords":["meningite bacteriana","preven\u00e7\u00e3o","sa\u00fade p\u00fablica","vacina meningite","vacina\u00e7\u00e3o"],"articleSection":["Sa\u00fade"],"inLanguage":"pt-BR","potentialAction":[{"@type":"CommentAction","name":"Comment","target":["https:\/\/vivadicas.com\/st2\/saude\/vacina-meningite-acwy-e-disponibilizada-para-criancas-no-sus\/2336\/#respond"]}]},{"@type":"WebPage","@id":"https:\/\/vivadicas.com\/st2\/saude\/vacina-meningite-acwy-e-disponibilizada-para-criancas-no-sus\/2336\/","url":"https:\/\/vivadicas.com\/st2\/saude\/vacina-meningite-acwy-e-disponibilizada-para-criancas-no-sus\/2336\/","name":"Vacina meningite ACWY \u00e9 disponibilizada para crian\u00e7as no SUS - WordPulseTrends com","isPartOf":{"@id":"https:\/\/vivadicas.com\/st2\/#website"},"primaryImageOfPage":{"@id":"https:\/\/vivadicas.com\/st2\/saude\/vacina-meningite-acwy-e-disponibilizada-para-criancas-no-sus\/2336\/#primaryimage"},"image":{"@id":"https:\/\/vivadicas.com\/st2\/saude\/vacina-meningite-acwy-e-disponibilizada-para-criancas-no-sus\/2336\/#primaryimage"},"thumbnailUrl":"https:\/\/vivadicas.com\/st2\/wp-content\/uploads\/2025\/07\/ai_trend_1751401217_046565f7.png","datePublished":"2025-07-01T20:20:33+00:00","dateModified":"2025-07-01T20:20:34+00:00","breadcrumb":{"@id":"https:\/\/vivadicas.com\/st2\/saude\/vacina-meningite-acwy-e-disponibilizada-para-criancas-no-sus\/2336\/#breadcrumb"},"inLanguage":"pt-BR","potentialAction":[{"@type":"ReadAction","target":["https:\/\/vivadicas.com\/st2\/saude\/vacina-meningite-acwy-e-disponibilizada-para-criancas-no-sus\/2336\/"]}]},{"@type":"ImageObject","inLanguage":"pt-BR","@id":"https:\/\/vivadicas.com\/st2\/saude\/vacina-meningite-acwy-e-disponibilizada-para-criancas-no-sus\/2336\/#primaryimage","url":"https:\/\/vivadicas.com\/st2\/wp-content\/uploads\/2025\/07\/ai_trend_1751401217_046565f7.png","contentUrl":"https:\/\/vivadicas.com\/st2\/wp-content\/uploads\/2025\/07\/ai_trend_1751401217_046565f7.png","width":1024,"height":512},{"@type":"BreadcrumbList","@id":"https:\/\/vivadicas.com\/st2\/saude\/vacina-meningite-acwy-e-disponibilizada-para-criancas-no-sus\/2336\/#breadcrumb","itemListElement":[{"@type":"ListItem","position":1,"name":"In\u00edcio","item":"https:\/\/vivadicas.com\/st2\/"},{"@type":"ListItem","position":2,"name":"Vacina meningite ACWY \u00e9 disponibilizada para crian\u00e7as no SUS"}]},{"@type":"WebSite","@id":"https:\/\/vivadicas.com\/st2\/#website","url":"https:\/\/vivadicas.com\/st2\/","name":"TrendsBrasil","description":"Stay updated with trending topics, viral news, hot updates, breaking headlines, global trends, and real-time content. Discover what\u2019s going viral now and follow the most talked-about stories across the web, social media, and news platforms!","publisher":{"@id":"https:\/\/vivadicas.com\/st2\/#organization"},"potentialAction":[{"@type":"SearchAction","target":{"@type":"EntryPoint","urlTemplate":"https:\/\/vivadicas.com\/st2\/?s={search_term_string}"},"query-input":{"@type":"PropertyValueSpecification","valueRequired":true,"valueName":"search_term_string"}}],"inLanguage":"pt-BR"},{"@type":"Organization","@id":"https:\/\/vivadicas.com\/st2\/#organization","name":"TrendsBrasil","url":"https:\/\/vivadicas.com\/st2\/","logo":{"@type":"ImageObject","inLanguage":"pt-BR","@id":"https:\/\/vivadicas.com\/st2\/#\/schema\/logo\/image\/","url":"https:\/\/vivadicas.com\/st2\/wp-content\/uploads\/2025\/06\/ChatGPT-Image-24-de-jun.-de-2025-10_39_16-683x1024.png","contentUrl":"https:\/\/vivadicas.com\/st2\/wp-content\/uploads\/2025\/06\/ChatGPT-Image-24-de-jun.-de-2025-10_39_16-683x1024.png","width":683,"height":1024,"caption":"TrendsBrasil"},"image":{"@id":"https:\/\/vivadicas.com\/st2\/#\/schema\/logo\/image\/"}},{"@type":"Person","@id":"https:\/\/vivadicas.com\/st2\/#\/schema\/person\/f8432157bb5752f84d3a30f1c7388a16","name":"st2vivadicas","image":{"@type":"ImageObject","inLanguage":"pt-BR","@id":"https:\/\/vivadicas.com\/st2\/#\/schema\/person\/image\/","url":"https:\/\/secure.gravatar.com\/avatar\/9bb04fcca59036779222f5f2d61adc27b9b487cc07bc4064b27fa7e0a1e23e1a?s=96&d=mm&r=g","contentUrl":"https:\/\/secure.gravatar.com\/avatar\/9bb04fcca59036779222f5f2d61adc27b9b487cc07bc4064b27fa7e0a1e23e1a?s=96&d=mm&r=g","caption":"st2vivadicas"},"sameAs":["https:\/\/vivadicas.com\/st2"],"url":"https:\/\/vivadicas.com\/st2\/author\/st2vivadicas\/"}]}},"_links":{"self":[{"href":"https:\/\/vivadicas.com\/st2\/wp-json\/wp\/v2\/posts\/2336","targetHints":{"allow":["GET"]}}],"collection":[{"href":"https:\/\/vivadicas.com\/st2\/wp-json\/wp\/v2\/posts"}],"about":[{"href":"https:\/\/vivadicas.com\/st2\/wp-json\/wp\/v2\/types\/post"}],"author":[{"embeddable":true,"href":"https:\/\/vivadicas.com\/st2\/wp-json\/wp\/v2\/users\/1"}],"replies":[{"embeddable":true,"href":"https:\/\/vivadicas.com\/st2\/wp-json\/wp\/v2\/comments?post=2336"}],"version-history":[{"count":1,"href":"https:\/\/vivadicas.com\/st2\/wp-json\/wp\/v2\/posts\/2336\/revisions"}],"predecessor-version":[{"id":2337,"href":"https:\/\/vivadicas.com\/st2\/wp-json\/wp\/v2\/posts\/2336\/revisions\/2337"}],"wp:featuredmedia":[{"embeddable":true,"href":"https:\/\/vivadicas.com\/st2\/wp-json\/wp\/v2\/media\/2335"}],"wp:attachment":[{"href":"https:\/\/vivadicas.com\/st2\/wp-json\/wp\/v2\/media?parent=2336"}],"wp:term":[{"taxonomy":"category","embeddable":true,"href":"https:\/\/vivadicas.com\/st2\/wp-json\/wp\/v2\/categories?post=2336"},{"taxonomy":"post_tag","embeddable":true,"href":"https:\/\/vivadicas.com\/st2\/wp-json\/wp\/v2\/tags?post=2336"}],"curies":[{"name":"wp","href":"https:\/\/api.w.org\/{rel}","templated":true}]}}