{"id":2358,"date":"2025-07-01T17:40:33","date_gmt":"2025-07-01T20:40:33","guid":{"rendered":"https:\/\/vivadicas.com\/st2\/blog\/mbappe-enfrenta-polemica-com-psg-e-rapper-frances-ameaca-jogador\/2358\/"},"modified":"2025-07-01T17:40:34","modified_gmt":"2025-07-01T20:40:34","slug":"mbappe-enfrenta-polemica-com-psg-e-rapper-frances-ameaca-jogador","status":"publish","type":"post","link":"https:\/\/vivadicas.com\/st2\/esportes\/mbappe-enfrenta-polemica-com-psg-e-rapper-frances-ameaca-jogador\/2358\/","title":{"rendered":"Mbapp\u00e9 enfrenta pol\u00eamica com PSG e rapper franc\u00eas amea\u00e7a jogador"},"content":{"rendered":"<p><h2>\ud83c\udfaf Mbapp\u00e9 e o ass\u00e9dio moral<\/h2>\n<\/p>\n<p>Kylian Mbapp\u00e9 est\u00e1 no centro de uma pol\u00eamica envolvendo o Paris Saint-Germain (PSG). O jogador alega ter sido v\u00edtima de ass\u00e9dio moral pelo clube, que o teria colocado para treinar \u00e0 margem do plantel durante a pr\u00e9-temporada de 2023. Essa situa\u00e7\u00e3o gerou uma queixa formal ao Minist\u00e9rio P\u00fablico, que est\u00e1 investigando o caso.<\/p>\n<p>A decis\u00e3o do PSG de afastar Mbapp\u00e9 do grupo principal ocorreu em um momento delicado, onde o jogador j\u00e1 havia expressado sua insatisfa\u00e7\u00e3o com a gest\u00e3o do clube. O atacante acredita que essa medida foi uma forma de pression\u00e1-lo a mudar de postura em rela\u00e7\u00e3o \u00e0 sua perman\u00eancia na equipe.<\/p>\n<p><h2>\u26a1 Amea\u00e7a do rapper franc\u00eas<\/h2>\n<\/p>\n<p>Recentemente, um rapper franc\u00eas fez uma declara\u00e7\u00e3o pol\u00eamica, &#8220;amea\u00e7ando&#8221; Mbapp\u00e9. Ele disse: &#8220;Deixa o Nasser em paz, sen\u00e3o conto o que andas a fazer.&#8221; Essa frase pegou muitos de surpresa, especialmente em meio ao contexto da investiga\u00e7\u00e3o. A rela\u00e7\u00e3o entre os dois parece ter se intensificado devido aos eventos recentes envolvendo o jogador.<\/p>\n<p>A mensagem do rapper trouxe \u00e0 tona quest\u00f5es sobre a vida pessoal de Mbapp\u00e9, que agora se v\u00ea sob os holofotes n\u00e3o apenas pelo seu desempenho em campo, mas tamb\u00e9m por sua vida fora dele. Essa situa\u00e7\u00e3o adiciona mais press\u00e3o ao jogador, que j\u00e1 enfrenta desafios significativos.<\/p>\n<p><h2>\ud83d\udcc8 Real Madrid no horizonte<\/h2>\n<\/p>\n<p>Al\u00e9m da pol\u00eamica com o PSG, a expectativa em torno de Mbapp\u00e9 tamb\u00e9m gira em torno de sua poss\u00edvel transfer\u00eancia para o Real Madrid. O clube espanhol \u00e9 forte candidato a contrat\u00e1-lo, especialmente com a sa\u00edda iminente de Luka Modric, que vestiu a camisa n\u00famero 10 por muitos anos.<\/p>\n<p>Mbapp\u00e9 \u00e9 visto como o jogador ideal para assumir essa posi\u00e7\u00e3o na equipe. A torcida do Real Madrid aguarda ansiosamente o desenrolar dessa negocia\u00e7\u00e3o, enquanto Mbapp\u00e9 tenta resolver os problemas com seu atual clube.<\/p>\n<p><h2>\ud83d\udd0d Retorno ao campo<\/h2>\n<\/p>\n<p>Kylian Mbapp\u00e9 ainda n\u00e3o participou do FIFA Club World Cup, devido a problemas de sa\u00fade. No entanto, h\u00e1 expectativas de que ele retorne em breve, especialmente para o confronto contra a Juventus na fase de oitavas de final. O manager do Real Madrid, Xabi Alonso, comentou sobre a import\u00e2ncia do jogador para a equipe e est\u00e1 otimista com seu retorno.<\/p>\n<p>Com tudo isso acontecendo, a situa\u00e7\u00e3o de Mbapp\u00e9 continua evoluindo. O jogador se encontra em um momento crucial de sua carreira, e as decis\u00f5es que tomar agora poder\u00e3o impactar seu futuro no futebol.<\/p>\n<p>Encerrando essa an\u00e1lise, \u00e9 claro que Mbapp\u00e9 est\u00e1 passando por uma fase turbulenta. A combina\u00e7\u00e3o de quest\u00f5es jur\u00eddicas e especula\u00e7\u00f5es de transfer\u00eancias torna tudo ainda mais intrigante. Gostou de saber mais sobre Mbapp\u00e9? Seus amigos tamb\u00e9m podem se interessar. <a href=\"https:\/\/www.addtoany.com\/share#url=https%3A%2F%2Fvivadicas.com%2Fst2%2Fesportes%2Fmbappe-enfrenta-polemica-com-psg-e-rapper-frances-ameaca-jogador%2F2358%2F\" target=\"_blank\" rel=\"noopener\">Compartilhe<\/a> com eles agora mesmo!<\/p>\n","protected":false},"excerpt":{"rendered":"<p>\ud83c\udfaf Mbapp\u00e9 e o ass\u00e9dio moral Kylian Mbapp\u00e9 est\u00e1 no centro de uma pol\u00eamica envolvendo o Paris Saint-Germain (PSG). O jogador alega ter sido v\u00edtima de ass\u00e9dio moral pelo clube, que o teria colocado para treinar \u00e0 margem do plantel durante a pr\u00e9-temporada de 2023. Essa situa\u00e7\u00e3o gerou uma queixa formal ao Minist\u00e9rio P\u00fablico, que &#8230; <a title=\"Mbapp\u00e9 enfrenta pol\u00eamica com PSG e rapper franc\u00eas amea\u00e7a jogador\" class=\"read-more\" href=\"https:\/\/vivadicas.com\/st2\/esportes\/mbappe-enfrenta-polemica-com-psg-e-rapper-frances-ameaca-jogador\/2358\/\" aria-label=\"Read more about Mbapp\u00e9 enfrenta pol\u00eamica com PSG e rapper franc\u00eas amea\u00e7a jogador\">Ler mais<\/a><\/p>\n","protected":false},"author":1,"featured_media":2357,"comment_status":"open","ping_status":"open","sticky":false,"template":"","format":"standard","meta":{"footnotes":""},"categories":[1199],"tags":[2453,2451,129,2452,323],"class_list":["post-2358","post","type-post","status-publish","format-standard","has-post-thumbnail","hentry","category-esportes","tag-assedio-moral","tag-mbappe","tag-psg","tag-rapper-frances","tag-real-madrid"],"yoast_head":"<!-- This site is optimized with the Yoast SEO plugin v25.3.1 - https:\/\/yoast.com\/wordpress\/plugins\/seo\/ -->\n<title>Mbapp\u00e9 enfrenta pol\u00eamica com PSG e rapper franc\u00eas amea\u00e7a jogador - WordPulseTrends com<\/title>\n<meta name=\"robots\" content=\"index, follow, max-snippet:-1, max-image-preview:large, max-video-preview:-1\" \/>\n<link rel=\"canonical\" href=\"https:\/\/vivadicas.com\/st2\/esportes\/mbappe-enfrenta-polemica-com-psg-e-rapper-frances-ameaca-jogador\/2358\/\" \/>\n<meta property=\"og:locale\" content=\"pt_BR\" \/>\n<meta property=\"og:type\" content=\"article\" \/>\n<meta property=\"og:title\" content=\"Mbapp\u00e9 enfrenta pol\u00eamica com PSG e rapper franc\u00eas amea\u00e7a jogador - WordPulseTrends com\" \/>\n<meta property=\"og:description\" content=\"\ud83c\udfaf Mbapp\u00e9 e o ass\u00e9dio moral Kylian Mbapp\u00e9 est\u00e1 no centro de uma pol\u00eamica envolvendo o Paris Saint-Germain (PSG). O jogador alega ter sido v\u00edtima de ass\u00e9dio moral pelo clube, que o teria colocado para treinar \u00e0 margem do plantel durante a pr\u00e9-temporada de 2023. Essa situa\u00e7\u00e3o gerou uma queixa formal ao Minist\u00e9rio P\u00fablico, que ... Ler mais\" \/>\n<meta property=\"og:url\" content=\"https:\/\/vivadicas.com\/st2\/esportes\/mbappe-enfrenta-polemica-com-psg-e-rapper-frances-ameaca-jogador\/2358\/\" \/>\n<meta property=\"og:site_name\" content=\"WordPulseTrends com\" \/>\n<meta property=\"article:published_time\" content=\"2025-07-01T20:40:33+00:00\" \/>\n<meta property=\"article:modified_time\" content=\"2025-07-01T20:40:34+00:00\" \/>\n<meta property=\"og:image\" content=\"https:\/\/vivadicas.com\/st2\/wp-content\/uploads\/2025\/07\/ai_trend_1751402418_61a4cedc.png\" \/>\n\t<meta property=\"og:image:width\" content=\"1024\" \/>\n\t<meta property=\"og:image:height\" content=\"512\" \/>\n\t<meta property=\"og:image:type\" content=\"image\/png\" \/>\n<meta name=\"author\" content=\"st2vivadicas\" \/>\n<meta name=\"twitter:card\" content=\"summary_large_image\" \/>\n<meta name=\"twitter:label1\" content=\"Escrito por\" \/>\n\t<meta name=\"twitter:data1\" content=\"st2vivadicas\" \/>\n\t<meta name=\"twitter:label2\" content=\"Est. tempo de leitura\" \/>\n\t<meta name=\"twitter:data2\" content=\"2 minutos\" \/>\n<script type=\"application\/ld+json\" class=\"yoast-schema-graph\">{\"@context\":\"https:\/\/schema.org\",\"@graph\":[{\"@type\":\"Article\",\"@id\":\"https:\/\/vivadicas.com\/st2\/esportes\/mbappe-enfrenta-polemica-com-psg-e-rapper-frances-ameaca-jogador\/2358\/#article\",\"isPartOf\":{\"@id\":\"https:\/\/vivadicas.com\/st2\/esportes\/mbappe-enfrenta-polemica-com-psg-e-rapper-frances-ameaca-jogador\/2358\/\"},\"author\":{\"name\":\"st2vivadicas\",\"@id\":\"https:\/\/vivadicas.com\/st2\/#\/schema\/person\/f8432157bb5752f84d3a30f1c7388a16\"},\"headline\":\"Mbapp\u00e9 enfrenta pol\u00eamica com PSG e rapper franc\u00eas amea\u00e7a jogador\",\"datePublished\":\"2025-07-01T20:40:33+00:00\",\"dateModified\":\"2025-07-01T20:40:34+00:00\",\"mainEntityOfPage\":{\"@id\":\"https:\/\/vivadicas.com\/st2\/esportes\/mbappe-enfrenta-polemica-com-psg-e-rapper-frances-ameaca-jogador\/2358\/\"},\"wordCount\":495,\"commentCount\":0,\"publisher\":{\"@id\":\"https:\/\/vivadicas.com\/st2\/#organization\"},\"image\":{\"@id\":\"https:\/\/vivadicas.com\/st2\/esportes\/mbappe-enfrenta-polemica-com-psg-e-rapper-frances-ameaca-jogador\/2358\/#primaryimage\"},\"thumbnailUrl\":\"https:\/\/vivadicas.com\/st2\/wp-content\/uploads\/2025\/07\/ai_trend_1751402418_61a4cedc.png\",\"keywords\":[\"ass\u00e9dio moral\",\"Mbapp\u00e9\",\"PSG\",\"rapper franc\u00eas\",\"Real Madrid\"],\"articleSection\":[\"Esportes\"],\"inLanguage\":\"pt-BR\",\"potentialAction\":[{\"@type\":\"CommentAction\",\"name\":\"Comment\",\"target\":[\"https:\/\/vivadicas.com\/st2\/esportes\/mbappe-enfrenta-polemica-com-psg-e-rapper-frances-ameaca-jogador\/2358\/#respond\"]}]},{\"@type\":\"WebPage\",\"@id\":\"https:\/\/vivadicas.com\/st2\/esportes\/mbappe-enfrenta-polemica-com-psg-e-rapper-frances-ameaca-jogador\/2358\/\",\"url\":\"https:\/\/vivadicas.com\/st2\/esportes\/mbappe-enfrenta-polemica-com-psg-e-rapper-frances-ameaca-jogador\/2358\/\",\"name\":\"Mbapp\u00e9 enfrenta pol\u00eamica com PSG e rapper franc\u00eas amea\u00e7a jogador - WordPulseTrends com\",\"isPartOf\":{\"@id\":\"https:\/\/vivadicas.com\/st2\/#website\"},\"primaryImageOfPage\":{\"@id\":\"https:\/\/vivadicas.com\/st2\/esportes\/mbappe-enfrenta-polemica-com-psg-e-rapper-frances-ameaca-jogador\/2358\/#primaryimage\"},\"image\":{\"@id\":\"https:\/\/vivadicas.com\/st2\/esportes\/mbappe-enfrenta-polemica-com-psg-e-rapper-frances-ameaca-jogador\/2358\/#primaryimage\"},\"thumbnailUrl\":\"https:\/\/vivadicas.com\/st2\/wp-content\/uploads\/2025\/07\/ai_trend_1751402418_61a4cedc.png\",\"datePublished\":\"2025-07-01T20:40:33+00:00\",\"dateModified\":\"2025-07-01T20:40:34+00:00\",\"breadcrumb\":{\"@id\":\"https:\/\/vivadicas.com\/st2\/esportes\/mbappe-enfrenta-polemica-com-psg-e-rapper-frances-ameaca-jogador\/2358\/#breadcrumb\"},\"inLanguage\":\"pt-BR\",\"potentialAction\":[{\"@type\":\"ReadAction\",\"target\":[\"https:\/\/vivadicas.com\/st2\/esportes\/mbappe-enfrenta-polemica-com-psg-e-rapper-frances-ameaca-jogador\/2358\/\"]}]},{\"@type\":\"ImageObject\",\"inLanguage\":\"pt-BR\",\"@id\":\"https:\/\/vivadicas.com\/st2\/esportes\/mbappe-enfrenta-polemica-com-psg-e-rapper-frances-ameaca-jogador\/2358\/#primaryimage\",\"url\":\"https:\/\/vivadicas.com\/st2\/wp-content\/uploads\/2025\/07\/ai_trend_1751402418_61a4cedc.png\",\"contentUrl\":\"https:\/\/vivadicas.com\/st2\/wp-content\/uploads\/2025\/07\/ai_trend_1751402418_61a4cedc.png\",\"width\":1024,\"height\":512},{\"@type\":\"BreadcrumbList\",\"@id\":\"https:\/\/vivadicas.com\/st2\/esportes\/mbappe-enfrenta-polemica-com-psg-e-rapper-frances-ameaca-jogador\/2358\/#breadcrumb\",\"itemListElement\":[{\"@type\":\"ListItem\",\"position\":1,\"name\":\"In\u00edcio\",\"item\":\"https:\/\/vivadicas.com\/st2\/\"},{\"@type\":\"ListItem\",\"position\":2,\"name\":\"Mbapp\u00e9 enfrenta pol\u00eamica com PSG e rapper franc\u00eas amea\u00e7a jogador\"}]},{\"@type\":\"WebSite\",\"@id\":\"https:\/\/vivadicas.com\/st2\/#website\",\"url\":\"https:\/\/vivadicas.com\/st2\/\",\"name\":\"TrendsBrasil\",\"description\":\"Stay updated with trending topics, viral news, hot updates, breaking headlines, global trends, and real-time content. Discover what\u2019s going viral now and follow the most talked-about stories across the web, social media, and news platforms!\",\"publisher\":{\"@id\":\"https:\/\/vivadicas.com\/st2\/#organization\"},\"potentialAction\":[{\"@type\":\"SearchAction\",\"target\":{\"@type\":\"EntryPoint\",\"urlTemplate\":\"https:\/\/vivadicas.com\/st2\/?s={search_term_string}\"},\"query-input\":{\"@type\":\"PropertyValueSpecification\",\"valueRequired\":true,\"valueName\":\"search_term_string\"}}],\"inLanguage\":\"pt-BR\"},{\"@type\":\"Organization\",\"@id\":\"https:\/\/vivadicas.com\/st2\/#organization\",\"name\":\"TrendsBrasil\",\"url\":\"https:\/\/vivadicas.com\/st2\/\",\"logo\":{\"@type\":\"ImageObject\",\"inLanguage\":\"pt-BR\",\"@id\":\"https:\/\/vivadicas.com\/st2\/#\/schema\/logo\/image\/\",\"url\":\"https:\/\/vivadicas.com\/st2\/wp-content\/uploads\/2025\/06\/ChatGPT-Image-24-de-jun.-de-2025-10_39_16-683x1024.png\",\"contentUrl\":\"https:\/\/vivadicas.com\/st2\/wp-content\/uploads\/2025\/06\/ChatGPT-Image-24-de-jun.-de-2025-10_39_16-683x1024.png\",\"width\":683,\"height\":1024,\"caption\":\"TrendsBrasil\"},\"image\":{\"@id\":\"https:\/\/vivadicas.com\/st2\/#\/schema\/logo\/image\/\"}},{\"@type\":\"Person\",\"@id\":\"https:\/\/vivadicas.com\/st2\/#\/schema\/person\/f8432157bb5752f84d3a30f1c7388a16\",\"name\":\"st2vivadicas\",\"image\":{\"@type\":\"ImageObject\",\"inLanguage\":\"pt-BR\",\"@id\":\"https:\/\/vivadicas.com\/st2\/#\/schema\/person\/image\/\",\"url\":\"https:\/\/secure.gravatar.com\/avatar\/9bb04fcca59036779222f5f2d61adc27b9b487cc07bc4064b27fa7e0a1e23e1a?s=96&d=mm&r=g\",\"contentUrl\":\"https:\/\/secure.gravatar.com\/avatar\/9bb04fcca59036779222f5f2d61adc27b9b487cc07bc4064b27fa7e0a1e23e1a?s=96&d=mm&r=g\",\"caption\":\"st2vivadicas\"},\"sameAs\":[\"https:\/\/vivadicas.com\/st2\"],\"url\":\"https:\/\/vivadicas.com\/st2\/author\/st2vivadicas\/\"}]}<\/script>\n<!-- \/ Yoast SEO plugin. -->","yoast_head_json":{"title":"Mbapp\u00e9 enfrenta pol\u00eamica com PSG e rapper franc\u00eas amea\u00e7a jogador - WordPulseTrends com","robots":{"index":"index","follow":"follow","max-snippet":"max-snippet:-1","max-image-preview":"max-image-preview:large","max-video-preview":"max-video-preview:-1"},"canonical":"https:\/\/vivadicas.com\/st2\/esportes\/mbappe-enfrenta-polemica-com-psg-e-rapper-frances-ameaca-jogador\/2358\/","og_locale":"pt_BR","og_type":"article","og_title":"Mbapp\u00e9 enfrenta pol\u00eamica com PSG e rapper franc\u00eas amea\u00e7a jogador - WordPulseTrends com","og_description":"\ud83c\udfaf Mbapp\u00e9 e o ass\u00e9dio moral Kylian Mbapp\u00e9 est\u00e1 no centro de uma pol\u00eamica envolvendo o Paris Saint-Germain (PSG). O jogador alega ter sido v\u00edtima de ass\u00e9dio moral pelo clube, que o teria colocado para treinar \u00e0 margem do plantel durante a pr\u00e9-temporada de 2023. Essa situa\u00e7\u00e3o gerou uma queixa formal ao Minist\u00e9rio P\u00fablico, que ... Ler mais","og_url":"https:\/\/vivadicas.com\/st2\/esportes\/mbappe-enfrenta-polemica-com-psg-e-rapper-frances-ameaca-jogador\/2358\/","og_site_name":"WordPulseTrends com","article_published_time":"2025-07-01T20:40:33+00:00","article_modified_time":"2025-07-01T20:40:34+00:00","og_image":[{"width":1024,"height":512,"url":"https:\/\/vivadicas.com\/st2\/wp-content\/uploads\/2025\/07\/ai_trend_1751402418_61a4cedc.png","type":"image\/png"}],"author":"st2vivadicas","twitter_card":"summary_large_image","twitter_misc":{"Escrito por":"st2vivadicas","Est. tempo de leitura":"2 minutos"},"schema":{"@context":"https:\/\/schema.org","@graph":[{"@type":"Article","@id":"https:\/\/vivadicas.com\/st2\/esportes\/mbappe-enfrenta-polemica-com-psg-e-rapper-frances-ameaca-jogador\/2358\/#article","isPartOf":{"@id":"https:\/\/vivadicas.com\/st2\/esportes\/mbappe-enfrenta-polemica-com-psg-e-rapper-frances-ameaca-jogador\/2358\/"},"author":{"name":"st2vivadicas","@id":"https:\/\/vivadicas.com\/st2\/#\/schema\/person\/f8432157bb5752f84d3a30f1c7388a16"},"headline":"Mbapp\u00e9 enfrenta pol\u00eamica com PSG e rapper franc\u00eas amea\u00e7a jogador","datePublished":"2025-07-01T20:40:33+00:00","dateModified":"2025-07-01T20:40:34+00:00","mainEntityOfPage":{"@id":"https:\/\/vivadicas.com\/st2\/esportes\/mbappe-enfrenta-polemica-com-psg-e-rapper-frances-ameaca-jogador\/2358\/"},"wordCount":495,"commentCount":0,"publisher":{"@id":"https:\/\/vivadicas.com\/st2\/#organization"},"image":{"@id":"https:\/\/vivadicas.com\/st2\/esportes\/mbappe-enfrenta-polemica-com-psg-e-rapper-frances-ameaca-jogador\/2358\/#primaryimage"},"thumbnailUrl":"https:\/\/vivadicas.com\/st2\/wp-content\/uploads\/2025\/07\/ai_trend_1751402418_61a4cedc.png","keywords":["ass\u00e9dio moral","Mbapp\u00e9","PSG","rapper franc\u00eas","Real Madrid"],"articleSection":["Esportes"],"inLanguage":"pt-BR","potentialAction":[{"@type":"CommentAction","name":"Comment","target":["https:\/\/vivadicas.com\/st2\/esportes\/mbappe-enfrenta-polemica-com-psg-e-rapper-frances-ameaca-jogador\/2358\/#respond"]}]},{"@type":"WebPage","@id":"https:\/\/vivadicas.com\/st2\/esportes\/mbappe-enfrenta-polemica-com-psg-e-rapper-frances-ameaca-jogador\/2358\/","url":"https:\/\/vivadicas.com\/st2\/esportes\/mbappe-enfrenta-polemica-com-psg-e-rapper-frances-ameaca-jogador\/2358\/","name":"Mbapp\u00e9 enfrenta pol\u00eamica com PSG e rapper franc\u00eas amea\u00e7a jogador - WordPulseTrends com","isPartOf":{"@id":"https:\/\/vivadicas.com\/st2\/#website"},"primaryImageOfPage":{"@id":"https:\/\/vivadicas.com\/st2\/esportes\/mbappe-enfrenta-polemica-com-psg-e-rapper-frances-ameaca-jogador\/2358\/#primaryimage"},"image":{"@id":"https:\/\/vivadicas.com\/st2\/esportes\/mbappe-enfrenta-polemica-com-psg-e-rapper-frances-ameaca-jogador\/2358\/#primaryimage"},"thumbnailUrl":"https:\/\/vivadicas.com\/st2\/wp-content\/uploads\/2025\/07\/ai_trend_1751402418_61a4cedc.png","datePublished":"2025-07-01T20:40:33+00:00","dateModified":"2025-07-01T20:40:34+00:00","breadcrumb":{"@id":"https:\/\/vivadicas.com\/st2\/esportes\/mbappe-enfrenta-polemica-com-psg-e-rapper-frances-ameaca-jogador\/2358\/#breadcrumb"},"inLanguage":"pt-BR","potentialAction":[{"@type":"ReadAction","target":["https:\/\/vivadicas.com\/st2\/esportes\/mbappe-enfrenta-polemica-com-psg-e-rapper-frances-ameaca-jogador\/2358\/"]}]},{"@type":"ImageObject","inLanguage":"pt-BR","@id":"https:\/\/vivadicas.com\/st2\/esportes\/mbappe-enfrenta-polemica-com-psg-e-rapper-frances-ameaca-jogador\/2358\/#primaryimage","url":"https:\/\/vivadicas.com\/st2\/wp-content\/uploads\/2025\/07\/ai_trend_1751402418_61a4cedc.png","contentUrl":"https:\/\/vivadicas.com\/st2\/wp-content\/uploads\/2025\/07\/ai_trend_1751402418_61a4cedc.png","width":1024,"height":512},{"@type":"BreadcrumbList","@id":"https:\/\/vivadicas.com\/st2\/esportes\/mbappe-enfrenta-polemica-com-psg-e-rapper-frances-ameaca-jogador\/2358\/#breadcrumb","itemListElement":[{"@type":"ListItem","position":1,"name":"In\u00edcio","item":"https:\/\/vivadicas.com\/st2\/"},{"@type":"ListItem","position":2,"name":"Mbapp\u00e9 enfrenta pol\u00eamica com PSG e rapper franc\u00eas amea\u00e7a jogador"}]},{"@type":"WebSite","@id":"https:\/\/vivadicas.com\/st2\/#website","url":"https:\/\/vivadicas.com\/st2\/","name":"TrendsBrasil","description":"Stay updated with trending topics, viral news, hot updates, breaking headlines, global trends, and real-time content. Discover what\u2019s going viral now and follow the most talked-about stories across the web, social media, and news platforms!","publisher":{"@id":"https:\/\/vivadicas.com\/st2\/#organization"},"potentialAction":[{"@type":"SearchAction","target":{"@type":"EntryPoint","urlTemplate":"https:\/\/vivadicas.com\/st2\/?s={search_term_string}"},"query-input":{"@type":"PropertyValueSpecification","valueRequired":true,"valueName":"search_term_string"}}],"inLanguage":"pt-BR"},{"@type":"Organization","@id":"https:\/\/vivadicas.com\/st2\/#organization","name":"TrendsBrasil","url":"https:\/\/vivadicas.com\/st2\/","logo":{"@type":"ImageObject","inLanguage":"pt-BR","@id":"https:\/\/vivadicas.com\/st2\/#\/schema\/logo\/image\/","url":"https:\/\/vivadicas.com\/st2\/wp-content\/uploads\/2025\/06\/ChatGPT-Image-24-de-jun.-de-2025-10_39_16-683x1024.png","contentUrl":"https:\/\/vivadicas.com\/st2\/wp-content\/uploads\/2025\/06\/ChatGPT-Image-24-de-jun.-de-2025-10_39_16-683x1024.png","width":683,"height":1024,"caption":"TrendsBrasil"},"image":{"@id":"https:\/\/vivadicas.com\/st2\/#\/schema\/logo\/image\/"}},{"@type":"Person","@id":"https:\/\/vivadicas.com\/st2\/#\/schema\/person\/f8432157bb5752f84d3a30f1c7388a16","name":"st2vivadicas","image":{"@type":"ImageObject","inLanguage":"pt-BR","@id":"https:\/\/vivadicas.com\/st2\/#\/schema\/person\/image\/","url":"https:\/\/secure.gravatar.com\/avatar\/9bb04fcca59036779222f5f2d61adc27b9b487cc07bc4064b27fa7e0a1e23e1a?s=96&d=mm&r=g","contentUrl":"https:\/\/secure.gravatar.com\/avatar\/9bb04fcca59036779222f5f2d61adc27b9b487cc07bc4064b27fa7e0a1e23e1a?s=96&d=mm&r=g","caption":"st2vivadicas"},"sameAs":["https:\/\/vivadicas.com\/st2"],"url":"https:\/\/vivadicas.com\/st2\/author\/st2vivadicas\/"}]}},"_links":{"self":[{"href":"https:\/\/vivadicas.com\/st2\/wp-json\/wp\/v2\/posts\/2358","targetHints":{"allow":["GET"]}}],"collection":[{"href":"https:\/\/vivadicas.com\/st2\/wp-json\/wp\/v2\/posts"}],"about":[{"href":"https:\/\/vivadicas.com\/st2\/wp-json\/wp\/v2\/types\/post"}],"author":[{"embeddable":true,"href":"https:\/\/vivadicas.com\/st2\/wp-json\/wp\/v2\/users\/1"}],"replies":[{"embeddable":true,"href":"https:\/\/vivadicas.com\/st2\/wp-json\/wp\/v2\/comments?post=2358"}],"version-history":[{"count":1,"href":"https:\/\/vivadicas.com\/st2\/wp-json\/wp\/v2\/posts\/2358\/revisions"}],"predecessor-version":[{"id":2359,"href":"https:\/\/vivadicas.com\/st2\/wp-json\/wp\/v2\/posts\/2358\/revisions\/2359"}],"wp:featuredmedia":[{"embeddable":true,"href":"https:\/\/vivadicas.com\/st2\/wp-json\/wp\/v2\/media\/2357"}],"wp:attachment":[{"href":"https:\/\/vivadicas.com\/st2\/wp-json\/wp\/v2\/media?parent=2358"}],"wp:term":[{"taxonomy":"category","embeddable":true,"href":"https:\/\/vivadicas.com\/st2\/wp-json\/wp\/v2\/categories?post=2358"},{"taxonomy":"post_tag","embeddable":true,"href":"https:\/\/vivadicas.com\/st2\/wp-json\/wp\/v2\/tags?post=2358"}],"curies":[{"name":"wp","href":"https:\/\/api.w.org\/{rel}","templated":true}]}}