{"id":26,"date":"2025-06-27T11:50:20","date_gmt":"2025-06-27T11:50:20","guid":{"rendered":"https:\/\/vivadicas.com\/st2\/divida-milionaria-do-corinthians-com-igor-coronado-pode-levar-a-rescisao-contratual\/"},"modified":"2025-06-27T11:50:20","modified_gmt":"2025-06-27T11:50:20","slug":"divida-milionaria-do-corinthians-com-igor-coronado-pode-levar-a-rescisao-contratual","status":"publish","type":"post","link":"https:\/\/vivadicas.com\/st2\/blog\/divida-milionaria-do-corinthians-com-igor-coronado-pode-levar-a-rescisao-contratual\/26\/","title":{"rendered":"**D\u00edvida Milion\u00e1ria do Corinthians com Igor Coronado Pode Levar a Rescis\u00e3o Contratual**"},"content":{"rendered":"<h2>Coronado \u00e0 Beira da Sa\u00edda<\/h2>\n<p>A passagem de Igor Coronado pelo Corinthians est\u00e1 prestes a ser encerrada devido aos vultosos d\u00e9bitos do clube com o jogador, que j\u00e1 negocia uma poss\u00edvel rescis\u00e3o contratual. O meio-campista, de 32 anos, chegou ao Parque S\u00e3o Jorge com grandes expectativas, por\u00e9m uma s\u00e9rie de les\u00f5es impediu que ele se firmasse como titular da equipe.<\/p>\n<h3>Futuro Incerto<\/h3>\n<p>Com contrato v\u00e1lido at\u00e9 14 de fevereiro de 2026, a decis\u00e3o do t\u00e9cnico Dorival de liberar Coronado pode impactar diretamente seu futuro no Corinthians. A diretoria alvinegra enfrenta n\u00e3o s\u00f3 problemas com o jogador, mas tamb\u00e9m com a d\u00edvida milion\u00e1ria que acumulou, incluindo a pend\u00eancia com o atleta Memphis.<\/p>\n<h3>Situa\u00e7\u00e3o Financeira Delicada<\/h3>\n<p>O Corinthians atravessa um momento turbulento em sua situa\u00e7\u00e3o financeira, com altos valores a pagar a jogadores e falta de recursos para honrar seus compromissos. A negocia\u00e7\u00e3o da rescis\u00e3o com Igor Coronado pode ser um reflexo da crise pela qual o clube passa, tendo que lidar n\u00e3o apenas com problemas internos, mas tamb\u00e9m cobran\u00e7as externas.<\/p>\n<p>Diante desse cen\u00e1rio, a sa\u00edda iminente de Igor Coronado representa mais um cap\u00edtulo na saga de dificuldades enfrentadas pelo Corinthians, que busca solu\u00e7\u00f5es para reerguer-se e manter-se competitivo no cen\u00e1rio esportivo nacional.<\/p>\n","protected":false},"excerpt":{"rendered":"<p>Coronado \u00e0 Beira da Sa\u00edda A passagem de Igor Coronado pelo Corinthians est\u00e1 prestes a ser encerrada devido aos vultosos d\u00e9bitos do clube com o jogador, que j\u00e1 negocia uma poss\u00edvel rescis\u00e3o contratual. O meio-campista, de 32 anos, chegou ao Parque S\u00e3o Jorge com grandes expectativas, por\u00e9m uma s\u00e9rie de les\u00f5es impediu que ele se &#8230; <a title=\"**D\u00edvida Milion\u00e1ria do Corinthians com Igor Coronado Pode Levar a Rescis\u00e3o Contratual**\" class=\"read-more\" href=\"https:\/\/vivadicas.com\/st2\/blog\/divida-milionaria-do-corinthians-com-igor-coronado-pode-levar-a-rescisao-contratual\/26\/\" aria-label=\"Read more about **D\u00edvida Milion\u00e1ria do Corinthians com Igor Coronado Pode Levar a Rescis\u00e3o Contratual**\">Ler mais<\/a><\/p>\n","protected":false},"author":1,"featured_media":25,"comment_status":"open","ping_status":"open","sticky":false,"template":"","format":"standard","meta":{"footnotes":""},"categories":[1],"tags":[18,20,19,21],"class_list":["post-26","post","type-post","status-publish","format-standard","has-post-thumbnail","hentry","category-blog","tag-corinthians","tag-divida-milionaria","tag-igor-coronado","tag-rescisao-contratual"],"yoast_head":"<!-- This site is optimized with the Yoast SEO plugin v25.3.1 - https:\/\/yoast.com\/wordpress\/plugins\/seo\/ -->\n<title>**D\u00edvida Milion\u00e1ria do Corinthians com Igor Coronado Pode Levar a Rescis\u00e3o Contratual** - WordPulseTrends com<\/title>\n<meta name=\"robots\" content=\"index, follow, max-snippet:-1, max-image-preview:large, max-video-preview:-1\" \/>\n<link rel=\"canonical\" href=\"https:\/\/vivadicas.com\/st2\/blog\/divida-milionaria-do-corinthians-com-igor-coronado-pode-levar-a-rescisao-contratual\/26\/\" \/>\n<meta property=\"og:locale\" content=\"pt_BR\" \/>\n<meta property=\"og:type\" content=\"article\" \/>\n<meta property=\"og:title\" content=\"**D\u00edvida Milion\u00e1ria do Corinthians com Igor Coronado Pode Levar a Rescis\u00e3o Contratual** - WordPulseTrends com\" \/>\n<meta property=\"og:description\" content=\"Coronado \u00e0 Beira da Sa\u00edda A passagem de Igor Coronado pelo Corinthians est\u00e1 prestes a ser encerrada devido aos vultosos d\u00e9bitos do clube com o jogador, que j\u00e1 negocia uma poss\u00edvel rescis\u00e3o contratual. O meio-campista, de 32 anos, chegou ao Parque S\u00e3o Jorge com grandes expectativas, por\u00e9m uma s\u00e9rie de les\u00f5es impediu que ele se ... Ler mais\" \/>\n<meta property=\"og:url\" content=\"https:\/\/vivadicas.com\/st2\/blog\/divida-milionaria-do-corinthians-com-igor-coronado-pode-levar-a-rescisao-contratual\/26\/\" \/>\n<meta property=\"og:site_name\" content=\"WordPulseTrends com\" \/>\n<meta property=\"article:published_time\" content=\"2025-06-27T11:50:20+00:00\" \/>\n<meta property=\"og:image\" content=\"https:\/\/vivadicas.com\/st2\/wp-content\/uploads\/2025\/06\/trend_igor_coronado_20250627115014.jpg\" \/>\n\t<meta property=\"og:image:width\" content=\"1200\" \/>\n\t<meta property=\"og:image:height\" content=\"1200\" \/>\n\t<meta property=\"og:image:type\" content=\"image\/jpeg\" \/>\n<meta name=\"author\" content=\"st2vivadicas\" \/>\n<meta name=\"twitter:card\" content=\"summary_large_image\" \/>\n<meta name=\"twitter:label1\" content=\"Escrito por\" \/>\n\t<meta name=\"twitter:data1\" content=\"st2vivadicas\" \/>\n\t<meta name=\"twitter:label2\" content=\"Est. tempo de leitura\" \/>\n\t<meta name=\"twitter:data2\" content=\"1 minuto\" \/>\n<script type=\"application\/ld+json\" class=\"yoast-schema-graph\">{\"@context\":\"https:\/\/schema.org\",\"@graph\":[{\"@type\":\"Article\",\"@id\":\"https:\/\/vivadicas.com\/st2\/blog\/divida-milionaria-do-corinthians-com-igor-coronado-pode-levar-a-rescisao-contratual\/26\/#article\",\"isPartOf\":{\"@id\":\"https:\/\/vivadicas.com\/st2\/blog\/divida-milionaria-do-corinthians-com-igor-coronado-pode-levar-a-rescisao-contratual\/26\/\"},\"author\":{\"name\":\"st2vivadicas\",\"@id\":\"https:\/\/vivadicas.com\/st2\/#\/schema\/person\/f8432157bb5752f84d3a30f1c7388a16\"},\"headline\":\"**D\u00edvida Milion\u00e1ria do Corinthians com Igor Coronado Pode Levar a Rescis\u00e3o Contratual**\",\"datePublished\":\"2025-06-27T11:50:20+00:00\",\"mainEntityOfPage\":{\"@id\":\"https:\/\/vivadicas.com\/st2\/blog\/divida-milionaria-do-corinthians-com-igor-coronado-pode-levar-a-rescisao-contratual\/26\/\"},\"wordCount\":240,\"commentCount\":0,\"publisher\":{\"@id\":\"https:\/\/vivadicas.com\/st2\/#organization\"},\"image\":{\"@id\":\"https:\/\/vivadicas.com\/st2\/blog\/divida-milionaria-do-corinthians-com-igor-coronado-pode-levar-a-rescisao-contratual\/26\/#primaryimage\"},\"thumbnailUrl\":\"https:\/\/vivadicas.com\/st2\/wp-content\/uploads\/2025\/06\/trend_igor_coronado_20250627115014.jpg\",\"keywords\":[\"Corinthians\",\"d\u00edvida milion\u00e1ria\",\"Igor Coronado\",\"rescis\u00e3o contratual\"],\"articleSection\":[\"Blog\"],\"inLanguage\":\"pt-BR\",\"potentialAction\":[{\"@type\":\"CommentAction\",\"name\":\"Comment\",\"target\":[\"https:\/\/vivadicas.com\/st2\/blog\/divida-milionaria-do-corinthians-com-igor-coronado-pode-levar-a-rescisao-contratual\/26\/#respond\"]}]},{\"@type\":\"WebPage\",\"@id\":\"https:\/\/vivadicas.com\/st2\/blog\/divida-milionaria-do-corinthians-com-igor-coronado-pode-levar-a-rescisao-contratual\/26\/\",\"url\":\"https:\/\/vivadicas.com\/st2\/blog\/divida-milionaria-do-corinthians-com-igor-coronado-pode-levar-a-rescisao-contratual\/26\/\",\"name\":\"**D\u00edvida Milion\u00e1ria do Corinthians com Igor Coronado Pode Levar a Rescis\u00e3o Contratual** - WordPulseTrends com\",\"isPartOf\":{\"@id\":\"https:\/\/vivadicas.com\/st2\/#website\"},\"primaryImageOfPage\":{\"@id\":\"https:\/\/vivadicas.com\/st2\/blog\/divida-milionaria-do-corinthians-com-igor-coronado-pode-levar-a-rescisao-contratual\/26\/#primaryimage\"},\"image\":{\"@id\":\"https:\/\/vivadicas.com\/st2\/blog\/divida-milionaria-do-corinthians-com-igor-coronado-pode-levar-a-rescisao-contratual\/26\/#primaryimage\"},\"thumbnailUrl\":\"https:\/\/vivadicas.com\/st2\/wp-content\/uploads\/2025\/06\/trend_igor_coronado_20250627115014.jpg\",\"datePublished\":\"2025-06-27T11:50:20+00:00\",\"breadcrumb\":{\"@id\":\"https:\/\/vivadicas.com\/st2\/blog\/divida-milionaria-do-corinthians-com-igor-coronado-pode-levar-a-rescisao-contratual\/26\/#breadcrumb\"},\"inLanguage\":\"pt-BR\",\"potentialAction\":[{\"@type\":\"ReadAction\",\"target\":[\"https:\/\/vivadicas.com\/st2\/blog\/divida-milionaria-do-corinthians-com-igor-coronado-pode-levar-a-rescisao-contratual\/26\/\"]}]},{\"@type\":\"ImageObject\",\"inLanguage\":\"pt-BR\",\"@id\":\"https:\/\/vivadicas.com\/st2\/blog\/divida-milionaria-do-corinthians-com-igor-coronado-pode-levar-a-rescisao-contratual\/26\/#primaryimage\",\"url\":\"https:\/\/vivadicas.com\/st2\/wp-content\/uploads\/2025\/06\/trend_igor_coronado_20250627115014.jpg\",\"contentUrl\":\"https:\/\/vivadicas.com\/st2\/wp-content\/uploads\/2025\/06\/trend_igor_coronado_20250627115014.jpg\",\"width\":1200,\"height\":1200},{\"@type\":\"BreadcrumbList\",\"@id\":\"https:\/\/vivadicas.com\/st2\/blog\/divida-milionaria-do-corinthians-com-igor-coronado-pode-levar-a-rescisao-contratual\/26\/#breadcrumb\",\"itemListElement\":[{\"@type\":\"ListItem\",\"position\":1,\"name\":\"In\u00edcio\",\"item\":\"https:\/\/vivadicas.com\/st2\/\"},{\"@type\":\"ListItem\",\"position\":2,\"name\":\"**D\u00edvida Milion\u00e1ria do Corinthians com Igor Coronado Pode Levar a Rescis\u00e3o Contratual**\"}]},{\"@type\":\"WebSite\",\"@id\":\"https:\/\/vivadicas.com\/st2\/#website\",\"url\":\"https:\/\/vivadicas.com\/st2\/\",\"name\":\"TrendsBrasil\",\"description\":\"Stay updated with trending topics, viral news, hot updates, breaking headlines, global trends, and real-time content. Discover what\u2019s going viral now and follow the most talked-about stories across the web, social media, and news platforms!\",\"publisher\":{\"@id\":\"https:\/\/vivadicas.com\/st2\/#organization\"},\"potentialAction\":[{\"@type\":\"SearchAction\",\"target\":{\"@type\":\"EntryPoint\",\"urlTemplate\":\"https:\/\/vivadicas.com\/st2\/?s={search_term_string}\"},\"query-input\":{\"@type\":\"PropertyValueSpecification\",\"valueRequired\":true,\"valueName\":\"search_term_string\"}}],\"inLanguage\":\"pt-BR\"},{\"@type\":\"Organization\",\"@id\":\"https:\/\/vivadicas.com\/st2\/#organization\",\"name\":\"TrendsBrasil\",\"url\":\"https:\/\/vivadicas.com\/st2\/\",\"logo\":{\"@type\":\"ImageObject\",\"inLanguage\":\"pt-BR\",\"@id\":\"https:\/\/vivadicas.com\/st2\/#\/schema\/logo\/image\/\",\"url\":\"https:\/\/vivadicas.com\/st2\/wp-content\/uploads\/2025\/06\/ChatGPT-Image-24-de-jun.-de-2025-10_39_16-683x1024.png\",\"contentUrl\":\"https:\/\/vivadicas.com\/st2\/wp-content\/uploads\/2025\/06\/ChatGPT-Image-24-de-jun.-de-2025-10_39_16-683x1024.png\",\"width\":683,\"height\":1024,\"caption\":\"TrendsBrasil\"},\"image\":{\"@id\":\"https:\/\/vivadicas.com\/st2\/#\/schema\/logo\/image\/\"}},{\"@type\":\"Person\",\"@id\":\"https:\/\/vivadicas.com\/st2\/#\/schema\/person\/f8432157bb5752f84d3a30f1c7388a16\",\"name\":\"st2vivadicas\",\"image\":{\"@type\":\"ImageObject\",\"inLanguage\":\"pt-BR\",\"@id\":\"https:\/\/vivadicas.com\/st2\/#\/schema\/person\/image\/\",\"url\":\"https:\/\/secure.gravatar.com\/avatar\/9bb04fcca59036779222f5f2d61adc27b9b487cc07bc4064b27fa7e0a1e23e1a?s=96&d=mm&r=g\",\"contentUrl\":\"https:\/\/secure.gravatar.com\/avatar\/9bb04fcca59036779222f5f2d61adc27b9b487cc07bc4064b27fa7e0a1e23e1a?s=96&d=mm&r=g\",\"caption\":\"st2vivadicas\"},\"sameAs\":[\"https:\/\/vivadicas.com\/st2\"],\"url\":\"https:\/\/vivadicas.com\/st2\/author\/st2vivadicas\/\"}]}<\/script>\n<!-- \/ Yoast SEO plugin. -->","yoast_head_json":{"title":"**D\u00edvida Milion\u00e1ria do Corinthians com Igor Coronado Pode Levar a Rescis\u00e3o Contratual** - WordPulseTrends com","robots":{"index":"index","follow":"follow","max-snippet":"max-snippet:-1","max-image-preview":"max-image-preview:large","max-video-preview":"max-video-preview:-1"},"canonical":"https:\/\/vivadicas.com\/st2\/blog\/divida-milionaria-do-corinthians-com-igor-coronado-pode-levar-a-rescisao-contratual\/26\/","og_locale":"pt_BR","og_type":"article","og_title":"**D\u00edvida Milion\u00e1ria do Corinthians com Igor Coronado Pode Levar a Rescis\u00e3o Contratual** - WordPulseTrends com","og_description":"Coronado \u00e0 Beira da Sa\u00edda A passagem de Igor Coronado pelo Corinthians est\u00e1 prestes a ser encerrada devido aos vultosos d\u00e9bitos do clube com o jogador, que j\u00e1 negocia uma poss\u00edvel rescis\u00e3o contratual. O meio-campista, de 32 anos, chegou ao Parque S\u00e3o Jorge com grandes expectativas, por\u00e9m uma s\u00e9rie de les\u00f5es impediu que ele se ... Ler mais","og_url":"https:\/\/vivadicas.com\/st2\/blog\/divida-milionaria-do-corinthians-com-igor-coronado-pode-levar-a-rescisao-contratual\/26\/","og_site_name":"WordPulseTrends com","article_published_time":"2025-06-27T11:50:20+00:00","og_image":[{"width":1200,"height":1200,"url":"https:\/\/vivadicas.com\/st2\/wp-content\/uploads\/2025\/06\/trend_igor_coronado_20250627115014.jpg","type":"image\/jpeg"}],"author":"st2vivadicas","twitter_card":"summary_large_image","twitter_misc":{"Escrito por":"st2vivadicas","Est. tempo de leitura":"1 minuto"},"schema":{"@context":"https:\/\/schema.org","@graph":[{"@type":"Article","@id":"https:\/\/vivadicas.com\/st2\/blog\/divida-milionaria-do-corinthians-com-igor-coronado-pode-levar-a-rescisao-contratual\/26\/#article","isPartOf":{"@id":"https:\/\/vivadicas.com\/st2\/blog\/divida-milionaria-do-corinthians-com-igor-coronado-pode-levar-a-rescisao-contratual\/26\/"},"author":{"name":"st2vivadicas","@id":"https:\/\/vivadicas.com\/st2\/#\/schema\/person\/f8432157bb5752f84d3a30f1c7388a16"},"headline":"**D\u00edvida Milion\u00e1ria do Corinthians com Igor Coronado Pode Levar a Rescis\u00e3o Contratual**","datePublished":"2025-06-27T11:50:20+00:00","mainEntityOfPage":{"@id":"https:\/\/vivadicas.com\/st2\/blog\/divida-milionaria-do-corinthians-com-igor-coronado-pode-levar-a-rescisao-contratual\/26\/"},"wordCount":240,"commentCount":0,"publisher":{"@id":"https:\/\/vivadicas.com\/st2\/#organization"},"image":{"@id":"https:\/\/vivadicas.com\/st2\/blog\/divida-milionaria-do-corinthians-com-igor-coronado-pode-levar-a-rescisao-contratual\/26\/#primaryimage"},"thumbnailUrl":"https:\/\/vivadicas.com\/st2\/wp-content\/uploads\/2025\/06\/trend_igor_coronado_20250627115014.jpg","keywords":["Corinthians","d\u00edvida milion\u00e1ria","Igor Coronado","rescis\u00e3o contratual"],"articleSection":["Blog"],"inLanguage":"pt-BR","potentialAction":[{"@type":"CommentAction","name":"Comment","target":["https:\/\/vivadicas.com\/st2\/blog\/divida-milionaria-do-corinthians-com-igor-coronado-pode-levar-a-rescisao-contratual\/26\/#respond"]}]},{"@type":"WebPage","@id":"https:\/\/vivadicas.com\/st2\/blog\/divida-milionaria-do-corinthians-com-igor-coronado-pode-levar-a-rescisao-contratual\/26\/","url":"https:\/\/vivadicas.com\/st2\/blog\/divida-milionaria-do-corinthians-com-igor-coronado-pode-levar-a-rescisao-contratual\/26\/","name":"**D\u00edvida Milion\u00e1ria do Corinthians com Igor Coronado Pode Levar a Rescis\u00e3o Contratual** - WordPulseTrends com","isPartOf":{"@id":"https:\/\/vivadicas.com\/st2\/#website"},"primaryImageOfPage":{"@id":"https:\/\/vivadicas.com\/st2\/blog\/divida-milionaria-do-corinthians-com-igor-coronado-pode-levar-a-rescisao-contratual\/26\/#primaryimage"},"image":{"@id":"https:\/\/vivadicas.com\/st2\/blog\/divida-milionaria-do-corinthians-com-igor-coronado-pode-levar-a-rescisao-contratual\/26\/#primaryimage"},"thumbnailUrl":"https:\/\/vivadicas.com\/st2\/wp-content\/uploads\/2025\/06\/trend_igor_coronado_20250627115014.jpg","datePublished":"2025-06-27T11:50:20+00:00","breadcrumb":{"@id":"https:\/\/vivadicas.com\/st2\/blog\/divida-milionaria-do-corinthians-com-igor-coronado-pode-levar-a-rescisao-contratual\/26\/#breadcrumb"},"inLanguage":"pt-BR","potentialAction":[{"@type":"ReadAction","target":["https:\/\/vivadicas.com\/st2\/blog\/divida-milionaria-do-corinthians-com-igor-coronado-pode-levar-a-rescisao-contratual\/26\/"]}]},{"@type":"ImageObject","inLanguage":"pt-BR","@id":"https:\/\/vivadicas.com\/st2\/blog\/divida-milionaria-do-corinthians-com-igor-coronado-pode-levar-a-rescisao-contratual\/26\/#primaryimage","url":"https:\/\/vivadicas.com\/st2\/wp-content\/uploads\/2025\/06\/trend_igor_coronado_20250627115014.jpg","contentUrl":"https:\/\/vivadicas.com\/st2\/wp-content\/uploads\/2025\/06\/trend_igor_coronado_20250627115014.jpg","width":1200,"height":1200},{"@type":"BreadcrumbList","@id":"https:\/\/vivadicas.com\/st2\/blog\/divida-milionaria-do-corinthians-com-igor-coronado-pode-levar-a-rescisao-contratual\/26\/#breadcrumb","itemListElement":[{"@type":"ListItem","position":1,"name":"In\u00edcio","item":"https:\/\/vivadicas.com\/st2\/"},{"@type":"ListItem","position":2,"name":"**D\u00edvida Milion\u00e1ria do Corinthians com Igor Coronado Pode Levar a Rescis\u00e3o Contratual**"}]},{"@type":"WebSite","@id":"https:\/\/vivadicas.com\/st2\/#website","url":"https:\/\/vivadicas.com\/st2\/","name":"TrendsBrasil","description":"Stay updated with trending topics, viral news, hot updates, breaking headlines, global trends, and real-time content. Discover what\u2019s going viral now and follow the most talked-about stories across the web, social media, and news platforms!","publisher":{"@id":"https:\/\/vivadicas.com\/st2\/#organization"},"potentialAction":[{"@type":"SearchAction","target":{"@type":"EntryPoint","urlTemplate":"https:\/\/vivadicas.com\/st2\/?s={search_term_string}"},"query-input":{"@type":"PropertyValueSpecification","valueRequired":true,"valueName":"search_term_string"}}],"inLanguage":"pt-BR"},{"@type":"Organization","@id":"https:\/\/vivadicas.com\/st2\/#organization","name":"TrendsBrasil","url":"https:\/\/vivadicas.com\/st2\/","logo":{"@type":"ImageObject","inLanguage":"pt-BR","@id":"https:\/\/vivadicas.com\/st2\/#\/schema\/logo\/image\/","url":"https:\/\/vivadicas.com\/st2\/wp-content\/uploads\/2025\/06\/ChatGPT-Image-24-de-jun.-de-2025-10_39_16-683x1024.png","contentUrl":"https:\/\/vivadicas.com\/st2\/wp-content\/uploads\/2025\/06\/ChatGPT-Image-24-de-jun.-de-2025-10_39_16-683x1024.png","width":683,"height":1024,"caption":"TrendsBrasil"},"image":{"@id":"https:\/\/vivadicas.com\/st2\/#\/schema\/logo\/image\/"}},{"@type":"Person","@id":"https:\/\/vivadicas.com\/st2\/#\/schema\/person\/f8432157bb5752f84d3a30f1c7388a16","name":"st2vivadicas","image":{"@type":"ImageObject","inLanguage":"pt-BR","@id":"https:\/\/vivadicas.com\/st2\/#\/schema\/person\/image\/","url":"https:\/\/secure.gravatar.com\/avatar\/9bb04fcca59036779222f5f2d61adc27b9b487cc07bc4064b27fa7e0a1e23e1a?s=96&d=mm&r=g","contentUrl":"https:\/\/secure.gravatar.com\/avatar\/9bb04fcca59036779222f5f2d61adc27b9b487cc07bc4064b27fa7e0a1e23e1a?s=96&d=mm&r=g","caption":"st2vivadicas"},"sameAs":["https:\/\/vivadicas.com\/st2"],"url":"https:\/\/vivadicas.com\/st2\/author\/st2vivadicas\/"}]}},"_links":{"self":[{"href":"https:\/\/vivadicas.com\/st2\/wp-json\/wp\/v2\/posts\/26","targetHints":{"allow":["GET"]}}],"collection":[{"href":"https:\/\/vivadicas.com\/st2\/wp-json\/wp\/v2\/posts"}],"about":[{"href":"https:\/\/vivadicas.com\/st2\/wp-json\/wp\/v2\/types\/post"}],"author":[{"embeddable":true,"href":"https:\/\/vivadicas.com\/st2\/wp-json\/wp\/v2\/users\/1"}],"replies":[{"embeddable":true,"href":"https:\/\/vivadicas.com\/st2\/wp-json\/wp\/v2\/comments?post=26"}],"version-history":[{"count":0,"href":"https:\/\/vivadicas.com\/st2\/wp-json\/wp\/v2\/posts\/26\/revisions"}],"wp:featuredmedia":[{"embeddable":true,"href":"https:\/\/vivadicas.com\/st2\/wp-json\/wp\/v2\/media\/25"}],"wp:attachment":[{"href":"https:\/\/vivadicas.com\/st2\/wp-json\/wp\/v2\/media?parent=26"}],"wp:term":[{"taxonomy":"category","embeddable":true,"href":"https:\/\/vivadicas.com\/st2\/wp-json\/wp\/v2\/categories?post=26"},{"taxonomy":"post_tag","embeddable":true,"href":"https:\/\/vivadicas.com\/st2\/wp-json\/wp\/v2\/tags?post=26"}],"curies":[{"name":"wp","href":"https:\/\/api.w.org\/{rel}","templated":true}]}}