{"id":2668,"date":"2025-07-01T22:28:25","date_gmt":"2025-07-02T01:28:25","guid":{"rendered":"https:\/\/vivadicas.com\/st2\/blog\/novos-programas-de-apoio-as-familias-em-monterey\/2668\/"},"modified":"2025-07-01T22:28:25","modified_gmt":"2025-07-02T01:28:25","slug":"novos-programas-de-apoio-as-familias-em-monterey","status":"publish","type":"post","link":"https:\/\/vivadicas.com\/st2\/sociedade\/novos-programas-de-apoio-as-familias-em-monterey\/2668\/","title":{"rendered":"Novos Programas de Apoio \u00e0s Fam\u00edlias em Monterey"},"content":{"rendered":"<p>O Condado de Monterey est\u00e1 implementando um programa inovador para apoiar fam\u00edlias em situa\u00e7\u00e3o de vulnerabilidade. Essa iniciativa, que visa atender necessidades sociais e de sa\u00fade mental, foi lan\u00e7ada recentemente. A abordagem \u00e9 uma resposta \u00e0s crescentes preocupa\u00e7\u00f5es com o bem-estar das comunidades locais.<\/p>\n<p><h2>\ud83c\udfaf Apoios \u00e0 Sa\u00fade Mental<\/h2>\n<\/p>\n<p>Al\u00e9m do suporte social, as autoridades de sa\u00fade de Monterey est\u00e3o focadas em proporcionar servi\u00e7os de sa\u00fade mental. A ansiedade gerada pela presen\u00e7a da ICE, a Imigra\u00e7\u00e3o e Controle de Alf\u00e2ndegas dos Estados Unidos, tem impactado intensamente a popula\u00e7\u00e3o. Escolas e \u00f3rg\u00e3os de sa\u00fade se uniram para oferecer recursos que ajudem estudantes e suas fam\u00edlias a lidarem com essa press\u00e3o.<\/p>\n<p>Estudos indicam que a sa\u00fade mental est\u00e1 diretamente ligada ao desempenho escolar e ao bem-estar geral das fam\u00edlias. Portanto, o apoio psicol\u00f3gico \u00e9 crucial neste contexto. Especialistas est\u00e3o dispon\u00edveis para atendimentos e orienta\u00e7\u00f5es, buscando minimizar os efeitos negativos da ansiedade.<\/p>\n<p><h2>\ud83c\udfaf A Nova Lideran\u00e7a da Escola de Monterey<\/h2>\n<\/p>\n<p>Em outra vertente, a Monterey High School anunciou a nomea\u00e7\u00e3o de Justin Newman como novo diretor. Newman retorna \u00e0 escola ap\u00f3s um per\u00edodo no comando da Evans Middle School. Com uma abordagem focada no desenvolvimento educacional, ele promete trazer inova\u00e7\u00f5es e melhorias para a comunidade escolar.<\/p>\n<p>A chegada de Newman \u00e9 vista como uma oportunidade de revitalizar a din\u00e2mica escolar. Ele planeja envolver pais e alunos no processo de transforma\u00e7\u00e3o, criando um ambiente mais colaborativo e inclusivo.<\/p>\n<p><h2>\ud83c\udfaf Desafios da \u00c1gua na Pen\u00ednsula de Monterey<\/h2>\n<\/p>\n<p>N\u00e3o apenas na esfera social, o Condado de Monterey enfrenta desafios em outras \u00e1reas. A Comiss\u00e3o de Servi\u00e7os P\u00fablicos da Calif\u00f3rnia adiou uma decis\u00e3o crucial sobre o fornecimento de \u00e1gua da pen\u00ednsula. Essa quest\u00e3o \u00e9 especialmente pertinente, considerando as crescentes demandas h\u00eddricas da regi\u00e3o.<\/p>\n<p>A escassez de \u00e1gua \u00e9 um tema preocupante, especialmente com as mudan\u00e7as clim\u00e1ticas afetando a disponibilidade. A decis\u00e3o da CPUC \u00e9 aguardada com expectativa, pois pode impactar diretamente a qualidade de vida dos residentes.<\/p>\n<p><h2>\ud83c\udfaf O Futuro das Fam\u00edlias de Monterey<\/h2>\n<\/p>\n<p>Os novos programas em Monterey refletem um compromisso com o fortalecimento das comunidades vulner\u00e1veis. O apoio \u00e0 sa\u00fade mental, a nova lideran\u00e7a escolar e a gest\u00e3o dos recursos h\u00eddricos s\u00e3o vitais para o futuro da regi\u00e3o. Todos esses esfor\u00e7os visam garantir que as fam\u00edlias tenham as condi\u00e7\u00f5es necess\u00e1rias para prosperar.<\/p>\n<p>\u00c9 fundamental que a comunidade continue envolvida nesse processo. O sucesso dessas iniciativas depende da colabora\u00e7\u00e3o entre os cidad\u00e3os e as autoridades locais.<\/p>\n<p>Gostou de saber mais sobre Monterey? Seus amigos tamb\u00e9m podem se interessar. <a href=\"https:\/\/www.addtoany.com\/share#url=https%3A%2F%2Fvivadicas.com%2Fst2%2Fsociedade%2Fnovos-programas-de-apoio-as-familias-em-monterey%2F2668%2F\" target=\"_blank\" rel=\"noopener\">Compartilhe<\/a> com eles agora mesmo!<\/p>\n","protected":false},"excerpt":{"rendered":"<p>O Condado de Monterey est\u00e1 implementando um programa inovador para apoiar fam\u00edlias em situa\u00e7\u00e3o de vulnerabilidade. Essa iniciativa, que visa atender necessidades sociais e de sa\u00fade mental, foi lan\u00e7ada recentemente. A abordagem \u00e9 uma resposta \u00e0s crescentes preocupa\u00e7\u00f5es com o bem-estar das comunidades locais. \ud83c\udfaf Apoios \u00e0 Sa\u00fade Mental Al\u00e9m do suporte social, as autoridades &#8230; <a title=\"Novos Programas de Apoio \u00e0s Fam\u00edlias em Monterey\" class=\"read-more\" href=\"https:\/\/vivadicas.com\/st2\/sociedade\/novos-programas-de-apoio-as-familias-em-monterey\/2668\/\" aria-label=\"Read more about Novos Programas de Apoio \u00e0s Fam\u00edlias em Monterey\">Ler mais<\/a><\/p>\n","protected":false},"author":1,"featured_media":2667,"comment_status":"open","ping_status":"open","sticky":false,"template":"","format":"standard","meta":{"footnotes":""},"categories":[2196],"tags":[2668,494,370,2667,942],"class_list":["post-2668","post","type-post","status-publish","format-standard","has-post-thumbnail","hentry","category-sociedade","tag-agua","tag-comunidade","tag-educacao","tag-monterey","tag-saude-mental"],"yoast_head":"<!-- This site is optimized with the Yoast SEO plugin v25.3.1 - https:\/\/yoast.com\/wordpress\/plugins\/seo\/ -->\n<title>Novos Programas de Apoio \u00e0s Fam\u00edlias em Monterey - WordPulseTrends com<\/title>\n<meta name=\"robots\" content=\"index, follow, max-snippet:-1, max-image-preview:large, max-video-preview:-1\" \/>\n<link rel=\"canonical\" href=\"https:\/\/vivadicas.com\/st2\/sociedade\/novos-programas-de-apoio-as-familias-em-monterey\/2668\/\" \/>\n<meta property=\"og:locale\" content=\"pt_BR\" \/>\n<meta property=\"og:type\" content=\"article\" \/>\n<meta property=\"og:title\" content=\"Novos Programas de Apoio \u00e0s Fam\u00edlias em Monterey - WordPulseTrends com\" \/>\n<meta property=\"og:description\" content=\"O Condado de Monterey est\u00e1 implementando um programa inovador para apoiar fam\u00edlias em situa\u00e7\u00e3o de vulnerabilidade. Essa iniciativa, que visa atender necessidades sociais e de sa\u00fade mental, foi lan\u00e7ada recentemente. A abordagem \u00e9 uma resposta \u00e0s crescentes preocupa\u00e7\u00f5es com o bem-estar das comunidades locais. \ud83c\udfaf Apoios \u00e0 Sa\u00fade Mental Al\u00e9m do suporte social, as autoridades ... Ler mais\" \/>\n<meta property=\"og:url\" content=\"https:\/\/vivadicas.com\/st2\/sociedade\/novos-programas-de-apoio-as-familias-em-monterey\/2668\/\" \/>\n<meta property=\"og:site_name\" content=\"WordPulseTrends com\" \/>\n<meta property=\"article:published_time\" content=\"2025-07-02T01:28:25+00:00\" \/>\n<meta property=\"og:image\" content=\"https:\/\/vivadicas.com\/st2\/wp-content\/uploads\/2025\/07\/ai_trend_1751419690_89fcfef3.png\" \/>\n\t<meta property=\"og:image:width\" content=\"1024\" \/>\n\t<meta property=\"og:image:height\" content=\"512\" \/>\n\t<meta property=\"og:image:type\" content=\"image\/png\" \/>\n<meta name=\"author\" content=\"st2vivadicas\" \/>\n<meta name=\"twitter:card\" content=\"summary_large_image\" \/>\n<meta name=\"twitter:label1\" content=\"Escrito por\" \/>\n\t<meta name=\"twitter:data1\" content=\"st2vivadicas\" \/>\n\t<meta name=\"twitter:label2\" content=\"Est. tempo de leitura\" \/>\n\t<meta name=\"twitter:data2\" content=\"2 minutos\" \/>\n<script type=\"application\/ld+json\" class=\"yoast-schema-graph\">{\"@context\":\"https:\/\/schema.org\",\"@graph\":[{\"@type\":\"Article\",\"@id\":\"https:\/\/vivadicas.com\/st2\/sociedade\/novos-programas-de-apoio-as-familias-em-monterey\/2668\/#article\",\"isPartOf\":{\"@id\":\"https:\/\/vivadicas.com\/st2\/sociedade\/novos-programas-de-apoio-as-familias-em-monterey\/2668\/\"},\"author\":{\"name\":\"st2vivadicas\",\"@id\":\"https:\/\/vivadicas.com\/st2\/#\/schema\/person\/f8432157bb5752f84d3a30f1c7388a16\"},\"headline\":\"Novos Programas de Apoio \u00e0s Fam\u00edlias em Monterey\",\"datePublished\":\"2025-07-02T01:28:25+00:00\",\"mainEntityOfPage\":{\"@id\":\"https:\/\/vivadicas.com\/st2\/sociedade\/novos-programas-de-apoio-as-familias-em-monterey\/2668\/\"},\"wordCount\":473,\"commentCount\":0,\"publisher\":{\"@id\":\"https:\/\/vivadicas.com\/st2\/#organization\"},\"image\":{\"@id\":\"https:\/\/vivadicas.com\/st2\/sociedade\/novos-programas-de-apoio-as-familias-em-monterey\/2668\/#primaryimage\"},\"thumbnailUrl\":\"https:\/\/vivadicas.com\/st2\/wp-content\/uploads\/2025\/07\/ai_trend_1751419690_89fcfef3.png\",\"keywords\":[\"\u00e1gua\",\"comunidade\",\"Educa\u00e7\u00e3o\",\"Monterey\",\"sa\u00fade mental\"],\"articleSection\":[\"Sociedade\"],\"inLanguage\":\"pt-BR\",\"potentialAction\":[{\"@type\":\"CommentAction\",\"name\":\"Comment\",\"target\":[\"https:\/\/vivadicas.com\/st2\/sociedade\/novos-programas-de-apoio-as-familias-em-monterey\/2668\/#respond\"]}]},{\"@type\":\"WebPage\",\"@id\":\"https:\/\/vivadicas.com\/st2\/sociedade\/novos-programas-de-apoio-as-familias-em-monterey\/2668\/\",\"url\":\"https:\/\/vivadicas.com\/st2\/sociedade\/novos-programas-de-apoio-as-familias-em-monterey\/2668\/\",\"name\":\"Novos Programas de Apoio \u00e0s Fam\u00edlias em Monterey - WordPulseTrends com\",\"isPartOf\":{\"@id\":\"https:\/\/vivadicas.com\/st2\/#website\"},\"primaryImageOfPage\":{\"@id\":\"https:\/\/vivadicas.com\/st2\/sociedade\/novos-programas-de-apoio-as-familias-em-monterey\/2668\/#primaryimage\"},\"image\":{\"@id\":\"https:\/\/vivadicas.com\/st2\/sociedade\/novos-programas-de-apoio-as-familias-em-monterey\/2668\/#primaryimage\"},\"thumbnailUrl\":\"https:\/\/vivadicas.com\/st2\/wp-content\/uploads\/2025\/07\/ai_trend_1751419690_89fcfef3.png\",\"datePublished\":\"2025-07-02T01:28:25+00:00\",\"breadcrumb\":{\"@id\":\"https:\/\/vivadicas.com\/st2\/sociedade\/novos-programas-de-apoio-as-familias-em-monterey\/2668\/#breadcrumb\"},\"inLanguage\":\"pt-BR\",\"potentialAction\":[{\"@type\":\"ReadAction\",\"target\":[\"https:\/\/vivadicas.com\/st2\/sociedade\/novos-programas-de-apoio-as-familias-em-monterey\/2668\/\"]}]},{\"@type\":\"ImageObject\",\"inLanguage\":\"pt-BR\",\"@id\":\"https:\/\/vivadicas.com\/st2\/sociedade\/novos-programas-de-apoio-as-familias-em-monterey\/2668\/#primaryimage\",\"url\":\"https:\/\/vivadicas.com\/st2\/wp-content\/uploads\/2025\/07\/ai_trend_1751419690_89fcfef3.png\",\"contentUrl\":\"https:\/\/vivadicas.com\/st2\/wp-content\/uploads\/2025\/07\/ai_trend_1751419690_89fcfef3.png\",\"width\":1024,\"height\":512},{\"@type\":\"BreadcrumbList\",\"@id\":\"https:\/\/vivadicas.com\/st2\/sociedade\/novos-programas-de-apoio-as-familias-em-monterey\/2668\/#breadcrumb\",\"itemListElement\":[{\"@type\":\"ListItem\",\"position\":1,\"name\":\"In\u00edcio\",\"item\":\"https:\/\/vivadicas.com\/st2\/\"},{\"@type\":\"ListItem\",\"position\":2,\"name\":\"Novos Programas de Apoio \u00e0s Fam\u00edlias em Monterey\"}]},{\"@type\":\"WebSite\",\"@id\":\"https:\/\/vivadicas.com\/st2\/#website\",\"url\":\"https:\/\/vivadicas.com\/st2\/\",\"name\":\"TrendsBrasil\",\"description\":\"Stay updated with trending topics, viral news, hot updates, breaking headlines, global trends, and real-time content. Discover what\u2019s going viral now and follow the most talked-about stories across the web, social media, and news platforms!\",\"publisher\":{\"@id\":\"https:\/\/vivadicas.com\/st2\/#organization\"},\"potentialAction\":[{\"@type\":\"SearchAction\",\"target\":{\"@type\":\"EntryPoint\",\"urlTemplate\":\"https:\/\/vivadicas.com\/st2\/?s={search_term_string}\"},\"query-input\":{\"@type\":\"PropertyValueSpecification\",\"valueRequired\":true,\"valueName\":\"search_term_string\"}}],\"inLanguage\":\"pt-BR\"},{\"@type\":\"Organization\",\"@id\":\"https:\/\/vivadicas.com\/st2\/#organization\",\"name\":\"TrendsBrasil\",\"url\":\"https:\/\/vivadicas.com\/st2\/\",\"logo\":{\"@type\":\"ImageObject\",\"inLanguage\":\"pt-BR\",\"@id\":\"https:\/\/vivadicas.com\/st2\/#\/schema\/logo\/image\/\",\"url\":\"https:\/\/vivadicas.com\/st2\/wp-content\/uploads\/2025\/06\/ChatGPT-Image-24-de-jun.-de-2025-10_39_16-683x1024.png\",\"contentUrl\":\"https:\/\/vivadicas.com\/st2\/wp-content\/uploads\/2025\/06\/ChatGPT-Image-24-de-jun.-de-2025-10_39_16-683x1024.png\",\"width\":683,\"height\":1024,\"caption\":\"TrendsBrasil\"},\"image\":{\"@id\":\"https:\/\/vivadicas.com\/st2\/#\/schema\/logo\/image\/\"}},{\"@type\":\"Person\",\"@id\":\"https:\/\/vivadicas.com\/st2\/#\/schema\/person\/f8432157bb5752f84d3a30f1c7388a16\",\"name\":\"st2vivadicas\",\"image\":{\"@type\":\"ImageObject\",\"inLanguage\":\"pt-BR\",\"@id\":\"https:\/\/vivadicas.com\/st2\/#\/schema\/person\/image\/\",\"url\":\"https:\/\/secure.gravatar.com\/avatar\/9bb04fcca59036779222f5f2d61adc27b9b487cc07bc4064b27fa7e0a1e23e1a?s=96&d=mm&r=g\",\"contentUrl\":\"https:\/\/secure.gravatar.com\/avatar\/9bb04fcca59036779222f5f2d61adc27b9b487cc07bc4064b27fa7e0a1e23e1a?s=96&d=mm&r=g\",\"caption\":\"st2vivadicas\"},\"sameAs\":[\"https:\/\/vivadicas.com\/st2\"],\"url\":\"https:\/\/vivadicas.com\/st2\/author\/st2vivadicas\/\"}]}<\/script>\n<!-- \/ Yoast SEO plugin. -->","yoast_head_json":{"title":"Novos Programas de Apoio \u00e0s Fam\u00edlias em Monterey - WordPulseTrends com","robots":{"index":"index","follow":"follow","max-snippet":"max-snippet:-1","max-image-preview":"max-image-preview:large","max-video-preview":"max-video-preview:-1"},"canonical":"https:\/\/vivadicas.com\/st2\/sociedade\/novos-programas-de-apoio-as-familias-em-monterey\/2668\/","og_locale":"pt_BR","og_type":"article","og_title":"Novos Programas de Apoio \u00e0s Fam\u00edlias em Monterey - WordPulseTrends com","og_description":"O Condado de Monterey est\u00e1 implementando um programa inovador para apoiar fam\u00edlias em situa\u00e7\u00e3o de vulnerabilidade. Essa iniciativa, que visa atender necessidades sociais e de sa\u00fade mental, foi lan\u00e7ada recentemente. A abordagem \u00e9 uma resposta \u00e0s crescentes preocupa\u00e7\u00f5es com o bem-estar das comunidades locais. \ud83c\udfaf Apoios \u00e0 Sa\u00fade Mental Al\u00e9m do suporte social, as autoridades ... Ler mais","og_url":"https:\/\/vivadicas.com\/st2\/sociedade\/novos-programas-de-apoio-as-familias-em-monterey\/2668\/","og_site_name":"WordPulseTrends com","article_published_time":"2025-07-02T01:28:25+00:00","og_image":[{"width":1024,"height":512,"url":"https:\/\/vivadicas.com\/st2\/wp-content\/uploads\/2025\/07\/ai_trend_1751419690_89fcfef3.png","type":"image\/png"}],"author":"st2vivadicas","twitter_card":"summary_large_image","twitter_misc":{"Escrito por":"st2vivadicas","Est. tempo de leitura":"2 minutos"},"schema":{"@context":"https:\/\/schema.org","@graph":[{"@type":"Article","@id":"https:\/\/vivadicas.com\/st2\/sociedade\/novos-programas-de-apoio-as-familias-em-monterey\/2668\/#article","isPartOf":{"@id":"https:\/\/vivadicas.com\/st2\/sociedade\/novos-programas-de-apoio-as-familias-em-monterey\/2668\/"},"author":{"name":"st2vivadicas","@id":"https:\/\/vivadicas.com\/st2\/#\/schema\/person\/f8432157bb5752f84d3a30f1c7388a16"},"headline":"Novos Programas de Apoio \u00e0s Fam\u00edlias em Monterey","datePublished":"2025-07-02T01:28:25+00:00","mainEntityOfPage":{"@id":"https:\/\/vivadicas.com\/st2\/sociedade\/novos-programas-de-apoio-as-familias-em-monterey\/2668\/"},"wordCount":473,"commentCount":0,"publisher":{"@id":"https:\/\/vivadicas.com\/st2\/#organization"},"image":{"@id":"https:\/\/vivadicas.com\/st2\/sociedade\/novos-programas-de-apoio-as-familias-em-monterey\/2668\/#primaryimage"},"thumbnailUrl":"https:\/\/vivadicas.com\/st2\/wp-content\/uploads\/2025\/07\/ai_trend_1751419690_89fcfef3.png","keywords":["\u00e1gua","comunidade","Educa\u00e7\u00e3o","Monterey","sa\u00fade mental"],"articleSection":["Sociedade"],"inLanguage":"pt-BR","potentialAction":[{"@type":"CommentAction","name":"Comment","target":["https:\/\/vivadicas.com\/st2\/sociedade\/novos-programas-de-apoio-as-familias-em-monterey\/2668\/#respond"]}]},{"@type":"WebPage","@id":"https:\/\/vivadicas.com\/st2\/sociedade\/novos-programas-de-apoio-as-familias-em-monterey\/2668\/","url":"https:\/\/vivadicas.com\/st2\/sociedade\/novos-programas-de-apoio-as-familias-em-monterey\/2668\/","name":"Novos Programas de Apoio \u00e0s Fam\u00edlias em Monterey - WordPulseTrends com","isPartOf":{"@id":"https:\/\/vivadicas.com\/st2\/#website"},"primaryImageOfPage":{"@id":"https:\/\/vivadicas.com\/st2\/sociedade\/novos-programas-de-apoio-as-familias-em-monterey\/2668\/#primaryimage"},"image":{"@id":"https:\/\/vivadicas.com\/st2\/sociedade\/novos-programas-de-apoio-as-familias-em-monterey\/2668\/#primaryimage"},"thumbnailUrl":"https:\/\/vivadicas.com\/st2\/wp-content\/uploads\/2025\/07\/ai_trend_1751419690_89fcfef3.png","datePublished":"2025-07-02T01:28:25+00:00","breadcrumb":{"@id":"https:\/\/vivadicas.com\/st2\/sociedade\/novos-programas-de-apoio-as-familias-em-monterey\/2668\/#breadcrumb"},"inLanguage":"pt-BR","potentialAction":[{"@type":"ReadAction","target":["https:\/\/vivadicas.com\/st2\/sociedade\/novos-programas-de-apoio-as-familias-em-monterey\/2668\/"]}]},{"@type":"ImageObject","inLanguage":"pt-BR","@id":"https:\/\/vivadicas.com\/st2\/sociedade\/novos-programas-de-apoio-as-familias-em-monterey\/2668\/#primaryimage","url":"https:\/\/vivadicas.com\/st2\/wp-content\/uploads\/2025\/07\/ai_trend_1751419690_89fcfef3.png","contentUrl":"https:\/\/vivadicas.com\/st2\/wp-content\/uploads\/2025\/07\/ai_trend_1751419690_89fcfef3.png","width":1024,"height":512},{"@type":"BreadcrumbList","@id":"https:\/\/vivadicas.com\/st2\/sociedade\/novos-programas-de-apoio-as-familias-em-monterey\/2668\/#breadcrumb","itemListElement":[{"@type":"ListItem","position":1,"name":"In\u00edcio","item":"https:\/\/vivadicas.com\/st2\/"},{"@type":"ListItem","position":2,"name":"Novos Programas de Apoio \u00e0s Fam\u00edlias em Monterey"}]},{"@type":"WebSite","@id":"https:\/\/vivadicas.com\/st2\/#website","url":"https:\/\/vivadicas.com\/st2\/","name":"TrendsBrasil","description":"Stay updated with trending topics, viral news, hot updates, breaking headlines, global trends, and real-time content. Discover what\u2019s going viral now and follow the most talked-about stories across the web, social media, and news platforms!","publisher":{"@id":"https:\/\/vivadicas.com\/st2\/#organization"},"potentialAction":[{"@type":"SearchAction","target":{"@type":"EntryPoint","urlTemplate":"https:\/\/vivadicas.com\/st2\/?s={search_term_string}"},"query-input":{"@type":"PropertyValueSpecification","valueRequired":true,"valueName":"search_term_string"}}],"inLanguage":"pt-BR"},{"@type":"Organization","@id":"https:\/\/vivadicas.com\/st2\/#organization","name":"TrendsBrasil","url":"https:\/\/vivadicas.com\/st2\/","logo":{"@type":"ImageObject","inLanguage":"pt-BR","@id":"https:\/\/vivadicas.com\/st2\/#\/schema\/logo\/image\/","url":"https:\/\/vivadicas.com\/st2\/wp-content\/uploads\/2025\/06\/ChatGPT-Image-24-de-jun.-de-2025-10_39_16-683x1024.png","contentUrl":"https:\/\/vivadicas.com\/st2\/wp-content\/uploads\/2025\/06\/ChatGPT-Image-24-de-jun.-de-2025-10_39_16-683x1024.png","width":683,"height":1024,"caption":"TrendsBrasil"},"image":{"@id":"https:\/\/vivadicas.com\/st2\/#\/schema\/logo\/image\/"}},{"@type":"Person","@id":"https:\/\/vivadicas.com\/st2\/#\/schema\/person\/f8432157bb5752f84d3a30f1c7388a16","name":"st2vivadicas","image":{"@type":"ImageObject","inLanguage":"pt-BR","@id":"https:\/\/vivadicas.com\/st2\/#\/schema\/person\/image\/","url":"https:\/\/secure.gravatar.com\/avatar\/9bb04fcca59036779222f5f2d61adc27b9b487cc07bc4064b27fa7e0a1e23e1a?s=96&d=mm&r=g","contentUrl":"https:\/\/secure.gravatar.com\/avatar\/9bb04fcca59036779222f5f2d61adc27b9b487cc07bc4064b27fa7e0a1e23e1a?s=96&d=mm&r=g","caption":"st2vivadicas"},"sameAs":["https:\/\/vivadicas.com\/st2"],"url":"https:\/\/vivadicas.com\/st2\/author\/st2vivadicas\/"}]}},"_links":{"self":[{"href":"https:\/\/vivadicas.com\/st2\/wp-json\/wp\/v2\/posts\/2668","targetHints":{"allow":["GET"]}}],"collection":[{"href":"https:\/\/vivadicas.com\/st2\/wp-json\/wp\/v2\/posts"}],"about":[{"href":"https:\/\/vivadicas.com\/st2\/wp-json\/wp\/v2\/types\/post"}],"author":[{"embeddable":true,"href":"https:\/\/vivadicas.com\/st2\/wp-json\/wp\/v2\/users\/1"}],"replies":[{"embeddable":true,"href":"https:\/\/vivadicas.com\/st2\/wp-json\/wp\/v2\/comments?post=2668"}],"version-history":[{"count":1,"href":"https:\/\/vivadicas.com\/st2\/wp-json\/wp\/v2\/posts\/2668\/revisions"}],"predecessor-version":[{"id":2669,"href":"https:\/\/vivadicas.com\/st2\/wp-json\/wp\/v2\/posts\/2668\/revisions\/2669"}],"wp:featuredmedia":[{"embeddable":true,"href":"https:\/\/vivadicas.com\/st2\/wp-json\/wp\/v2\/media\/2667"}],"wp:attachment":[{"href":"https:\/\/vivadicas.com\/st2\/wp-json\/wp\/v2\/media?parent=2668"}],"wp:term":[{"taxonomy":"category","embeddable":true,"href":"https:\/\/vivadicas.com\/st2\/wp-json\/wp\/v2\/categories?post=2668"},{"taxonomy":"post_tag","embeddable":true,"href":"https:\/\/vivadicas.com\/st2\/wp-json\/wp\/v2\/tags?post=2668"}],"curies":[{"name":"wp","href":"https:\/\/api.w.org\/{rel}","templated":true}]}}