{"id":2689,"date":"2025-07-01T22:41:52","date_gmt":"2025-07-02T01:41:52","guid":{"rendered":"https:\/\/vivadicas.com\/st2\/blog\/felix-nmecha-e-svensson-projetam-duelo-crucial-contra-o-ulsan\/2689\/"},"modified":"2025-07-01T22:41:54","modified_gmt":"2025-07-02T01:41:54","slug":"felix-nmecha-e-svensson-projetam-duelo-crucial-contra-o-ulsan","status":"publish","type":"post","link":"https:\/\/vivadicas.com\/st2\/esportes\/felix-nmecha-e-svensson-projetam-duelo-crucial-contra-o-ulsan\/2689\/","title":{"rendered":"Felix Nmecha e Svensson projetam duelo crucial contra o Ulsan"},"content":{"rendered":"<p><h2>\ud83c\udfaf Expectativas para o duelo<\/h2>\n<\/p>\n<p>Felix Nmecha, meia destacado do Borussia Dortmund, falou sobre a import\u00e2ncia do pr\u00f3ximo jogo contra o Ulsan HD. O atleta afirmou que a equipe est\u00e1 focada em vencer, ressaltando que &#8220;n\u00e3o estamos aqui para nos divertir&#8221;. Nmecha acredita que a determina\u00e7\u00e3o \u00e9 fundamental para garantir a classifica\u00e7\u00e3o na pr\u00f3xima fase do Mundial de Clubes.<\/p>\n<p>Daniel Svensson, companheiro de equipe, compartilhou das mesmas ideias. Ambos os jogadores expressaram confian\u00e7a em suas habilidades e no trabalho em equipe. O Borussia Dortmund busca a vit\u00f3ria para consolidar a lideran\u00e7a no Grupo F do torneio.<\/p>\n<p><h2>\ud83d\udcca An\u00e1lise da partida anterior<\/h2>\n<\/p>\n<p>Na partida anterior, o Borussia Dortmund venceu o Ulsan HD por 1 a 0. Essa vit\u00f3ria foi crucial para a classifica\u00e7\u00e3o do time \u00e0s oitavas de final, garantindo o primeiro lugar em seu grupo. O gol foi marcado em um momento decisivo, o que elevou a moral da equipe.<\/p>\n<p>A equipe alem\u00e3 demonstrou um bom desempenho defensivo e ofensivo. Com uma defesa s\u00f3lida e um meio de campo criativo, o Dortmund mostrou que \u00e9 um forte concorrente no torneio. Felix Nmecha teve um papel significativo, contribuindo tanto na constru\u00e7\u00e3o das jogadas quanto na recupera\u00e7\u00e3o da posse de bola.<\/p>\n<p><h2>\ud83d\udca1 O papel de Felix Nmecha<\/h2>\n<\/p>\n<p>Felix Nmecha \u00e9 um jogador jovem, mas j\u00e1 demonstrou grande potencial no cen\u00e1rio europeu. Sua capacidade de transi\u00e7\u00e3o entre defesa e ataque \u00e9 not\u00e1vel. Ele \u00e9 vers\u00e1til e pode atuar em v\u00e1rias posi\u00e7\u00f5es no meio de campo.<\/p>\n<p>Al\u00e9m disso, Nmecha tem se destacado por suas assist\u00eancias e passes precisos. Sua participa\u00e7\u00e3o foi crucial nas partidas anteriores do Dortmund nesta competi\u00e7\u00e3o. Assim, a expectativa \u00e9 alta para que ele continue desempenhando um papel vital nas pr\u00f3ximas rodadas.<\/p>\n<p><h2>\ud83d\udd0d Olhando para o futuro<\/h2>\n<\/p>\n<p>Com a vit\u00f3ria garantida contra o Ulsan, o Borussia Dortmund se prepara para os desafios seguintes. Felix Nmecha e seus companheiros precisam manter o foco e a disciplina para avan\u00e7ar mais no torneio. A pr\u00f3xima fase promete ser ainda mais desafiadora, e a equipe deve se preparar adequadamente.<\/p>\n<p>Os torcedores est\u00e3o ansiosos para ver como o time se comportar\u00e1 nas oitavas de final. A performance de Nmecha ser\u00e1 observada de perto, uma vez que suas habilidades podem ser decisivas para o sucesso do Borussia Dortmund.<\/p>\n<p>Felix Nmecha est\u00e1 se tornando uma refer\u00eancia no time, e suas declara\u00e7\u00f5es mostram que ele entende a import\u00e2ncia de cada partida. O comprometimento da equipe \u00e9 evidente, e os f\u00e3s esperam grandes resultados em breve.<\/p>\n<p>Gostou de saber mais sobre Felix Nmecha? Seus amigos tamb\u00e9m podem se interessar. <a href=\"https:\/\/www.addtoany.com\/share#url=https%3A%2F%2Fvivadicas.com%2Fst2%2Fesportes%2Ffelix-nmecha-e-svensson-projetam-duelo-crucial-contra-o-ulsan%2F2689%2F\" target=\"_blank\" rel=\"noopener\">Compartilhe<\/a> com eles agora mesmo!<\/p>\n","protected":false},"excerpt":{"rendered":"<p>\ud83c\udfaf Expectativas para o duelo Felix Nmecha, meia destacado do Borussia Dortmund, falou sobre a import\u00e2ncia do pr\u00f3ximo jogo contra o Ulsan HD. O atleta afirmou que a equipe est\u00e1 focada em vencer, ressaltando que &#8220;n\u00e3o estamos aqui para nos divertir&#8221;. Nmecha acredita que a determina\u00e7\u00e3o \u00e9 fundamental para garantir a classifica\u00e7\u00e3o na pr\u00f3xima fase &#8230; <a title=\"Felix Nmecha e Svensson projetam duelo crucial contra o Ulsan\" class=\"read-more\" href=\"https:\/\/vivadicas.com\/st2\/esportes\/felix-nmecha-e-svensson-projetam-duelo-crucial-contra-o-ulsan\/2689\/\" aria-label=\"Read more about Felix Nmecha e Svensson projetam duelo crucial contra o Ulsan\">Ler mais<\/a><\/p>\n","protected":false},"author":1,"featured_media":2688,"comment_status":"open","ping_status":"open","sticky":false,"template":"","format":"standard","meta":{"footnotes":""},"categories":[1199],"tags":[2268,2679,52,128,2680],"class_list":["post-2689","post","type-post","status-publish","format-standard","has-post-thumbnail","hentry","category-esportes","tag-borussia-dortmund","tag-felix-nmecha","tag-futebol","tag-mundial-de-clubes","tag-ulsan-hd"],"yoast_head":"<!-- This site is optimized with the Yoast SEO plugin v25.3.1 - https:\/\/yoast.com\/wordpress\/plugins\/seo\/ -->\n<title>Felix Nmecha e Svensson projetam duelo crucial contra o Ulsan - WordPulseTrends com<\/title>\n<meta name=\"robots\" content=\"index, follow, max-snippet:-1, max-image-preview:large, max-video-preview:-1\" \/>\n<link rel=\"canonical\" href=\"https:\/\/vivadicas.com\/st2\/esportes\/felix-nmecha-e-svensson-projetam-duelo-crucial-contra-o-ulsan\/2689\/\" \/>\n<meta property=\"og:locale\" content=\"pt_BR\" \/>\n<meta property=\"og:type\" content=\"article\" \/>\n<meta property=\"og:title\" content=\"Felix Nmecha e Svensson projetam duelo crucial contra o Ulsan - WordPulseTrends com\" \/>\n<meta property=\"og:description\" content=\"\ud83c\udfaf Expectativas para o duelo Felix Nmecha, meia destacado do Borussia Dortmund, falou sobre a import\u00e2ncia do pr\u00f3ximo jogo contra o Ulsan HD. O atleta afirmou que a equipe est\u00e1 focada em vencer, ressaltando que &#8220;n\u00e3o estamos aqui para nos divertir&#8221;. Nmecha acredita que a determina\u00e7\u00e3o \u00e9 fundamental para garantir a classifica\u00e7\u00e3o na pr\u00f3xima fase ... Ler mais\" \/>\n<meta property=\"og:url\" content=\"https:\/\/vivadicas.com\/st2\/esportes\/felix-nmecha-e-svensson-projetam-duelo-crucial-contra-o-ulsan\/2689\/\" \/>\n<meta property=\"og:site_name\" content=\"WordPulseTrends com\" \/>\n<meta property=\"article:published_time\" content=\"2025-07-02T01:41:52+00:00\" \/>\n<meta property=\"article:modified_time\" content=\"2025-07-02T01:41:54+00:00\" \/>\n<meta property=\"og:image\" content=\"https:\/\/vivadicas.com\/st2\/wp-content\/uploads\/2025\/07\/ai_trend_1751420498_70a80e4f.png\" \/>\n\t<meta property=\"og:image:width\" content=\"1024\" \/>\n\t<meta property=\"og:image:height\" content=\"512\" \/>\n\t<meta property=\"og:image:type\" content=\"image\/png\" \/>\n<meta name=\"author\" content=\"st2vivadicas\" \/>\n<meta name=\"twitter:card\" content=\"summary_large_image\" \/>\n<meta name=\"twitter:label1\" content=\"Escrito por\" \/>\n\t<meta name=\"twitter:data1\" content=\"st2vivadicas\" \/>\n\t<meta name=\"twitter:label2\" content=\"Est. tempo de leitura\" \/>\n\t<meta name=\"twitter:data2\" content=\"2 minutos\" \/>\n<script type=\"application\/ld+json\" class=\"yoast-schema-graph\">{\"@context\":\"https:\/\/schema.org\",\"@graph\":[{\"@type\":\"Article\",\"@id\":\"https:\/\/vivadicas.com\/st2\/esportes\/felix-nmecha-e-svensson-projetam-duelo-crucial-contra-o-ulsan\/2689\/#article\",\"isPartOf\":{\"@id\":\"https:\/\/vivadicas.com\/st2\/esportes\/felix-nmecha-e-svensson-projetam-duelo-crucial-contra-o-ulsan\/2689\/\"},\"author\":{\"name\":\"st2vivadicas\",\"@id\":\"https:\/\/vivadicas.com\/st2\/#\/schema\/person\/f8432157bb5752f84d3a30f1c7388a16\"},\"headline\":\"Felix Nmecha e Svensson projetam duelo crucial contra o Ulsan\",\"datePublished\":\"2025-07-02T01:41:52+00:00\",\"dateModified\":\"2025-07-02T01:41:54+00:00\",\"mainEntityOfPage\":{\"@id\":\"https:\/\/vivadicas.com\/st2\/esportes\/felix-nmecha-e-svensson-projetam-duelo-crucial-contra-o-ulsan\/2689\/\"},\"wordCount\":456,\"commentCount\":0,\"publisher\":{\"@id\":\"https:\/\/vivadicas.com\/st2\/#organization\"},\"image\":{\"@id\":\"https:\/\/vivadicas.com\/st2\/esportes\/felix-nmecha-e-svensson-projetam-duelo-crucial-contra-o-ulsan\/2689\/#primaryimage\"},\"thumbnailUrl\":\"https:\/\/vivadicas.com\/st2\/wp-content\/uploads\/2025\/07\/ai_trend_1751420498_70a80e4f.png\",\"keywords\":[\"Borussia Dortmund\",\"Felix Nmecha\",\"futebol\",\"Mundial de Clubes\",\"Ulsan HD\"],\"articleSection\":[\"Esportes\"],\"inLanguage\":\"pt-BR\",\"potentialAction\":[{\"@type\":\"CommentAction\",\"name\":\"Comment\",\"target\":[\"https:\/\/vivadicas.com\/st2\/esportes\/felix-nmecha-e-svensson-projetam-duelo-crucial-contra-o-ulsan\/2689\/#respond\"]}]},{\"@type\":\"WebPage\",\"@id\":\"https:\/\/vivadicas.com\/st2\/esportes\/felix-nmecha-e-svensson-projetam-duelo-crucial-contra-o-ulsan\/2689\/\",\"url\":\"https:\/\/vivadicas.com\/st2\/esportes\/felix-nmecha-e-svensson-projetam-duelo-crucial-contra-o-ulsan\/2689\/\",\"name\":\"Felix Nmecha e Svensson projetam duelo crucial contra o Ulsan - WordPulseTrends com\",\"isPartOf\":{\"@id\":\"https:\/\/vivadicas.com\/st2\/#website\"},\"primaryImageOfPage\":{\"@id\":\"https:\/\/vivadicas.com\/st2\/esportes\/felix-nmecha-e-svensson-projetam-duelo-crucial-contra-o-ulsan\/2689\/#primaryimage\"},\"image\":{\"@id\":\"https:\/\/vivadicas.com\/st2\/esportes\/felix-nmecha-e-svensson-projetam-duelo-crucial-contra-o-ulsan\/2689\/#primaryimage\"},\"thumbnailUrl\":\"https:\/\/vivadicas.com\/st2\/wp-content\/uploads\/2025\/07\/ai_trend_1751420498_70a80e4f.png\",\"datePublished\":\"2025-07-02T01:41:52+00:00\",\"dateModified\":\"2025-07-02T01:41:54+00:00\",\"breadcrumb\":{\"@id\":\"https:\/\/vivadicas.com\/st2\/esportes\/felix-nmecha-e-svensson-projetam-duelo-crucial-contra-o-ulsan\/2689\/#breadcrumb\"},\"inLanguage\":\"pt-BR\",\"potentialAction\":[{\"@type\":\"ReadAction\",\"target\":[\"https:\/\/vivadicas.com\/st2\/esportes\/felix-nmecha-e-svensson-projetam-duelo-crucial-contra-o-ulsan\/2689\/\"]}]},{\"@type\":\"ImageObject\",\"inLanguage\":\"pt-BR\",\"@id\":\"https:\/\/vivadicas.com\/st2\/esportes\/felix-nmecha-e-svensson-projetam-duelo-crucial-contra-o-ulsan\/2689\/#primaryimage\",\"url\":\"https:\/\/vivadicas.com\/st2\/wp-content\/uploads\/2025\/07\/ai_trend_1751420498_70a80e4f.png\",\"contentUrl\":\"https:\/\/vivadicas.com\/st2\/wp-content\/uploads\/2025\/07\/ai_trend_1751420498_70a80e4f.png\",\"width\":1024,\"height\":512},{\"@type\":\"BreadcrumbList\",\"@id\":\"https:\/\/vivadicas.com\/st2\/esportes\/felix-nmecha-e-svensson-projetam-duelo-crucial-contra-o-ulsan\/2689\/#breadcrumb\",\"itemListElement\":[{\"@type\":\"ListItem\",\"position\":1,\"name\":\"In\u00edcio\",\"item\":\"https:\/\/vivadicas.com\/st2\/\"},{\"@type\":\"ListItem\",\"position\":2,\"name\":\"Felix Nmecha e Svensson projetam duelo crucial contra o Ulsan\"}]},{\"@type\":\"WebSite\",\"@id\":\"https:\/\/vivadicas.com\/st2\/#website\",\"url\":\"https:\/\/vivadicas.com\/st2\/\",\"name\":\"TrendsBrasil\",\"description\":\"Stay updated with trending topics, viral news, hot updates, breaking headlines, global trends, and real-time content. Discover what\u2019s going viral now and follow the most talked-about stories across the web, social media, and news platforms!\",\"publisher\":{\"@id\":\"https:\/\/vivadicas.com\/st2\/#organization\"},\"potentialAction\":[{\"@type\":\"SearchAction\",\"target\":{\"@type\":\"EntryPoint\",\"urlTemplate\":\"https:\/\/vivadicas.com\/st2\/?s={search_term_string}\"},\"query-input\":{\"@type\":\"PropertyValueSpecification\",\"valueRequired\":true,\"valueName\":\"search_term_string\"}}],\"inLanguage\":\"pt-BR\"},{\"@type\":\"Organization\",\"@id\":\"https:\/\/vivadicas.com\/st2\/#organization\",\"name\":\"TrendsBrasil\",\"url\":\"https:\/\/vivadicas.com\/st2\/\",\"logo\":{\"@type\":\"ImageObject\",\"inLanguage\":\"pt-BR\",\"@id\":\"https:\/\/vivadicas.com\/st2\/#\/schema\/logo\/image\/\",\"url\":\"https:\/\/vivadicas.com\/st2\/wp-content\/uploads\/2025\/06\/ChatGPT-Image-24-de-jun.-de-2025-10_39_16-683x1024.png\",\"contentUrl\":\"https:\/\/vivadicas.com\/st2\/wp-content\/uploads\/2025\/06\/ChatGPT-Image-24-de-jun.-de-2025-10_39_16-683x1024.png\",\"width\":683,\"height\":1024,\"caption\":\"TrendsBrasil\"},\"image\":{\"@id\":\"https:\/\/vivadicas.com\/st2\/#\/schema\/logo\/image\/\"}},{\"@type\":\"Person\",\"@id\":\"https:\/\/vivadicas.com\/st2\/#\/schema\/person\/f8432157bb5752f84d3a30f1c7388a16\",\"name\":\"st2vivadicas\",\"image\":{\"@type\":\"ImageObject\",\"inLanguage\":\"pt-BR\",\"@id\":\"https:\/\/vivadicas.com\/st2\/#\/schema\/person\/image\/\",\"url\":\"https:\/\/secure.gravatar.com\/avatar\/9bb04fcca59036779222f5f2d61adc27b9b487cc07bc4064b27fa7e0a1e23e1a?s=96&d=mm&r=g\",\"contentUrl\":\"https:\/\/secure.gravatar.com\/avatar\/9bb04fcca59036779222f5f2d61adc27b9b487cc07bc4064b27fa7e0a1e23e1a?s=96&d=mm&r=g\",\"caption\":\"st2vivadicas\"},\"sameAs\":[\"https:\/\/vivadicas.com\/st2\"],\"url\":\"https:\/\/vivadicas.com\/st2\/author\/st2vivadicas\/\"}]}<\/script>\n<!-- \/ Yoast SEO plugin. -->","yoast_head_json":{"title":"Felix Nmecha e Svensson projetam duelo crucial contra o Ulsan - WordPulseTrends com","robots":{"index":"index","follow":"follow","max-snippet":"max-snippet:-1","max-image-preview":"max-image-preview:large","max-video-preview":"max-video-preview:-1"},"canonical":"https:\/\/vivadicas.com\/st2\/esportes\/felix-nmecha-e-svensson-projetam-duelo-crucial-contra-o-ulsan\/2689\/","og_locale":"pt_BR","og_type":"article","og_title":"Felix Nmecha e Svensson projetam duelo crucial contra o Ulsan - WordPulseTrends com","og_description":"\ud83c\udfaf Expectativas para o duelo Felix Nmecha, meia destacado do Borussia Dortmund, falou sobre a import\u00e2ncia do pr\u00f3ximo jogo contra o Ulsan HD. O atleta afirmou que a equipe est\u00e1 focada em vencer, ressaltando que &#8220;n\u00e3o estamos aqui para nos divertir&#8221;. Nmecha acredita que a determina\u00e7\u00e3o \u00e9 fundamental para garantir a classifica\u00e7\u00e3o na pr\u00f3xima fase ... Ler mais","og_url":"https:\/\/vivadicas.com\/st2\/esportes\/felix-nmecha-e-svensson-projetam-duelo-crucial-contra-o-ulsan\/2689\/","og_site_name":"WordPulseTrends com","article_published_time":"2025-07-02T01:41:52+00:00","article_modified_time":"2025-07-02T01:41:54+00:00","og_image":[{"width":1024,"height":512,"url":"https:\/\/vivadicas.com\/st2\/wp-content\/uploads\/2025\/07\/ai_trend_1751420498_70a80e4f.png","type":"image\/png"}],"author":"st2vivadicas","twitter_card":"summary_large_image","twitter_misc":{"Escrito por":"st2vivadicas","Est. tempo de leitura":"2 minutos"},"schema":{"@context":"https:\/\/schema.org","@graph":[{"@type":"Article","@id":"https:\/\/vivadicas.com\/st2\/esportes\/felix-nmecha-e-svensson-projetam-duelo-crucial-contra-o-ulsan\/2689\/#article","isPartOf":{"@id":"https:\/\/vivadicas.com\/st2\/esportes\/felix-nmecha-e-svensson-projetam-duelo-crucial-contra-o-ulsan\/2689\/"},"author":{"name":"st2vivadicas","@id":"https:\/\/vivadicas.com\/st2\/#\/schema\/person\/f8432157bb5752f84d3a30f1c7388a16"},"headline":"Felix Nmecha e Svensson projetam duelo crucial contra o Ulsan","datePublished":"2025-07-02T01:41:52+00:00","dateModified":"2025-07-02T01:41:54+00:00","mainEntityOfPage":{"@id":"https:\/\/vivadicas.com\/st2\/esportes\/felix-nmecha-e-svensson-projetam-duelo-crucial-contra-o-ulsan\/2689\/"},"wordCount":456,"commentCount":0,"publisher":{"@id":"https:\/\/vivadicas.com\/st2\/#organization"},"image":{"@id":"https:\/\/vivadicas.com\/st2\/esportes\/felix-nmecha-e-svensson-projetam-duelo-crucial-contra-o-ulsan\/2689\/#primaryimage"},"thumbnailUrl":"https:\/\/vivadicas.com\/st2\/wp-content\/uploads\/2025\/07\/ai_trend_1751420498_70a80e4f.png","keywords":["Borussia Dortmund","Felix Nmecha","futebol","Mundial de Clubes","Ulsan HD"],"articleSection":["Esportes"],"inLanguage":"pt-BR","potentialAction":[{"@type":"CommentAction","name":"Comment","target":["https:\/\/vivadicas.com\/st2\/esportes\/felix-nmecha-e-svensson-projetam-duelo-crucial-contra-o-ulsan\/2689\/#respond"]}]},{"@type":"WebPage","@id":"https:\/\/vivadicas.com\/st2\/esportes\/felix-nmecha-e-svensson-projetam-duelo-crucial-contra-o-ulsan\/2689\/","url":"https:\/\/vivadicas.com\/st2\/esportes\/felix-nmecha-e-svensson-projetam-duelo-crucial-contra-o-ulsan\/2689\/","name":"Felix Nmecha e Svensson projetam duelo crucial contra o Ulsan - WordPulseTrends com","isPartOf":{"@id":"https:\/\/vivadicas.com\/st2\/#website"},"primaryImageOfPage":{"@id":"https:\/\/vivadicas.com\/st2\/esportes\/felix-nmecha-e-svensson-projetam-duelo-crucial-contra-o-ulsan\/2689\/#primaryimage"},"image":{"@id":"https:\/\/vivadicas.com\/st2\/esportes\/felix-nmecha-e-svensson-projetam-duelo-crucial-contra-o-ulsan\/2689\/#primaryimage"},"thumbnailUrl":"https:\/\/vivadicas.com\/st2\/wp-content\/uploads\/2025\/07\/ai_trend_1751420498_70a80e4f.png","datePublished":"2025-07-02T01:41:52+00:00","dateModified":"2025-07-02T01:41:54+00:00","breadcrumb":{"@id":"https:\/\/vivadicas.com\/st2\/esportes\/felix-nmecha-e-svensson-projetam-duelo-crucial-contra-o-ulsan\/2689\/#breadcrumb"},"inLanguage":"pt-BR","potentialAction":[{"@type":"ReadAction","target":["https:\/\/vivadicas.com\/st2\/esportes\/felix-nmecha-e-svensson-projetam-duelo-crucial-contra-o-ulsan\/2689\/"]}]},{"@type":"ImageObject","inLanguage":"pt-BR","@id":"https:\/\/vivadicas.com\/st2\/esportes\/felix-nmecha-e-svensson-projetam-duelo-crucial-contra-o-ulsan\/2689\/#primaryimage","url":"https:\/\/vivadicas.com\/st2\/wp-content\/uploads\/2025\/07\/ai_trend_1751420498_70a80e4f.png","contentUrl":"https:\/\/vivadicas.com\/st2\/wp-content\/uploads\/2025\/07\/ai_trend_1751420498_70a80e4f.png","width":1024,"height":512},{"@type":"BreadcrumbList","@id":"https:\/\/vivadicas.com\/st2\/esportes\/felix-nmecha-e-svensson-projetam-duelo-crucial-contra-o-ulsan\/2689\/#breadcrumb","itemListElement":[{"@type":"ListItem","position":1,"name":"In\u00edcio","item":"https:\/\/vivadicas.com\/st2\/"},{"@type":"ListItem","position":2,"name":"Felix Nmecha e Svensson projetam duelo crucial contra o Ulsan"}]},{"@type":"WebSite","@id":"https:\/\/vivadicas.com\/st2\/#website","url":"https:\/\/vivadicas.com\/st2\/","name":"TrendsBrasil","description":"Stay updated with trending topics, viral news, hot updates, breaking headlines, global trends, and real-time content. Discover what\u2019s going viral now and follow the most talked-about stories across the web, social media, and news platforms!","publisher":{"@id":"https:\/\/vivadicas.com\/st2\/#organization"},"potentialAction":[{"@type":"SearchAction","target":{"@type":"EntryPoint","urlTemplate":"https:\/\/vivadicas.com\/st2\/?s={search_term_string}"},"query-input":{"@type":"PropertyValueSpecification","valueRequired":true,"valueName":"search_term_string"}}],"inLanguage":"pt-BR"},{"@type":"Organization","@id":"https:\/\/vivadicas.com\/st2\/#organization","name":"TrendsBrasil","url":"https:\/\/vivadicas.com\/st2\/","logo":{"@type":"ImageObject","inLanguage":"pt-BR","@id":"https:\/\/vivadicas.com\/st2\/#\/schema\/logo\/image\/","url":"https:\/\/vivadicas.com\/st2\/wp-content\/uploads\/2025\/06\/ChatGPT-Image-24-de-jun.-de-2025-10_39_16-683x1024.png","contentUrl":"https:\/\/vivadicas.com\/st2\/wp-content\/uploads\/2025\/06\/ChatGPT-Image-24-de-jun.-de-2025-10_39_16-683x1024.png","width":683,"height":1024,"caption":"TrendsBrasil"},"image":{"@id":"https:\/\/vivadicas.com\/st2\/#\/schema\/logo\/image\/"}},{"@type":"Person","@id":"https:\/\/vivadicas.com\/st2\/#\/schema\/person\/f8432157bb5752f84d3a30f1c7388a16","name":"st2vivadicas","image":{"@type":"ImageObject","inLanguage":"pt-BR","@id":"https:\/\/vivadicas.com\/st2\/#\/schema\/person\/image\/","url":"https:\/\/secure.gravatar.com\/avatar\/9bb04fcca59036779222f5f2d61adc27b9b487cc07bc4064b27fa7e0a1e23e1a?s=96&d=mm&r=g","contentUrl":"https:\/\/secure.gravatar.com\/avatar\/9bb04fcca59036779222f5f2d61adc27b9b487cc07bc4064b27fa7e0a1e23e1a?s=96&d=mm&r=g","caption":"st2vivadicas"},"sameAs":["https:\/\/vivadicas.com\/st2"],"url":"https:\/\/vivadicas.com\/st2\/author\/st2vivadicas\/"}]}},"_links":{"self":[{"href":"https:\/\/vivadicas.com\/st2\/wp-json\/wp\/v2\/posts\/2689","targetHints":{"allow":["GET"]}}],"collection":[{"href":"https:\/\/vivadicas.com\/st2\/wp-json\/wp\/v2\/posts"}],"about":[{"href":"https:\/\/vivadicas.com\/st2\/wp-json\/wp\/v2\/types\/post"}],"author":[{"embeddable":true,"href":"https:\/\/vivadicas.com\/st2\/wp-json\/wp\/v2\/users\/1"}],"replies":[{"embeddable":true,"href":"https:\/\/vivadicas.com\/st2\/wp-json\/wp\/v2\/comments?post=2689"}],"version-history":[{"count":1,"href":"https:\/\/vivadicas.com\/st2\/wp-json\/wp\/v2\/posts\/2689\/revisions"}],"predecessor-version":[{"id":2690,"href":"https:\/\/vivadicas.com\/st2\/wp-json\/wp\/v2\/posts\/2689\/revisions\/2690"}],"wp:featuredmedia":[{"embeddable":true,"href":"https:\/\/vivadicas.com\/st2\/wp-json\/wp\/v2\/media\/2688"}],"wp:attachment":[{"href":"https:\/\/vivadicas.com\/st2\/wp-json\/wp\/v2\/media?parent=2689"}],"wp:term":[{"taxonomy":"category","embeddable":true,"href":"https:\/\/vivadicas.com\/st2\/wp-json\/wp\/v2\/categories?post=2689"},{"taxonomy":"post_tag","embeddable":true,"href":"https:\/\/vivadicas.com\/st2\/wp-json\/wp\/v2\/tags?post=2689"}],"curies":[{"name":"wp","href":"https:\/\/api.w.org\/{rel}","templated":true}]}}