{"id":2692,"date":"2025-07-01T22:44:08","date_gmt":"2025-07-02T01:44:08","guid":{"rendered":"https:\/\/vivadicas.com\/st2\/blog\/pascal-gros-descarta-aposentadoria-e-se-diz-aberto-a-seguir-no-dortmund\/2692\/"},"modified":"2025-07-01T22:44:10","modified_gmt":"2025-07-02T01:44:10","slug":"pascal-gros-descarta-aposentadoria-e-se-diz-aberto-a-seguir-no-dortmund","status":"publish","type":"post","link":"https:\/\/vivadicas.com\/st2\/esportes\/pascal-gros-descarta-aposentadoria-e-se-diz-aberto-a-seguir-no-dortmund\/2692\/","title":{"rendered":"Pascal Gro\u00df descarta aposentadoria e se diz aberto a seguir no Dortmund"},"content":{"rendered":"<p>Pascal Gro\u00df, meio-campista do Borussia Dortmund, revelou recentemente que n\u00e3o pretende se aposentar t\u00e3o cedo. Com 34 anos, Pascal Gro\u00df afirmou estar aberto a continuar sua carreira no clube. Em entrevista ao Ruhr Nachrichten, o jogador demonstrou entusiasmo em vestir a camisa do Dortmund por mais tempo. A sua experi\u00eancia e qualidade t\u00e9cnica s\u00e3o fundamentais para a equipe.<\/p>\n<h2>\ud83c\udfaf A trajet\u00f3ria de Pascal Gro\u00df<\/h2>\n<p>Nascido em Mannheim, Alemanha, em 15 de junho de 1989, Pascal Gro\u00df construiu uma carreira s\u00f3lida no futebol europeu. Ele \u00e9 conhecido por sua habilidade em criar jogadas e sua vis\u00e3o de jogo, caracter\u00edsticas que fazem dele um jogador valioso no Dortmund. A experi\u00eancia acumulada ao longo dos anos ser\u00e1 crucial para a equipe em competi\u00e7\u00f5es importantes.<\/p>\n<h3>\u26a1 Compara\u00e7\u00f5es com clubes da Am\u00e9rica<\/h3>\n<p>Recentemente, Pascal Gro\u00df fez compara\u00e7\u00f5es entre o Monterrey, time mexicano, e o Fluminense, clube brasileiro. Essa an\u00e1lise foi feita antes do confronto do Dortmund nas oitavas de final do Mundial de Clubes. Ele destacou as semelhan\u00e7as t\u00e1ticas e a qualidade dos atletas dos dois clubes, evidenciando sua vis\u00e3o sobre o futebol internacional.<\/p>\n<h3>\ud83d\udd0d Reconhecimento do treinador<\/h3>\n<p>O treinador Niko Kova\u010d elogiou a import\u00e2ncia de Pascal Gro\u00df para o Dortmund. Em suas declara\u00e7\u00f5es, Kova\u010d afirmou que o jogador ser\u00e1 essencial para o desempenho da equipe, especialmente em momentos decisivos. Essa confian\u00e7a do treinador \u00e9 um indicador claro do valor e da experi\u00eancia que Gro\u00df traz ao time.<\/p>\n<h3>\ud83d\udca1 Admira\u00e7\u00e3o pelo esporte americano<\/h3>\n<p>Pascal Gro\u00df tamb\u00e9m expressou sua admira\u00e7\u00e3o pela cultura esportiva dos Estados Unidos. Ele destacou o talento de atletas como Leon Draisaitl, jogador de h\u00f3quei, e como essas experi\u00eancias podem enriquecer o futebol. Essa combina\u00e7\u00e3o de influ\u00eancias demonstra a versatilidade e a mente aberta do jogador em rela\u00e7\u00e3o ao esporte.<\/p>\n<p>Com o futuro ainda indefinido, Pascal Gro\u00df promete continuar contribuindo para o Borussia Dortmund. Sua determina\u00e7\u00e3o e paix\u00e3o pelo futebol s\u00e3o evidentes, e os torcedores aguardam ansiosamente por seus pr\u00f3ximos passos. A possibilidade de mais uma temporada sob a camisa amarela \u00e9 uma not\u00edcia positiva para a equipe e para os f\u00e3s.<\/p>\n<p>Gostou de saber mais sobre Pascal Gro\u00df? Seus amigos tamb\u00e9m podem se interessar. <a href=\"https:\/\/www.addtoany.com\/share#url=https%3A%2F%2Fvivadicas.com%2Fst2%2Fesportes%2Fpascal-gros-descarta-aposentadoria-e-se-diz-aberto-a-seguir-no-dortmund%2F2692%2F\" target=\"_blank\" rel=\"noopener\">Compartilhe<\/a> com eles agora mesmo!<\/p>\n","protected":false},"excerpt":{"rendered":"<p>Pascal Gro\u00df, meio-campista do Borussia Dortmund, revelou recentemente que n\u00e3o pretende se aposentar t\u00e3o cedo. Com 34 anos, Pascal Gro\u00df afirmou estar aberto a continuar sua carreira no clube. Em entrevista ao Ruhr Nachrichten, o jogador demonstrou entusiasmo em vestir a camisa do Dortmund por mais tempo. A sua experi\u00eancia e qualidade t\u00e9cnica s\u00e3o fundamentais &#8230; <a title=\"Pascal Gro\u00df descarta aposentadoria e se diz aberto a seguir no Dortmund\" class=\"read-more\" href=\"https:\/\/vivadicas.com\/st2\/esportes\/pascal-gros-descarta-aposentadoria-e-se-diz-aberto-a-seguir-no-dortmund\/2692\/\" aria-label=\"Read more about Pascal Gro\u00df descarta aposentadoria e se diz aberto a seguir no Dortmund\">Ler mais<\/a><\/p>\n","protected":false},"author":1,"featured_media":2691,"comment_status":"open","ping_status":"open","sticky":false,"template":"","format":"standard","meta":{"footnotes":""},"categories":[1199],"tags":[2268,52,128,2682,2681],"class_list":["post-2692","post","type-post","status-publish","format-standard","has-post-thumbnail","hentry","category-esportes","tag-borussia-dortmund","tag-futebol","tag-mundial-de-clubes","tag-niko-kovac","tag-pascal-gros"],"yoast_head":"<!-- This site is optimized with the Yoast SEO plugin v25.3.1 - https:\/\/yoast.com\/wordpress\/plugins\/seo\/ -->\n<title>Pascal Gro\u00df descarta aposentadoria e se diz aberto a seguir no Dortmund - WordPulseTrends com<\/title>\n<meta name=\"robots\" content=\"index, follow, max-snippet:-1, max-image-preview:large, max-video-preview:-1\" \/>\n<link rel=\"canonical\" href=\"https:\/\/vivadicas.com\/st2\/esportes\/pascal-gros-descarta-aposentadoria-e-se-diz-aberto-a-seguir-no-dortmund\/2692\/\" \/>\n<meta property=\"og:locale\" content=\"pt_BR\" \/>\n<meta property=\"og:type\" content=\"article\" \/>\n<meta property=\"og:title\" content=\"Pascal Gro\u00df descarta aposentadoria e se diz aberto a seguir no Dortmund - WordPulseTrends com\" \/>\n<meta property=\"og:description\" content=\"Pascal Gro\u00df, meio-campista do Borussia Dortmund, revelou recentemente que n\u00e3o pretende se aposentar t\u00e3o cedo. Com 34 anos, Pascal Gro\u00df afirmou estar aberto a continuar sua carreira no clube. Em entrevista ao Ruhr Nachrichten, o jogador demonstrou entusiasmo em vestir a camisa do Dortmund por mais tempo. A sua experi\u00eancia e qualidade t\u00e9cnica s\u00e3o fundamentais ... Ler mais\" \/>\n<meta property=\"og:url\" content=\"https:\/\/vivadicas.com\/st2\/esportes\/pascal-gros-descarta-aposentadoria-e-se-diz-aberto-a-seguir-no-dortmund\/2692\/\" \/>\n<meta property=\"og:site_name\" content=\"WordPulseTrends com\" \/>\n<meta property=\"article:published_time\" content=\"2025-07-02T01:44:08+00:00\" \/>\n<meta property=\"article:modified_time\" content=\"2025-07-02T01:44:10+00:00\" \/>\n<meta property=\"og:image\" content=\"https:\/\/vivadicas.com\/st2\/wp-content\/uploads\/2025\/07\/ai_trend_1751420633_bbc78561.png\" \/>\n\t<meta property=\"og:image:width\" content=\"1024\" \/>\n\t<meta property=\"og:image:height\" content=\"512\" \/>\n\t<meta property=\"og:image:type\" content=\"image\/png\" \/>\n<meta name=\"author\" content=\"st2vivadicas\" \/>\n<meta name=\"twitter:card\" content=\"summary_large_image\" \/>\n<meta name=\"twitter:label1\" content=\"Escrito por\" \/>\n\t<meta name=\"twitter:data1\" content=\"st2vivadicas\" \/>\n\t<meta name=\"twitter:label2\" content=\"Est. tempo de leitura\" \/>\n\t<meta name=\"twitter:data2\" content=\"2 minutos\" \/>\n<script type=\"application\/ld+json\" class=\"yoast-schema-graph\">{\"@context\":\"https:\/\/schema.org\",\"@graph\":[{\"@type\":\"Article\",\"@id\":\"https:\/\/vivadicas.com\/st2\/esportes\/pascal-gros-descarta-aposentadoria-e-se-diz-aberto-a-seguir-no-dortmund\/2692\/#article\",\"isPartOf\":{\"@id\":\"https:\/\/vivadicas.com\/st2\/esportes\/pascal-gros-descarta-aposentadoria-e-se-diz-aberto-a-seguir-no-dortmund\/2692\/\"},\"author\":{\"name\":\"st2vivadicas\",\"@id\":\"https:\/\/vivadicas.com\/st2\/#\/schema\/person\/f8432157bb5752f84d3a30f1c7388a16\"},\"headline\":\"Pascal Gro\u00df descarta aposentadoria e se diz aberto a seguir no Dortmund\",\"datePublished\":\"2025-07-02T01:44:08+00:00\",\"dateModified\":\"2025-07-02T01:44:10+00:00\",\"mainEntityOfPage\":{\"@id\":\"https:\/\/vivadicas.com\/st2\/esportes\/pascal-gros-descarta-aposentadoria-e-se-diz-aberto-a-seguir-no-dortmund\/2692\/\"},\"wordCount\":396,\"commentCount\":0,\"publisher\":{\"@id\":\"https:\/\/vivadicas.com\/st2\/#organization\"},\"image\":{\"@id\":\"https:\/\/vivadicas.com\/st2\/esportes\/pascal-gros-descarta-aposentadoria-e-se-diz-aberto-a-seguir-no-dortmund\/2692\/#primaryimage\"},\"thumbnailUrl\":\"https:\/\/vivadicas.com\/st2\/wp-content\/uploads\/2025\/07\/ai_trend_1751420633_bbc78561.png\",\"keywords\":[\"Borussia Dortmund\",\"futebol\",\"Mundial de Clubes\",\"Niko Kova\u010d\",\"Pascal Gro\u00df\"],\"articleSection\":[\"Esportes\"],\"inLanguage\":\"pt-BR\",\"potentialAction\":[{\"@type\":\"CommentAction\",\"name\":\"Comment\",\"target\":[\"https:\/\/vivadicas.com\/st2\/esportes\/pascal-gros-descarta-aposentadoria-e-se-diz-aberto-a-seguir-no-dortmund\/2692\/#respond\"]}]},{\"@type\":\"WebPage\",\"@id\":\"https:\/\/vivadicas.com\/st2\/esportes\/pascal-gros-descarta-aposentadoria-e-se-diz-aberto-a-seguir-no-dortmund\/2692\/\",\"url\":\"https:\/\/vivadicas.com\/st2\/esportes\/pascal-gros-descarta-aposentadoria-e-se-diz-aberto-a-seguir-no-dortmund\/2692\/\",\"name\":\"Pascal Gro\u00df descarta aposentadoria e se diz aberto a seguir no Dortmund - WordPulseTrends com\",\"isPartOf\":{\"@id\":\"https:\/\/vivadicas.com\/st2\/#website\"},\"primaryImageOfPage\":{\"@id\":\"https:\/\/vivadicas.com\/st2\/esportes\/pascal-gros-descarta-aposentadoria-e-se-diz-aberto-a-seguir-no-dortmund\/2692\/#primaryimage\"},\"image\":{\"@id\":\"https:\/\/vivadicas.com\/st2\/esportes\/pascal-gros-descarta-aposentadoria-e-se-diz-aberto-a-seguir-no-dortmund\/2692\/#primaryimage\"},\"thumbnailUrl\":\"https:\/\/vivadicas.com\/st2\/wp-content\/uploads\/2025\/07\/ai_trend_1751420633_bbc78561.png\",\"datePublished\":\"2025-07-02T01:44:08+00:00\",\"dateModified\":\"2025-07-02T01:44:10+00:00\",\"breadcrumb\":{\"@id\":\"https:\/\/vivadicas.com\/st2\/esportes\/pascal-gros-descarta-aposentadoria-e-se-diz-aberto-a-seguir-no-dortmund\/2692\/#breadcrumb\"},\"inLanguage\":\"pt-BR\",\"potentialAction\":[{\"@type\":\"ReadAction\",\"target\":[\"https:\/\/vivadicas.com\/st2\/esportes\/pascal-gros-descarta-aposentadoria-e-se-diz-aberto-a-seguir-no-dortmund\/2692\/\"]}]},{\"@type\":\"ImageObject\",\"inLanguage\":\"pt-BR\",\"@id\":\"https:\/\/vivadicas.com\/st2\/esportes\/pascal-gros-descarta-aposentadoria-e-se-diz-aberto-a-seguir-no-dortmund\/2692\/#primaryimage\",\"url\":\"https:\/\/vivadicas.com\/st2\/wp-content\/uploads\/2025\/07\/ai_trend_1751420633_bbc78561.png\",\"contentUrl\":\"https:\/\/vivadicas.com\/st2\/wp-content\/uploads\/2025\/07\/ai_trend_1751420633_bbc78561.png\",\"width\":1024,\"height\":512},{\"@type\":\"BreadcrumbList\",\"@id\":\"https:\/\/vivadicas.com\/st2\/esportes\/pascal-gros-descarta-aposentadoria-e-se-diz-aberto-a-seguir-no-dortmund\/2692\/#breadcrumb\",\"itemListElement\":[{\"@type\":\"ListItem\",\"position\":1,\"name\":\"In\u00edcio\",\"item\":\"https:\/\/vivadicas.com\/st2\/\"},{\"@type\":\"ListItem\",\"position\":2,\"name\":\"Pascal Gro\u00df descarta aposentadoria e se diz aberto a seguir no Dortmund\"}]},{\"@type\":\"WebSite\",\"@id\":\"https:\/\/vivadicas.com\/st2\/#website\",\"url\":\"https:\/\/vivadicas.com\/st2\/\",\"name\":\"TrendsBrasil\",\"description\":\"Stay updated with trending topics, viral news, hot updates, breaking headlines, global trends, and real-time content. Discover what\u2019s going viral now and follow the most talked-about stories across the web, social media, and news platforms!\",\"publisher\":{\"@id\":\"https:\/\/vivadicas.com\/st2\/#organization\"},\"potentialAction\":[{\"@type\":\"SearchAction\",\"target\":{\"@type\":\"EntryPoint\",\"urlTemplate\":\"https:\/\/vivadicas.com\/st2\/?s={search_term_string}\"},\"query-input\":{\"@type\":\"PropertyValueSpecification\",\"valueRequired\":true,\"valueName\":\"search_term_string\"}}],\"inLanguage\":\"pt-BR\"},{\"@type\":\"Organization\",\"@id\":\"https:\/\/vivadicas.com\/st2\/#organization\",\"name\":\"TrendsBrasil\",\"url\":\"https:\/\/vivadicas.com\/st2\/\",\"logo\":{\"@type\":\"ImageObject\",\"inLanguage\":\"pt-BR\",\"@id\":\"https:\/\/vivadicas.com\/st2\/#\/schema\/logo\/image\/\",\"url\":\"https:\/\/vivadicas.com\/st2\/wp-content\/uploads\/2025\/06\/ChatGPT-Image-24-de-jun.-de-2025-10_39_16-683x1024.png\",\"contentUrl\":\"https:\/\/vivadicas.com\/st2\/wp-content\/uploads\/2025\/06\/ChatGPT-Image-24-de-jun.-de-2025-10_39_16-683x1024.png\",\"width\":683,\"height\":1024,\"caption\":\"TrendsBrasil\"},\"image\":{\"@id\":\"https:\/\/vivadicas.com\/st2\/#\/schema\/logo\/image\/\"}},{\"@type\":\"Person\",\"@id\":\"https:\/\/vivadicas.com\/st2\/#\/schema\/person\/f8432157bb5752f84d3a30f1c7388a16\",\"name\":\"st2vivadicas\",\"image\":{\"@type\":\"ImageObject\",\"inLanguage\":\"pt-BR\",\"@id\":\"https:\/\/vivadicas.com\/st2\/#\/schema\/person\/image\/\",\"url\":\"https:\/\/secure.gravatar.com\/avatar\/9bb04fcca59036779222f5f2d61adc27b9b487cc07bc4064b27fa7e0a1e23e1a?s=96&d=mm&r=g\",\"contentUrl\":\"https:\/\/secure.gravatar.com\/avatar\/9bb04fcca59036779222f5f2d61adc27b9b487cc07bc4064b27fa7e0a1e23e1a?s=96&d=mm&r=g\",\"caption\":\"st2vivadicas\"},\"sameAs\":[\"https:\/\/vivadicas.com\/st2\"],\"url\":\"https:\/\/vivadicas.com\/st2\/author\/st2vivadicas\/\"}]}<\/script>\n<!-- \/ Yoast SEO plugin. -->","yoast_head_json":{"title":"Pascal Gro\u00df descarta aposentadoria e se diz aberto a seguir no Dortmund - WordPulseTrends com","robots":{"index":"index","follow":"follow","max-snippet":"max-snippet:-1","max-image-preview":"max-image-preview:large","max-video-preview":"max-video-preview:-1"},"canonical":"https:\/\/vivadicas.com\/st2\/esportes\/pascal-gros-descarta-aposentadoria-e-se-diz-aberto-a-seguir-no-dortmund\/2692\/","og_locale":"pt_BR","og_type":"article","og_title":"Pascal Gro\u00df descarta aposentadoria e se diz aberto a seguir no Dortmund - WordPulseTrends com","og_description":"Pascal Gro\u00df, meio-campista do Borussia Dortmund, revelou recentemente que n\u00e3o pretende se aposentar t\u00e3o cedo. Com 34 anos, Pascal Gro\u00df afirmou estar aberto a continuar sua carreira no clube. Em entrevista ao Ruhr Nachrichten, o jogador demonstrou entusiasmo em vestir a camisa do Dortmund por mais tempo. A sua experi\u00eancia e qualidade t\u00e9cnica s\u00e3o fundamentais ... Ler mais","og_url":"https:\/\/vivadicas.com\/st2\/esportes\/pascal-gros-descarta-aposentadoria-e-se-diz-aberto-a-seguir-no-dortmund\/2692\/","og_site_name":"WordPulseTrends com","article_published_time":"2025-07-02T01:44:08+00:00","article_modified_time":"2025-07-02T01:44:10+00:00","og_image":[{"width":1024,"height":512,"url":"https:\/\/vivadicas.com\/st2\/wp-content\/uploads\/2025\/07\/ai_trend_1751420633_bbc78561.png","type":"image\/png"}],"author":"st2vivadicas","twitter_card":"summary_large_image","twitter_misc":{"Escrito por":"st2vivadicas","Est. tempo de leitura":"2 minutos"},"schema":{"@context":"https:\/\/schema.org","@graph":[{"@type":"Article","@id":"https:\/\/vivadicas.com\/st2\/esportes\/pascal-gros-descarta-aposentadoria-e-se-diz-aberto-a-seguir-no-dortmund\/2692\/#article","isPartOf":{"@id":"https:\/\/vivadicas.com\/st2\/esportes\/pascal-gros-descarta-aposentadoria-e-se-diz-aberto-a-seguir-no-dortmund\/2692\/"},"author":{"name":"st2vivadicas","@id":"https:\/\/vivadicas.com\/st2\/#\/schema\/person\/f8432157bb5752f84d3a30f1c7388a16"},"headline":"Pascal Gro\u00df descarta aposentadoria e se diz aberto a seguir no Dortmund","datePublished":"2025-07-02T01:44:08+00:00","dateModified":"2025-07-02T01:44:10+00:00","mainEntityOfPage":{"@id":"https:\/\/vivadicas.com\/st2\/esportes\/pascal-gros-descarta-aposentadoria-e-se-diz-aberto-a-seguir-no-dortmund\/2692\/"},"wordCount":396,"commentCount":0,"publisher":{"@id":"https:\/\/vivadicas.com\/st2\/#organization"},"image":{"@id":"https:\/\/vivadicas.com\/st2\/esportes\/pascal-gros-descarta-aposentadoria-e-se-diz-aberto-a-seguir-no-dortmund\/2692\/#primaryimage"},"thumbnailUrl":"https:\/\/vivadicas.com\/st2\/wp-content\/uploads\/2025\/07\/ai_trend_1751420633_bbc78561.png","keywords":["Borussia Dortmund","futebol","Mundial de Clubes","Niko Kova\u010d","Pascal Gro\u00df"],"articleSection":["Esportes"],"inLanguage":"pt-BR","potentialAction":[{"@type":"CommentAction","name":"Comment","target":["https:\/\/vivadicas.com\/st2\/esportes\/pascal-gros-descarta-aposentadoria-e-se-diz-aberto-a-seguir-no-dortmund\/2692\/#respond"]}]},{"@type":"WebPage","@id":"https:\/\/vivadicas.com\/st2\/esportes\/pascal-gros-descarta-aposentadoria-e-se-diz-aberto-a-seguir-no-dortmund\/2692\/","url":"https:\/\/vivadicas.com\/st2\/esportes\/pascal-gros-descarta-aposentadoria-e-se-diz-aberto-a-seguir-no-dortmund\/2692\/","name":"Pascal Gro\u00df descarta aposentadoria e se diz aberto a seguir no Dortmund - WordPulseTrends com","isPartOf":{"@id":"https:\/\/vivadicas.com\/st2\/#website"},"primaryImageOfPage":{"@id":"https:\/\/vivadicas.com\/st2\/esportes\/pascal-gros-descarta-aposentadoria-e-se-diz-aberto-a-seguir-no-dortmund\/2692\/#primaryimage"},"image":{"@id":"https:\/\/vivadicas.com\/st2\/esportes\/pascal-gros-descarta-aposentadoria-e-se-diz-aberto-a-seguir-no-dortmund\/2692\/#primaryimage"},"thumbnailUrl":"https:\/\/vivadicas.com\/st2\/wp-content\/uploads\/2025\/07\/ai_trend_1751420633_bbc78561.png","datePublished":"2025-07-02T01:44:08+00:00","dateModified":"2025-07-02T01:44:10+00:00","breadcrumb":{"@id":"https:\/\/vivadicas.com\/st2\/esportes\/pascal-gros-descarta-aposentadoria-e-se-diz-aberto-a-seguir-no-dortmund\/2692\/#breadcrumb"},"inLanguage":"pt-BR","potentialAction":[{"@type":"ReadAction","target":["https:\/\/vivadicas.com\/st2\/esportes\/pascal-gros-descarta-aposentadoria-e-se-diz-aberto-a-seguir-no-dortmund\/2692\/"]}]},{"@type":"ImageObject","inLanguage":"pt-BR","@id":"https:\/\/vivadicas.com\/st2\/esportes\/pascal-gros-descarta-aposentadoria-e-se-diz-aberto-a-seguir-no-dortmund\/2692\/#primaryimage","url":"https:\/\/vivadicas.com\/st2\/wp-content\/uploads\/2025\/07\/ai_trend_1751420633_bbc78561.png","contentUrl":"https:\/\/vivadicas.com\/st2\/wp-content\/uploads\/2025\/07\/ai_trend_1751420633_bbc78561.png","width":1024,"height":512},{"@type":"BreadcrumbList","@id":"https:\/\/vivadicas.com\/st2\/esportes\/pascal-gros-descarta-aposentadoria-e-se-diz-aberto-a-seguir-no-dortmund\/2692\/#breadcrumb","itemListElement":[{"@type":"ListItem","position":1,"name":"In\u00edcio","item":"https:\/\/vivadicas.com\/st2\/"},{"@type":"ListItem","position":2,"name":"Pascal Gro\u00df descarta aposentadoria e se diz aberto a seguir no Dortmund"}]},{"@type":"WebSite","@id":"https:\/\/vivadicas.com\/st2\/#website","url":"https:\/\/vivadicas.com\/st2\/","name":"TrendsBrasil","description":"Stay updated with trending topics, viral news, hot updates, breaking headlines, global trends, and real-time content. Discover what\u2019s going viral now and follow the most talked-about stories across the web, social media, and news platforms!","publisher":{"@id":"https:\/\/vivadicas.com\/st2\/#organization"},"potentialAction":[{"@type":"SearchAction","target":{"@type":"EntryPoint","urlTemplate":"https:\/\/vivadicas.com\/st2\/?s={search_term_string}"},"query-input":{"@type":"PropertyValueSpecification","valueRequired":true,"valueName":"search_term_string"}}],"inLanguage":"pt-BR"},{"@type":"Organization","@id":"https:\/\/vivadicas.com\/st2\/#organization","name":"TrendsBrasil","url":"https:\/\/vivadicas.com\/st2\/","logo":{"@type":"ImageObject","inLanguage":"pt-BR","@id":"https:\/\/vivadicas.com\/st2\/#\/schema\/logo\/image\/","url":"https:\/\/vivadicas.com\/st2\/wp-content\/uploads\/2025\/06\/ChatGPT-Image-24-de-jun.-de-2025-10_39_16-683x1024.png","contentUrl":"https:\/\/vivadicas.com\/st2\/wp-content\/uploads\/2025\/06\/ChatGPT-Image-24-de-jun.-de-2025-10_39_16-683x1024.png","width":683,"height":1024,"caption":"TrendsBrasil"},"image":{"@id":"https:\/\/vivadicas.com\/st2\/#\/schema\/logo\/image\/"}},{"@type":"Person","@id":"https:\/\/vivadicas.com\/st2\/#\/schema\/person\/f8432157bb5752f84d3a30f1c7388a16","name":"st2vivadicas","image":{"@type":"ImageObject","inLanguage":"pt-BR","@id":"https:\/\/vivadicas.com\/st2\/#\/schema\/person\/image\/","url":"https:\/\/secure.gravatar.com\/avatar\/9bb04fcca59036779222f5f2d61adc27b9b487cc07bc4064b27fa7e0a1e23e1a?s=96&d=mm&r=g","contentUrl":"https:\/\/secure.gravatar.com\/avatar\/9bb04fcca59036779222f5f2d61adc27b9b487cc07bc4064b27fa7e0a1e23e1a?s=96&d=mm&r=g","caption":"st2vivadicas"},"sameAs":["https:\/\/vivadicas.com\/st2"],"url":"https:\/\/vivadicas.com\/st2\/author\/st2vivadicas\/"}]}},"_links":{"self":[{"href":"https:\/\/vivadicas.com\/st2\/wp-json\/wp\/v2\/posts\/2692","targetHints":{"allow":["GET"]}}],"collection":[{"href":"https:\/\/vivadicas.com\/st2\/wp-json\/wp\/v2\/posts"}],"about":[{"href":"https:\/\/vivadicas.com\/st2\/wp-json\/wp\/v2\/types\/post"}],"author":[{"embeddable":true,"href":"https:\/\/vivadicas.com\/st2\/wp-json\/wp\/v2\/users\/1"}],"replies":[{"embeddable":true,"href":"https:\/\/vivadicas.com\/st2\/wp-json\/wp\/v2\/comments?post=2692"}],"version-history":[{"count":1,"href":"https:\/\/vivadicas.com\/st2\/wp-json\/wp\/v2\/posts\/2692\/revisions"}],"predecessor-version":[{"id":2693,"href":"https:\/\/vivadicas.com\/st2\/wp-json\/wp\/v2\/posts\/2692\/revisions\/2693"}],"wp:featuredmedia":[{"embeddable":true,"href":"https:\/\/vivadicas.com\/st2\/wp-json\/wp\/v2\/media\/2691"}],"wp:attachment":[{"href":"https:\/\/vivadicas.com\/st2\/wp-json\/wp\/v2\/media?parent=2692"}],"wp:term":[{"taxonomy":"category","embeddable":true,"href":"https:\/\/vivadicas.com\/st2\/wp-json\/wp\/v2\/categories?post=2692"},{"taxonomy":"post_tag","embeddable":true,"href":"https:\/\/vivadicas.com\/st2\/wp-json\/wp\/v2\/tags?post=2692"}],"curies":[{"name":"wp","href":"https:\/\/api.w.org\/{rel}","templated":true}]}}