{"id":2927,"date":"2025-07-02T08:21:01","date_gmt":"2025-07-02T11:21:01","guid":{"rendered":"https:\/\/vivadicas.com\/st2\/blog\/selecao-brasileira-de-volei-feminino-inicia-caminhada-na-copa-america\/2927\/"},"modified":"2025-07-02T08:21:03","modified_gmt":"2025-07-02T11:21:03","slug":"selecao-brasileira-de-volei-feminino-inicia-caminhada-na-copa-america","status":"publish","type":"post","link":"https:\/\/vivadicas.com\/st2\/esportes\/selecao-brasileira-de-volei-feminino-inicia-caminhada-na-copa-america\/2927\/","title":{"rendered":"Sele\u00e7\u00e3o brasileira de v\u00f4lei feminino inicia caminhada na Copa Am\u00e9rica"},"content":{"rendered":"<p><h2>\ud83c\udfaf Estreia na Copa Am\u00e9rica<\/h2>\n<\/p>\n<p>A sele\u00e7\u00e3o brasileira de v\u00f4lei feminino sub-23 come\u00e7a sua jornada na Copa Am\u00e9rica, que acontece em Betim, Minas Gerais. Neste torneio, a sele\u00e7\u00e3o brasileira de v\u00f4lei feminino est\u00e1 pronta para brilhar, estreando contra a equipe da Venezuela nesta quarta-feira, dia 2 de julho. Sob o comando do t\u00e9cnico Marcos Miranda, 14 atletas foram convocadas para representar o Brasil.<\/p>\n<p>A expectativa \u00e9 alta entre as jogadoras e a comiss\u00e3o t\u00e9cnica, que esperam um bom desempenho na competi\u00e7\u00e3o. A Copa Am\u00e9rica \u00e9 uma oportunidade importante para revela\u00e7\u00f5es e para o fortalecimento do voleibol feminino no Brasil. A sele\u00e7\u00e3o brasileira de v\u00f4lei feminino tem um hist\u00f3rico de sucesso, e esta edi\u00e7\u00e3o promete mais emo\u00e7\u00e3o e competitividade.<\/p>\n<p><h2>\u26a1 Jogadoras Convocadas<\/h2>\n<\/p>\n<p>Entre as jogadoras convocadas, destacam-se nomes como Juju, Ana R\u00fcdiger e Gabi. Essas atletas s\u00e3o conhecidas por suas habilidades e t\u00eam um papel fundamental na estrat\u00e9gia do treinador. A presen\u00e7a de jogadoras com experi\u00eancia em competi\u00e7\u00f5es internacionais traz uma vantagem para a equipe.<\/p>\n<p>A sele\u00e7\u00e3o conta com um mix de jovens talentos e jogadoras que j\u00e1 atuaram em campeonatos importantes. Isso reflete a busca por novas promessas no voleibol feminino, enquanto se mant\u00e9m uma base veterana. Esses fatores podem ser decisivos para o sucesso na Copa Am\u00e9rica.<\/p>\n<p><h2>\ud83d\udca1 Import\u00e2ncia da Copa Am\u00e9rica<\/h2>\n<\/p>\n<p>A Copa Am\u00e9rica \u00e9 um torneio que agrega valor ao voleibol feminino na Am\u00e9rica do Sul. Re\u00fane sele\u00e7\u00f5es de diferentes pa\u00edses, promovendo a troca de experi\u00eancias e o crescimento t\u00e9cnico das atletas. Para a sele\u00e7\u00e3o brasileira de v\u00f4lei feminino, o torneio \u00e9 uma excelente oportunidade de mostrar a for\u00e7a do esporte no Brasil.<\/p>\n<p>Al\u00e9m disso, a competi\u00e7\u00e3o serve como prepara\u00e7\u00e3o para eventos futuros, como o Mundial Sub-19 de V\u00f4lei Feminino, que ocorrer\u00e1 em 2025 na Cro\u00e1cia e S\u00e9rvia. Ter um desempenho s\u00f3lido nesta Copa Am\u00e9rica pode ser essencial para o desenvolvimento das jogadoras que estar\u00e3o na pr\u00f3xima gera\u00e7\u00e3o do voleibol brasileiro.<\/p>\n<p><h2>\ud83d\udcc8 Expectativas para o Torneio<\/h2>\n<\/p>\n<p>As expectativas para a sele\u00e7\u00e3o brasileira de v\u00f4lei feminino s\u00e3o altas. Com uma base s\u00f3lida e a experi\u00eancia de suas jogadoras, o Brasil \u00e9 visto como um dos favoritos ao t\u00edtulo. Os torcedores esperam uma apresenta\u00e7\u00e3o emocionante e cheia de garra.<\/p>\n<p>O apoio da torcida ser\u00e1 fundamental. Os jogos prometem ser eletrizantes e a energia nas arquibancadas pode influenciar diretamente o desempenho das jogadoras. Para aqueles que n\u00e3o puderem comparecer, o jogo ser\u00e1 transmitido ao vivo, permitindo que os f\u00e3s tor\u00e7am de casa.<\/p>\n<p>Gostou de saber mais sobre a sele\u00e7\u00e3o brasileira de v\u00f4lei feminino? Seus amigos tamb\u00e9m podem se interessar. <a href=\"https:\/\/www.addtoany.com\/share#url=https%3A%2F%2Fvivadicas.com%2Fst2%2Fesportes%2Fselecao-brasileira-de-volei-feminino-inicia-caminhada-na-copa-america%2F2927%2F\" target=\"_blank\" rel=\"noopener\">Compartilhe<\/a> com eles agora mesmo!<\/p>\n","protected":false},"excerpt":{"rendered":"<p>\ud83c\udfaf Estreia na Copa Am\u00e9rica A sele\u00e7\u00e3o brasileira de v\u00f4lei feminino sub-23 come\u00e7a sua jornada na Copa Am\u00e9rica, que acontece em Betim, Minas Gerais. Neste torneio, a sele\u00e7\u00e3o brasileira de v\u00f4lei feminino est\u00e1 pronta para brilhar, estreando contra a equipe da Venezuela nesta quarta-feira, dia 2 de julho. Sob o comando do t\u00e9cnico Marcos Miranda, &#8230; <a title=\"Sele\u00e7\u00e3o brasileira de v\u00f4lei feminino inicia caminhada na Copa Am\u00e9rica\" class=\"read-more\" href=\"https:\/\/vivadicas.com\/st2\/esportes\/selecao-brasileira-de-volei-feminino-inicia-caminhada-na-copa-america\/2927\/\" aria-label=\"Read more about Sele\u00e7\u00e3o brasileira de v\u00f4lei feminino inicia caminhada na Copa Am\u00e9rica\">Ler mais<\/a><\/p>\n","protected":false},"author":1,"featured_media":2926,"comment_status":"open","ping_status":"open","sticky":false,"template":"","format":"standard","meta":{"footnotes":""},"categories":[1199],"tags":[2861,88,341,2860,600],"class_list":["post-2927","post","type-post","status-publish","format-standard","has-post-thumbnail","hentry","category-esportes","tag-betim","tag-copa-america","tag-esportes","tag-selecao-brasileira-de-volei-feminino","tag-volei"],"yoast_head":"<!-- This site is optimized with the Yoast SEO plugin v25.3.1 - https:\/\/yoast.com\/wordpress\/plugins\/seo\/ -->\n<title>Sele\u00e7\u00e3o brasileira de v\u00f4lei feminino inicia caminhada na Copa Am\u00e9rica - WordPulseTrends com<\/title>\n<meta name=\"robots\" content=\"index, follow, max-snippet:-1, max-image-preview:large, max-video-preview:-1\" \/>\n<link rel=\"canonical\" href=\"https:\/\/vivadicas.com\/st2\/esportes\/selecao-brasileira-de-volei-feminino-inicia-caminhada-na-copa-america\/2927\/\" \/>\n<meta property=\"og:locale\" content=\"pt_BR\" \/>\n<meta property=\"og:type\" content=\"article\" \/>\n<meta property=\"og:title\" content=\"Sele\u00e7\u00e3o brasileira de v\u00f4lei feminino inicia caminhada na Copa Am\u00e9rica - WordPulseTrends com\" \/>\n<meta property=\"og:description\" content=\"\ud83c\udfaf Estreia na Copa Am\u00e9rica A sele\u00e7\u00e3o brasileira de v\u00f4lei feminino sub-23 come\u00e7a sua jornada na Copa Am\u00e9rica, que acontece em Betim, Minas Gerais. Neste torneio, a sele\u00e7\u00e3o brasileira de v\u00f4lei feminino est\u00e1 pronta para brilhar, estreando contra a equipe da Venezuela nesta quarta-feira, dia 2 de julho. Sob o comando do t\u00e9cnico Marcos Miranda, ... Ler mais\" \/>\n<meta property=\"og:url\" content=\"https:\/\/vivadicas.com\/st2\/esportes\/selecao-brasileira-de-volei-feminino-inicia-caminhada-na-copa-america\/2927\/\" \/>\n<meta property=\"og:site_name\" content=\"WordPulseTrends com\" \/>\n<meta property=\"article:published_time\" content=\"2025-07-02T11:21:01+00:00\" \/>\n<meta property=\"article:modified_time\" content=\"2025-07-02T11:21:03+00:00\" \/>\n<meta property=\"og:image\" content=\"https:\/\/vivadicas.com\/st2\/wp-content\/uploads\/2025\/07\/ai_trend_1751455246_6bea2430.png\" \/>\n\t<meta property=\"og:image:width\" content=\"1024\" \/>\n\t<meta property=\"og:image:height\" content=\"512\" \/>\n\t<meta property=\"og:image:type\" content=\"image\/png\" \/>\n<meta name=\"author\" content=\"st2vivadicas\" \/>\n<meta name=\"twitter:card\" content=\"summary_large_image\" \/>\n<meta name=\"twitter:label1\" content=\"Escrito por\" \/>\n\t<meta name=\"twitter:data1\" content=\"st2vivadicas\" \/>\n\t<meta name=\"twitter:label2\" content=\"Est. tempo de leitura\" \/>\n\t<meta name=\"twitter:data2\" content=\"2 minutos\" \/>\n<script type=\"application\/ld+json\" class=\"yoast-schema-graph\">{\"@context\":\"https:\/\/schema.org\",\"@graph\":[{\"@type\":\"Article\",\"@id\":\"https:\/\/vivadicas.com\/st2\/esportes\/selecao-brasileira-de-volei-feminino-inicia-caminhada-na-copa-america\/2927\/#article\",\"isPartOf\":{\"@id\":\"https:\/\/vivadicas.com\/st2\/esportes\/selecao-brasileira-de-volei-feminino-inicia-caminhada-na-copa-america\/2927\/\"},\"author\":{\"name\":\"st2vivadicas\",\"@id\":\"https:\/\/vivadicas.com\/st2\/#\/schema\/person\/f8432157bb5752f84d3a30f1c7388a16\"},\"headline\":\"Sele\u00e7\u00e3o brasileira de v\u00f4lei feminino inicia caminhada na Copa Am\u00e9rica\",\"datePublished\":\"2025-07-02T11:21:01+00:00\",\"dateModified\":\"2025-07-02T11:21:03+00:00\",\"mainEntityOfPage\":{\"@id\":\"https:\/\/vivadicas.com\/st2\/esportes\/selecao-brasileira-de-volei-feminino-inicia-caminhada-na-copa-america\/2927\/\"},\"wordCount\":489,\"commentCount\":0,\"publisher\":{\"@id\":\"https:\/\/vivadicas.com\/st2\/#organization\"},\"image\":{\"@id\":\"https:\/\/vivadicas.com\/st2\/esportes\/selecao-brasileira-de-volei-feminino-inicia-caminhada-na-copa-america\/2927\/#primaryimage\"},\"thumbnailUrl\":\"https:\/\/vivadicas.com\/st2\/wp-content\/uploads\/2025\/07\/ai_trend_1751455246_6bea2430.png\",\"keywords\":[\"Betim\",\"Copa Am\u00e9rica\",\"esportes\",\"sele\u00e7\u00e3o brasileira de v\u00f4lei feminino\",\"v\u00f4lei\"],\"articleSection\":[\"Esportes\"],\"inLanguage\":\"pt-BR\",\"potentialAction\":[{\"@type\":\"CommentAction\",\"name\":\"Comment\",\"target\":[\"https:\/\/vivadicas.com\/st2\/esportes\/selecao-brasileira-de-volei-feminino-inicia-caminhada-na-copa-america\/2927\/#respond\"]}]},{\"@type\":\"WebPage\",\"@id\":\"https:\/\/vivadicas.com\/st2\/esportes\/selecao-brasileira-de-volei-feminino-inicia-caminhada-na-copa-america\/2927\/\",\"url\":\"https:\/\/vivadicas.com\/st2\/esportes\/selecao-brasileira-de-volei-feminino-inicia-caminhada-na-copa-america\/2927\/\",\"name\":\"Sele\u00e7\u00e3o brasileira de v\u00f4lei feminino inicia caminhada na Copa Am\u00e9rica - WordPulseTrends com\",\"isPartOf\":{\"@id\":\"https:\/\/vivadicas.com\/st2\/#website\"},\"primaryImageOfPage\":{\"@id\":\"https:\/\/vivadicas.com\/st2\/esportes\/selecao-brasileira-de-volei-feminino-inicia-caminhada-na-copa-america\/2927\/#primaryimage\"},\"image\":{\"@id\":\"https:\/\/vivadicas.com\/st2\/esportes\/selecao-brasileira-de-volei-feminino-inicia-caminhada-na-copa-america\/2927\/#primaryimage\"},\"thumbnailUrl\":\"https:\/\/vivadicas.com\/st2\/wp-content\/uploads\/2025\/07\/ai_trend_1751455246_6bea2430.png\",\"datePublished\":\"2025-07-02T11:21:01+00:00\",\"dateModified\":\"2025-07-02T11:21:03+00:00\",\"breadcrumb\":{\"@id\":\"https:\/\/vivadicas.com\/st2\/esportes\/selecao-brasileira-de-volei-feminino-inicia-caminhada-na-copa-america\/2927\/#breadcrumb\"},\"inLanguage\":\"pt-BR\",\"potentialAction\":[{\"@type\":\"ReadAction\",\"target\":[\"https:\/\/vivadicas.com\/st2\/esportes\/selecao-brasileira-de-volei-feminino-inicia-caminhada-na-copa-america\/2927\/\"]}]},{\"@type\":\"ImageObject\",\"inLanguage\":\"pt-BR\",\"@id\":\"https:\/\/vivadicas.com\/st2\/esportes\/selecao-brasileira-de-volei-feminino-inicia-caminhada-na-copa-america\/2927\/#primaryimage\",\"url\":\"https:\/\/vivadicas.com\/st2\/wp-content\/uploads\/2025\/07\/ai_trend_1751455246_6bea2430.png\",\"contentUrl\":\"https:\/\/vivadicas.com\/st2\/wp-content\/uploads\/2025\/07\/ai_trend_1751455246_6bea2430.png\",\"width\":1024,\"height\":512},{\"@type\":\"BreadcrumbList\",\"@id\":\"https:\/\/vivadicas.com\/st2\/esportes\/selecao-brasileira-de-volei-feminino-inicia-caminhada-na-copa-america\/2927\/#breadcrumb\",\"itemListElement\":[{\"@type\":\"ListItem\",\"position\":1,\"name\":\"In\u00edcio\",\"item\":\"https:\/\/vivadicas.com\/st2\/\"},{\"@type\":\"ListItem\",\"position\":2,\"name\":\"Sele\u00e7\u00e3o brasileira de v\u00f4lei feminino inicia caminhada na Copa Am\u00e9rica\"}]},{\"@type\":\"WebSite\",\"@id\":\"https:\/\/vivadicas.com\/st2\/#website\",\"url\":\"https:\/\/vivadicas.com\/st2\/\",\"name\":\"TrendsBrasil\",\"description\":\"Stay updated with trending topics, viral news, hot updates, breaking headlines, global trends, and real-time content. Discover what\u2019s going viral now and follow the most talked-about stories across the web, social media, and news platforms!\",\"publisher\":{\"@id\":\"https:\/\/vivadicas.com\/st2\/#organization\"},\"potentialAction\":[{\"@type\":\"SearchAction\",\"target\":{\"@type\":\"EntryPoint\",\"urlTemplate\":\"https:\/\/vivadicas.com\/st2\/?s={search_term_string}\"},\"query-input\":{\"@type\":\"PropertyValueSpecification\",\"valueRequired\":true,\"valueName\":\"search_term_string\"}}],\"inLanguage\":\"pt-BR\"},{\"@type\":\"Organization\",\"@id\":\"https:\/\/vivadicas.com\/st2\/#organization\",\"name\":\"TrendsBrasil\",\"url\":\"https:\/\/vivadicas.com\/st2\/\",\"logo\":{\"@type\":\"ImageObject\",\"inLanguage\":\"pt-BR\",\"@id\":\"https:\/\/vivadicas.com\/st2\/#\/schema\/logo\/image\/\",\"url\":\"https:\/\/vivadicas.com\/st2\/wp-content\/uploads\/2025\/06\/ChatGPT-Image-24-de-jun.-de-2025-10_39_16-683x1024.png\",\"contentUrl\":\"https:\/\/vivadicas.com\/st2\/wp-content\/uploads\/2025\/06\/ChatGPT-Image-24-de-jun.-de-2025-10_39_16-683x1024.png\",\"width\":683,\"height\":1024,\"caption\":\"TrendsBrasil\"},\"image\":{\"@id\":\"https:\/\/vivadicas.com\/st2\/#\/schema\/logo\/image\/\"}},{\"@type\":\"Person\",\"@id\":\"https:\/\/vivadicas.com\/st2\/#\/schema\/person\/f8432157bb5752f84d3a30f1c7388a16\",\"name\":\"st2vivadicas\",\"image\":{\"@type\":\"ImageObject\",\"inLanguage\":\"pt-BR\",\"@id\":\"https:\/\/vivadicas.com\/st2\/#\/schema\/person\/image\/\",\"url\":\"https:\/\/secure.gravatar.com\/avatar\/9bb04fcca59036779222f5f2d61adc27b9b487cc07bc4064b27fa7e0a1e23e1a?s=96&d=mm&r=g\",\"contentUrl\":\"https:\/\/secure.gravatar.com\/avatar\/9bb04fcca59036779222f5f2d61adc27b9b487cc07bc4064b27fa7e0a1e23e1a?s=96&d=mm&r=g\",\"caption\":\"st2vivadicas\"},\"sameAs\":[\"https:\/\/vivadicas.com\/st2\"],\"url\":\"https:\/\/vivadicas.com\/st2\/author\/st2vivadicas\/\"}]}<\/script>\n<!-- \/ Yoast SEO plugin. -->","yoast_head_json":{"title":"Sele\u00e7\u00e3o brasileira de v\u00f4lei feminino inicia caminhada na Copa Am\u00e9rica - WordPulseTrends com","robots":{"index":"index","follow":"follow","max-snippet":"max-snippet:-1","max-image-preview":"max-image-preview:large","max-video-preview":"max-video-preview:-1"},"canonical":"https:\/\/vivadicas.com\/st2\/esportes\/selecao-brasileira-de-volei-feminino-inicia-caminhada-na-copa-america\/2927\/","og_locale":"pt_BR","og_type":"article","og_title":"Sele\u00e7\u00e3o brasileira de v\u00f4lei feminino inicia caminhada na Copa Am\u00e9rica - WordPulseTrends com","og_description":"\ud83c\udfaf Estreia na Copa Am\u00e9rica A sele\u00e7\u00e3o brasileira de v\u00f4lei feminino sub-23 come\u00e7a sua jornada na Copa Am\u00e9rica, que acontece em Betim, Minas Gerais. Neste torneio, a sele\u00e7\u00e3o brasileira de v\u00f4lei feminino est\u00e1 pronta para brilhar, estreando contra a equipe da Venezuela nesta quarta-feira, dia 2 de julho. Sob o comando do t\u00e9cnico Marcos Miranda, ... Ler mais","og_url":"https:\/\/vivadicas.com\/st2\/esportes\/selecao-brasileira-de-volei-feminino-inicia-caminhada-na-copa-america\/2927\/","og_site_name":"WordPulseTrends com","article_published_time":"2025-07-02T11:21:01+00:00","article_modified_time":"2025-07-02T11:21:03+00:00","og_image":[{"width":1024,"height":512,"url":"https:\/\/vivadicas.com\/st2\/wp-content\/uploads\/2025\/07\/ai_trend_1751455246_6bea2430.png","type":"image\/png"}],"author":"st2vivadicas","twitter_card":"summary_large_image","twitter_misc":{"Escrito por":"st2vivadicas","Est. tempo de leitura":"2 minutos"},"schema":{"@context":"https:\/\/schema.org","@graph":[{"@type":"Article","@id":"https:\/\/vivadicas.com\/st2\/esportes\/selecao-brasileira-de-volei-feminino-inicia-caminhada-na-copa-america\/2927\/#article","isPartOf":{"@id":"https:\/\/vivadicas.com\/st2\/esportes\/selecao-brasileira-de-volei-feminino-inicia-caminhada-na-copa-america\/2927\/"},"author":{"name":"st2vivadicas","@id":"https:\/\/vivadicas.com\/st2\/#\/schema\/person\/f8432157bb5752f84d3a30f1c7388a16"},"headline":"Sele\u00e7\u00e3o brasileira de v\u00f4lei feminino inicia caminhada na Copa Am\u00e9rica","datePublished":"2025-07-02T11:21:01+00:00","dateModified":"2025-07-02T11:21:03+00:00","mainEntityOfPage":{"@id":"https:\/\/vivadicas.com\/st2\/esportes\/selecao-brasileira-de-volei-feminino-inicia-caminhada-na-copa-america\/2927\/"},"wordCount":489,"commentCount":0,"publisher":{"@id":"https:\/\/vivadicas.com\/st2\/#organization"},"image":{"@id":"https:\/\/vivadicas.com\/st2\/esportes\/selecao-brasileira-de-volei-feminino-inicia-caminhada-na-copa-america\/2927\/#primaryimage"},"thumbnailUrl":"https:\/\/vivadicas.com\/st2\/wp-content\/uploads\/2025\/07\/ai_trend_1751455246_6bea2430.png","keywords":["Betim","Copa Am\u00e9rica","esportes","sele\u00e7\u00e3o brasileira de v\u00f4lei feminino","v\u00f4lei"],"articleSection":["Esportes"],"inLanguage":"pt-BR","potentialAction":[{"@type":"CommentAction","name":"Comment","target":["https:\/\/vivadicas.com\/st2\/esportes\/selecao-brasileira-de-volei-feminino-inicia-caminhada-na-copa-america\/2927\/#respond"]}]},{"@type":"WebPage","@id":"https:\/\/vivadicas.com\/st2\/esportes\/selecao-brasileira-de-volei-feminino-inicia-caminhada-na-copa-america\/2927\/","url":"https:\/\/vivadicas.com\/st2\/esportes\/selecao-brasileira-de-volei-feminino-inicia-caminhada-na-copa-america\/2927\/","name":"Sele\u00e7\u00e3o brasileira de v\u00f4lei feminino inicia caminhada na Copa Am\u00e9rica - WordPulseTrends com","isPartOf":{"@id":"https:\/\/vivadicas.com\/st2\/#website"},"primaryImageOfPage":{"@id":"https:\/\/vivadicas.com\/st2\/esportes\/selecao-brasileira-de-volei-feminino-inicia-caminhada-na-copa-america\/2927\/#primaryimage"},"image":{"@id":"https:\/\/vivadicas.com\/st2\/esportes\/selecao-brasileira-de-volei-feminino-inicia-caminhada-na-copa-america\/2927\/#primaryimage"},"thumbnailUrl":"https:\/\/vivadicas.com\/st2\/wp-content\/uploads\/2025\/07\/ai_trend_1751455246_6bea2430.png","datePublished":"2025-07-02T11:21:01+00:00","dateModified":"2025-07-02T11:21:03+00:00","breadcrumb":{"@id":"https:\/\/vivadicas.com\/st2\/esportes\/selecao-brasileira-de-volei-feminino-inicia-caminhada-na-copa-america\/2927\/#breadcrumb"},"inLanguage":"pt-BR","potentialAction":[{"@type":"ReadAction","target":["https:\/\/vivadicas.com\/st2\/esportes\/selecao-brasileira-de-volei-feminino-inicia-caminhada-na-copa-america\/2927\/"]}]},{"@type":"ImageObject","inLanguage":"pt-BR","@id":"https:\/\/vivadicas.com\/st2\/esportes\/selecao-brasileira-de-volei-feminino-inicia-caminhada-na-copa-america\/2927\/#primaryimage","url":"https:\/\/vivadicas.com\/st2\/wp-content\/uploads\/2025\/07\/ai_trend_1751455246_6bea2430.png","contentUrl":"https:\/\/vivadicas.com\/st2\/wp-content\/uploads\/2025\/07\/ai_trend_1751455246_6bea2430.png","width":1024,"height":512},{"@type":"BreadcrumbList","@id":"https:\/\/vivadicas.com\/st2\/esportes\/selecao-brasileira-de-volei-feminino-inicia-caminhada-na-copa-america\/2927\/#breadcrumb","itemListElement":[{"@type":"ListItem","position":1,"name":"In\u00edcio","item":"https:\/\/vivadicas.com\/st2\/"},{"@type":"ListItem","position":2,"name":"Sele\u00e7\u00e3o brasileira de v\u00f4lei feminino inicia caminhada na Copa Am\u00e9rica"}]},{"@type":"WebSite","@id":"https:\/\/vivadicas.com\/st2\/#website","url":"https:\/\/vivadicas.com\/st2\/","name":"TrendsBrasil","description":"Stay updated with trending topics, viral news, hot updates, breaking headlines, global trends, and real-time content. Discover what\u2019s going viral now and follow the most talked-about stories across the web, social media, and news platforms!","publisher":{"@id":"https:\/\/vivadicas.com\/st2\/#organization"},"potentialAction":[{"@type":"SearchAction","target":{"@type":"EntryPoint","urlTemplate":"https:\/\/vivadicas.com\/st2\/?s={search_term_string}"},"query-input":{"@type":"PropertyValueSpecification","valueRequired":true,"valueName":"search_term_string"}}],"inLanguage":"pt-BR"},{"@type":"Organization","@id":"https:\/\/vivadicas.com\/st2\/#organization","name":"TrendsBrasil","url":"https:\/\/vivadicas.com\/st2\/","logo":{"@type":"ImageObject","inLanguage":"pt-BR","@id":"https:\/\/vivadicas.com\/st2\/#\/schema\/logo\/image\/","url":"https:\/\/vivadicas.com\/st2\/wp-content\/uploads\/2025\/06\/ChatGPT-Image-24-de-jun.-de-2025-10_39_16-683x1024.png","contentUrl":"https:\/\/vivadicas.com\/st2\/wp-content\/uploads\/2025\/06\/ChatGPT-Image-24-de-jun.-de-2025-10_39_16-683x1024.png","width":683,"height":1024,"caption":"TrendsBrasil"},"image":{"@id":"https:\/\/vivadicas.com\/st2\/#\/schema\/logo\/image\/"}},{"@type":"Person","@id":"https:\/\/vivadicas.com\/st2\/#\/schema\/person\/f8432157bb5752f84d3a30f1c7388a16","name":"st2vivadicas","image":{"@type":"ImageObject","inLanguage":"pt-BR","@id":"https:\/\/vivadicas.com\/st2\/#\/schema\/person\/image\/","url":"https:\/\/secure.gravatar.com\/avatar\/9bb04fcca59036779222f5f2d61adc27b9b487cc07bc4064b27fa7e0a1e23e1a?s=96&d=mm&r=g","contentUrl":"https:\/\/secure.gravatar.com\/avatar\/9bb04fcca59036779222f5f2d61adc27b9b487cc07bc4064b27fa7e0a1e23e1a?s=96&d=mm&r=g","caption":"st2vivadicas"},"sameAs":["https:\/\/vivadicas.com\/st2"],"url":"https:\/\/vivadicas.com\/st2\/author\/st2vivadicas\/"}]}},"_links":{"self":[{"href":"https:\/\/vivadicas.com\/st2\/wp-json\/wp\/v2\/posts\/2927","targetHints":{"allow":["GET"]}}],"collection":[{"href":"https:\/\/vivadicas.com\/st2\/wp-json\/wp\/v2\/posts"}],"about":[{"href":"https:\/\/vivadicas.com\/st2\/wp-json\/wp\/v2\/types\/post"}],"author":[{"embeddable":true,"href":"https:\/\/vivadicas.com\/st2\/wp-json\/wp\/v2\/users\/1"}],"replies":[{"embeddable":true,"href":"https:\/\/vivadicas.com\/st2\/wp-json\/wp\/v2\/comments?post=2927"}],"version-history":[{"count":1,"href":"https:\/\/vivadicas.com\/st2\/wp-json\/wp\/v2\/posts\/2927\/revisions"}],"predecessor-version":[{"id":2928,"href":"https:\/\/vivadicas.com\/st2\/wp-json\/wp\/v2\/posts\/2927\/revisions\/2928"}],"wp:featuredmedia":[{"embeddable":true,"href":"https:\/\/vivadicas.com\/st2\/wp-json\/wp\/v2\/media\/2926"}],"wp:attachment":[{"href":"https:\/\/vivadicas.com\/st2\/wp-json\/wp\/v2\/media?parent=2927"}],"wp:term":[{"taxonomy":"category","embeddable":true,"href":"https:\/\/vivadicas.com\/st2\/wp-json\/wp\/v2\/categories?post=2927"},{"taxonomy":"post_tag","embeddable":true,"href":"https:\/\/vivadicas.com\/st2\/wp-json\/wp\/v2\/tags?post=2927"}],"curies":[{"name":"wp","href":"https:\/\/api.w.org\/{rel}","templated":true}]}}