{"id":3233,"date":"2025-07-02T17:44:57","date_gmt":"2025-07-02T20:44:57","guid":{"rendered":"https:\/\/vivadicas.com\/st2\/blog\/marina-silva-e-convocada-ao-congresso-e-enfrenta-novos-ataques\/3233\/"},"modified":"2025-07-02T17:44:58","modified_gmt":"2025-07-02T20:44:58","slug":"marina-silva-e-convocada-ao-congresso-e-enfrenta-novos-ataques","status":"publish","type":"post","link":"https:\/\/vivadicas.com\/st2\/politica\/marina-silva-e-convocada-ao-congresso-e-enfrenta-novos-ataques\/3233\/","title":{"rendered":"Marina Silva \u00e9 convocada ao Congresso e enfrenta novos ataques"},"content":{"rendered":"<p><h2>\ud83c\udfaf Marina Silva na Comiss\u00e3o de Agricultura<\/h2>\n<\/p>\n<p>A situa\u00e7\u00e3o pol\u00edtica em torno de Marina Silva tem se intensificado. Na \u00faltima quarta-feira, a Ministra do Meio Ambiente foi convocada pela Comiss\u00e3o de Agricultura da C\u00e2mara dos Deputados para prestar esclarecimentos sobre queimadas e desmatamentos. Durante a audi\u00eancia, Marina Silva reafirmou seu compromisso com a recupera\u00e7\u00e3o ambiental do Brasil, mas n\u00e3o escapou de ataques por parte de alguns parlamentares.<\/p>\n<p><h2>\ud83d\udcca Cr\u00edticas ao aumento de gastos militares<\/h2>\n<\/p>\n<p>Marina Silva tamb\u00e9m abordou em sua fala o aumento de gastos militares e a necessidade urgente de a\u00e7\u00f5es clim\u00e1ticas eficazes. A ministra criticou a contradi\u00e7\u00e3o entre os investimentos em defesa e a omiss\u00e3o diante da emerg\u00eancia ambiental global, destacando que o Brasil n\u00e3o pode perder seu papel como pot\u00eancia ambiental. Para ela, \u00e9 fundamental que haja um equil\u00edbrio entre a seguran\u00e7a nacional e a prote\u00e7\u00e3o do meio ambiente.<\/p>\n<p><h2>\ud83d\udca1 Queimadas e seca extrema<\/h2>\n<\/p>\n<p>Em sua apresenta\u00e7\u00e3o, Marina Silva atribuiu o aumento das queimadas no Brasil a inc\u00eandios criminosos e \u00e0 seca extrema. Essa combina\u00e7\u00e3o tem gerado um cen\u00e1rio alarmante, que requer aten\u00e7\u00e3o imediata das autoridades e a\u00e7\u00f5es preventivas para mitigar os danos. A ministra enfatizou que a prote\u00e7\u00e3o das florestas deve ser prioridade para garantir a sa\u00fade do planeta.<\/p>\n<p><h2>\u26a0\ufe0f Ataques machistas e contexto pol\u00edtico<\/h2>\n<\/p>\n<p>Infelizmente, durante a audi\u00eancia, Marina Silva foi alvo de ataques machistas por parte de alguns deputados, que a chamaram de &#8220;adestrada&#8221;. Essas declara\u00e7\u00f5es refletem o clima polarizado em torno de sua atua\u00e7\u00e3o e a resist\u00eancia de certos grupos aos esfor\u00e7os de preserva\u00e7\u00e3o ambiental. Apesar das adversidades, a ministra se manteve firme em suas convic\u00e7\u00f5es.<\/p>\n<p><h2>\ud83d\ude80 O futuro de Marina Silva na pol\u00edtica<\/h2>\n<\/p>\n<p>Marina Silva tamb\u00e9m se manifestou sobre sua perman\u00eancia na pol\u00edtica, afirmando que &#8220;n\u00e3o h\u00e1 qualquer defini\u00e7\u00e3o&#8221; sobre a sua sa\u00edda da Rede Sustentabilidade. Isso indica que ela est\u00e1 comprometida em continuar sua luta pela causa ambiental e por mudan\u00e7as significativas na pol\u00edtica brasileira. Assim, a ministra mant\u00e9m a esperan\u00e7a de que seu trabalho possa fazer a diferen\u00e7a.<\/p>\n<p>Marina Silva est\u00e1 em um momento decisivo em sua carreira e em sua luta pelo meio ambiente. \u00c9 crucial que a sociedade acompanhe e participe desse debate, pois as decis\u00f5es tomadas hoje impactar\u00e3o o futuro do Brasil e do planeta.<\/p>\n<p>Gostou de saber mais sobre Marina Silva? Seus amigos tamb\u00e9m podem se interessar. <a href=\"https:\/\/www.addtoany.com\/share#url=https%3A%2F%2Fvivadicas.com%2Fst2%2Fpolitica%2Fmarina-silva-e-convocada-ao-congresso-e-enfrenta-novos-ataques%2F3233%2F\" target=\"_blank\" rel=\"noopener\">Compartilhe<\/a> com eles agora mesmo!<\/p>\n","protected":false},"excerpt":{"rendered":"<p>\ud83c\udfaf Marina Silva na Comiss\u00e3o de Agricultura A situa\u00e7\u00e3o pol\u00edtica em torno de Marina Silva tem se intensificado. Na \u00faltima quarta-feira, a Ministra do Meio Ambiente foi convocada pela Comiss\u00e3o de Agricultura da C\u00e2mara dos Deputados para prestar esclarecimentos sobre queimadas e desmatamentos. Durante a audi\u00eancia, Marina Silva reafirmou seu compromisso com a recupera\u00e7\u00e3o ambiental &#8230; <a title=\"Marina Silva \u00e9 convocada ao Congresso e enfrenta novos ataques\" class=\"read-more\" href=\"https:\/\/vivadicas.com\/st2\/politica\/marina-silva-e-convocada-ao-congresso-e-enfrenta-novos-ataques\/3233\/\" aria-label=\"Read more about Marina Silva \u00e9 convocada ao Congresso e enfrenta novos ataques\">Ler mais<\/a><\/p>\n","protected":false},"author":1,"featured_media":3232,"comment_status":"open","ping_status":"open","sticky":false,"template":"","format":"standard","meta":{"footnotes":""},"categories":[1231],"tags":[2981,1822,431,17,2980],"class_list":["post-3233","post","type-post","status-publish","format-standard","has-post-thumbnail","hentry","category-politica","tag-comissao-de-agricultura","tag-marina-silva","tag-meio-ambiente","tag-politica","tag-queimadas"],"yoast_head":"<!-- This site is optimized with the Yoast SEO plugin v25.3.1 - https:\/\/yoast.com\/wordpress\/plugins\/seo\/ -->\n<title>Marina Silva \u00e9 convocada ao Congresso e enfrenta novos ataques - WordPulseTrends com<\/title>\n<meta name=\"robots\" content=\"index, follow, max-snippet:-1, max-image-preview:large, max-video-preview:-1\" \/>\n<link rel=\"canonical\" href=\"https:\/\/vivadicas.com\/st2\/politica\/marina-silva-e-convocada-ao-congresso-e-enfrenta-novos-ataques\/3233\/\" \/>\n<meta property=\"og:locale\" content=\"pt_BR\" \/>\n<meta property=\"og:type\" content=\"article\" \/>\n<meta property=\"og:title\" content=\"Marina Silva \u00e9 convocada ao Congresso e enfrenta novos ataques - WordPulseTrends com\" \/>\n<meta property=\"og:description\" content=\"\ud83c\udfaf Marina Silva na Comiss\u00e3o de Agricultura A situa\u00e7\u00e3o pol\u00edtica em torno de Marina Silva tem se intensificado. Na \u00faltima quarta-feira, a Ministra do Meio Ambiente foi convocada pela Comiss\u00e3o de Agricultura da C\u00e2mara dos Deputados para prestar esclarecimentos sobre queimadas e desmatamentos. Durante a audi\u00eancia, Marina Silva reafirmou seu compromisso com a recupera\u00e7\u00e3o ambiental ... Ler mais\" \/>\n<meta property=\"og:url\" content=\"https:\/\/vivadicas.com\/st2\/politica\/marina-silva-e-convocada-ao-congresso-e-enfrenta-novos-ataques\/3233\/\" \/>\n<meta property=\"og:site_name\" content=\"WordPulseTrends com\" \/>\n<meta property=\"article:published_time\" content=\"2025-07-02T20:44:57+00:00\" \/>\n<meta property=\"article:modified_time\" content=\"2025-07-02T20:44:58+00:00\" \/>\n<meta property=\"og:image\" content=\"https:\/\/vivadicas.com\/st2\/wp-content\/uploads\/2025\/07\/ai_trend_1751489082_ac1f4faa.png\" \/>\n\t<meta property=\"og:image:width\" content=\"1024\" \/>\n\t<meta property=\"og:image:height\" content=\"512\" \/>\n\t<meta property=\"og:image:type\" content=\"image\/png\" \/>\n<meta name=\"author\" content=\"st2vivadicas\" \/>\n<meta name=\"twitter:card\" content=\"summary_large_image\" \/>\n<meta name=\"twitter:label1\" content=\"Escrito por\" \/>\n\t<meta name=\"twitter:data1\" content=\"st2vivadicas\" \/>\n\t<meta name=\"twitter:label2\" content=\"Est. tempo de leitura\" \/>\n\t<meta name=\"twitter:data2\" content=\"2 minutos\" \/>\n<script type=\"application\/ld+json\" class=\"yoast-schema-graph\">{\"@context\":\"https:\/\/schema.org\",\"@graph\":[{\"@type\":\"Article\",\"@id\":\"https:\/\/vivadicas.com\/st2\/politica\/marina-silva-e-convocada-ao-congresso-e-enfrenta-novos-ataques\/3233\/#article\",\"isPartOf\":{\"@id\":\"https:\/\/vivadicas.com\/st2\/politica\/marina-silva-e-convocada-ao-congresso-e-enfrenta-novos-ataques\/3233\/\"},\"author\":{\"name\":\"st2vivadicas\",\"@id\":\"https:\/\/vivadicas.com\/st2\/#\/schema\/person\/f8432157bb5752f84d3a30f1c7388a16\"},\"headline\":\"Marina Silva \u00e9 convocada ao Congresso e enfrenta novos ataques\",\"datePublished\":\"2025-07-02T20:44:57+00:00\",\"dateModified\":\"2025-07-02T20:44:58+00:00\",\"mainEntityOfPage\":{\"@id\":\"https:\/\/vivadicas.com\/st2\/politica\/marina-silva-e-convocada-ao-congresso-e-enfrenta-novos-ataques\/3233\/\"},\"wordCount\":438,\"commentCount\":0,\"publisher\":{\"@id\":\"https:\/\/vivadicas.com\/st2\/#organization\"},\"image\":{\"@id\":\"https:\/\/vivadicas.com\/st2\/politica\/marina-silva-e-convocada-ao-congresso-e-enfrenta-novos-ataques\/3233\/#primaryimage\"},\"thumbnailUrl\":\"https:\/\/vivadicas.com\/st2\/wp-content\/uploads\/2025\/07\/ai_trend_1751489082_ac1f4faa.png\",\"keywords\":[\"Comiss\u00e3o de Agricultura\",\"Marina Silva\",\"Meio Ambiente\",\"Pol\u00edtica\",\"queimadas\"],\"articleSection\":[\"Pol\u00edtica\"],\"inLanguage\":\"pt-BR\",\"potentialAction\":[{\"@type\":\"CommentAction\",\"name\":\"Comment\",\"target\":[\"https:\/\/vivadicas.com\/st2\/politica\/marina-silva-e-convocada-ao-congresso-e-enfrenta-novos-ataques\/3233\/#respond\"]}]},{\"@type\":\"WebPage\",\"@id\":\"https:\/\/vivadicas.com\/st2\/politica\/marina-silva-e-convocada-ao-congresso-e-enfrenta-novos-ataques\/3233\/\",\"url\":\"https:\/\/vivadicas.com\/st2\/politica\/marina-silva-e-convocada-ao-congresso-e-enfrenta-novos-ataques\/3233\/\",\"name\":\"Marina Silva \u00e9 convocada ao Congresso e enfrenta novos ataques - WordPulseTrends com\",\"isPartOf\":{\"@id\":\"https:\/\/vivadicas.com\/st2\/#website\"},\"primaryImageOfPage\":{\"@id\":\"https:\/\/vivadicas.com\/st2\/politica\/marina-silva-e-convocada-ao-congresso-e-enfrenta-novos-ataques\/3233\/#primaryimage\"},\"image\":{\"@id\":\"https:\/\/vivadicas.com\/st2\/politica\/marina-silva-e-convocada-ao-congresso-e-enfrenta-novos-ataques\/3233\/#primaryimage\"},\"thumbnailUrl\":\"https:\/\/vivadicas.com\/st2\/wp-content\/uploads\/2025\/07\/ai_trend_1751489082_ac1f4faa.png\",\"datePublished\":\"2025-07-02T20:44:57+00:00\",\"dateModified\":\"2025-07-02T20:44:58+00:00\",\"breadcrumb\":{\"@id\":\"https:\/\/vivadicas.com\/st2\/politica\/marina-silva-e-convocada-ao-congresso-e-enfrenta-novos-ataques\/3233\/#breadcrumb\"},\"inLanguage\":\"pt-BR\",\"potentialAction\":[{\"@type\":\"ReadAction\",\"target\":[\"https:\/\/vivadicas.com\/st2\/politica\/marina-silva-e-convocada-ao-congresso-e-enfrenta-novos-ataques\/3233\/\"]}]},{\"@type\":\"ImageObject\",\"inLanguage\":\"pt-BR\",\"@id\":\"https:\/\/vivadicas.com\/st2\/politica\/marina-silva-e-convocada-ao-congresso-e-enfrenta-novos-ataques\/3233\/#primaryimage\",\"url\":\"https:\/\/vivadicas.com\/st2\/wp-content\/uploads\/2025\/07\/ai_trend_1751489082_ac1f4faa.png\",\"contentUrl\":\"https:\/\/vivadicas.com\/st2\/wp-content\/uploads\/2025\/07\/ai_trend_1751489082_ac1f4faa.png\",\"width\":1024,\"height\":512},{\"@type\":\"BreadcrumbList\",\"@id\":\"https:\/\/vivadicas.com\/st2\/politica\/marina-silva-e-convocada-ao-congresso-e-enfrenta-novos-ataques\/3233\/#breadcrumb\",\"itemListElement\":[{\"@type\":\"ListItem\",\"position\":1,\"name\":\"In\u00edcio\",\"item\":\"https:\/\/vivadicas.com\/st2\/\"},{\"@type\":\"ListItem\",\"position\":2,\"name\":\"Marina Silva \u00e9 convocada ao Congresso e enfrenta novos ataques\"}]},{\"@type\":\"WebSite\",\"@id\":\"https:\/\/vivadicas.com\/st2\/#website\",\"url\":\"https:\/\/vivadicas.com\/st2\/\",\"name\":\"TrendsBrasil\",\"description\":\"Stay updated with trending topics, viral news, hot updates, breaking headlines, global trends, and real-time content. Discover what\u2019s going viral now and follow the most talked-about stories across the web, social media, and news platforms!\",\"publisher\":{\"@id\":\"https:\/\/vivadicas.com\/st2\/#organization\"},\"potentialAction\":[{\"@type\":\"SearchAction\",\"target\":{\"@type\":\"EntryPoint\",\"urlTemplate\":\"https:\/\/vivadicas.com\/st2\/?s={search_term_string}\"},\"query-input\":{\"@type\":\"PropertyValueSpecification\",\"valueRequired\":true,\"valueName\":\"search_term_string\"}}],\"inLanguage\":\"pt-BR\"},{\"@type\":\"Organization\",\"@id\":\"https:\/\/vivadicas.com\/st2\/#organization\",\"name\":\"TrendsBrasil\",\"url\":\"https:\/\/vivadicas.com\/st2\/\",\"logo\":{\"@type\":\"ImageObject\",\"inLanguage\":\"pt-BR\",\"@id\":\"https:\/\/vivadicas.com\/st2\/#\/schema\/logo\/image\/\",\"url\":\"https:\/\/vivadicas.com\/st2\/wp-content\/uploads\/2025\/06\/ChatGPT-Image-24-de-jun.-de-2025-10_39_16-683x1024.png\",\"contentUrl\":\"https:\/\/vivadicas.com\/st2\/wp-content\/uploads\/2025\/06\/ChatGPT-Image-24-de-jun.-de-2025-10_39_16-683x1024.png\",\"width\":683,\"height\":1024,\"caption\":\"TrendsBrasil\"},\"image\":{\"@id\":\"https:\/\/vivadicas.com\/st2\/#\/schema\/logo\/image\/\"}},{\"@type\":\"Person\",\"@id\":\"https:\/\/vivadicas.com\/st2\/#\/schema\/person\/f8432157bb5752f84d3a30f1c7388a16\",\"name\":\"st2vivadicas\",\"image\":{\"@type\":\"ImageObject\",\"inLanguage\":\"pt-BR\",\"@id\":\"https:\/\/vivadicas.com\/st2\/#\/schema\/person\/image\/\",\"url\":\"https:\/\/secure.gravatar.com\/avatar\/9bb04fcca59036779222f5f2d61adc27b9b487cc07bc4064b27fa7e0a1e23e1a?s=96&d=mm&r=g\",\"contentUrl\":\"https:\/\/secure.gravatar.com\/avatar\/9bb04fcca59036779222f5f2d61adc27b9b487cc07bc4064b27fa7e0a1e23e1a?s=96&d=mm&r=g\",\"caption\":\"st2vivadicas\"},\"sameAs\":[\"https:\/\/vivadicas.com\/st2\"],\"url\":\"https:\/\/vivadicas.com\/st2\/author\/st2vivadicas\/\"}]}<\/script>\n<!-- \/ Yoast SEO plugin. -->","yoast_head_json":{"title":"Marina Silva \u00e9 convocada ao Congresso e enfrenta novos ataques - WordPulseTrends com","robots":{"index":"index","follow":"follow","max-snippet":"max-snippet:-1","max-image-preview":"max-image-preview:large","max-video-preview":"max-video-preview:-1"},"canonical":"https:\/\/vivadicas.com\/st2\/politica\/marina-silva-e-convocada-ao-congresso-e-enfrenta-novos-ataques\/3233\/","og_locale":"pt_BR","og_type":"article","og_title":"Marina Silva \u00e9 convocada ao Congresso e enfrenta novos ataques - WordPulseTrends com","og_description":"\ud83c\udfaf Marina Silva na Comiss\u00e3o de Agricultura A situa\u00e7\u00e3o pol\u00edtica em torno de Marina Silva tem se intensificado. Na \u00faltima quarta-feira, a Ministra do Meio Ambiente foi convocada pela Comiss\u00e3o de Agricultura da C\u00e2mara dos Deputados para prestar esclarecimentos sobre queimadas e desmatamentos. Durante a audi\u00eancia, Marina Silva reafirmou seu compromisso com a recupera\u00e7\u00e3o ambiental ... Ler mais","og_url":"https:\/\/vivadicas.com\/st2\/politica\/marina-silva-e-convocada-ao-congresso-e-enfrenta-novos-ataques\/3233\/","og_site_name":"WordPulseTrends com","article_published_time":"2025-07-02T20:44:57+00:00","article_modified_time":"2025-07-02T20:44:58+00:00","og_image":[{"width":1024,"height":512,"url":"https:\/\/vivadicas.com\/st2\/wp-content\/uploads\/2025\/07\/ai_trend_1751489082_ac1f4faa.png","type":"image\/png"}],"author":"st2vivadicas","twitter_card":"summary_large_image","twitter_misc":{"Escrito por":"st2vivadicas","Est. tempo de leitura":"2 minutos"},"schema":{"@context":"https:\/\/schema.org","@graph":[{"@type":"Article","@id":"https:\/\/vivadicas.com\/st2\/politica\/marina-silva-e-convocada-ao-congresso-e-enfrenta-novos-ataques\/3233\/#article","isPartOf":{"@id":"https:\/\/vivadicas.com\/st2\/politica\/marina-silva-e-convocada-ao-congresso-e-enfrenta-novos-ataques\/3233\/"},"author":{"name":"st2vivadicas","@id":"https:\/\/vivadicas.com\/st2\/#\/schema\/person\/f8432157bb5752f84d3a30f1c7388a16"},"headline":"Marina Silva \u00e9 convocada ao Congresso e enfrenta novos ataques","datePublished":"2025-07-02T20:44:57+00:00","dateModified":"2025-07-02T20:44:58+00:00","mainEntityOfPage":{"@id":"https:\/\/vivadicas.com\/st2\/politica\/marina-silva-e-convocada-ao-congresso-e-enfrenta-novos-ataques\/3233\/"},"wordCount":438,"commentCount":0,"publisher":{"@id":"https:\/\/vivadicas.com\/st2\/#organization"},"image":{"@id":"https:\/\/vivadicas.com\/st2\/politica\/marina-silva-e-convocada-ao-congresso-e-enfrenta-novos-ataques\/3233\/#primaryimage"},"thumbnailUrl":"https:\/\/vivadicas.com\/st2\/wp-content\/uploads\/2025\/07\/ai_trend_1751489082_ac1f4faa.png","keywords":["Comiss\u00e3o de Agricultura","Marina Silva","Meio Ambiente","Pol\u00edtica","queimadas"],"articleSection":["Pol\u00edtica"],"inLanguage":"pt-BR","potentialAction":[{"@type":"CommentAction","name":"Comment","target":["https:\/\/vivadicas.com\/st2\/politica\/marina-silva-e-convocada-ao-congresso-e-enfrenta-novos-ataques\/3233\/#respond"]}]},{"@type":"WebPage","@id":"https:\/\/vivadicas.com\/st2\/politica\/marina-silva-e-convocada-ao-congresso-e-enfrenta-novos-ataques\/3233\/","url":"https:\/\/vivadicas.com\/st2\/politica\/marina-silva-e-convocada-ao-congresso-e-enfrenta-novos-ataques\/3233\/","name":"Marina Silva \u00e9 convocada ao Congresso e enfrenta novos ataques - WordPulseTrends com","isPartOf":{"@id":"https:\/\/vivadicas.com\/st2\/#website"},"primaryImageOfPage":{"@id":"https:\/\/vivadicas.com\/st2\/politica\/marina-silva-e-convocada-ao-congresso-e-enfrenta-novos-ataques\/3233\/#primaryimage"},"image":{"@id":"https:\/\/vivadicas.com\/st2\/politica\/marina-silva-e-convocada-ao-congresso-e-enfrenta-novos-ataques\/3233\/#primaryimage"},"thumbnailUrl":"https:\/\/vivadicas.com\/st2\/wp-content\/uploads\/2025\/07\/ai_trend_1751489082_ac1f4faa.png","datePublished":"2025-07-02T20:44:57+00:00","dateModified":"2025-07-02T20:44:58+00:00","breadcrumb":{"@id":"https:\/\/vivadicas.com\/st2\/politica\/marina-silva-e-convocada-ao-congresso-e-enfrenta-novos-ataques\/3233\/#breadcrumb"},"inLanguage":"pt-BR","potentialAction":[{"@type":"ReadAction","target":["https:\/\/vivadicas.com\/st2\/politica\/marina-silva-e-convocada-ao-congresso-e-enfrenta-novos-ataques\/3233\/"]}]},{"@type":"ImageObject","inLanguage":"pt-BR","@id":"https:\/\/vivadicas.com\/st2\/politica\/marina-silva-e-convocada-ao-congresso-e-enfrenta-novos-ataques\/3233\/#primaryimage","url":"https:\/\/vivadicas.com\/st2\/wp-content\/uploads\/2025\/07\/ai_trend_1751489082_ac1f4faa.png","contentUrl":"https:\/\/vivadicas.com\/st2\/wp-content\/uploads\/2025\/07\/ai_trend_1751489082_ac1f4faa.png","width":1024,"height":512},{"@type":"BreadcrumbList","@id":"https:\/\/vivadicas.com\/st2\/politica\/marina-silva-e-convocada-ao-congresso-e-enfrenta-novos-ataques\/3233\/#breadcrumb","itemListElement":[{"@type":"ListItem","position":1,"name":"In\u00edcio","item":"https:\/\/vivadicas.com\/st2\/"},{"@type":"ListItem","position":2,"name":"Marina Silva \u00e9 convocada ao Congresso e enfrenta novos ataques"}]},{"@type":"WebSite","@id":"https:\/\/vivadicas.com\/st2\/#website","url":"https:\/\/vivadicas.com\/st2\/","name":"TrendsBrasil","description":"Stay updated with trending topics, viral news, hot updates, breaking headlines, global trends, and real-time content. Discover what\u2019s going viral now and follow the most talked-about stories across the web, social media, and news platforms!","publisher":{"@id":"https:\/\/vivadicas.com\/st2\/#organization"},"potentialAction":[{"@type":"SearchAction","target":{"@type":"EntryPoint","urlTemplate":"https:\/\/vivadicas.com\/st2\/?s={search_term_string}"},"query-input":{"@type":"PropertyValueSpecification","valueRequired":true,"valueName":"search_term_string"}}],"inLanguage":"pt-BR"},{"@type":"Organization","@id":"https:\/\/vivadicas.com\/st2\/#organization","name":"TrendsBrasil","url":"https:\/\/vivadicas.com\/st2\/","logo":{"@type":"ImageObject","inLanguage":"pt-BR","@id":"https:\/\/vivadicas.com\/st2\/#\/schema\/logo\/image\/","url":"https:\/\/vivadicas.com\/st2\/wp-content\/uploads\/2025\/06\/ChatGPT-Image-24-de-jun.-de-2025-10_39_16-683x1024.png","contentUrl":"https:\/\/vivadicas.com\/st2\/wp-content\/uploads\/2025\/06\/ChatGPT-Image-24-de-jun.-de-2025-10_39_16-683x1024.png","width":683,"height":1024,"caption":"TrendsBrasil"},"image":{"@id":"https:\/\/vivadicas.com\/st2\/#\/schema\/logo\/image\/"}},{"@type":"Person","@id":"https:\/\/vivadicas.com\/st2\/#\/schema\/person\/f8432157bb5752f84d3a30f1c7388a16","name":"st2vivadicas","image":{"@type":"ImageObject","inLanguage":"pt-BR","@id":"https:\/\/vivadicas.com\/st2\/#\/schema\/person\/image\/","url":"https:\/\/secure.gravatar.com\/avatar\/9bb04fcca59036779222f5f2d61adc27b9b487cc07bc4064b27fa7e0a1e23e1a?s=96&d=mm&r=g","contentUrl":"https:\/\/secure.gravatar.com\/avatar\/9bb04fcca59036779222f5f2d61adc27b9b487cc07bc4064b27fa7e0a1e23e1a?s=96&d=mm&r=g","caption":"st2vivadicas"},"sameAs":["https:\/\/vivadicas.com\/st2"],"url":"https:\/\/vivadicas.com\/st2\/author\/st2vivadicas\/"}]}},"_links":{"self":[{"href":"https:\/\/vivadicas.com\/st2\/wp-json\/wp\/v2\/posts\/3233","targetHints":{"allow":["GET"]}}],"collection":[{"href":"https:\/\/vivadicas.com\/st2\/wp-json\/wp\/v2\/posts"}],"about":[{"href":"https:\/\/vivadicas.com\/st2\/wp-json\/wp\/v2\/types\/post"}],"author":[{"embeddable":true,"href":"https:\/\/vivadicas.com\/st2\/wp-json\/wp\/v2\/users\/1"}],"replies":[{"embeddable":true,"href":"https:\/\/vivadicas.com\/st2\/wp-json\/wp\/v2\/comments?post=3233"}],"version-history":[{"count":1,"href":"https:\/\/vivadicas.com\/st2\/wp-json\/wp\/v2\/posts\/3233\/revisions"}],"predecessor-version":[{"id":3234,"href":"https:\/\/vivadicas.com\/st2\/wp-json\/wp\/v2\/posts\/3233\/revisions\/3234"}],"wp:featuredmedia":[{"embeddable":true,"href":"https:\/\/vivadicas.com\/st2\/wp-json\/wp\/v2\/media\/3232"}],"wp:attachment":[{"href":"https:\/\/vivadicas.com\/st2\/wp-json\/wp\/v2\/media?parent=3233"}],"wp:term":[{"taxonomy":"category","embeddable":true,"href":"https:\/\/vivadicas.com\/st2\/wp-json\/wp\/v2\/categories?post=3233"},{"taxonomy":"post_tag","embeddable":true,"href":"https:\/\/vivadicas.com\/st2\/wp-json\/wp\/v2\/tags?post=3233"}],"curies":[{"name":"wp","href":"https:\/\/api.w.org\/{rel}","templated":true}]}}