{"id":3310,"date":"2025-07-02T20:35:46","date_gmt":"2025-07-02T23:35:46","guid":{"rendered":"https:\/\/vivadicas.com\/st2\/blog\/risco-de-apagao-afeta-brasil-e-gera-preocupacoes-em-diversos-setores\/3310\/"},"modified":"2025-07-02T20:35:46","modified_gmt":"2025-07-02T23:35:46","slug":"risco-de-apagao-afeta-brasil-e-gera-preocupacoes-em-diversos-setores","status":"publish","type":"post","link":"https:\/\/vivadicas.com\/st2\/politica\/risco-de-apagao-afeta-brasil-e-gera-preocupacoes-em-diversos-setores\/3310\/","title":{"rendered":"Risco de apag\u00e3o afeta Brasil e gera preocupa\u00e7\u00f5es em diversos setores"},"content":{"rendered":"<p><h2>\ud83c\udfaf Cen\u00e1rio atual do apag\u00e3o no Brasil<\/h2>\n<\/p>\n<p>O Brasil corre o risco de apag\u00e3o em diversas frentes. Especialistas alertam que a falta de ajustes nas despesas p\u00fablicas pode levar o pa\u00eds a uma crise de energia e a um colapso em sua m\u00e1quina p\u00fablica at\u00e9 2027. O apag\u00e3o n\u00e3o \u00e9 apenas uma quest\u00e3o de energia el\u00e9trica, mas envolve tamb\u00e9m a administra\u00e7\u00e3o p\u00fablica e a economia.<\/p>\n<p>Al\u00e9m disso, a resist\u00eancia do Congresso Nacional em cortar gastos pode onerar ainda mais o consumidor, elevando o custo da conta de luz. Isso gera um ciclo negativo que pode afetar a qualidade de vida de milh\u00f5es de brasileiros.<\/p>\n<p><h2>\u26a0\ufe0f Consequ\u00eancias do apag\u00e3o no setor energ\u00e9tico<\/h2>\n<\/p>\n<p>A Ag\u00eancia Nacional de Energia El\u00e9trica (Aneel) tamb\u00e9m emitiu alertas sobre o risco de apag\u00e3o. O diretor-geral da ag\u00eancia, Sandoval Feitosa, informou que o expediente pode ser reduzido e que a\u00e7\u00f5es imediatas s\u00e3o necess\u00e1rias para evitar uma crise de abastecimento.<\/p>\n<p>O governo precisa agir rapidamente para evitar problemas maiores, pois a falta de energia impacta n\u00e3o s\u00f3 resid\u00eancias, mas tamb\u00e9m empresas e ind\u00fastrias. A inefici\u00eancia do sistema pode causar um efeito domin\u00f3 na economia nacional.<\/p>\n<p><h2>\ud83d\udcca Problemas em outras partes do mundo<\/h2>\n<\/p>\n<p>Enquanto isso, na Europa, um apag\u00e3o em radares na It\u00e1lia resultou na suspens\u00e3o de voos em aeroportos de cidades importantes, como Mil\u00e3o e Turim. Eventos como esses ressaltam a fragilidade das infraestruturas, que s\u00e3o vitais para o funcionamento das economias.<\/p>\n<p>A interdepend\u00eancia entre os sistemas de energia e as opera\u00e7\u00f5es comerciais \u00e9 clara. Um apag\u00e3o em um lugar pode causar repercuss\u00f5es em outros, mostrando que a crise energ\u00e9tica \u00e9 um problema global.<\/p>\n<p><h2>\ud83d\udca1 O desafio do apag\u00e3o digital<\/h2>\n<\/p>\n<p>No campo digital, o Supremo Tribunal Federal (STF) tomou decis\u00f5es que podem levar a um &#8220;apag\u00e3o&#8221; de posts nas redes sociais. Especialistas em Direito Digital alertam que a invalida\u00e7\u00e3o de certos artigos pode gerar inseguran\u00e7a jur\u00eddica, afetando a comunica\u00e7\u00e3o online.<\/p>\n<p>Esse apag\u00e3o no ambiente digital pode ter efeitos prejudiciais tanto para usu\u00e1rios quanto para empresas que dependem das redes sociais para promo\u00e7\u00e3o e intera\u00e7\u00e3o com o p\u00fablico. A necessidade de um marco legal claro e est\u00e1vel \u00e9 imprescind\u00edvel para evitar crises nesse setor.<\/p>\n<p><h2>\ud83d\ude80 O que pode ser feito?<\/h2>\n<\/p>\n<p>Diante de tantos riscos de apag\u00e3o, a popula\u00e7\u00e3o e as autoridades precisam se unir para buscar solu\u00e7\u00f5es. O di\u00e1logo entre governo e Congresso \u00e9 fundamental para estabelecer pol\u00edticas que garantam a estabilidade econ\u00f4mica e energ\u00e9tica do pa\u00eds.<\/p>\n<p>Al\u00e9m disso, campanhas de conscientiza\u00e7\u00e3o sobre consumo consciente de energia podem ajudar a aliviar a press\u00e3o sobre o sistema el\u00e9trico. A participa\u00e7\u00e3o ativa da sociedade \u00e9 essencial para mitigar os efeitos de um poss\u00edvel apag\u00e3o.<\/p>\n<p>Gostou de saber mais sobre apag\u00e3o? Seus amigos tamb\u00e9m podem se interessar. <a href=\"https:\/\/www.addtoany.com\/share#url=https%3A%2F%2Fvivadicas.com%2Fst2%2Fpolitica%2Frisco-de-apagao-afeta-brasil-e-gera-preocupacoes-em-diversos-setores%2F3310%2F\" target=\"_blank\" rel=\"noopener\">Compartilhe<\/a> com eles agora mesmo!<\/p>\n","protected":false},"excerpt":{"rendered":"<p>\ud83c\udfaf Cen\u00e1rio atual do apag\u00e3o no Brasil O Brasil corre o risco de apag\u00e3o em diversas frentes. Especialistas alertam que a falta de ajustes nas despesas p\u00fablicas pode levar o pa\u00eds a uma crise de energia e a um colapso em sua m\u00e1quina p\u00fablica at\u00e9 2027. O apag\u00e3o n\u00e3o \u00e9 apenas uma quest\u00e3o de energia &#8230; <a title=\"Risco de apag\u00e3o afeta Brasil e gera preocupa\u00e7\u00f5es em diversos setores\" class=\"read-more\" href=\"https:\/\/vivadicas.com\/st2\/politica\/risco-de-apagao-afeta-brasil-e-gera-preocupacoes-em-diversos-setores\/3310\/\" aria-label=\"Read more about Risco de apag\u00e3o afeta Brasil e gera preocupa\u00e7\u00f5es em diversos setores\">Ler mais<\/a><\/p>\n","protected":false},"author":1,"featured_media":3309,"comment_status":"open","ping_status":"open","sticky":false,"template":"","format":"standard","meta":{"footnotes":""},"categories":[1231],"tags":[3032,2000,115,1360,103],"class_list":["post-3310","post","type-post","status-publish","format-standard","has-post-thumbnail","hentry","category-politica","tag-apagao","tag-crise","tag-economia","tag-energia","tag-legislacao"],"yoast_head":"<!-- This site is optimized with the Yoast SEO plugin v25.3.1 - https:\/\/yoast.com\/wordpress\/plugins\/seo\/ -->\n<title>Risco de apag\u00e3o afeta Brasil e gera preocupa\u00e7\u00f5es em diversos setores - WordPulseTrends com<\/title>\n<meta name=\"robots\" content=\"index, follow, max-snippet:-1, max-image-preview:large, max-video-preview:-1\" \/>\n<link rel=\"canonical\" href=\"https:\/\/vivadicas.com\/st2\/politica\/risco-de-apagao-afeta-brasil-e-gera-preocupacoes-em-diversos-setores\/3310\/\" \/>\n<meta property=\"og:locale\" content=\"pt_BR\" \/>\n<meta property=\"og:type\" content=\"article\" \/>\n<meta property=\"og:title\" content=\"Risco de apag\u00e3o afeta Brasil e gera preocupa\u00e7\u00f5es em diversos setores - WordPulseTrends com\" \/>\n<meta property=\"og:description\" content=\"\ud83c\udfaf Cen\u00e1rio atual do apag\u00e3o no Brasil O Brasil corre o risco de apag\u00e3o em diversas frentes. Especialistas alertam que a falta de ajustes nas despesas p\u00fablicas pode levar o pa\u00eds a uma crise de energia e a um colapso em sua m\u00e1quina p\u00fablica at\u00e9 2027. O apag\u00e3o n\u00e3o \u00e9 apenas uma quest\u00e3o de energia ... Ler mais\" \/>\n<meta property=\"og:url\" content=\"https:\/\/vivadicas.com\/st2\/politica\/risco-de-apagao-afeta-brasil-e-gera-preocupacoes-em-diversos-setores\/3310\/\" \/>\n<meta property=\"og:site_name\" content=\"WordPulseTrends com\" \/>\n<meta property=\"article:published_time\" content=\"2025-07-02T23:35:46+00:00\" \/>\n<meta property=\"og:image\" content=\"https:\/\/vivadicas.com\/st2\/wp-content\/uploads\/2025\/07\/ai_trend_1751499332_cdd15fbe.png\" \/>\n\t<meta property=\"og:image:width\" content=\"1024\" \/>\n\t<meta property=\"og:image:height\" content=\"512\" \/>\n\t<meta property=\"og:image:type\" content=\"image\/png\" \/>\n<meta name=\"author\" content=\"st2vivadicas\" \/>\n<meta name=\"twitter:card\" content=\"summary_large_image\" \/>\n<meta name=\"twitter:label1\" content=\"Escrito por\" \/>\n\t<meta name=\"twitter:data1\" content=\"st2vivadicas\" \/>\n\t<meta name=\"twitter:label2\" content=\"Est. tempo de leitura\" \/>\n\t<meta name=\"twitter:data2\" content=\"3 minutos\" \/>\n<script type=\"application\/ld+json\" class=\"yoast-schema-graph\">{\"@context\":\"https:\/\/schema.org\",\"@graph\":[{\"@type\":\"Article\",\"@id\":\"https:\/\/vivadicas.com\/st2\/politica\/risco-de-apagao-afeta-brasil-e-gera-preocupacoes-em-diversos-setores\/3310\/#article\",\"isPartOf\":{\"@id\":\"https:\/\/vivadicas.com\/st2\/politica\/risco-de-apagao-afeta-brasil-e-gera-preocupacoes-em-diversos-setores\/3310\/\"},\"author\":{\"name\":\"st2vivadicas\",\"@id\":\"https:\/\/vivadicas.com\/st2\/#\/schema\/person\/f8432157bb5752f84d3a30f1c7388a16\"},\"headline\":\"Risco de apag\u00e3o afeta Brasil e gera preocupa\u00e7\u00f5es em diversos setores\",\"datePublished\":\"2025-07-02T23:35:46+00:00\",\"mainEntityOfPage\":{\"@id\":\"https:\/\/vivadicas.com\/st2\/politica\/risco-de-apagao-afeta-brasil-e-gera-preocupacoes-em-diversos-setores\/3310\/\"},\"wordCount\":524,\"commentCount\":0,\"publisher\":{\"@id\":\"https:\/\/vivadicas.com\/st2\/#organization\"},\"image\":{\"@id\":\"https:\/\/vivadicas.com\/st2\/politica\/risco-de-apagao-afeta-brasil-e-gera-preocupacoes-em-diversos-setores\/3310\/#primaryimage\"},\"thumbnailUrl\":\"https:\/\/vivadicas.com\/st2\/wp-content\/uploads\/2025\/07\/ai_trend_1751499332_cdd15fbe.png\",\"keywords\":[\"apag\u00e3o\",\"Crise\",\"economia\",\"energia\",\"legisla\u00e7\u00e3o\"],\"articleSection\":[\"Pol\u00edtica\"],\"inLanguage\":\"pt-BR\",\"potentialAction\":[{\"@type\":\"CommentAction\",\"name\":\"Comment\",\"target\":[\"https:\/\/vivadicas.com\/st2\/politica\/risco-de-apagao-afeta-brasil-e-gera-preocupacoes-em-diversos-setores\/3310\/#respond\"]}]},{\"@type\":\"WebPage\",\"@id\":\"https:\/\/vivadicas.com\/st2\/politica\/risco-de-apagao-afeta-brasil-e-gera-preocupacoes-em-diversos-setores\/3310\/\",\"url\":\"https:\/\/vivadicas.com\/st2\/politica\/risco-de-apagao-afeta-brasil-e-gera-preocupacoes-em-diversos-setores\/3310\/\",\"name\":\"Risco de apag\u00e3o afeta Brasil e gera preocupa\u00e7\u00f5es em diversos setores - WordPulseTrends com\",\"isPartOf\":{\"@id\":\"https:\/\/vivadicas.com\/st2\/#website\"},\"primaryImageOfPage\":{\"@id\":\"https:\/\/vivadicas.com\/st2\/politica\/risco-de-apagao-afeta-brasil-e-gera-preocupacoes-em-diversos-setores\/3310\/#primaryimage\"},\"image\":{\"@id\":\"https:\/\/vivadicas.com\/st2\/politica\/risco-de-apagao-afeta-brasil-e-gera-preocupacoes-em-diversos-setores\/3310\/#primaryimage\"},\"thumbnailUrl\":\"https:\/\/vivadicas.com\/st2\/wp-content\/uploads\/2025\/07\/ai_trend_1751499332_cdd15fbe.png\",\"datePublished\":\"2025-07-02T23:35:46+00:00\",\"breadcrumb\":{\"@id\":\"https:\/\/vivadicas.com\/st2\/politica\/risco-de-apagao-afeta-brasil-e-gera-preocupacoes-em-diversos-setores\/3310\/#breadcrumb\"},\"inLanguage\":\"pt-BR\",\"potentialAction\":[{\"@type\":\"ReadAction\",\"target\":[\"https:\/\/vivadicas.com\/st2\/politica\/risco-de-apagao-afeta-brasil-e-gera-preocupacoes-em-diversos-setores\/3310\/\"]}]},{\"@type\":\"ImageObject\",\"inLanguage\":\"pt-BR\",\"@id\":\"https:\/\/vivadicas.com\/st2\/politica\/risco-de-apagao-afeta-brasil-e-gera-preocupacoes-em-diversos-setores\/3310\/#primaryimage\",\"url\":\"https:\/\/vivadicas.com\/st2\/wp-content\/uploads\/2025\/07\/ai_trend_1751499332_cdd15fbe.png\",\"contentUrl\":\"https:\/\/vivadicas.com\/st2\/wp-content\/uploads\/2025\/07\/ai_trend_1751499332_cdd15fbe.png\",\"width\":1024,\"height\":512},{\"@type\":\"BreadcrumbList\",\"@id\":\"https:\/\/vivadicas.com\/st2\/politica\/risco-de-apagao-afeta-brasil-e-gera-preocupacoes-em-diversos-setores\/3310\/#breadcrumb\",\"itemListElement\":[{\"@type\":\"ListItem\",\"position\":1,\"name\":\"In\u00edcio\",\"item\":\"https:\/\/vivadicas.com\/st2\/\"},{\"@type\":\"ListItem\",\"position\":2,\"name\":\"Risco de apag\u00e3o afeta Brasil e gera preocupa\u00e7\u00f5es em diversos setores\"}]},{\"@type\":\"WebSite\",\"@id\":\"https:\/\/vivadicas.com\/st2\/#website\",\"url\":\"https:\/\/vivadicas.com\/st2\/\",\"name\":\"TrendsBrasil\",\"description\":\"Stay updated with trending topics, viral news, hot updates, breaking headlines, global trends, and real-time content. Discover what\u2019s going viral now and follow the most talked-about stories across the web, social media, and news platforms!\",\"publisher\":{\"@id\":\"https:\/\/vivadicas.com\/st2\/#organization\"},\"potentialAction\":[{\"@type\":\"SearchAction\",\"target\":{\"@type\":\"EntryPoint\",\"urlTemplate\":\"https:\/\/vivadicas.com\/st2\/?s={search_term_string}\"},\"query-input\":{\"@type\":\"PropertyValueSpecification\",\"valueRequired\":true,\"valueName\":\"search_term_string\"}}],\"inLanguage\":\"pt-BR\"},{\"@type\":\"Organization\",\"@id\":\"https:\/\/vivadicas.com\/st2\/#organization\",\"name\":\"TrendsBrasil\",\"url\":\"https:\/\/vivadicas.com\/st2\/\",\"logo\":{\"@type\":\"ImageObject\",\"inLanguage\":\"pt-BR\",\"@id\":\"https:\/\/vivadicas.com\/st2\/#\/schema\/logo\/image\/\",\"url\":\"https:\/\/vivadicas.com\/st2\/wp-content\/uploads\/2025\/06\/ChatGPT-Image-24-de-jun.-de-2025-10_39_16-683x1024.png\",\"contentUrl\":\"https:\/\/vivadicas.com\/st2\/wp-content\/uploads\/2025\/06\/ChatGPT-Image-24-de-jun.-de-2025-10_39_16-683x1024.png\",\"width\":683,\"height\":1024,\"caption\":\"TrendsBrasil\"},\"image\":{\"@id\":\"https:\/\/vivadicas.com\/st2\/#\/schema\/logo\/image\/\"}},{\"@type\":\"Person\",\"@id\":\"https:\/\/vivadicas.com\/st2\/#\/schema\/person\/f8432157bb5752f84d3a30f1c7388a16\",\"name\":\"st2vivadicas\",\"image\":{\"@type\":\"ImageObject\",\"inLanguage\":\"pt-BR\",\"@id\":\"https:\/\/vivadicas.com\/st2\/#\/schema\/person\/image\/\",\"url\":\"https:\/\/secure.gravatar.com\/avatar\/9bb04fcca59036779222f5f2d61adc27b9b487cc07bc4064b27fa7e0a1e23e1a?s=96&d=mm&r=g\",\"contentUrl\":\"https:\/\/secure.gravatar.com\/avatar\/9bb04fcca59036779222f5f2d61adc27b9b487cc07bc4064b27fa7e0a1e23e1a?s=96&d=mm&r=g\",\"caption\":\"st2vivadicas\"},\"sameAs\":[\"https:\/\/vivadicas.com\/st2\"],\"url\":\"https:\/\/vivadicas.com\/st2\/author\/st2vivadicas\/\"}]}<\/script>\n<!-- \/ Yoast SEO plugin. -->","yoast_head_json":{"title":"Risco de apag\u00e3o afeta Brasil e gera preocupa\u00e7\u00f5es em diversos setores - WordPulseTrends com","robots":{"index":"index","follow":"follow","max-snippet":"max-snippet:-1","max-image-preview":"max-image-preview:large","max-video-preview":"max-video-preview:-1"},"canonical":"https:\/\/vivadicas.com\/st2\/politica\/risco-de-apagao-afeta-brasil-e-gera-preocupacoes-em-diversos-setores\/3310\/","og_locale":"pt_BR","og_type":"article","og_title":"Risco de apag\u00e3o afeta Brasil e gera preocupa\u00e7\u00f5es em diversos setores - WordPulseTrends com","og_description":"\ud83c\udfaf Cen\u00e1rio atual do apag\u00e3o no Brasil O Brasil corre o risco de apag\u00e3o em diversas frentes. Especialistas alertam que a falta de ajustes nas despesas p\u00fablicas pode levar o pa\u00eds a uma crise de energia e a um colapso em sua m\u00e1quina p\u00fablica at\u00e9 2027. O apag\u00e3o n\u00e3o \u00e9 apenas uma quest\u00e3o de energia ... Ler mais","og_url":"https:\/\/vivadicas.com\/st2\/politica\/risco-de-apagao-afeta-brasil-e-gera-preocupacoes-em-diversos-setores\/3310\/","og_site_name":"WordPulseTrends com","article_published_time":"2025-07-02T23:35:46+00:00","og_image":[{"width":1024,"height":512,"url":"https:\/\/vivadicas.com\/st2\/wp-content\/uploads\/2025\/07\/ai_trend_1751499332_cdd15fbe.png","type":"image\/png"}],"author":"st2vivadicas","twitter_card":"summary_large_image","twitter_misc":{"Escrito por":"st2vivadicas","Est. tempo de leitura":"3 minutos"},"schema":{"@context":"https:\/\/schema.org","@graph":[{"@type":"Article","@id":"https:\/\/vivadicas.com\/st2\/politica\/risco-de-apagao-afeta-brasil-e-gera-preocupacoes-em-diversos-setores\/3310\/#article","isPartOf":{"@id":"https:\/\/vivadicas.com\/st2\/politica\/risco-de-apagao-afeta-brasil-e-gera-preocupacoes-em-diversos-setores\/3310\/"},"author":{"name":"st2vivadicas","@id":"https:\/\/vivadicas.com\/st2\/#\/schema\/person\/f8432157bb5752f84d3a30f1c7388a16"},"headline":"Risco de apag\u00e3o afeta Brasil e gera preocupa\u00e7\u00f5es em diversos setores","datePublished":"2025-07-02T23:35:46+00:00","mainEntityOfPage":{"@id":"https:\/\/vivadicas.com\/st2\/politica\/risco-de-apagao-afeta-brasil-e-gera-preocupacoes-em-diversos-setores\/3310\/"},"wordCount":524,"commentCount":0,"publisher":{"@id":"https:\/\/vivadicas.com\/st2\/#organization"},"image":{"@id":"https:\/\/vivadicas.com\/st2\/politica\/risco-de-apagao-afeta-brasil-e-gera-preocupacoes-em-diversos-setores\/3310\/#primaryimage"},"thumbnailUrl":"https:\/\/vivadicas.com\/st2\/wp-content\/uploads\/2025\/07\/ai_trend_1751499332_cdd15fbe.png","keywords":["apag\u00e3o","Crise","economia","energia","legisla\u00e7\u00e3o"],"articleSection":["Pol\u00edtica"],"inLanguage":"pt-BR","potentialAction":[{"@type":"CommentAction","name":"Comment","target":["https:\/\/vivadicas.com\/st2\/politica\/risco-de-apagao-afeta-brasil-e-gera-preocupacoes-em-diversos-setores\/3310\/#respond"]}]},{"@type":"WebPage","@id":"https:\/\/vivadicas.com\/st2\/politica\/risco-de-apagao-afeta-brasil-e-gera-preocupacoes-em-diversos-setores\/3310\/","url":"https:\/\/vivadicas.com\/st2\/politica\/risco-de-apagao-afeta-brasil-e-gera-preocupacoes-em-diversos-setores\/3310\/","name":"Risco de apag\u00e3o afeta Brasil e gera preocupa\u00e7\u00f5es em diversos setores - WordPulseTrends com","isPartOf":{"@id":"https:\/\/vivadicas.com\/st2\/#website"},"primaryImageOfPage":{"@id":"https:\/\/vivadicas.com\/st2\/politica\/risco-de-apagao-afeta-brasil-e-gera-preocupacoes-em-diversos-setores\/3310\/#primaryimage"},"image":{"@id":"https:\/\/vivadicas.com\/st2\/politica\/risco-de-apagao-afeta-brasil-e-gera-preocupacoes-em-diversos-setores\/3310\/#primaryimage"},"thumbnailUrl":"https:\/\/vivadicas.com\/st2\/wp-content\/uploads\/2025\/07\/ai_trend_1751499332_cdd15fbe.png","datePublished":"2025-07-02T23:35:46+00:00","breadcrumb":{"@id":"https:\/\/vivadicas.com\/st2\/politica\/risco-de-apagao-afeta-brasil-e-gera-preocupacoes-em-diversos-setores\/3310\/#breadcrumb"},"inLanguage":"pt-BR","potentialAction":[{"@type":"ReadAction","target":["https:\/\/vivadicas.com\/st2\/politica\/risco-de-apagao-afeta-brasil-e-gera-preocupacoes-em-diversos-setores\/3310\/"]}]},{"@type":"ImageObject","inLanguage":"pt-BR","@id":"https:\/\/vivadicas.com\/st2\/politica\/risco-de-apagao-afeta-brasil-e-gera-preocupacoes-em-diversos-setores\/3310\/#primaryimage","url":"https:\/\/vivadicas.com\/st2\/wp-content\/uploads\/2025\/07\/ai_trend_1751499332_cdd15fbe.png","contentUrl":"https:\/\/vivadicas.com\/st2\/wp-content\/uploads\/2025\/07\/ai_trend_1751499332_cdd15fbe.png","width":1024,"height":512},{"@type":"BreadcrumbList","@id":"https:\/\/vivadicas.com\/st2\/politica\/risco-de-apagao-afeta-brasil-e-gera-preocupacoes-em-diversos-setores\/3310\/#breadcrumb","itemListElement":[{"@type":"ListItem","position":1,"name":"In\u00edcio","item":"https:\/\/vivadicas.com\/st2\/"},{"@type":"ListItem","position":2,"name":"Risco de apag\u00e3o afeta Brasil e gera preocupa\u00e7\u00f5es em diversos setores"}]},{"@type":"WebSite","@id":"https:\/\/vivadicas.com\/st2\/#website","url":"https:\/\/vivadicas.com\/st2\/","name":"TrendsBrasil","description":"Stay updated with trending topics, viral news, hot updates, breaking headlines, global trends, and real-time content. Discover what\u2019s going viral now and follow the most talked-about stories across the web, social media, and news platforms!","publisher":{"@id":"https:\/\/vivadicas.com\/st2\/#organization"},"potentialAction":[{"@type":"SearchAction","target":{"@type":"EntryPoint","urlTemplate":"https:\/\/vivadicas.com\/st2\/?s={search_term_string}"},"query-input":{"@type":"PropertyValueSpecification","valueRequired":true,"valueName":"search_term_string"}}],"inLanguage":"pt-BR"},{"@type":"Organization","@id":"https:\/\/vivadicas.com\/st2\/#organization","name":"TrendsBrasil","url":"https:\/\/vivadicas.com\/st2\/","logo":{"@type":"ImageObject","inLanguage":"pt-BR","@id":"https:\/\/vivadicas.com\/st2\/#\/schema\/logo\/image\/","url":"https:\/\/vivadicas.com\/st2\/wp-content\/uploads\/2025\/06\/ChatGPT-Image-24-de-jun.-de-2025-10_39_16-683x1024.png","contentUrl":"https:\/\/vivadicas.com\/st2\/wp-content\/uploads\/2025\/06\/ChatGPT-Image-24-de-jun.-de-2025-10_39_16-683x1024.png","width":683,"height":1024,"caption":"TrendsBrasil"},"image":{"@id":"https:\/\/vivadicas.com\/st2\/#\/schema\/logo\/image\/"}},{"@type":"Person","@id":"https:\/\/vivadicas.com\/st2\/#\/schema\/person\/f8432157bb5752f84d3a30f1c7388a16","name":"st2vivadicas","image":{"@type":"ImageObject","inLanguage":"pt-BR","@id":"https:\/\/vivadicas.com\/st2\/#\/schema\/person\/image\/","url":"https:\/\/secure.gravatar.com\/avatar\/9bb04fcca59036779222f5f2d61adc27b9b487cc07bc4064b27fa7e0a1e23e1a?s=96&d=mm&r=g","contentUrl":"https:\/\/secure.gravatar.com\/avatar\/9bb04fcca59036779222f5f2d61adc27b9b487cc07bc4064b27fa7e0a1e23e1a?s=96&d=mm&r=g","caption":"st2vivadicas"},"sameAs":["https:\/\/vivadicas.com\/st2"],"url":"https:\/\/vivadicas.com\/st2\/author\/st2vivadicas\/"}]}},"_links":{"self":[{"href":"https:\/\/vivadicas.com\/st2\/wp-json\/wp\/v2\/posts\/3310","targetHints":{"allow":["GET"]}}],"collection":[{"href":"https:\/\/vivadicas.com\/st2\/wp-json\/wp\/v2\/posts"}],"about":[{"href":"https:\/\/vivadicas.com\/st2\/wp-json\/wp\/v2\/types\/post"}],"author":[{"embeddable":true,"href":"https:\/\/vivadicas.com\/st2\/wp-json\/wp\/v2\/users\/1"}],"replies":[{"embeddable":true,"href":"https:\/\/vivadicas.com\/st2\/wp-json\/wp\/v2\/comments?post=3310"}],"version-history":[{"count":1,"href":"https:\/\/vivadicas.com\/st2\/wp-json\/wp\/v2\/posts\/3310\/revisions"}],"predecessor-version":[{"id":3311,"href":"https:\/\/vivadicas.com\/st2\/wp-json\/wp\/v2\/posts\/3310\/revisions\/3311"}],"wp:featuredmedia":[{"embeddable":true,"href":"https:\/\/vivadicas.com\/st2\/wp-json\/wp\/v2\/media\/3309"}],"wp:attachment":[{"href":"https:\/\/vivadicas.com\/st2\/wp-json\/wp\/v2\/media?parent=3310"}],"wp:term":[{"taxonomy":"category","embeddable":true,"href":"https:\/\/vivadicas.com\/st2\/wp-json\/wp\/v2\/categories?post=3310"},{"taxonomy":"post_tag","embeddable":true,"href":"https:\/\/vivadicas.com\/st2\/wp-json\/wp\/v2\/tags?post=3310"}],"curies":[{"name":"wp","href":"https:\/\/api.w.org\/{rel}","templated":true}]}}