{"id":3334,"date":"2025-07-02T21:15:49","date_gmt":"2025-07-03T00:15:49","guid":{"rendered":"https:\/\/vivadicas.com\/st2\/blog\/mefisto-e-finalmente-introduzido-no-mcu-em-coracao-de-ferro\/3334\/"},"modified":"2025-07-02T21:15:51","modified_gmt":"2025-07-03T00:15:51","slug":"mefisto-e-finalmente-introduzido-no-mcu-em-coracao-de-ferro","status":"publish","type":"post","link":"https:\/\/vivadicas.com\/st2\/entretenimento\/mefisto-e-finalmente-introduzido-no-mcu-em-coracao-de-ferro\/3334\/","title":{"rendered":"Mefisto \u00e9 finalmente introduzido no MCU em Cora\u00e7\u00e3o de Ferro"},"content":{"rendered":"<p><h2>\ud83c\udfaf A Chegada do Mefisto<\/h2>\n<\/p>\n<p>O vil\u00e3o Mefisto, uma figura ic\u00f4nica do universo Marvel, finalmente foi introduzido no MCU atrav\u00e9s da s\u00e9rie Cora\u00e7\u00e3o de Ferro. Os f\u00e3s aguardavam ansiosamente por essa estreia, que traz Mefisto \u00e0 vida com a atua\u00e7\u00e3o de Sacha Baron Cohen. A presen\u00e7a dele promete agitar ainda mais a narrativa j\u00e1 complexa do universo cinematogr\u00e1fico.<\/p>\n<p>Mefisto, conhecido por seus poderes demon\u00edacos e manipula\u00e7\u00f5es, traz uma nova camada de mist\u00e9rio e intriga. A s\u00e9rie Cora\u00e7\u00e3o de Ferro, dispon\u00edvel no Disney+, marca um ponto de virada ao incorporar esse personagem, muito esperado desde rumores que surgiram em WandaVision.<\/p>\n<p><h2>\ud83c\udfaf Detalhes sobre a Apresenta\u00e7\u00e3o<\/h2>\n<\/p>\n<p>A criadora de Cora\u00e7\u00e3o de Ferro revelou detalhes dos bastidores que cercam a introdu\u00e7\u00e3o de Mefisto. A decis\u00e3o de traz\u00ea-lo ao MCU n\u00e3o foi mera coincid\u00eancia; a conex\u00e3o entre os eventos de WandaVision e Cora\u00e7\u00e3o de Ferro foi cuidadosamente planejada. Isso indica que a Marvel est\u00e1 pronta para explorar narrativas mais sombrias.<\/p>\n<p>Os poderes de Mefisto, que incluem manipula\u00e7\u00e3o de almas e controle sobre a realidade, podem ter um papel crucial nas futuras produ\u00e7\u00f5es do MCU. Sua introdu\u00e7\u00e3o abre um leque de possibilidades para o desenvolvimento de novas hist\u00f3rias e personagens, mantendo os f\u00e3s intrigados.<\/p>\n<p><h2>\ud83d\udd0d Rumores e Expectativas<\/h2>\n<\/p>\n<p>Antes da confirma\u00e7\u00e3o, Mefisto foi alvo de especula\u00e7\u00f5es por anos. Os rumores come\u00e7aram a ganhar for\u00e7a durante o lan\u00e7amento de WandaVision, quando muitos f\u00e3s acreditavam que ele teria um papel na trama. Agora, com sua presen\u00e7a confirmada, as expectativas est\u00e3o nas alturas sobre como ele impactar\u00e1 o enredo das pr\u00f3ximas produ\u00e7\u00f5es.<\/p>\n<p>Sacha Baron Cohen, conhecido principalmente por seu trabalho em com\u00e9dias, surpreendeu a todos ao assumir um papel t\u00e3o s\u00e9rio e complexo. Sua performance como Mefisto pode se tornar um marco na hist\u00f3ria do MCU, mudando a forma como vil\u00f5es s\u00e3o retratados em hist\u00f3rias de super-her\u00f3is.<\/p>\n<p><h2>\u26a1 O Futuro do Mefisto no MCU<\/h2>\n<\/p>\n<p>A introdu\u00e7\u00e3o de Mefisto em Cora\u00e7\u00e3o de Ferro \u00e9 apenas o come\u00e7o. A Marvel j\u00e1 insinuou que o vil\u00e3o dever\u00e1 retornar em futuras produ\u00e7\u00f5es. Isso significa que os f\u00e3s podem esperar por mais conflitos que envolvam Mefisto e outros her\u00f3is do MCU.<\/p>\n<p>Como os temas de magia e realidade continuam a ser explorados, Mefisto pode se tornar uma pe\u00e7a-chave em grandes eventos futuros, como Guerras Secretas. A presen\u00e7a dele certamente trar\u00e1 novos desafios para os her\u00f3is e mais profundidade \u00e0s hist\u00f3rias.<\/p>\n<p>Em conclus\u00e3o, a chegada de Mefisto ao MCU \u00e9 um marco que os f\u00e3s aguardavam h\u00e1 anos. Com sua profundidade narrativa e pot\u00eancia como vil\u00e3o, ele promete ser um dos elementos mais intrigantes do futuro do universo Marvel.<\/p>\n<p>Gostou de saber mais sobre mefisto? Seus amigos tamb\u00e9m podem se interessar. <a href=\"https:\/\/www.addtoany.com\/share#url=https%3A%2F%2Fvivadicas.com%2Fst2%2Fentretenimento%2Fmefisto-e-finalmente-introduzido-no-mcu-em-coracao-de-ferro%2F3334%2F\" target=\"_blank\" rel=\"noopener\">Compartilhe<\/a> com eles agora mesmo!<\/p>\n","protected":false},"excerpt":{"rendered":"<p>\ud83c\udfaf A Chegada do Mefisto O vil\u00e3o Mefisto, uma figura ic\u00f4nica do universo Marvel, finalmente foi introduzido no MCU atrav\u00e9s da s\u00e9rie Cora\u00e7\u00e3o de Ferro. Os f\u00e3s aguardavam ansiosamente por essa estreia, que traz Mefisto \u00e0 vida com a atua\u00e7\u00e3o de Sacha Baron Cohen. A presen\u00e7a dele promete agitar ainda mais a narrativa j\u00e1 complexa &#8230; <a title=\"Mefisto \u00e9 finalmente introduzido no MCU em Cora\u00e7\u00e3o de Ferro\" class=\"read-more\" href=\"https:\/\/vivadicas.com\/st2\/entretenimento\/mefisto-e-finalmente-introduzido-no-mcu-em-coracao-de-ferro\/3334\/\" aria-label=\"Read more about Mefisto \u00e9 finalmente introduzido no MCU em Cora\u00e7\u00e3o de Ferro\">Ler mais<\/a><\/p>\n","protected":false},"author":1,"featured_media":3333,"comment_status":"open","ping_status":"open","sticky":false,"template":"","format":"standard","meta":{"footnotes":""},"categories":[1383],"tags":[542,540,541,3042,2025],"class_list":["post-3334","post","type-post","status-publish","format-standard","has-post-thumbnail","hentry","category-entretenimento","tag-coracao-de-ferro","tag-marvel","tag-mcu","tag-mefisto","tag-sacha-baron-cohen"],"yoast_head":"<!-- This site is optimized with the Yoast SEO plugin v25.3.1 - https:\/\/yoast.com\/wordpress\/plugins\/seo\/ -->\n<title>Mefisto \u00e9 finalmente introduzido no MCU em Cora\u00e7\u00e3o de Ferro - WordPulseTrends com<\/title>\n<meta name=\"robots\" content=\"index, follow, max-snippet:-1, max-image-preview:large, max-video-preview:-1\" \/>\n<link rel=\"canonical\" href=\"https:\/\/vivadicas.com\/st2\/entretenimento\/mefisto-e-finalmente-introduzido-no-mcu-em-coracao-de-ferro\/3334\/\" \/>\n<meta property=\"og:locale\" content=\"pt_BR\" \/>\n<meta property=\"og:type\" content=\"article\" \/>\n<meta property=\"og:title\" content=\"Mefisto \u00e9 finalmente introduzido no MCU em Cora\u00e7\u00e3o de Ferro - WordPulseTrends com\" \/>\n<meta property=\"og:description\" content=\"\ud83c\udfaf A Chegada do Mefisto O vil\u00e3o Mefisto, uma figura ic\u00f4nica do universo Marvel, finalmente foi introduzido no MCU atrav\u00e9s da s\u00e9rie Cora\u00e7\u00e3o de Ferro. Os f\u00e3s aguardavam ansiosamente por essa estreia, que traz Mefisto \u00e0 vida com a atua\u00e7\u00e3o de Sacha Baron Cohen. A presen\u00e7a dele promete agitar ainda mais a narrativa j\u00e1 complexa ... Ler mais\" \/>\n<meta property=\"og:url\" content=\"https:\/\/vivadicas.com\/st2\/entretenimento\/mefisto-e-finalmente-introduzido-no-mcu-em-coracao-de-ferro\/3334\/\" \/>\n<meta property=\"og:site_name\" content=\"WordPulseTrends com\" \/>\n<meta property=\"article:published_time\" content=\"2025-07-03T00:15:49+00:00\" \/>\n<meta property=\"article:modified_time\" content=\"2025-07-03T00:15:51+00:00\" \/>\n<meta property=\"og:image\" content=\"https:\/\/vivadicas.com\/st2\/wp-content\/uploads\/2025\/07\/ai_trend_1751501736_aa767f3a.png\" \/>\n\t<meta property=\"og:image:width\" content=\"1024\" \/>\n\t<meta property=\"og:image:height\" content=\"512\" \/>\n\t<meta property=\"og:image:type\" content=\"image\/png\" \/>\n<meta name=\"author\" content=\"st2vivadicas\" \/>\n<meta name=\"twitter:card\" content=\"summary_large_image\" \/>\n<meta name=\"twitter:label1\" content=\"Escrito por\" \/>\n\t<meta name=\"twitter:data1\" content=\"st2vivadicas\" \/>\n\t<meta name=\"twitter:label2\" content=\"Est. tempo de leitura\" \/>\n\t<meta name=\"twitter:data2\" content=\"2 minutos\" \/>\n<script type=\"application\/ld+json\" class=\"yoast-schema-graph\">{\"@context\":\"https:\/\/schema.org\",\"@graph\":[{\"@type\":\"Article\",\"@id\":\"https:\/\/vivadicas.com\/st2\/entretenimento\/mefisto-e-finalmente-introduzido-no-mcu-em-coracao-de-ferro\/3334\/#article\",\"isPartOf\":{\"@id\":\"https:\/\/vivadicas.com\/st2\/entretenimento\/mefisto-e-finalmente-introduzido-no-mcu-em-coracao-de-ferro\/3334\/\"},\"author\":{\"name\":\"st2vivadicas\",\"@id\":\"https:\/\/vivadicas.com\/st2\/#\/schema\/person\/f8432157bb5752f84d3a30f1c7388a16\"},\"headline\":\"Mefisto \u00e9 finalmente introduzido no MCU em Cora\u00e7\u00e3o de Ferro\",\"datePublished\":\"2025-07-03T00:15:49+00:00\",\"dateModified\":\"2025-07-03T00:15:51+00:00\",\"mainEntityOfPage\":{\"@id\":\"https:\/\/vivadicas.com\/st2\/entretenimento\/mefisto-e-finalmente-introduzido-no-mcu-em-coracao-de-ferro\/3334\/\"},\"wordCount\":508,\"commentCount\":0,\"publisher\":{\"@id\":\"https:\/\/vivadicas.com\/st2\/#organization\"},\"image\":{\"@id\":\"https:\/\/vivadicas.com\/st2\/entretenimento\/mefisto-e-finalmente-introduzido-no-mcu-em-coracao-de-ferro\/3334\/#primaryimage\"},\"thumbnailUrl\":\"https:\/\/vivadicas.com\/st2\/wp-content\/uploads\/2025\/07\/ai_trend_1751501736_aa767f3a.png\",\"keywords\":[\"Cora\u00e7\u00e3o de Ferro\",\"Marvel\",\"MCU\",\"Mefisto\",\"Sacha Baron Cohen\"],\"articleSection\":[\"Entretenimento\"],\"inLanguage\":\"pt-BR\",\"potentialAction\":[{\"@type\":\"CommentAction\",\"name\":\"Comment\",\"target\":[\"https:\/\/vivadicas.com\/st2\/entretenimento\/mefisto-e-finalmente-introduzido-no-mcu-em-coracao-de-ferro\/3334\/#respond\"]}]},{\"@type\":\"WebPage\",\"@id\":\"https:\/\/vivadicas.com\/st2\/entretenimento\/mefisto-e-finalmente-introduzido-no-mcu-em-coracao-de-ferro\/3334\/\",\"url\":\"https:\/\/vivadicas.com\/st2\/entretenimento\/mefisto-e-finalmente-introduzido-no-mcu-em-coracao-de-ferro\/3334\/\",\"name\":\"Mefisto \u00e9 finalmente introduzido no MCU em Cora\u00e7\u00e3o de Ferro - WordPulseTrends com\",\"isPartOf\":{\"@id\":\"https:\/\/vivadicas.com\/st2\/#website\"},\"primaryImageOfPage\":{\"@id\":\"https:\/\/vivadicas.com\/st2\/entretenimento\/mefisto-e-finalmente-introduzido-no-mcu-em-coracao-de-ferro\/3334\/#primaryimage\"},\"image\":{\"@id\":\"https:\/\/vivadicas.com\/st2\/entretenimento\/mefisto-e-finalmente-introduzido-no-mcu-em-coracao-de-ferro\/3334\/#primaryimage\"},\"thumbnailUrl\":\"https:\/\/vivadicas.com\/st2\/wp-content\/uploads\/2025\/07\/ai_trend_1751501736_aa767f3a.png\",\"datePublished\":\"2025-07-03T00:15:49+00:00\",\"dateModified\":\"2025-07-03T00:15:51+00:00\",\"breadcrumb\":{\"@id\":\"https:\/\/vivadicas.com\/st2\/entretenimento\/mefisto-e-finalmente-introduzido-no-mcu-em-coracao-de-ferro\/3334\/#breadcrumb\"},\"inLanguage\":\"pt-BR\",\"potentialAction\":[{\"@type\":\"ReadAction\",\"target\":[\"https:\/\/vivadicas.com\/st2\/entretenimento\/mefisto-e-finalmente-introduzido-no-mcu-em-coracao-de-ferro\/3334\/\"]}]},{\"@type\":\"ImageObject\",\"inLanguage\":\"pt-BR\",\"@id\":\"https:\/\/vivadicas.com\/st2\/entretenimento\/mefisto-e-finalmente-introduzido-no-mcu-em-coracao-de-ferro\/3334\/#primaryimage\",\"url\":\"https:\/\/vivadicas.com\/st2\/wp-content\/uploads\/2025\/07\/ai_trend_1751501736_aa767f3a.png\",\"contentUrl\":\"https:\/\/vivadicas.com\/st2\/wp-content\/uploads\/2025\/07\/ai_trend_1751501736_aa767f3a.png\",\"width\":1024,\"height\":512},{\"@type\":\"BreadcrumbList\",\"@id\":\"https:\/\/vivadicas.com\/st2\/entretenimento\/mefisto-e-finalmente-introduzido-no-mcu-em-coracao-de-ferro\/3334\/#breadcrumb\",\"itemListElement\":[{\"@type\":\"ListItem\",\"position\":1,\"name\":\"In\u00edcio\",\"item\":\"https:\/\/vivadicas.com\/st2\/\"},{\"@type\":\"ListItem\",\"position\":2,\"name\":\"Mefisto \u00e9 finalmente introduzido no MCU em Cora\u00e7\u00e3o de Ferro\"}]},{\"@type\":\"WebSite\",\"@id\":\"https:\/\/vivadicas.com\/st2\/#website\",\"url\":\"https:\/\/vivadicas.com\/st2\/\",\"name\":\"TrendsBrasil\",\"description\":\"Stay updated with trending topics, viral news, hot updates, breaking headlines, global trends, and real-time content. Discover what\u2019s going viral now and follow the most talked-about stories across the web, social media, and news platforms!\",\"publisher\":{\"@id\":\"https:\/\/vivadicas.com\/st2\/#organization\"},\"potentialAction\":[{\"@type\":\"SearchAction\",\"target\":{\"@type\":\"EntryPoint\",\"urlTemplate\":\"https:\/\/vivadicas.com\/st2\/?s={search_term_string}\"},\"query-input\":{\"@type\":\"PropertyValueSpecification\",\"valueRequired\":true,\"valueName\":\"search_term_string\"}}],\"inLanguage\":\"pt-BR\"},{\"@type\":\"Organization\",\"@id\":\"https:\/\/vivadicas.com\/st2\/#organization\",\"name\":\"TrendsBrasil\",\"url\":\"https:\/\/vivadicas.com\/st2\/\",\"logo\":{\"@type\":\"ImageObject\",\"inLanguage\":\"pt-BR\",\"@id\":\"https:\/\/vivadicas.com\/st2\/#\/schema\/logo\/image\/\",\"url\":\"https:\/\/vivadicas.com\/st2\/wp-content\/uploads\/2025\/06\/ChatGPT-Image-24-de-jun.-de-2025-10_39_16-683x1024.png\",\"contentUrl\":\"https:\/\/vivadicas.com\/st2\/wp-content\/uploads\/2025\/06\/ChatGPT-Image-24-de-jun.-de-2025-10_39_16-683x1024.png\",\"width\":683,\"height\":1024,\"caption\":\"TrendsBrasil\"},\"image\":{\"@id\":\"https:\/\/vivadicas.com\/st2\/#\/schema\/logo\/image\/\"}},{\"@type\":\"Person\",\"@id\":\"https:\/\/vivadicas.com\/st2\/#\/schema\/person\/f8432157bb5752f84d3a30f1c7388a16\",\"name\":\"st2vivadicas\",\"image\":{\"@type\":\"ImageObject\",\"inLanguage\":\"pt-BR\",\"@id\":\"https:\/\/vivadicas.com\/st2\/#\/schema\/person\/image\/\",\"url\":\"https:\/\/secure.gravatar.com\/avatar\/9bb04fcca59036779222f5f2d61adc27b9b487cc07bc4064b27fa7e0a1e23e1a?s=96&d=mm&r=g\",\"contentUrl\":\"https:\/\/secure.gravatar.com\/avatar\/9bb04fcca59036779222f5f2d61adc27b9b487cc07bc4064b27fa7e0a1e23e1a?s=96&d=mm&r=g\",\"caption\":\"st2vivadicas\"},\"sameAs\":[\"https:\/\/vivadicas.com\/st2\"],\"url\":\"https:\/\/vivadicas.com\/st2\/author\/st2vivadicas\/\"}]}<\/script>\n<!-- \/ Yoast SEO plugin. -->","yoast_head_json":{"title":"Mefisto \u00e9 finalmente introduzido no MCU em Cora\u00e7\u00e3o de Ferro - WordPulseTrends com","robots":{"index":"index","follow":"follow","max-snippet":"max-snippet:-1","max-image-preview":"max-image-preview:large","max-video-preview":"max-video-preview:-1"},"canonical":"https:\/\/vivadicas.com\/st2\/entretenimento\/mefisto-e-finalmente-introduzido-no-mcu-em-coracao-de-ferro\/3334\/","og_locale":"pt_BR","og_type":"article","og_title":"Mefisto \u00e9 finalmente introduzido no MCU em Cora\u00e7\u00e3o de Ferro - WordPulseTrends com","og_description":"\ud83c\udfaf A Chegada do Mefisto O vil\u00e3o Mefisto, uma figura ic\u00f4nica do universo Marvel, finalmente foi introduzido no MCU atrav\u00e9s da s\u00e9rie Cora\u00e7\u00e3o de Ferro. Os f\u00e3s aguardavam ansiosamente por essa estreia, que traz Mefisto \u00e0 vida com a atua\u00e7\u00e3o de Sacha Baron Cohen. A presen\u00e7a dele promete agitar ainda mais a narrativa j\u00e1 complexa ... Ler mais","og_url":"https:\/\/vivadicas.com\/st2\/entretenimento\/mefisto-e-finalmente-introduzido-no-mcu-em-coracao-de-ferro\/3334\/","og_site_name":"WordPulseTrends com","article_published_time":"2025-07-03T00:15:49+00:00","article_modified_time":"2025-07-03T00:15:51+00:00","og_image":[{"width":1024,"height":512,"url":"https:\/\/vivadicas.com\/st2\/wp-content\/uploads\/2025\/07\/ai_trend_1751501736_aa767f3a.png","type":"image\/png"}],"author":"st2vivadicas","twitter_card":"summary_large_image","twitter_misc":{"Escrito por":"st2vivadicas","Est. tempo de leitura":"2 minutos"},"schema":{"@context":"https:\/\/schema.org","@graph":[{"@type":"Article","@id":"https:\/\/vivadicas.com\/st2\/entretenimento\/mefisto-e-finalmente-introduzido-no-mcu-em-coracao-de-ferro\/3334\/#article","isPartOf":{"@id":"https:\/\/vivadicas.com\/st2\/entretenimento\/mefisto-e-finalmente-introduzido-no-mcu-em-coracao-de-ferro\/3334\/"},"author":{"name":"st2vivadicas","@id":"https:\/\/vivadicas.com\/st2\/#\/schema\/person\/f8432157bb5752f84d3a30f1c7388a16"},"headline":"Mefisto \u00e9 finalmente introduzido no MCU em Cora\u00e7\u00e3o de Ferro","datePublished":"2025-07-03T00:15:49+00:00","dateModified":"2025-07-03T00:15:51+00:00","mainEntityOfPage":{"@id":"https:\/\/vivadicas.com\/st2\/entretenimento\/mefisto-e-finalmente-introduzido-no-mcu-em-coracao-de-ferro\/3334\/"},"wordCount":508,"commentCount":0,"publisher":{"@id":"https:\/\/vivadicas.com\/st2\/#organization"},"image":{"@id":"https:\/\/vivadicas.com\/st2\/entretenimento\/mefisto-e-finalmente-introduzido-no-mcu-em-coracao-de-ferro\/3334\/#primaryimage"},"thumbnailUrl":"https:\/\/vivadicas.com\/st2\/wp-content\/uploads\/2025\/07\/ai_trend_1751501736_aa767f3a.png","keywords":["Cora\u00e7\u00e3o de Ferro","Marvel","MCU","Mefisto","Sacha Baron Cohen"],"articleSection":["Entretenimento"],"inLanguage":"pt-BR","potentialAction":[{"@type":"CommentAction","name":"Comment","target":["https:\/\/vivadicas.com\/st2\/entretenimento\/mefisto-e-finalmente-introduzido-no-mcu-em-coracao-de-ferro\/3334\/#respond"]}]},{"@type":"WebPage","@id":"https:\/\/vivadicas.com\/st2\/entretenimento\/mefisto-e-finalmente-introduzido-no-mcu-em-coracao-de-ferro\/3334\/","url":"https:\/\/vivadicas.com\/st2\/entretenimento\/mefisto-e-finalmente-introduzido-no-mcu-em-coracao-de-ferro\/3334\/","name":"Mefisto \u00e9 finalmente introduzido no MCU em Cora\u00e7\u00e3o de Ferro - WordPulseTrends com","isPartOf":{"@id":"https:\/\/vivadicas.com\/st2\/#website"},"primaryImageOfPage":{"@id":"https:\/\/vivadicas.com\/st2\/entretenimento\/mefisto-e-finalmente-introduzido-no-mcu-em-coracao-de-ferro\/3334\/#primaryimage"},"image":{"@id":"https:\/\/vivadicas.com\/st2\/entretenimento\/mefisto-e-finalmente-introduzido-no-mcu-em-coracao-de-ferro\/3334\/#primaryimage"},"thumbnailUrl":"https:\/\/vivadicas.com\/st2\/wp-content\/uploads\/2025\/07\/ai_trend_1751501736_aa767f3a.png","datePublished":"2025-07-03T00:15:49+00:00","dateModified":"2025-07-03T00:15:51+00:00","breadcrumb":{"@id":"https:\/\/vivadicas.com\/st2\/entretenimento\/mefisto-e-finalmente-introduzido-no-mcu-em-coracao-de-ferro\/3334\/#breadcrumb"},"inLanguage":"pt-BR","potentialAction":[{"@type":"ReadAction","target":["https:\/\/vivadicas.com\/st2\/entretenimento\/mefisto-e-finalmente-introduzido-no-mcu-em-coracao-de-ferro\/3334\/"]}]},{"@type":"ImageObject","inLanguage":"pt-BR","@id":"https:\/\/vivadicas.com\/st2\/entretenimento\/mefisto-e-finalmente-introduzido-no-mcu-em-coracao-de-ferro\/3334\/#primaryimage","url":"https:\/\/vivadicas.com\/st2\/wp-content\/uploads\/2025\/07\/ai_trend_1751501736_aa767f3a.png","contentUrl":"https:\/\/vivadicas.com\/st2\/wp-content\/uploads\/2025\/07\/ai_trend_1751501736_aa767f3a.png","width":1024,"height":512},{"@type":"BreadcrumbList","@id":"https:\/\/vivadicas.com\/st2\/entretenimento\/mefisto-e-finalmente-introduzido-no-mcu-em-coracao-de-ferro\/3334\/#breadcrumb","itemListElement":[{"@type":"ListItem","position":1,"name":"In\u00edcio","item":"https:\/\/vivadicas.com\/st2\/"},{"@type":"ListItem","position":2,"name":"Mefisto \u00e9 finalmente introduzido no MCU em Cora\u00e7\u00e3o de Ferro"}]},{"@type":"WebSite","@id":"https:\/\/vivadicas.com\/st2\/#website","url":"https:\/\/vivadicas.com\/st2\/","name":"TrendsBrasil","description":"Stay updated with trending topics, viral news, hot updates, breaking headlines, global trends, and real-time content. Discover what\u2019s going viral now and follow the most talked-about stories across the web, social media, and news platforms!","publisher":{"@id":"https:\/\/vivadicas.com\/st2\/#organization"},"potentialAction":[{"@type":"SearchAction","target":{"@type":"EntryPoint","urlTemplate":"https:\/\/vivadicas.com\/st2\/?s={search_term_string}"},"query-input":{"@type":"PropertyValueSpecification","valueRequired":true,"valueName":"search_term_string"}}],"inLanguage":"pt-BR"},{"@type":"Organization","@id":"https:\/\/vivadicas.com\/st2\/#organization","name":"TrendsBrasil","url":"https:\/\/vivadicas.com\/st2\/","logo":{"@type":"ImageObject","inLanguage":"pt-BR","@id":"https:\/\/vivadicas.com\/st2\/#\/schema\/logo\/image\/","url":"https:\/\/vivadicas.com\/st2\/wp-content\/uploads\/2025\/06\/ChatGPT-Image-24-de-jun.-de-2025-10_39_16-683x1024.png","contentUrl":"https:\/\/vivadicas.com\/st2\/wp-content\/uploads\/2025\/06\/ChatGPT-Image-24-de-jun.-de-2025-10_39_16-683x1024.png","width":683,"height":1024,"caption":"TrendsBrasil"},"image":{"@id":"https:\/\/vivadicas.com\/st2\/#\/schema\/logo\/image\/"}},{"@type":"Person","@id":"https:\/\/vivadicas.com\/st2\/#\/schema\/person\/f8432157bb5752f84d3a30f1c7388a16","name":"st2vivadicas","image":{"@type":"ImageObject","inLanguage":"pt-BR","@id":"https:\/\/vivadicas.com\/st2\/#\/schema\/person\/image\/","url":"https:\/\/secure.gravatar.com\/avatar\/9bb04fcca59036779222f5f2d61adc27b9b487cc07bc4064b27fa7e0a1e23e1a?s=96&d=mm&r=g","contentUrl":"https:\/\/secure.gravatar.com\/avatar\/9bb04fcca59036779222f5f2d61adc27b9b487cc07bc4064b27fa7e0a1e23e1a?s=96&d=mm&r=g","caption":"st2vivadicas"},"sameAs":["https:\/\/vivadicas.com\/st2"],"url":"https:\/\/vivadicas.com\/st2\/author\/st2vivadicas\/"}]}},"_links":{"self":[{"href":"https:\/\/vivadicas.com\/st2\/wp-json\/wp\/v2\/posts\/3334","targetHints":{"allow":["GET"]}}],"collection":[{"href":"https:\/\/vivadicas.com\/st2\/wp-json\/wp\/v2\/posts"}],"about":[{"href":"https:\/\/vivadicas.com\/st2\/wp-json\/wp\/v2\/types\/post"}],"author":[{"embeddable":true,"href":"https:\/\/vivadicas.com\/st2\/wp-json\/wp\/v2\/users\/1"}],"replies":[{"embeddable":true,"href":"https:\/\/vivadicas.com\/st2\/wp-json\/wp\/v2\/comments?post=3334"}],"version-history":[{"count":1,"href":"https:\/\/vivadicas.com\/st2\/wp-json\/wp\/v2\/posts\/3334\/revisions"}],"predecessor-version":[{"id":3335,"href":"https:\/\/vivadicas.com\/st2\/wp-json\/wp\/v2\/posts\/3334\/revisions\/3335"}],"wp:featuredmedia":[{"embeddable":true,"href":"https:\/\/vivadicas.com\/st2\/wp-json\/wp\/v2\/media\/3333"}],"wp:attachment":[{"href":"https:\/\/vivadicas.com\/st2\/wp-json\/wp\/v2\/media?parent=3334"}],"wp:term":[{"taxonomy":"category","embeddable":true,"href":"https:\/\/vivadicas.com\/st2\/wp-json\/wp\/v2\/categories?post=3334"},{"taxonomy":"post_tag","embeddable":true,"href":"https:\/\/vivadicas.com\/st2\/wp-json\/wp\/v2\/tags?post=3334"}],"curies":[{"name":"wp","href":"https:\/\/api.w.org\/{rel}","templated":true}]}}