{"id":3545,"date":"2025-07-03T08:25:52","date_gmt":"2025-07-03T11:25:52","guid":{"rendered":"https:\/\/vivadicas.com\/st2\/blog\/cadastro-unico-avancos-e-novidades-na-inclusao-social\/3545\/"},"modified":"2025-07-03T08:25:53","modified_gmt":"2025-07-03T11:25:53","slug":"cadastro-unico-avancos-e-novidades-na-inclusao-social","status":"publish","type":"post","link":"https:\/\/vivadicas.com\/st2\/sociedade\/cadastro-unico-avancos-e-novidades-na-inclusao-social\/3545\/","title":{"rendered":"Cadastro \u00danico: Avan\u00e7os e Novidades na Inclus\u00e3o Social"},"content":{"rendered":"<p><h2>\ud83c\udfaf O que \u00e9 o Cad\u00danico?<\/h2>\n<\/p>\n<p>O Cadastro \u00danico, popularmente conhecido como Cad\u00danico, \u00e9 uma ferramenta essencial do governo brasileiro. Ele re\u00fane informa\u00e7\u00f5es sobre fam\u00edlias de baixa renda, permitindo o acesso a diversos programas sociais. O Cad\u00danico busca garantir que as pol\u00edticas p\u00fablicas alcancem quem mais precisa.<\/p>\n<p>A import\u00e2ncia do Cad\u00danico se reflete em sua capacidade de integrar informa\u00e7\u00f5es, facilitando a inclus\u00e3o social. Com ele, o governo pode identificar e atender melhor as necessidades das fam\u00edlias em situa\u00e7\u00e3o de vulnerabilidade. Recentemente, novas medidas t\u00eam sido implementadas para modernizar e ampliar seus benef\u00edcios.<\/p>\n<p><h2>\ud83c\udfaf Novidades e Benef\u00edcios Recentes<\/h2>\n<\/p>\n<p>Um destaque recente \u00e9 a san\u00e7\u00e3o da Lei 15.153\/2025, que prev\u00ea o custeio da Carteira Nacional de Habilita\u00e7\u00e3o (CNH) para os inscritos no Cad\u00danico. Essa iniciativa tem como objetivo facilitar a mobilidade e aumentar as oportunidades de trabalho para essas fam\u00edlias.<\/p>\n<p>Al\u00e9m disso, o Minist\u00e9rio da Educa\u00e7\u00e3o anunciou que os inscritos no Cad\u00danico e doadores de medula ter\u00e3o gratuidade em diversas institui\u00e7\u00f5es de ensino. Essa \u00e9 uma forma de incentivar a educa\u00e7\u00e3o e a solidariedade, promovendo um acesso mais igualit\u00e1rio ao sistema.<\/p>\n<p><h2>\u26a1 Moderniza\u00e7\u00e3o do Sistema Cad\u00danico<\/h2>\n<\/p>\n<p>Em um esfor\u00e7o para melhorar a efici\u00eancia do Cad\u00danico, a Dataprev assumiu a gest\u00e3o do sistema. Antes sob a responsabilidade da Caixa Econ\u00f4mica Federal, essa mudan\u00e7a promete trazer mais agilidade e seguran\u00e7a no processamento das informa\u00e7\u00f5es.<\/p>\n<p>A Prefeitura de Campina Grande tamb\u00e9m est\u00e1 desenvolvendo uma nova ferramenta para facilitar o cadastro dos usu\u00e1rios. Essa inova\u00e7\u00e3o deve ser implantada em agosto de 2025 e promete simplificar ainda mais o acesso aos servi\u00e7os sociais.<\/p>\n<p><h2>\ud83d\udcc8 Mutir\u00f5es e A\u00e7\u00f5es de Atualiza\u00e7\u00e3o<\/h2>\n<\/p>\n<p>V\u00e1rias prefeituras est\u00e3o realizando mutir\u00f5es para atualizar os cadastros do Cad\u00danico. Recentemente, a Prefeitura de Barra Mansa organizou a\u00e7\u00f5es no bairro Santa Izabel para atender os moradores. Essas iniciativas s\u00e3o fundamentais para garantir que as informa\u00e7\u00f5es estejam sempre atualizadas, permitindo uma melhor distribui\u00e7\u00e3o dos recursos.<\/p>\n<p>Esses mutir\u00f5es tamb\u00e9m t\u00eam o papel de esclarecer d\u00favidas sobre o processo de cadastro e os benef\u00edcios dispon\u00edveis. A participa\u00e7\u00e3o da comunidade \u00e9 essencial para o sucesso dessas campanhas.<\/p>\n<p><h2>\ud83c\udfaf Conclus\u00e3o<\/h2>\n<\/p>\n<p>O Cad\u00danico \u00e9 uma ferramenta crucial na luta contra a desigualdade social no Brasil. Com as recentes inova\u00e7\u00f5es e benef\u00edcios, ele se torna ainda mais relevante para milhares de fam\u00edlias. A inclus\u00e3o social est\u00e1 em constante evolu\u00e7\u00e3o e depende da participa\u00e7\u00e3o ativa da sociedade.<\/p>\n<p>Gostou de saber mais sobre cad\u00fanico? Seus amigos tamb\u00e9m podem se interessar. <a href=\"https:\/\/www.addtoany.com\/share#url=https%3A%2F%2Fvivadicas.com%2Fst2%2Fsociedade%2Fcadastro-unico-avancos-e-novidades-na-inclusao-social%2F3545%2F\" target=\"_blank\" rel=\"noopener\">Compartilhe<\/a> com eles agora mesmo!<\/p>\n","protected":false},"excerpt":{"rendered":"<p>\ud83c\udfaf O que \u00e9 o Cad\u00danico? O Cadastro \u00danico, popularmente conhecido como Cad\u00danico, \u00e9 uma ferramenta essencial do governo brasileiro. Ele re\u00fane informa\u00e7\u00f5es sobre fam\u00edlias de baixa renda, permitindo o acesso a diversos programas sociais. O Cad\u00danico busca garantir que as pol\u00edticas p\u00fablicas alcancem quem mais precisa. A import\u00e2ncia do Cad\u00danico se reflete em sua &#8230; <a title=\"Cadastro \u00danico: Avan\u00e7os e Novidades na Inclus\u00e3o Social\" class=\"read-more\" href=\"https:\/\/vivadicas.com\/st2\/sociedade\/cadastro-unico-avancos-e-novidades-na-inclusao-social\/3545\/\" aria-label=\"Read more about Cadastro \u00danico: Avan\u00e7os e Novidades na Inclus\u00e3o Social\">Ler mais<\/a><\/p>\n","protected":false},"author":1,"featured_media":3544,"comment_status":"open","ping_status":"open","sticky":false,"template":"","format":"standard","meta":{"footnotes":""},"categories":[2196],"tags":[3073,3182,3183,102,3177],"class_list":["post-3545","post","type-post","status-publish","format-standard","has-post-thumbnail","hentry","category-sociedade","tag-beneficios","tag-cadastro-unico","tag-cnh","tag-inclusao-social","tag-modernizacao"],"yoast_head":"<!-- This site is optimized with the Yoast SEO plugin v25.3.1 - https:\/\/yoast.com\/wordpress\/plugins\/seo\/ -->\n<title>Cadastro \u00danico: Avan\u00e7os e Novidades na Inclus\u00e3o Social - WordPulseTrends com<\/title>\n<meta name=\"robots\" content=\"index, follow, max-snippet:-1, max-image-preview:large, max-video-preview:-1\" \/>\n<link rel=\"canonical\" href=\"https:\/\/vivadicas.com\/st2\/sociedade\/cadastro-unico-avancos-e-novidades-na-inclusao-social\/3545\/\" \/>\n<meta property=\"og:locale\" content=\"pt_BR\" \/>\n<meta property=\"og:type\" content=\"article\" \/>\n<meta property=\"og:title\" content=\"Cadastro \u00danico: Avan\u00e7os e Novidades na Inclus\u00e3o Social - WordPulseTrends com\" \/>\n<meta property=\"og:description\" content=\"\ud83c\udfaf O que \u00e9 o Cad\u00danico? O Cadastro \u00danico, popularmente conhecido como Cad\u00danico, \u00e9 uma ferramenta essencial do governo brasileiro. Ele re\u00fane informa\u00e7\u00f5es sobre fam\u00edlias de baixa renda, permitindo o acesso a diversos programas sociais. O Cad\u00danico busca garantir que as pol\u00edticas p\u00fablicas alcancem quem mais precisa. A import\u00e2ncia do Cad\u00danico se reflete em sua ... Ler mais\" \/>\n<meta property=\"og:url\" content=\"https:\/\/vivadicas.com\/st2\/sociedade\/cadastro-unico-avancos-e-novidades-na-inclusao-social\/3545\/\" \/>\n<meta property=\"og:site_name\" content=\"WordPulseTrends com\" \/>\n<meta property=\"article:published_time\" content=\"2025-07-03T11:25:52+00:00\" \/>\n<meta property=\"article:modified_time\" content=\"2025-07-03T11:25:53+00:00\" \/>\n<meta property=\"og:image\" content=\"https:\/\/vivadicas.com\/st2\/wp-content\/uploads\/2025\/07\/ai_trend_1751541938_b22fa972.png\" \/>\n\t<meta property=\"og:image:width\" content=\"1024\" \/>\n\t<meta property=\"og:image:height\" content=\"512\" \/>\n\t<meta property=\"og:image:type\" content=\"image\/png\" \/>\n<meta name=\"author\" content=\"st2vivadicas\" \/>\n<meta name=\"twitter:card\" content=\"summary_large_image\" \/>\n<meta name=\"twitter:label1\" content=\"Escrito por\" \/>\n\t<meta name=\"twitter:data1\" content=\"st2vivadicas\" \/>\n\t<meta name=\"twitter:label2\" content=\"Est. tempo de leitura\" \/>\n\t<meta name=\"twitter:data2\" content=\"2 minutos\" \/>\n<script type=\"application\/ld+json\" class=\"yoast-schema-graph\">{\"@context\":\"https:\/\/schema.org\",\"@graph\":[{\"@type\":\"Article\",\"@id\":\"https:\/\/vivadicas.com\/st2\/sociedade\/cadastro-unico-avancos-e-novidades-na-inclusao-social\/3545\/#article\",\"isPartOf\":{\"@id\":\"https:\/\/vivadicas.com\/st2\/sociedade\/cadastro-unico-avancos-e-novidades-na-inclusao-social\/3545\/\"},\"author\":{\"name\":\"st2vivadicas\",\"@id\":\"https:\/\/vivadicas.com\/st2\/#\/schema\/person\/f8432157bb5752f84d3a30f1c7388a16\"},\"headline\":\"Cadastro \u00danico: Avan\u00e7os e Novidades na Inclus\u00e3o Social\",\"datePublished\":\"2025-07-03T11:25:52+00:00\",\"dateModified\":\"2025-07-03T11:25:53+00:00\",\"mainEntityOfPage\":{\"@id\":\"https:\/\/vivadicas.com\/st2\/sociedade\/cadastro-unico-avancos-e-novidades-na-inclusao-social\/3545\/\"},\"wordCount\":467,\"commentCount\":0,\"publisher\":{\"@id\":\"https:\/\/vivadicas.com\/st2\/#organization\"},\"image\":{\"@id\":\"https:\/\/vivadicas.com\/st2\/sociedade\/cadastro-unico-avancos-e-novidades-na-inclusao-social\/3545\/#primaryimage\"},\"thumbnailUrl\":\"https:\/\/vivadicas.com\/st2\/wp-content\/uploads\/2025\/07\/ai_trend_1751541938_b22fa972.png\",\"keywords\":[\"benef\u00edcios\",\"Cadastro \u00danico\",\"CNH\",\"inclus\u00e3o social\",\"moderniza\u00e7\u00e3o\"],\"articleSection\":[\"Sociedade\"],\"inLanguage\":\"pt-BR\",\"potentialAction\":[{\"@type\":\"CommentAction\",\"name\":\"Comment\",\"target\":[\"https:\/\/vivadicas.com\/st2\/sociedade\/cadastro-unico-avancos-e-novidades-na-inclusao-social\/3545\/#respond\"]}]},{\"@type\":\"WebPage\",\"@id\":\"https:\/\/vivadicas.com\/st2\/sociedade\/cadastro-unico-avancos-e-novidades-na-inclusao-social\/3545\/\",\"url\":\"https:\/\/vivadicas.com\/st2\/sociedade\/cadastro-unico-avancos-e-novidades-na-inclusao-social\/3545\/\",\"name\":\"Cadastro \u00danico: Avan\u00e7os e Novidades na Inclus\u00e3o Social - WordPulseTrends com\",\"isPartOf\":{\"@id\":\"https:\/\/vivadicas.com\/st2\/#website\"},\"primaryImageOfPage\":{\"@id\":\"https:\/\/vivadicas.com\/st2\/sociedade\/cadastro-unico-avancos-e-novidades-na-inclusao-social\/3545\/#primaryimage\"},\"image\":{\"@id\":\"https:\/\/vivadicas.com\/st2\/sociedade\/cadastro-unico-avancos-e-novidades-na-inclusao-social\/3545\/#primaryimage\"},\"thumbnailUrl\":\"https:\/\/vivadicas.com\/st2\/wp-content\/uploads\/2025\/07\/ai_trend_1751541938_b22fa972.png\",\"datePublished\":\"2025-07-03T11:25:52+00:00\",\"dateModified\":\"2025-07-03T11:25:53+00:00\",\"breadcrumb\":{\"@id\":\"https:\/\/vivadicas.com\/st2\/sociedade\/cadastro-unico-avancos-e-novidades-na-inclusao-social\/3545\/#breadcrumb\"},\"inLanguage\":\"pt-BR\",\"potentialAction\":[{\"@type\":\"ReadAction\",\"target\":[\"https:\/\/vivadicas.com\/st2\/sociedade\/cadastro-unico-avancos-e-novidades-na-inclusao-social\/3545\/\"]}]},{\"@type\":\"ImageObject\",\"inLanguage\":\"pt-BR\",\"@id\":\"https:\/\/vivadicas.com\/st2\/sociedade\/cadastro-unico-avancos-e-novidades-na-inclusao-social\/3545\/#primaryimage\",\"url\":\"https:\/\/vivadicas.com\/st2\/wp-content\/uploads\/2025\/07\/ai_trend_1751541938_b22fa972.png\",\"contentUrl\":\"https:\/\/vivadicas.com\/st2\/wp-content\/uploads\/2025\/07\/ai_trend_1751541938_b22fa972.png\",\"width\":1024,\"height\":512},{\"@type\":\"BreadcrumbList\",\"@id\":\"https:\/\/vivadicas.com\/st2\/sociedade\/cadastro-unico-avancos-e-novidades-na-inclusao-social\/3545\/#breadcrumb\",\"itemListElement\":[{\"@type\":\"ListItem\",\"position\":1,\"name\":\"In\u00edcio\",\"item\":\"https:\/\/vivadicas.com\/st2\/\"},{\"@type\":\"ListItem\",\"position\":2,\"name\":\"Cadastro \u00danico: Avan\u00e7os e Novidades na Inclus\u00e3o Social\"}]},{\"@type\":\"WebSite\",\"@id\":\"https:\/\/vivadicas.com\/st2\/#website\",\"url\":\"https:\/\/vivadicas.com\/st2\/\",\"name\":\"TrendsBrasil\",\"description\":\"Stay updated with trending topics, viral news, hot updates, breaking headlines, global trends, and real-time content. Discover what\u2019s going viral now and follow the most talked-about stories across the web, social media, and news platforms!\",\"publisher\":{\"@id\":\"https:\/\/vivadicas.com\/st2\/#organization\"},\"potentialAction\":[{\"@type\":\"SearchAction\",\"target\":{\"@type\":\"EntryPoint\",\"urlTemplate\":\"https:\/\/vivadicas.com\/st2\/?s={search_term_string}\"},\"query-input\":{\"@type\":\"PropertyValueSpecification\",\"valueRequired\":true,\"valueName\":\"search_term_string\"}}],\"inLanguage\":\"pt-BR\"},{\"@type\":\"Organization\",\"@id\":\"https:\/\/vivadicas.com\/st2\/#organization\",\"name\":\"TrendsBrasil\",\"url\":\"https:\/\/vivadicas.com\/st2\/\",\"logo\":{\"@type\":\"ImageObject\",\"inLanguage\":\"pt-BR\",\"@id\":\"https:\/\/vivadicas.com\/st2\/#\/schema\/logo\/image\/\",\"url\":\"https:\/\/vivadicas.com\/st2\/wp-content\/uploads\/2025\/06\/ChatGPT-Image-24-de-jun.-de-2025-10_39_16-683x1024.png\",\"contentUrl\":\"https:\/\/vivadicas.com\/st2\/wp-content\/uploads\/2025\/06\/ChatGPT-Image-24-de-jun.-de-2025-10_39_16-683x1024.png\",\"width\":683,\"height\":1024,\"caption\":\"TrendsBrasil\"},\"image\":{\"@id\":\"https:\/\/vivadicas.com\/st2\/#\/schema\/logo\/image\/\"}},{\"@type\":\"Person\",\"@id\":\"https:\/\/vivadicas.com\/st2\/#\/schema\/person\/f8432157bb5752f84d3a30f1c7388a16\",\"name\":\"st2vivadicas\",\"image\":{\"@type\":\"ImageObject\",\"inLanguage\":\"pt-BR\",\"@id\":\"https:\/\/vivadicas.com\/st2\/#\/schema\/person\/image\/\",\"url\":\"https:\/\/secure.gravatar.com\/avatar\/9bb04fcca59036779222f5f2d61adc27b9b487cc07bc4064b27fa7e0a1e23e1a?s=96&d=mm&r=g\",\"contentUrl\":\"https:\/\/secure.gravatar.com\/avatar\/9bb04fcca59036779222f5f2d61adc27b9b487cc07bc4064b27fa7e0a1e23e1a?s=96&d=mm&r=g\",\"caption\":\"st2vivadicas\"},\"sameAs\":[\"https:\/\/vivadicas.com\/st2\"],\"url\":\"https:\/\/vivadicas.com\/st2\/author\/st2vivadicas\/\"}]}<\/script>\n<!-- \/ Yoast SEO plugin. -->","yoast_head_json":{"title":"Cadastro \u00danico: Avan\u00e7os e Novidades na Inclus\u00e3o Social - WordPulseTrends com","robots":{"index":"index","follow":"follow","max-snippet":"max-snippet:-1","max-image-preview":"max-image-preview:large","max-video-preview":"max-video-preview:-1"},"canonical":"https:\/\/vivadicas.com\/st2\/sociedade\/cadastro-unico-avancos-e-novidades-na-inclusao-social\/3545\/","og_locale":"pt_BR","og_type":"article","og_title":"Cadastro \u00danico: Avan\u00e7os e Novidades na Inclus\u00e3o Social - WordPulseTrends com","og_description":"\ud83c\udfaf O que \u00e9 o Cad\u00danico? O Cadastro \u00danico, popularmente conhecido como Cad\u00danico, \u00e9 uma ferramenta essencial do governo brasileiro. Ele re\u00fane informa\u00e7\u00f5es sobre fam\u00edlias de baixa renda, permitindo o acesso a diversos programas sociais. O Cad\u00danico busca garantir que as pol\u00edticas p\u00fablicas alcancem quem mais precisa. A import\u00e2ncia do Cad\u00danico se reflete em sua ... Ler mais","og_url":"https:\/\/vivadicas.com\/st2\/sociedade\/cadastro-unico-avancos-e-novidades-na-inclusao-social\/3545\/","og_site_name":"WordPulseTrends com","article_published_time":"2025-07-03T11:25:52+00:00","article_modified_time":"2025-07-03T11:25:53+00:00","og_image":[{"width":1024,"height":512,"url":"https:\/\/vivadicas.com\/st2\/wp-content\/uploads\/2025\/07\/ai_trend_1751541938_b22fa972.png","type":"image\/png"}],"author":"st2vivadicas","twitter_card":"summary_large_image","twitter_misc":{"Escrito por":"st2vivadicas","Est. tempo de leitura":"2 minutos"},"schema":{"@context":"https:\/\/schema.org","@graph":[{"@type":"Article","@id":"https:\/\/vivadicas.com\/st2\/sociedade\/cadastro-unico-avancos-e-novidades-na-inclusao-social\/3545\/#article","isPartOf":{"@id":"https:\/\/vivadicas.com\/st2\/sociedade\/cadastro-unico-avancos-e-novidades-na-inclusao-social\/3545\/"},"author":{"name":"st2vivadicas","@id":"https:\/\/vivadicas.com\/st2\/#\/schema\/person\/f8432157bb5752f84d3a30f1c7388a16"},"headline":"Cadastro \u00danico: Avan\u00e7os e Novidades na Inclus\u00e3o Social","datePublished":"2025-07-03T11:25:52+00:00","dateModified":"2025-07-03T11:25:53+00:00","mainEntityOfPage":{"@id":"https:\/\/vivadicas.com\/st2\/sociedade\/cadastro-unico-avancos-e-novidades-na-inclusao-social\/3545\/"},"wordCount":467,"commentCount":0,"publisher":{"@id":"https:\/\/vivadicas.com\/st2\/#organization"},"image":{"@id":"https:\/\/vivadicas.com\/st2\/sociedade\/cadastro-unico-avancos-e-novidades-na-inclusao-social\/3545\/#primaryimage"},"thumbnailUrl":"https:\/\/vivadicas.com\/st2\/wp-content\/uploads\/2025\/07\/ai_trend_1751541938_b22fa972.png","keywords":["benef\u00edcios","Cadastro \u00danico","CNH","inclus\u00e3o social","moderniza\u00e7\u00e3o"],"articleSection":["Sociedade"],"inLanguage":"pt-BR","potentialAction":[{"@type":"CommentAction","name":"Comment","target":["https:\/\/vivadicas.com\/st2\/sociedade\/cadastro-unico-avancos-e-novidades-na-inclusao-social\/3545\/#respond"]}]},{"@type":"WebPage","@id":"https:\/\/vivadicas.com\/st2\/sociedade\/cadastro-unico-avancos-e-novidades-na-inclusao-social\/3545\/","url":"https:\/\/vivadicas.com\/st2\/sociedade\/cadastro-unico-avancos-e-novidades-na-inclusao-social\/3545\/","name":"Cadastro \u00danico: Avan\u00e7os e Novidades na Inclus\u00e3o Social - WordPulseTrends com","isPartOf":{"@id":"https:\/\/vivadicas.com\/st2\/#website"},"primaryImageOfPage":{"@id":"https:\/\/vivadicas.com\/st2\/sociedade\/cadastro-unico-avancos-e-novidades-na-inclusao-social\/3545\/#primaryimage"},"image":{"@id":"https:\/\/vivadicas.com\/st2\/sociedade\/cadastro-unico-avancos-e-novidades-na-inclusao-social\/3545\/#primaryimage"},"thumbnailUrl":"https:\/\/vivadicas.com\/st2\/wp-content\/uploads\/2025\/07\/ai_trend_1751541938_b22fa972.png","datePublished":"2025-07-03T11:25:52+00:00","dateModified":"2025-07-03T11:25:53+00:00","breadcrumb":{"@id":"https:\/\/vivadicas.com\/st2\/sociedade\/cadastro-unico-avancos-e-novidades-na-inclusao-social\/3545\/#breadcrumb"},"inLanguage":"pt-BR","potentialAction":[{"@type":"ReadAction","target":["https:\/\/vivadicas.com\/st2\/sociedade\/cadastro-unico-avancos-e-novidades-na-inclusao-social\/3545\/"]}]},{"@type":"ImageObject","inLanguage":"pt-BR","@id":"https:\/\/vivadicas.com\/st2\/sociedade\/cadastro-unico-avancos-e-novidades-na-inclusao-social\/3545\/#primaryimage","url":"https:\/\/vivadicas.com\/st2\/wp-content\/uploads\/2025\/07\/ai_trend_1751541938_b22fa972.png","contentUrl":"https:\/\/vivadicas.com\/st2\/wp-content\/uploads\/2025\/07\/ai_trend_1751541938_b22fa972.png","width":1024,"height":512},{"@type":"BreadcrumbList","@id":"https:\/\/vivadicas.com\/st2\/sociedade\/cadastro-unico-avancos-e-novidades-na-inclusao-social\/3545\/#breadcrumb","itemListElement":[{"@type":"ListItem","position":1,"name":"In\u00edcio","item":"https:\/\/vivadicas.com\/st2\/"},{"@type":"ListItem","position":2,"name":"Cadastro \u00danico: Avan\u00e7os e Novidades na Inclus\u00e3o Social"}]},{"@type":"WebSite","@id":"https:\/\/vivadicas.com\/st2\/#website","url":"https:\/\/vivadicas.com\/st2\/","name":"TrendsBrasil","description":"Stay updated with trending topics, viral news, hot updates, breaking headlines, global trends, and real-time content. Discover what\u2019s going viral now and follow the most talked-about stories across the web, social media, and news platforms!","publisher":{"@id":"https:\/\/vivadicas.com\/st2\/#organization"},"potentialAction":[{"@type":"SearchAction","target":{"@type":"EntryPoint","urlTemplate":"https:\/\/vivadicas.com\/st2\/?s={search_term_string}"},"query-input":{"@type":"PropertyValueSpecification","valueRequired":true,"valueName":"search_term_string"}}],"inLanguage":"pt-BR"},{"@type":"Organization","@id":"https:\/\/vivadicas.com\/st2\/#organization","name":"TrendsBrasil","url":"https:\/\/vivadicas.com\/st2\/","logo":{"@type":"ImageObject","inLanguage":"pt-BR","@id":"https:\/\/vivadicas.com\/st2\/#\/schema\/logo\/image\/","url":"https:\/\/vivadicas.com\/st2\/wp-content\/uploads\/2025\/06\/ChatGPT-Image-24-de-jun.-de-2025-10_39_16-683x1024.png","contentUrl":"https:\/\/vivadicas.com\/st2\/wp-content\/uploads\/2025\/06\/ChatGPT-Image-24-de-jun.-de-2025-10_39_16-683x1024.png","width":683,"height":1024,"caption":"TrendsBrasil"},"image":{"@id":"https:\/\/vivadicas.com\/st2\/#\/schema\/logo\/image\/"}},{"@type":"Person","@id":"https:\/\/vivadicas.com\/st2\/#\/schema\/person\/f8432157bb5752f84d3a30f1c7388a16","name":"st2vivadicas","image":{"@type":"ImageObject","inLanguage":"pt-BR","@id":"https:\/\/vivadicas.com\/st2\/#\/schema\/person\/image\/","url":"https:\/\/secure.gravatar.com\/avatar\/9bb04fcca59036779222f5f2d61adc27b9b487cc07bc4064b27fa7e0a1e23e1a?s=96&d=mm&r=g","contentUrl":"https:\/\/secure.gravatar.com\/avatar\/9bb04fcca59036779222f5f2d61adc27b9b487cc07bc4064b27fa7e0a1e23e1a?s=96&d=mm&r=g","caption":"st2vivadicas"},"sameAs":["https:\/\/vivadicas.com\/st2"],"url":"https:\/\/vivadicas.com\/st2\/author\/st2vivadicas\/"}]}},"_links":{"self":[{"href":"https:\/\/vivadicas.com\/st2\/wp-json\/wp\/v2\/posts\/3545","targetHints":{"allow":["GET"]}}],"collection":[{"href":"https:\/\/vivadicas.com\/st2\/wp-json\/wp\/v2\/posts"}],"about":[{"href":"https:\/\/vivadicas.com\/st2\/wp-json\/wp\/v2\/types\/post"}],"author":[{"embeddable":true,"href":"https:\/\/vivadicas.com\/st2\/wp-json\/wp\/v2\/users\/1"}],"replies":[{"embeddable":true,"href":"https:\/\/vivadicas.com\/st2\/wp-json\/wp\/v2\/comments?post=3545"}],"version-history":[{"count":1,"href":"https:\/\/vivadicas.com\/st2\/wp-json\/wp\/v2\/posts\/3545\/revisions"}],"predecessor-version":[{"id":3546,"href":"https:\/\/vivadicas.com\/st2\/wp-json\/wp\/v2\/posts\/3545\/revisions\/3546"}],"wp:featuredmedia":[{"embeddable":true,"href":"https:\/\/vivadicas.com\/st2\/wp-json\/wp\/v2\/media\/3544"}],"wp:attachment":[{"href":"https:\/\/vivadicas.com\/st2\/wp-json\/wp\/v2\/media?parent=3545"}],"wp:term":[{"taxonomy":"category","embeddable":true,"href":"https:\/\/vivadicas.com\/st2\/wp-json\/wp\/v2\/categories?post=3545"},{"taxonomy":"post_tag","embeddable":true,"href":"https:\/\/vivadicas.com\/st2\/wp-json\/wp\/v2\/tags?post=3545"}],"curies":[{"name":"wp","href":"https:\/\/api.w.org\/{rel}","templated":true}]}}