{"id":4158,"date":"2025-07-04T13:36:11","date_gmt":"2025-07-04T16:36:11","guid":{"rendered":"https:\/\/vivadicas.com\/st2\/blog\/ultimo-show-do-black-sabbath-marca-o-fim-de-uma-era\/4158\/"},"modified":"2025-07-04T13:36:13","modified_gmt":"2025-07-04T16:36:13","slug":"ultimo-show-do-black-sabbath-marca-o-fim-de-uma-era","status":"publish","type":"post","link":"https:\/\/vivadicas.com\/st2\/entretenimento\/ultimo-show-do-black-sabbath-marca-o-fim-de-uma-era\/4158\/","title":{"rendered":"\u00daltimo show do Black Sabbath marca o fim de uma era"},"content":{"rendered":"<p><h2>\ud83c\udfaf A despedida de Ozzy Osbourne e Black Sabbath<\/h2>\n<\/p>\n<p>O ic\u00f4nico Black Sabbath se despede dos palcos com um espet\u00e1culo que promete ser inesquec\u00edvel. Ozzy Osbourne, vocalista da banda, enfrentou d\u00e9cadas de desafios pessoais, incluindo o uso de drogas e um diagn\u00f3stico de Parkinson. Este \u00faltimo show do Black Sabbath ser\u00e1 um momento marcante para todos os f\u00e3s.<\/p>\n<p>No pr\u00f3ximo dia 5 de julho, o grupo realizar\u00e1 a apresenta\u00e7\u00e3o chamada &#8220;Back to the Beginning&#8221; no Villa Park, em Birmingham. A emo\u00e7\u00e3o promete ser intensa, tanto para os m\u00fasicos quanto para o p\u00fablico presente. Este evento simboliza o encerramento de uma trajet\u00f3ria que influenciou gera\u00e7\u00f5es.<\/p>\n<p><h2>\ud83c\udfaf Como assistir ao show de despedida<\/h2>\n<\/p>\n<p>Os f\u00e3s que desejam ver essa apresenta\u00e7\u00e3o hist\u00f3rica poder\u00e3o acompanhar ao vivo atrav\u00e9s de uma transmiss\u00e3o online. O evento ser\u00e1 cobrado, mas permitir\u00e1 que f\u00e3s de diversas partes do mundo se conectem a esse momento especial do Black Sabbath. As informa\u00e7\u00f5es sobre como acessar a transmiss\u00e3o j\u00e1 est\u00e3o dispon\u00edveis em v\u00e1rias plataformas.<\/p>\n<p>Ozzy Osbourne, que se prepara para sua \u00faltima performance, ir\u00e1 interpretar cl\u00e1ssicos que marcaram sua carreira. A expectativa \u00e9 alta, e muitos est\u00e3o ansiosos para saber quais m\u00fasicas estar\u00e3o no repert\u00f3rio final. De acordo com Tony Iommi, guitarrista da banda, a sele\u00e7\u00e3o de can\u00e7\u00f5es ficar\u00e1 em torno de hits que definiram o heavy metal.<\/p>\n<p><h2>\ud83c\udfaf Honraria em Birmingham<\/h2>\n<\/p>\n<p>Recentemente, os membros originais do Black Sabbath foram homenageados na cidade de Birmingham, recebendo a honraria de City Freeman. Este reconhecimento ressalta a import\u00e2ncia da banda para a cultura musical local e mundial. A cerim\u00f4nia, realizada no \u00faltimo dia 28 de junho, foi um tributo \u00e0 contribui\u00e7\u00e3o do grupo para o rock.<\/p>\n<p>A trajet\u00f3ria do Black Sabbath \u00e9 marcada por inova\u00e7\u00f5es e desafios. Desde sua funda\u00e7\u00e3o na d\u00e9cada de 1960, a banda tornou-se um pilar do heavy metal, influenciando uma infinidade de outros artistas ao longo dos anos. Essa \u00faltima apresenta\u00e7\u00e3o \u00e9 um testemunho do legado duradouro que deixaram.<\/p>\n<p><h2>\ud83c\udfaf O que esperar do show final<\/h2>\n<\/p>\n<p>Os preparativos est\u00e3o em andamento e a equipe do Black Sabbath se esfor\u00e7a para proporcionar um espet\u00e1culo inesquec\u00edvel. Os f\u00e3s podem esperar uma produ\u00e7\u00e3o grandiosa, com efeitos visuais e sonoros que homenageiam a rica hist\u00f3ria da banda. A apresenta\u00e7\u00e3o promete ser uma celebra\u00e7\u00e3o, n\u00e3o apenas da m\u00fasica, mas tamb\u00e9m da conex\u00e3o entre os m\u00fasicos e seus admiradores.<\/p>\n<p>Ozzy Osbourne, que j\u00e1 enfrentou diversas batalhas pessoais, inclusive sua sa\u00fade, destaca a import\u00e2ncia deste momento. Ele expressa gratid\u00e3o a todos os f\u00e3s que estiveram ao lado do Black Sabbath durante sua jornada. O show ser\u00e1 uma oportunidade para relembrar os melhores momentos da banda.<\/p>\n<p>A contagem regressiva j\u00e1 come\u00e7ou. Os f\u00e3s est\u00e3o ansiosos e a expectativa s\u00f3 aumenta \u00e0 medida que a data se aproxima. Essa despedida n\u00e3o \u00e9 apenas um fim, mas sim um tributo a tudo que o Black Sabbath representou no cen\u00e1rio musical.<\/p>\n<p>Gostou de saber mais sobre black sabbath? Seus amigos tamb\u00e9m podem se interessar. <a href=\"https:\/\/www.addtoany.com\/share#url=https%3A%2F%2Fvivadicas.com%2Fst2%2Fentretenimento%2Fultimo-show-do-black-sabbath-marca-o-fim-de-uma-era%2F4158%2F\" target=\"_blank\" rel=\"noopener\">Compartilhe<\/a> com eles agora mesmo!<\/p>\n","protected":false},"excerpt":{"rendered":"<p>\ud83c\udfaf A despedida de Ozzy Osbourne e Black Sabbath O ic\u00f4nico Black Sabbath se despede dos palcos com um espet\u00e1culo que promete ser inesquec\u00edvel. Ozzy Osbourne, vocalista da banda, enfrentou d\u00e9cadas de desafios pessoais, incluindo o uso de drogas e um diagn\u00f3stico de Parkinson. Este \u00faltimo show do Black Sabbath ser\u00e1 um momento marcante para &#8230; <a title=\"\u00daltimo show do Black Sabbath marca o fim de uma era\" class=\"read-more\" href=\"https:\/\/vivadicas.com\/st2\/entretenimento\/ultimo-show-do-black-sabbath-marca-o-fim-de-uma-era\/4158\/\" aria-label=\"Read more about \u00daltimo show do Black Sabbath marca o fim de uma era\">Ler mais<\/a><\/p>\n","protected":false},"author":1,"featured_media":0,"comment_status":"open","ping_status":"open","sticky":false,"template":"","format":"standard","meta":{"footnotes":""},"categories":[1383],"tags":[3536,3434,3535,3433,3435],"class_list":["post-4158","post","type-post","status-publish","format-standard","hentry","category-entretenimento","tag-birmingham","tag-black-sabbath","tag-heavy-metal","tag-ozzy-osbourne","tag-show-de-despedida"],"yoast_head":"<!-- This site is optimized with the Yoast SEO plugin v25.3.1 - https:\/\/yoast.com\/wordpress\/plugins\/seo\/ -->\n<title>\u00daltimo show do Black Sabbath marca o fim de uma era - WordPulseTrends com<\/title>\n<meta name=\"robots\" content=\"index, follow, max-snippet:-1, max-image-preview:large, max-video-preview:-1\" \/>\n<link rel=\"canonical\" href=\"https:\/\/vivadicas.com\/st2\/entretenimento\/ultimo-show-do-black-sabbath-marca-o-fim-de-uma-era\/4158\/\" \/>\n<meta property=\"og:locale\" content=\"pt_BR\" \/>\n<meta property=\"og:type\" content=\"article\" \/>\n<meta property=\"og:title\" content=\"\u00daltimo show do Black Sabbath marca o fim de uma era - WordPulseTrends com\" \/>\n<meta property=\"og:description\" content=\"\ud83c\udfaf A despedida de Ozzy Osbourne e Black Sabbath O ic\u00f4nico Black Sabbath se despede dos palcos com um espet\u00e1culo que promete ser inesquec\u00edvel. Ozzy Osbourne, vocalista da banda, enfrentou d\u00e9cadas de desafios pessoais, incluindo o uso de drogas e um diagn\u00f3stico de Parkinson. Este \u00faltimo show do Black Sabbath ser\u00e1 um momento marcante para ... Ler mais\" \/>\n<meta property=\"og:url\" content=\"https:\/\/vivadicas.com\/st2\/entretenimento\/ultimo-show-do-black-sabbath-marca-o-fim-de-uma-era\/4158\/\" \/>\n<meta property=\"og:site_name\" content=\"WordPulseTrends com\" \/>\n<meta property=\"article:published_time\" content=\"2025-07-04T16:36:11+00:00\" \/>\n<meta property=\"article:modified_time\" content=\"2025-07-04T16:36:13+00:00\" \/>\n<meta name=\"author\" content=\"st2vivadicas\" \/>\n<meta name=\"twitter:card\" content=\"summary_large_image\" \/>\n<meta name=\"twitter:label1\" content=\"Escrito por\" \/>\n\t<meta name=\"twitter:data1\" content=\"st2vivadicas\" \/>\n\t<meta name=\"twitter:label2\" content=\"Est. tempo de leitura\" \/>\n\t<meta name=\"twitter:data2\" content=\"3 minutos\" \/>\n<script type=\"application\/ld+json\" class=\"yoast-schema-graph\">{\"@context\":\"https:\/\/schema.org\",\"@graph\":[{\"@type\":\"Article\",\"@id\":\"https:\/\/vivadicas.com\/st2\/entretenimento\/ultimo-show-do-black-sabbath-marca-o-fim-de-uma-era\/4158\/#article\",\"isPartOf\":{\"@id\":\"https:\/\/vivadicas.com\/st2\/entretenimento\/ultimo-show-do-black-sabbath-marca-o-fim-de-uma-era\/4158\/\"},\"author\":{\"name\":\"st2vivadicas\",\"@id\":\"https:\/\/vivadicas.com\/st2\/#\/schema\/person\/f8432157bb5752f84d3a30f1c7388a16\"},\"headline\":\"\u00daltimo show do Black Sabbath marca o fim de uma era\",\"datePublished\":\"2025-07-04T16:36:11+00:00\",\"dateModified\":\"2025-07-04T16:36:13+00:00\",\"mainEntityOfPage\":{\"@id\":\"https:\/\/vivadicas.com\/st2\/entretenimento\/ultimo-show-do-black-sabbath-marca-o-fim-de-uma-era\/4158\/\"},\"wordCount\":551,\"commentCount\":0,\"publisher\":{\"@id\":\"https:\/\/vivadicas.com\/st2\/#organization\"},\"keywords\":[\"Birmingham\",\"Black Sabbath\",\"heavy metal\",\"Ozzy Osbourne\",\"show de despedida\"],\"articleSection\":[\"Entretenimento\"],\"inLanguage\":\"pt-BR\",\"potentialAction\":[{\"@type\":\"CommentAction\",\"name\":\"Comment\",\"target\":[\"https:\/\/vivadicas.com\/st2\/entretenimento\/ultimo-show-do-black-sabbath-marca-o-fim-de-uma-era\/4158\/#respond\"]}]},{\"@type\":\"WebPage\",\"@id\":\"https:\/\/vivadicas.com\/st2\/entretenimento\/ultimo-show-do-black-sabbath-marca-o-fim-de-uma-era\/4158\/\",\"url\":\"https:\/\/vivadicas.com\/st2\/entretenimento\/ultimo-show-do-black-sabbath-marca-o-fim-de-uma-era\/4158\/\",\"name\":\"\u00daltimo show do Black Sabbath marca o fim de uma era - WordPulseTrends com\",\"isPartOf\":{\"@id\":\"https:\/\/vivadicas.com\/st2\/#website\"},\"datePublished\":\"2025-07-04T16:36:11+00:00\",\"dateModified\":\"2025-07-04T16:36:13+00:00\",\"breadcrumb\":{\"@id\":\"https:\/\/vivadicas.com\/st2\/entretenimento\/ultimo-show-do-black-sabbath-marca-o-fim-de-uma-era\/4158\/#breadcrumb\"},\"inLanguage\":\"pt-BR\",\"potentialAction\":[{\"@type\":\"ReadAction\",\"target\":[\"https:\/\/vivadicas.com\/st2\/entretenimento\/ultimo-show-do-black-sabbath-marca-o-fim-de-uma-era\/4158\/\"]}]},{\"@type\":\"BreadcrumbList\",\"@id\":\"https:\/\/vivadicas.com\/st2\/entretenimento\/ultimo-show-do-black-sabbath-marca-o-fim-de-uma-era\/4158\/#breadcrumb\",\"itemListElement\":[{\"@type\":\"ListItem\",\"position\":1,\"name\":\"In\u00edcio\",\"item\":\"https:\/\/vivadicas.com\/st2\/\"},{\"@type\":\"ListItem\",\"position\":2,\"name\":\"\u00daltimo show do Black Sabbath marca o fim de uma era\"}]},{\"@type\":\"WebSite\",\"@id\":\"https:\/\/vivadicas.com\/st2\/#website\",\"url\":\"https:\/\/vivadicas.com\/st2\/\",\"name\":\"TrendsBrasil\",\"description\":\"Stay updated with trending topics, viral news, hot updates, breaking headlines, global trends, and real-time content. Discover what\u2019s going viral now and follow the most talked-about stories across the web, social media, and news platforms!\",\"publisher\":{\"@id\":\"https:\/\/vivadicas.com\/st2\/#organization\"},\"potentialAction\":[{\"@type\":\"SearchAction\",\"target\":{\"@type\":\"EntryPoint\",\"urlTemplate\":\"https:\/\/vivadicas.com\/st2\/?s={search_term_string}\"},\"query-input\":{\"@type\":\"PropertyValueSpecification\",\"valueRequired\":true,\"valueName\":\"search_term_string\"}}],\"inLanguage\":\"pt-BR\"},{\"@type\":\"Organization\",\"@id\":\"https:\/\/vivadicas.com\/st2\/#organization\",\"name\":\"TrendsBrasil\",\"url\":\"https:\/\/vivadicas.com\/st2\/\",\"logo\":{\"@type\":\"ImageObject\",\"inLanguage\":\"pt-BR\",\"@id\":\"https:\/\/vivadicas.com\/st2\/#\/schema\/logo\/image\/\",\"url\":\"https:\/\/vivadicas.com\/st2\/wp-content\/uploads\/2025\/06\/ChatGPT-Image-24-de-jun.-de-2025-10_39_16-683x1024.png\",\"contentUrl\":\"https:\/\/vivadicas.com\/st2\/wp-content\/uploads\/2025\/06\/ChatGPT-Image-24-de-jun.-de-2025-10_39_16-683x1024.png\",\"width\":683,\"height\":1024,\"caption\":\"TrendsBrasil\"},\"image\":{\"@id\":\"https:\/\/vivadicas.com\/st2\/#\/schema\/logo\/image\/\"}},{\"@type\":\"Person\",\"@id\":\"https:\/\/vivadicas.com\/st2\/#\/schema\/person\/f8432157bb5752f84d3a30f1c7388a16\",\"name\":\"st2vivadicas\",\"image\":{\"@type\":\"ImageObject\",\"inLanguage\":\"pt-BR\",\"@id\":\"https:\/\/vivadicas.com\/st2\/#\/schema\/person\/image\/\",\"url\":\"https:\/\/secure.gravatar.com\/avatar\/9bb04fcca59036779222f5f2d61adc27b9b487cc07bc4064b27fa7e0a1e23e1a?s=96&d=mm&r=g\",\"contentUrl\":\"https:\/\/secure.gravatar.com\/avatar\/9bb04fcca59036779222f5f2d61adc27b9b487cc07bc4064b27fa7e0a1e23e1a?s=96&d=mm&r=g\",\"caption\":\"st2vivadicas\"},\"sameAs\":[\"https:\/\/vivadicas.com\/st2\"],\"url\":\"https:\/\/vivadicas.com\/st2\/author\/st2vivadicas\/\"}]}<\/script>\n<!-- \/ Yoast SEO plugin. -->","yoast_head_json":{"title":"\u00daltimo show do Black Sabbath marca o fim de uma era - WordPulseTrends com","robots":{"index":"index","follow":"follow","max-snippet":"max-snippet:-1","max-image-preview":"max-image-preview:large","max-video-preview":"max-video-preview:-1"},"canonical":"https:\/\/vivadicas.com\/st2\/entretenimento\/ultimo-show-do-black-sabbath-marca-o-fim-de-uma-era\/4158\/","og_locale":"pt_BR","og_type":"article","og_title":"\u00daltimo show do Black Sabbath marca o fim de uma era - WordPulseTrends com","og_description":"\ud83c\udfaf A despedida de Ozzy Osbourne e Black Sabbath O ic\u00f4nico Black Sabbath se despede dos palcos com um espet\u00e1culo que promete ser inesquec\u00edvel. Ozzy Osbourne, vocalista da banda, enfrentou d\u00e9cadas de desafios pessoais, incluindo o uso de drogas e um diagn\u00f3stico de Parkinson. Este \u00faltimo show do Black Sabbath ser\u00e1 um momento marcante para ... Ler mais","og_url":"https:\/\/vivadicas.com\/st2\/entretenimento\/ultimo-show-do-black-sabbath-marca-o-fim-de-uma-era\/4158\/","og_site_name":"WordPulseTrends com","article_published_time":"2025-07-04T16:36:11+00:00","article_modified_time":"2025-07-04T16:36:13+00:00","author":"st2vivadicas","twitter_card":"summary_large_image","twitter_misc":{"Escrito por":"st2vivadicas","Est. tempo de leitura":"3 minutos"},"schema":{"@context":"https:\/\/schema.org","@graph":[{"@type":"Article","@id":"https:\/\/vivadicas.com\/st2\/entretenimento\/ultimo-show-do-black-sabbath-marca-o-fim-de-uma-era\/4158\/#article","isPartOf":{"@id":"https:\/\/vivadicas.com\/st2\/entretenimento\/ultimo-show-do-black-sabbath-marca-o-fim-de-uma-era\/4158\/"},"author":{"name":"st2vivadicas","@id":"https:\/\/vivadicas.com\/st2\/#\/schema\/person\/f8432157bb5752f84d3a30f1c7388a16"},"headline":"\u00daltimo show do Black Sabbath marca o fim de uma era","datePublished":"2025-07-04T16:36:11+00:00","dateModified":"2025-07-04T16:36:13+00:00","mainEntityOfPage":{"@id":"https:\/\/vivadicas.com\/st2\/entretenimento\/ultimo-show-do-black-sabbath-marca-o-fim-de-uma-era\/4158\/"},"wordCount":551,"commentCount":0,"publisher":{"@id":"https:\/\/vivadicas.com\/st2\/#organization"},"keywords":["Birmingham","Black Sabbath","heavy metal","Ozzy Osbourne","show de despedida"],"articleSection":["Entretenimento"],"inLanguage":"pt-BR","potentialAction":[{"@type":"CommentAction","name":"Comment","target":["https:\/\/vivadicas.com\/st2\/entretenimento\/ultimo-show-do-black-sabbath-marca-o-fim-de-uma-era\/4158\/#respond"]}]},{"@type":"WebPage","@id":"https:\/\/vivadicas.com\/st2\/entretenimento\/ultimo-show-do-black-sabbath-marca-o-fim-de-uma-era\/4158\/","url":"https:\/\/vivadicas.com\/st2\/entretenimento\/ultimo-show-do-black-sabbath-marca-o-fim-de-uma-era\/4158\/","name":"\u00daltimo show do Black Sabbath marca o fim de uma era - WordPulseTrends com","isPartOf":{"@id":"https:\/\/vivadicas.com\/st2\/#website"},"datePublished":"2025-07-04T16:36:11+00:00","dateModified":"2025-07-04T16:36:13+00:00","breadcrumb":{"@id":"https:\/\/vivadicas.com\/st2\/entretenimento\/ultimo-show-do-black-sabbath-marca-o-fim-de-uma-era\/4158\/#breadcrumb"},"inLanguage":"pt-BR","potentialAction":[{"@type":"ReadAction","target":["https:\/\/vivadicas.com\/st2\/entretenimento\/ultimo-show-do-black-sabbath-marca-o-fim-de-uma-era\/4158\/"]}]},{"@type":"BreadcrumbList","@id":"https:\/\/vivadicas.com\/st2\/entretenimento\/ultimo-show-do-black-sabbath-marca-o-fim-de-uma-era\/4158\/#breadcrumb","itemListElement":[{"@type":"ListItem","position":1,"name":"In\u00edcio","item":"https:\/\/vivadicas.com\/st2\/"},{"@type":"ListItem","position":2,"name":"\u00daltimo show do Black Sabbath marca o fim de uma era"}]},{"@type":"WebSite","@id":"https:\/\/vivadicas.com\/st2\/#website","url":"https:\/\/vivadicas.com\/st2\/","name":"TrendsBrasil","description":"Stay updated with trending topics, viral news, hot updates, breaking headlines, global trends, and real-time content. Discover what\u2019s going viral now and follow the most talked-about stories across the web, social media, and news platforms!","publisher":{"@id":"https:\/\/vivadicas.com\/st2\/#organization"},"potentialAction":[{"@type":"SearchAction","target":{"@type":"EntryPoint","urlTemplate":"https:\/\/vivadicas.com\/st2\/?s={search_term_string}"},"query-input":{"@type":"PropertyValueSpecification","valueRequired":true,"valueName":"search_term_string"}}],"inLanguage":"pt-BR"},{"@type":"Organization","@id":"https:\/\/vivadicas.com\/st2\/#organization","name":"TrendsBrasil","url":"https:\/\/vivadicas.com\/st2\/","logo":{"@type":"ImageObject","inLanguage":"pt-BR","@id":"https:\/\/vivadicas.com\/st2\/#\/schema\/logo\/image\/","url":"https:\/\/vivadicas.com\/st2\/wp-content\/uploads\/2025\/06\/ChatGPT-Image-24-de-jun.-de-2025-10_39_16-683x1024.png","contentUrl":"https:\/\/vivadicas.com\/st2\/wp-content\/uploads\/2025\/06\/ChatGPT-Image-24-de-jun.-de-2025-10_39_16-683x1024.png","width":683,"height":1024,"caption":"TrendsBrasil"},"image":{"@id":"https:\/\/vivadicas.com\/st2\/#\/schema\/logo\/image\/"}},{"@type":"Person","@id":"https:\/\/vivadicas.com\/st2\/#\/schema\/person\/f8432157bb5752f84d3a30f1c7388a16","name":"st2vivadicas","image":{"@type":"ImageObject","inLanguage":"pt-BR","@id":"https:\/\/vivadicas.com\/st2\/#\/schema\/person\/image\/","url":"https:\/\/secure.gravatar.com\/avatar\/9bb04fcca59036779222f5f2d61adc27b9b487cc07bc4064b27fa7e0a1e23e1a?s=96&d=mm&r=g","contentUrl":"https:\/\/secure.gravatar.com\/avatar\/9bb04fcca59036779222f5f2d61adc27b9b487cc07bc4064b27fa7e0a1e23e1a?s=96&d=mm&r=g","caption":"st2vivadicas"},"sameAs":["https:\/\/vivadicas.com\/st2"],"url":"https:\/\/vivadicas.com\/st2\/author\/st2vivadicas\/"}]}},"_links":{"self":[{"href":"https:\/\/vivadicas.com\/st2\/wp-json\/wp\/v2\/posts\/4158","targetHints":{"allow":["GET"]}}],"collection":[{"href":"https:\/\/vivadicas.com\/st2\/wp-json\/wp\/v2\/posts"}],"about":[{"href":"https:\/\/vivadicas.com\/st2\/wp-json\/wp\/v2\/types\/post"}],"author":[{"embeddable":true,"href":"https:\/\/vivadicas.com\/st2\/wp-json\/wp\/v2\/users\/1"}],"replies":[{"embeddable":true,"href":"https:\/\/vivadicas.com\/st2\/wp-json\/wp\/v2\/comments?post=4158"}],"version-history":[{"count":1,"href":"https:\/\/vivadicas.com\/st2\/wp-json\/wp\/v2\/posts\/4158\/revisions"}],"predecessor-version":[{"id":4159,"href":"https:\/\/vivadicas.com\/st2\/wp-json\/wp\/v2\/posts\/4158\/revisions\/4159"}],"wp:attachment":[{"href":"https:\/\/vivadicas.com\/st2\/wp-json\/wp\/v2\/media?parent=4158"}],"wp:term":[{"taxonomy":"category","embeddable":true,"href":"https:\/\/vivadicas.com\/st2\/wp-json\/wp\/v2\/categories?post=4158"},{"taxonomy":"post_tag","embeddable":true,"href":"https:\/\/vivadicas.com\/st2\/wp-json\/wp\/v2\/tags?post=4158"}],"curies":[{"name":"wp","href":"https:\/\/api.w.org\/{rel}","templated":true}]}}