{"id":4304,"date":"2025-07-04T20:05:28","date_gmt":"2025-07-04T23:05:28","guid":{"rendered":"https:\/\/vivadicas.com\/st2\/blog\/xv-de-piracicaba-x-primavera-confronto-pelos-lideres-do-grupo-3-na-copa-paulista\/4304\/"},"modified":"2025-07-04T20:05:29","modified_gmt":"2025-07-04T23:05:29","slug":"xv-de-piracicaba-x-primavera-confronto-pelos-lideres-do-grupo-3-na-copa-paulista","status":"publish","type":"post","link":"https:\/\/vivadicas.com\/st2\/esportes\/xv-de-piracicaba-x-primavera-confronto-pelos-lideres-do-grupo-3-na-copa-paulista\/4304\/","title":{"rendered":"XV de Piracicaba x Primavera: Confronto pelos L\u00edderes do Grupo 3 na Copa Paulista"},"content":{"rendered":"<p><h2>\ud83c\udfaf Um Duelo de Invictos<\/h2>\n<\/p>\n<p>O jogo entre XV de Piracicaba x Primavera promete ser eletrizante. Ambas as equipes buscam a lideran\u00e7a do Grupo 3 da Copa Paulista 2025. O confronto acontece nesta sexta-feira, 4 de julho, \u00e0s 20h, no Est\u00e1dio Bar\u00e3o da Serra Negra, em Piracicaba.<\/p>\n<p>O XV de Piracicaba est\u00e1 em alta ap\u00f3s vencer o Guarani, assumindo a lideran\u00e7a do grupo. J\u00e1 o Primavera se destaca por sua invencibilidade fora de casa, onde n\u00e3o perde h\u00e1 sete jogos. Essa sequ\u00eancia inclui duas vit\u00f3rias e cinco empates, al\u00e9m de n\u00e3o ter sofrido gols nesse per\u00edodo.<\/p>\n<p><h2>\ud83d\udcca Estat\u00edsticas que Impressionam<\/h2>\n<\/p>\n<p>O desempenho do Primavera \u00e9 not\u00e1vel, especialmente no quesito defesa. O time n\u00e3o tomou gols nos \u00faltimos sete jogos fora de casa, demonstrando uma solidez defensiva impressionante. Por outro lado, o XV de Piracicaba chega confiante ap\u00f3s a vit\u00f3ria contra o Guarani, onde venceu por 2 a 1, o que d\u00e1 um \u00e2nimo extra para o embate.<\/p>\n<p>Este jogo \u00e9 crucial e pode definir n\u00e3o s\u00f3 a lideran\u00e7a do grupo, mas tamb\u00e9m o moral das equipes para as pr\u00f3ximas rodadas. Ambas as equipes t\u00eam jogado um futebol consistente e repleto de estrat\u00e9gias para garantir seus objetivos.<\/p>\n<p><h2>\ud83d\udca1 Onde Assistir ao Confronto<\/h2>\n<\/p>\n<p>Os torcedores podem acompanhar o jogo entre XV de Piracicaba x Primavera ao vivo. A partida ser\u00e1 transmitida por plataformas como DAZN e Sportv, garantindo que todos possam ver essa batalha emocionante. Para os que n\u00e3o puderem assistir, atualiza\u00e7\u00f5es ao vivo estar\u00e3o dispon\u00edveis em diversos sites de esportes.<\/p>\n<p>O confronto \u00e9 uma excelente oportunidade para os f\u00e3s de futebol acompanharem os melhores jogadores da regi\u00e3o. A rivalidade entre as equipes e a busca pela lideran\u00e7a do grupo tornam este jogo ainda mais especial.<\/p>\n<p><h2>\ud83d\udd0d Expectativas e Progn\u00f3sticos<\/h2>\n<\/p>\n<p>As expectativas s\u00e3o altas para o jogo entre XV de Piracicaba x Primavera. Com ambas as equipes apresentando um bom futebol, o equil\u00edbrio deve ser a t\u00f4nica do jogo. O Primavera, conhecido por sua defesa s\u00f3lida, vai enfrentar um ataque aguerrido do XV de Piracicaba, que busca reafirmar sua posi\u00e7\u00e3o de lideran\u00e7a.<\/p>\n<p>Os palpites entre os analistas est\u00e3o divididos. Enquanto alguns apostam na vit\u00f3ria do Nh\u00f4 Quim, outros acreditam que o Primavera pode surpreender e manter sua invencibilidade. O que se sabe \u00e9 que o p\u00fablico pode esperar um jogo intenso e cheio de emo\u00e7\u00f5es.<\/p>\n<p>Gostou de saber mais sobre xv de piracicaba x primavera? Seus amigos tamb\u00e9m podem se interessar. <a href=\"https:\/\/www.addtoany.com\/share#url=https%3A%2F%2Fvivadicas.com%2Fst2%2Fesportes%2Fxv-de-piracicaba-x-primavera-confronto-pelos-lideres-do-grupo-3-na-copa-paulista%2F4304%2F\" target=\"_blank\" rel=\"noopener\">Compartilhe<\/a> com eles agora mesmo!<\/p>\n","protected":false},"excerpt":{"rendered":"<p>\ud83c\udfaf Um Duelo de Invictos O jogo entre XV de Piracicaba x Primavera promete ser eletrizante. Ambas as equipes buscam a lideran\u00e7a do Grupo 3 da Copa Paulista 2025. O confronto acontece nesta sexta-feira, 4 de julho, \u00e0s 20h, no Est\u00e1dio Bar\u00e3o da Serra Negra, em Piracicaba. O XV de Piracicaba est\u00e1 em alta ap\u00f3s &#8230; <a title=\"XV de Piracicaba x Primavera: Confronto pelos L\u00edderes do Grupo 3 na Copa Paulista\" class=\"read-more\" href=\"https:\/\/vivadicas.com\/st2\/esportes\/xv-de-piracicaba-x-primavera-confronto-pelos-lideres-do-grupo-3-na-copa-paulista\/4304\/\" aria-label=\"Read more about XV de Piracicaba x Primavera: Confronto pelos L\u00edderes do Grupo 3 na Copa Paulista\">Ler mais<\/a><\/p>\n","protected":false},"author":1,"featured_media":4303,"comment_status":"open","ping_status":"open","sticky":false,"template":"","format":"standard","meta":{"footnotes":""},"categories":[1199],"tags":[1446,52,789,3608,3607],"class_list":["post-4304","post","type-post","status-publish","format-standard","has-post-thumbnail","hentry","category-esportes","tag-copa-paulista","tag-futebol","tag-lideranca","tag-primavera","tag-xv-de-piracicaba"],"yoast_head":"<!-- This site is optimized with the Yoast SEO plugin v25.3.1 - https:\/\/yoast.com\/wordpress\/plugins\/seo\/ -->\n<title>XV de Piracicaba x Primavera: Confronto pelos L\u00edderes do Grupo 3 na Copa Paulista - WordPulseTrends com<\/title>\n<meta name=\"robots\" content=\"index, follow, max-snippet:-1, max-image-preview:large, max-video-preview:-1\" \/>\n<link rel=\"canonical\" href=\"https:\/\/vivadicas.com\/st2\/esportes\/xv-de-piracicaba-x-primavera-confronto-pelos-lideres-do-grupo-3-na-copa-paulista\/4304\/\" \/>\n<meta property=\"og:locale\" content=\"pt_BR\" \/>\n<meta property=\"og:type\" content=\"article\" \/>\n<meta property=\"og:title\" content=\"XV de Piracicaba x Primavera: Confronto pelos L\u00edderes do Grupo 3 na Copa Paulista - WordPulseTrends com\" \/>\n<meta property=\"og:description\" content=\"\ud83c\udfaf Um Duelo de Invictos O jogo entre XV de Piracicaba x Primavera promete ser eletrizante. Ambas as equipes buscam a lideran\u00e7a do Grupo 3 da Copa Paulista 2025. O confronto acontece nesta sexta-feira, 4 de julho, \u00e0s 20h, no Est\u00e1dio Bar\u00e3o da Serra Negra, em Piracicaba. O XV de Piracicaba est\u00e1 em alta ap\u00f3s ... Ler mais\" \/>\n<meta property=\"og:url\" content=\"https:\/\/vivadicas.com\/st2\/esportes\/xv-de-piracicaba-x-primavera-confronto-pelos-lideres-do-grupo-3-na-copa-paulista\/4304\/\" \/>\n<meta property=\"og:site_name\" content=\"WordPulseTrends com\" \/>\n<meta property=\"article:published_time\" content=\"2025-07-04T23:05:28+00:00\" \/>\n<meta property=\"article:modified_time\" content=\"2025-07-04T23:05:29+00:00\" \/>\n<meta property=\"og:image\" content=\"https:\/\/vivadicas.com\/st2\/wp-content\/uploads\/2025\/07\/ai_trend_1751670290_bf024486.png\" \/>\n\t<meta property=\"og:image:width\" content=\"640\" \/>\n\t<meta property=\"og:image:height\" content=\"640\" \/>\n\t<meta property=\"og:image:type\" content=\"image\/png\" \/>\n<meta name=\"author\" content=\"st2vivadicas\" \/>\n<meta name=\"twitter:card\" content=\"summary_large_image\" \/>\n<meta name=\"twitter:label1\" content=\"Escrito por\" \/>\n\t<meta name=\"twitter:data1\" content=\"st2vivadicas\" \/>\n\t<meta name=\"twitter:label2\" content=\"Est. tempo de leitura\" \/>\n\t<meta name=\"twitter:data2\" content=\"2 minutos\" \/>\n<script type=\"application\/ld+json\" class=\"yoast-schema-graph\">{\"@context\":\"https:\/\/schema.org\",\"@graph\":[{\"@type\":\"Article\",\"@id\":\"https:\/\/vivadicas.com\/st2\/esportes\/xv-de-piracicaba-x-primavera-confronto-pelos-lideres-do-grupo-3-na-copa-paulista\/4304\/#article\",\"isPartOf\":{\"@id\":\"https:\/\/vivadicas.com\/st2\/esportes\/xv-de-piracicaba-x-primavera-confronto-pelos-lideres-do-grupo-3-na-copa-paulista\/4304\/\"},\"author\":{\"name\":\"st2vivadicas\",\"@id\":\"https:\/\/vivadicas.com\/st2\/#\/schema\/person\/f8432157bb5752f84d3a30f1c7388a16\"},\"headline\":\"XV de Piracicaba x Primavera: Confronto pelos L\u00edderes do Grupo 3 na Copa Paulista\",\"datePublished\":\"2025-07-04T23:05:28+00:00\",\"dateModified\":\"2025-07-04T23:05:29+00:00\",\"mainEntityOfPage\":{\"@id\":\"https:\/\/vivadicas.com\/st2\/esportes\/xv-de-piracicaba-x-primavera-confronto-pelos-lideres-do-grupo-3-na-copa-paulista\/4304\/\"},\"wordCount\":446,\"commentCount\":0,\"publisher\":{\"@id\":\"https:\/\/vivadicas.com\/st2\/#organization\"},\"image\":{\"@id\":\"https:\/\/vivadicas.com\/st2\/esportes\/xv-de-piracicaba-x-primavera-confronto-pelos-lideres-do-grupo-3-na-copa-paulista\/4304\/#primaryimage\"},\"thumbnailUrl\":\"https:\/\/vivadicas.com\/st2\/wp-content\/uploads\/2025\/07\/ai_trend_1751670290_bf024486.png\",\"keywords\":[\"Copa Paulista\",\"futebol\",\"Lideran\u00e7a\",\"Primavera\",\"XV de Piracicaba\"],\"articleSection\":[\"Esportes\"],\"inLanguage\":\"pt-BR\",\"potentialAction\":[{\"@type\":\"CommentAction\",\"name\":\"Comment\",\"target\":[\"https:\/\/vivadicas.com\/st2\/esportes\/xv-de-piracicaba-x-primavera-confronto-pelos-lideres-do-grupo-3-na-copa-paulista\/4304\/#respond\"]}]},{\"@type\":\"WebPage\",\"@id\":\"https:\/\/vivadicas.com\/st2\/esportes\/xv-de-piracicaba-x-primavera-confronto-pelos-lideres-do-grupo-3-na-copa-paulista\/4304\/\",\"url\":\"https:\/\/vivadicas.com\/st2\/esportes\/xv-de-piracicaba-x-primavera-confronto-pelos-lideres-do-grupo-3-na-copa-paulista\/4304\/\",\"name\":\"XV de Piracicaba x Primavera: Confronto pelos L\u00edderes do Grupo 3 na Copa Paulista - WordPulseTrends com\",\"isPartOf\":{\"@id\":\"https:\/\/vivadicas.com\/st2\/#website\"},\"primaryImageOfPage\":{\"@id\":\"https:\/\/vivadicas.com\/st2\/esportes\/xv-de-piracicaba-x-primavera-confronto-pelos-lideres-do-grupo-3-na-copa-paulista\/4304\/#primaryimage\"},\"image\":{\"@id\":\"https:\/\/vivadicas.com\/st2\/esportes\/xv-de-piracicaba-x-primavera-confronto-pelos-lideres-do-grupo-3-na-copa-paulista\/4304\/#primaryimage\"},\"thumbnailUrl\":\"https:\/\/vivadicas.com\/st2\/wp-content\/uploads\/2025\/07\/ai_trend_1751670290_bf024486.png\",\"datePublished\":\"2025-07-04T23:05:28+00:00\",\"dateModified\":\"2025-07-04T23:05:29+00:00\",\"breadcrumb\":{\"@id\":\"https:\/\/vivadicas.com\/st2\/esportes\/xv-de-piracicaba-x-primavera-confronto-pelos-lideres-do-grupo-3-na-copa-paulista\/4304\/#breadcrumb\"},\"inLanguage\":\"pt-BR\",\"potentialAction\":[{\"@type\":\"ReadAction\",\"target\":[\"https:\/\/vivadicas.com\/st2\/esportes\/xv-de-piracicaba-x-primavera-confronto-pelos-lideres-do-grupo-3-na-copa-paulista\/4304\/\"]}]},{\"@type\":\"ImageObject\",\"inLanguage\":\"pt-BR\",\"@id\":\"https:\/\/vivadicas.com\/st2\/esportes\/xv-de-piracicaba-x-primavera-confronto-pelos-lideres-do-grupo-3-na-copa-paulista\/4304\/#primaryimage\",\"url\":\"https:\/\/vivadicas.com\/st2\/wp-content\/uploads\/2025\/07\/ai_trend_1751670290_bf024486.png\",\"contentUrl\":\"https:\/\/vivadicas.com\/st2\/wp-content\/uploads\/2025\/07\/ai_trend_1751670290_bf024486.png\",\"width\":1024,\"height\":1024},{\"@type\":\"BreadcrumbList\",\"@id\":\"https:\/\/vivadicas.com\/st2\/esportes\/xv-de-piracicaba-x-primavera-confronto-pelos-lideres-do-grupo-3-na-copa-paulista\/4304\/#breadcrumb\",\"itemListElement\":[{\"@type\":\"ListItem\",\"position\":1,\"name\":\"In\u00edcio\",\"item\":\"https:\/\/vivadicas.com\/st2\/\"},{\"@type\":\"ListItem\",\"position\":2,\"name\":\"XV de Piracicaba x Primavera: Confronto pelos L\u00edderes do Grupo 3 na Copa Paulista\"}]},{\"@type\":\"WebSite\",\"@id\":\"https:\/\/vivadicas.com\/st2\/#website\",\"url\":\"https:\/\/vivadicas.com\/st2\/\",\"name\":\"TrendsBrasil\",\"description\":\"Stay updated with trending topics, viral news, hot updates, breaking headlines, global trends, and real-time content. Discover what\u2019s going viral now and follow the most talked-about stories across the web, social media, and news platforms!\",\"publisher\":{\"@id\":\"https:\/\/vivadicas.com\/st2\/#organization\"},\"potentialAction\":[{\"@type\":\"SearchAction\",\"target\":{\"@type\":\"EntryPoint\",\"urlTemplate\":\"https:\/\/vivadicas.com\/st2\/?s={search_term_string}\"},\"query-input\":{\"@type\":\"PropertyValueSpecification\",\"valueRequired\":true,\"valueName\":\"search_term_string\"}}],\"inLanguage\":\"pt-BR\"},{\"@type\":\"Organization\",\"@id\":\"https:\/\/vivadicas.com\/st2\/#organization\",\"name\":\"TrendsBrasil\",\"url\":\"https:\/\/vivadicas.com\/st2\/\",\"logo\":{\"@type\":\"ImageObject\",\"inLanguage\":\"pt-BR\",\"@id\":\"https:\/\/vivadicas.com\/st2\/#\/schema\/logo\/image\/\",\"url\":\"https:\/\/vivadicas.com\/st2\/wp-content\/uploads\/2025\/06\/ChatGPT-Image-24-de-jun.-de-2025-10_39_16-683x1024.png\",\"contentUrl\":\"https:\/\/vivadicas.com\/st2\/wp-content\/uploads\/2025\/06\/ChatGPT-Image-24-de-jun.-de-2025-10_39_16-683x1024.png\",\"width\":683,\"height\":1024,\"caption\":\"TrendsBrasil\"},\"image\":{\"@id\":\"https:\/\/vivadicas.com\/st2\/#\/schema\/logo\/image\/\"}},{\"@type\":\"Person\",\"@id\":\"https:\/\/vivadicas.com\/st2\/#\/schema\/person\/f8432157bb5752f84d3a30f1c7388a16\",\"name\":\"st2vivadicas\",\"image\":{\"@type\":\"ImageObject\",\"inLanguage\":\"pt-BR\",\"@id\":\"https:\/\/vivadicas.com\/st2\/#\/schema\/person\/image\/\",\"url\":\"https:\/\/secure.gravatar.com\/avatar\/9bb04fcca59036779222f5f2d61adc27b9b487cc07bc4064b27fa7e0a1e23e1a?s=96&d=mm&r=g\",\"contentUrl\":\"https:\/\/secure.gravatar.com\/avatar\/9bb04fcca59036779222f5f2d61adc27b9b487cc07bc4064b27fa7e0a1e23e1a?s=96&d=mm&r=g\",\"caption\":\"st2vivadicas\"},\"sameAs\":[\"https:\/\/vivadicas.com\/st2\"],\"url\":\"https:\/\/vivadicas.com\/st2\/author\/st2vivadicas\/\"}]}<\/script>\n<!-- \/ Yoast SEO plugin. -->","yoast_head_json":{"title":"XV de Piracicaba x Primavera: Confronto pelos L\u00edderes do Grupo 3 na Copa Paulista - WordPulseTrends com","robots":{"index":"index","follow":"follow","max-snippet":"max-snippet:-1","max-image-preview":"max-image-preview:large","max-video-preview":"max-video-preview:-1"},"canonical":"https:\/\/vivadicas.com\/st2\/esportes\/xv-de-piracicaba-x-primavera-confronto-pelos-lideres-do-grupo-3-na-copa-paulista\/4304\/","og_locale":"pt_BR","og_type":"article","og_title":"XV de Piracicaba x Primavera: Confronto pelos L\u00edderes do Grupo 3 na Copa Paulista - WordPulseTrends com","og_description":"\ud83c\udfaf Um Duelo de Invictos O jogo entre XV de Piracicaba x Primavera promete ser eletrizante. Ambas as equipes buscam a lideran\u00e7a do Grupo 3 da Copa Paulista 2025. O confronto acontece nesta sexta-feira, 4 de julho, \u00e0s 20h, no Est\u00e1dio Bar\u00e3o da Serra Negra, em Piracicaba. O XV de Piracicaba est\u00e1 em alta ap\u00f3s ... Ler mais","og_url":"https:\/\/vivadicas.com\/st2\/esportes\/xv-de-piracicaba-x-primavera-confronto-pelos-lideres-do-grupo-3-na-copa-paulista\/4304\/","og_site_name":"WordPulseTrends com","article_published_time":"2025-07-04T23:05:28+00:00","article_modified_time":"2025-07-04T23:05:29+00:00","og_image":[{"url":"https:\/\/vivadicas.com\/st2\/wp-content\/uploads\/2025\/07\/ai_trend_1751670290_bf024486.png","width":640,"height":640,"type":"image\/png"}],"author":"st2vivadicas","twitter_card":"summary_large_image","twitter_misc":{"Escrito por":"st2vivadicas","Est. tempo de leitura":"2 minutos"},"schema":{"@context":"https:\/\/schema.org","@graph":[{"@type":"Article","@id":"https:\/\/vivadicas.com\/st2\/esportes\/xv-de-piracicaba-x-primavera-confronto-pelos-lideres-do-grupo-3-na-copa-paulista\/4304\/#article","isPartOf":{"@id":"https:\/\/vivadicas.com\/st2\/esportes\/xv-de-piracicaba-x-primavera-confronto-pelos-lideres-do-grupo-3-na-copa-paulista\/4304\/"},"author":{"name":"st2vivadicas","@id":"https:\/\/vivadicas.com\/st2\/#\/schema\/person\/f8432157bb5752f84d3a30f1c7388a16"},"headline":"XV de Piracicaba x Primavera: Confronto pelos L\u00edderes do Grupo 3 na Copa Paulista","datePublished":"2025-07-04T23:05:28+00:00","dateModified":"2025-07-04T23:05:29+00:00","mainEntityOfPage":{"@id":"https:\/\/vivadicas.com\/st2\/esportes\/xv-de-piracicaba-x-primavera-confronto-pelos-lideres-do-grupo-3-na-copa-paulista\/4304\/"},"wordCount":446,"commentCount":0,"publisher":{"@id":"https:\/\/vivadicas.com\/st2\/#organization"},"image":{"@id":"https:\/\/vivadicas.com\/st2\/esportes\/xv-de-piracicaba-x-primavera-confronto-pelos-lideres-do-grupo-3-na-copa-paulista\/4304\/#primaryimage"},"thumbnailUrl":"https:\/\/vivadicas.com\/st2\/wp-content\/uploads\/2025\/07\/ai_trend_1751670290_bf024486.png","keywords":["Copa Paulista","futebol","Lideran\u00e7a","Primavera","XV de Piracicaba"],"articleSection":["Esportes"],"inLanguage":"pt-BR","potentialAction":[{"@type":"CommentAction","name":"Comment","target":["https:\/\/vivadicas.com\/st2\/esportes\/xv-de-piracicaba-x-primavera-confronto-pelos-lideres-do-grupo-3-na-copa-paulista\/4304\/#respond"]}]},{"@type":"WebPage","@id":"https:\/\/vivadicas.com\/st2\/esportes\/xv-de-piracicaba-x-primavera-confronto-pelos-lideres-do-grupo-3-na-copa-paulista\/4304\/","url":"https:\/\/vivadicas.com\/st2\/esportes\/xv-de-piracicaba-x-primavera-confronto-pelos-lideres-do-grupo-3-na-copa-paulista\/4304\/","name":"XV de Piracicaba x Primavera: Confronto pelos L\u00edderes do Grupo 3 na Copa Paulista - WordPulseTrends com","isPartOf":{"@id":"https:\/\/vivadicas.com\/st2\/#website"},"primaryImageOfPage":{"@id":"https:\/\/vivadicas.com\/st2\/esportes\/xv-de-piracicaba-x-primavera-confronto-pelos-lideres-do-grupo-3-na-copa-paulista\/4304\/#primaryimage"},"image":{"@id":"https:\/\/vivadicas.com\/st2\/esportes\/xv-de-piracicaba-x-primavera-confronto-pelos-lideres-do-grupo-3-na-copa-paulista\/4304\/#primaryimage"},"thumbnailUrl":"https:\/\/vivadicas.com\/st2\/wp-content\/uploads\/2025\/07\/ai_trend_1751670290_bf024486.png","datePublished":"2025-07-04T23:05:28+00:00","dateModified":"2025-07-04T23:05:29+00:00","breadcrumb":{"@id":"https:\/\/vivadicas.com\/st2\/esportes\/xv-de-piracicaba-x-primavera-confronto-pelos-lideres-do-grupo-3-na-copa-paulista\/4304\/#breadcrumb"},"inLanguage":"pt-BR","potentialAction":[{"@type":"ReadAction","target":["https:\/\/vivadicas.com\/st2\/esportes\/xv-de-piracicaba-x-primavera-confronto-pelos-lideres-do-grupo-3-na-copa-paulista\/4304\/"]}]},{"@type":"ImageObject","inLanguage":"pt-BR","@id":"https:\/\/vivadicas.com\/st2\/esportes\/xv-de-piracicaba-x-primavera-confronto-pelos-lideres-do-grupo-3-na-copa-paulista\/4304\/#primaryimage","url":"https:\/\/vivadicas.com\/st2\/wp-content\/uploads\/2025\/07\/ai_trend_1751670290_bf024486.png","contentUrl":"https:\/\/vivadicas.com\/st2\/wp-content\/uploads\/2025\/07\/ai_trend_1751670290_bf024486.png","width":1024,"height":1024},{"@type":"BreadcrumbList","@id":"https:\/\/vivadicas.com\/st2\/esportes\/xv-de-piracicaba-x-primavera-confronto-pelos-lideres-do-grupo-3-na-copa-paulista\/4304\/#breadcrumb","itemListElement":[{"@type":"ListItem","position":1,"name":"In\u00edcio","item":"https:\/\/vivadicas.com\/st2\/"},{"@type":"ListItem","position":2,"name":"XV de Piracicaba x Primavera: Confronto pelos L\u00edderes do Grupo 3 na Copa Paulista"}]},{"@type":"WebSite","@id":"https:\/\/vivadicas.com\/st2\/#website","url":"https:\/\/vivadicas.com\/st2\/","name":"TrendsBrasil","description":"Stay updated with trending topics, viral news, hot updates, breaking headlines, global trends, and real-time content. Discover what\u2019s going viral now and follow the most talked-about stories across the web, social media, and news platforms!","publisher":{"@id":"https:\/\/vivadicas.com\/st2\/#organization"},"potentialAction":[{"@type":"SearchAction","target":{"@type":"EntryPoint","urlTemplate":"https:\/\/vivadicas.com\/st2\/?s={search_term_string}"},"query-input":{"@type":"PropertyValueSpecification","valueRequired":true,"valueName":"search_term_string"}}],"inLanguage":"pt-BR"},{"@type":"Organization","@id":"https:\/\/vivadicas.com\/st2\/#organization","name":"TrendsBrasil","url":"https:\/\/vivadicas.com\/st2\/","logo":{"@type":"ImageObject","inLanguage":"pt-BR","@id":"https:\/\/vivadicas.com\/st2\/#\/schema\/logo\/image\/","url":"https:\/\/vivadicas.com\/st2\/wp-content\/uploads\/2025\/06\/ChatGPT-Image-24-de-jun.-de-2025-10_39_16-683x1024.png","contentUrl":"https:\/\/vivadicas.com\/st2\/wp-content\/uploads\/2025\/06\/ChatGPT-Image-24-de-jun.-de-2025-10_39_16-683x1024.png","width":683,"height":1024,"caption":"TrendsBrasil"},"image":{"@id":"https:\/\/vivadicas.com\/st2\/#\/schema\/logo\/image\/"}},{"@type":"Person","@id":"https:\/\/vivadicas.com\/st2\/#\/schema\/person\/f8432157bb5752f84d3a30f1c7388a16","name":"st2vivadicas","image":{"@type":"ImageObject","inLanguage":"pt-BR","@id":"https:\/\/vivadicas.com\/st2\/#\/schema\/person\/image\/","url":"https:\/\/secure.gravatar.com\/avatar\/9bb04fcca59036779222f5f2d61adc27b9b487cc07bc4064b27fa7e0a1e23e1a?s=96&d=mm&r=g","contentUrl":"https:\/\/secure.gravatar.com\/avatar\/9bb04fcca59036779222f5f2d61adc27b9b487cc07bc4064b27fa7e0a1e23e1a?s=96&d=mm&r=g","caption":"st2vivadicas"},"sameAs":["https:\/\/vivadicas.com\/st2"],"url":"https:\/\/vivadicas.com\/st2\/author\/st2vivadicas\/"}]}},"_links":{"self":[{"href":"https:\/\/vivadicas.com\/st2\/wp-json\/wp\/v2\/posts\/4304","targetHints":{"allow":["GET"]}}],"collection":[{"href":"https:\/\/vivadicas.com\/st2\/wp-json\/wp\/v2\/posts"}],"about":[{"href":"https:\/\/vivadicas.com\/st2\/wp-json\/wp\/v2\/types\/post"}],"author":[{"embeddable":true,"href":"https:\/\/vivadicas.com\/st2\/wp-json\/wp\/v2\/users\/1"}],"replies":[{"embeddable":true,"href":"https:\/\/vivadicas.com\/st2\/wp-json\/wp\/v2\/comments?post=4304"}],"version-history":[{"count":1,"href":"https:\/\/vivadicas.com\/st2\/wp-json\/wp\/v2\/posts\/4304\/revisions"}],"predecessor-version":[{"id":4305,"href":"https:\/\/vivadicas.com\/st2\/wp-json\/wp\/v2\/posts\/4304\/revisions\/4305"}],"wp:featuredmedia":[{"embeddable":true,"href":"https:\/\/vivadicas.com\/st2\/wp-json\/wp\/v2\/media\/4303"}],"wp:attachment":[{"href":"https:\/\/vivadicas.com\/st2\/wp-json\/wp\/v2\/media?parent=4304"}],"wp:term":[{"taxonomy":"category","embeddable":true,"href":"https:\/\/vivadicas.com\/st2\/wp-json\/wp\/v2\/categories?post=4304"},{"taxonomy":"post_tag","embeddable":true,"href":"https:\/\/vivadicas.com\/st2\/wp-json\/wp\/v2\/tags?post=4304"}],"curies":[{"name":"wp","href":"https:\/\/api.w.org\/{rel}","templated":true}]}}