{"id":4419,"date":"2025-07-05T00:15:25","date_gmt":"2025-07-05T03:15:25","guid":{"rendered":"https:\/\/vivadicas.com\/st2\/blog\/justica-extingue-processo-contra-sao-paulo-fc-e-destaca-seu-papel-social\/4419\/"},"modified":"2025-07-05T00:15:25","modified_gmt":"2025-07-05T03:15:25","slug":"justica-extingue-processo-contra-sao-paulo-fc-e-destaca-seu-papel-social","status":"publish","type":"post","link":"https:\/\/vivadicas.com\/st2\/sociedade\/justica-extingue-processo-contra-sao-paulo-fc-e-destaca-seu-papel-social\/4419\/","title":{"rendered":"Justi\u00e7a extingue processo contra S\u00e3o Paulo FC e destaca seu papel social"},"content":{"rendered":"<p><h2>\ud83c\udfaf Papel social do S\u00e3o Paulo FC<\/h2>\n<\/p>\n<p>O Tribunal de Justi\u00e7a do Estado de S\u00e3o Paulo encerrou um processo que envolvia o S\u00e3o Paulo FC, ressaltando a relev\u00e2ncia social do clube na comunidade. A a\u00e7\u00e3o civil p\u00fablica, movida pelo Minist\u00e9rio P\u00fablico, pedia o pagamento de aluguel retroativo de at\u00e9 R$ 100 milh\u00f5es pelo centro de treinamento da Barra Funda.<\/p>\n<p>A decis\u00e3o do TJ-SP foi um respiro para o clube, que tem se posicionado como um importante agente social. O juiz respons\u00e1vel pelo caso destacou que o S\u00e3o Paulo FC desenvolve a\u00e7\u00f5es e projetos que beneficiam a popula\u00e7\u00e3o, incluindo programas esportivos e de inclus\u00e3o social.<\/p>\n<p><h2>\u26a1 Confraterniza\u00e7\u00e3o no Campeonato Brasileiro<\/h2>\n<\/p>\n<p>Enquanto isso, o Campeonato Brasileiro continua a movimentar os \u00e2nimos dos torcedores. A Confedera\u00e7\u00e3o Brasileira de Futebol (CBF) anunciou que o jogo entre Flamengo e S\u00e3o Paulo ainda n\u00e3o tem data definida. A expectativa \u00e9 alta, j\u00e1 que o Flamengo est\u00e1 envolvido no Mundial de Clubes da FIFA e o S\u00e3o Paulo busca se consolidar na tabela do campeonato.<\/p>\n<p>Esse confronto promete ser um dos mais emocionantes da temporada. Com ambos os times buscando a vit\u00f3ria, a rivalidade promete agitar as torcidas e trazer um espet\u00e1culo emocionante.<\/p>\n<p><h2>\ud83d\udd0d Seguran\u00e7a no transporte p\u00fablico<\/h2>\n<\/p>\n<p>Al\u00e9m das quest\u00f5es esportivas, a seguran\u00e7a em S\u00e3o Paulo tamb\u00e9m est\u00e1 em pauta. A Pol\u00edcia Militar anunciou uma opera\u00e7\u00e3o especial para combater o vandalismo contra \u00f4nibus na cidade. O objetivo \u00e9 garantir a seguran\u00e7a dos passageiros e do transporte p\u00fablico, frequentemente alvo de a\u00e7\u00f5es violentas.<\/p>\n<p>A PM tem intensificado a presen\u00e7a em corredores de \u00f4nibus, buscando coibir atos de vandalismo e proporcionar maior tranquilidade \u00e0 popula\u00e7\u00e3o. Essa a\u00e7\u00e3o faz parte de um esfor\u00e7o cont\u00ednuo para melhorar a seguran\u00e7a nas \u00e1reas que mais precisam de aten\u00e7\u00e3o.<\/p>\n<p><h2>\ud83d\udca1 Eventos e iniciativas sociais<\/h2>\n<\/p>\n<p>A cidade de S\u00e3o Paulo tamb\u00e9m acolheu a Caravana das Juventudes, que ocorreu no dia 3 de agosto. Este evento celebrou 20 anos de iniciativas voltadas para a juventude e passou por 12 estados do Brasil. A caravana visa promover a inclus\u00e3o social e engajar os jovens em quest\u00f5es importantes para a sociedade.<\/p>\n<p>Essas iniciativas mostram o compromisso do munic\u00edpio em fomentar a participa\u00e7\u00e3o dos jovens e destacar a import\u00e2ncia de suas vozes na constru\u00e7\u00e3o de um futuro melhor.<\/p>\n<p><h2>\ud83d\udcc8 Previs\u00e3o do tempo<\/h2>\n<\/p>\n<p>Para completar, a previs\u00e3o do tempo indica que o frio deve continuar em S\u00e3o Paulo. Com m\u00ednimas de 10\u00b0C, a capital e a Grande S\u00e3o Paulo ter\u00e3o temperaturas abaixo da m\u00e9dia para essa \u00e9poca do ano. Os meteorologistas alertam para que a popula\u00e7\u00e3o se prepare para dias frios nas pr\u00f3ximas semanas.<\/p>\n<p>Por fim, o clima inst\u00e1vel se torna um tema de preocupa\u00e7\u00e3o, principalmente para aqueles que dependem do transporte p\u00fablico e das atividades ao ar livre.<\/p>\n<p>Gostou de saber mais sobre sao paulo? Seus amigos tamb\u00e9m podem se interessar. <a href=\"https:\/\/www.addtoany.com\/share#url=https%3A%2F%2Fvivadicas.com%2Fst2%2Fsociedade%2Fjustica-extingue-processo-contra-sao-paulo-fc-e-destaca-seu-papel-social%2F4419%2F\" target=\"_blank\" rel=\"noopener\">Compartilhe<\/a> com eles agora mesmo!<\/p>\n","protected":false},"excerpt":{"rendered":"<p>\ud83c\udfaf Papel social do S\u00e3o Paulo FC O Tribunal de Justi\u00e7a do Estado de S\u00e3o Paulo encerrou um processo que envolvia o S\u00e3o Paulo FC, ressaltando a relev\u00e2ncia social do clube na comunidade. A a\u00e7\u00e3o civil p\u00fablica, movida pelo Minist\u00e9rio P\u00fablico, pedia o pagamento de aluguel retroativo de at\u00e9 R$ 100 milh\u00f5es pelo centro de &#8230; <a title=\"Justi\u00e7a extingue processo contra S\u00e3o Paulo FC e destaca seu papel social\" class=\"read-more\" href=\"https:\/\/vivadicas.com\/st2\/sociedade\/justica-extingue-processo-contra-sao-paulo-fc-e-destaca-seu-papel-social\/4419\/\" aria-label=\"Read more about Justi\u00e7a extingue processo contra S\u00e3o Paulo FC e destaca seu papel social\">Ler mais<\/a><\/p>\n","protected":false},"author":1,"featured_media":4418,"comment_status":"open","ping_status":"open","sticky":false,"template":"","format":"standard","meta":{"footnotes":""},"categories":[2196],"tags":[563,493,511,395,351],"class_list":["post-4419","post","type-post","status-publish","format-standard","has-post-thumbnail","hentry","category-sociedade","tag-clima","tag-esporte","tag-eventos","tag-sao-paulo","tag-seguranca"],"yoast_head":"<!-- This site is optimized with the Yoast SEO plugin v25.3.1 - https:\/\/yoast.com\/wordpress\/plugins\/seo\/ -->\n<title>Justi\u00e7a extingue processo contra S\u00e3o Paulo FC e destaca seu papel social - WordPulseTrends com<\/title>\n<meta name=\"robots\" content=\"index, follow, max-snippet:-1, max-image-preview:large, max-video-preview:-1\" \/>\n<link rel=\"canonical\" href=\"https:\/\/vivadicas.com\/st2\/sociedade\/justica-extingue-processo-contra-sao-paulo-fc-e-destaca-seu-papel-social\/4419\/\" \/>\n<meta property=\"og:locale\" content=\"pt_BR\" \/>\n<meta property=\"og:type\" content=\"article\" \/>\n<meta property=\"og:title\" content=\"Justi\u00e7a extingue processo contra S\u00e3o Paulo FC e destaca seu papel social - WordPulseTrends com\" \/>\n<meta property=\"og:description\" content=\"\ud83c\udfaf Papel social do S\u00e3o Paulo FC O Tribunal de Justi\u00e7a do Estado de S\u00e3o Paulo encerrou um processo que envolvia o S\u00e3o Paulo FC, ressaltando a relev\u00e2ncia social do clube na comunidade. A a\u00e7\u00e3o civil p\u00fablica, movida pelo Minist\u00e9rio P\u00fablico, pedia o pagamento de aluguel retroativo de at\u00e9 R$ 100 milh\u00f5es pelo centro de ... Ler mais\" \/>\n<meta property=\"og:url\" content=\"https:\/\/vivadicas.com\/st2\/sociedade\/justica-extingue-processo-contra-sao-paulo-fc-e-destaca-seu-papel-social\/4419\/\" \/>\n<meta property=\"og:site_name\" content=\"WordPulseTrends com\" \/>\n<meta property=\"article:published_time\" content=\"2025-07-05T03:15:25+00:00\" \/>\n<meta property=\"og:image\" content=\"https:\/\/vivadicas.com\/st2\/wp-content\/uploads\/2025\/07\/ai_trend_1751685291_4fb3738c.png\" \/>\n\t<meta property=\"og:image:width\" content=\"640\" \/>\n\t<meta property=\"og:image:height\" content=\"640\" \/>\n\t<meta property=\"og:image:type\" content=\"image\/png\" \/>\n<meta name=\"author\" content=\"st2vivadicas\" \/>\n<meta name=\"twitter:card\" content=\"summary_large_image\" \/>\n<meta name=\"twitter:label1\" content=\"Escrito por\" \/>\n\t<meta name=\"twitter:data1\" content=\"st2vivadicas\" \/>\n\t<meta name=\"twitter:label2\" content=\"Est. tempo de leitura\" \/>\n\t<meta name=\"twitter:data2\" content=\"3 minutos\" \/>\n<script type=\"application\/ld+json\" class=\"yoast-schema-graph\">{\"@context\":\"https:\/\/schema.org\",\"@graph\":[{\"@type\":\"Article\",\"@id\":\"https:\/\/vivadicas.com\/st2\/sociedade\/justica-extingue-processo-contra-sao-paulo-fc-e-destaca-seu-papel-social\/4419\/#article\",\"isPartOf\":{\"@id\":\"https:\/\/vivadicas.com\/st2\/sociedade\/justica-extingue-processo-contra-sao-paulo-fc-e-destaca-seu-papel-social\/4419\/\"},\"author\":{\"name\":\"st2vivadicas\",\"@id\":\"https:\/\/vivadicas.com\/st2\/#\/schema\/person\/f8432157bb5752f84d3a30f1c7388a16\"},\"headline\":\"Justi\u00e7a extingue processo contra S\u00e3o Paulo FC e destaca seu papel social\",\"datePublished\":\"2025-07-05T03:15:25+00:00\",\"mainEntityOfPage\":{\"@id\":\"https:\/\/vivadicas.com\/st2\/sociedade\/justica-extingue-processo-contra-sao-paulo-fc-e-destaca-seu-papel-social\/4419\/\"},\"wordCount\":533,\"commentCount\":0,\"publisher\":{\"@id\":\"https:\/\/vivadicas.com\/st2\/#organization\"},\"image\":{\"@id\":\"https:\/\/vivadicas.com\/st2\/sociedade\/justica-extingue-processo-contra-sao-paulo-fc-e-destaca-seu-papel-social\/4419\/#primaryimage\"},\"thumbnailUrl\":\"https:\/\/vivadicas.com\/st2\/wp-content\/uploads\/2025\/07\/ai_trend_1751685291_4fb3738c.png\",\"keywords\":[\"Clima\",\"esporte\",\"eventos\",\"S\u00e3o Paulo\",\"seguran\u00e7a\"],\"articleSection\":[\"Sociedade\"],\"inLanguage\":\"pt-BR\",\"potentialAction\":[{\"@type\":\"CommentAction\",\"name\":\"Comment\",\"target\":[\"https:\/\/vivadicas.com\/st2\/sociedade\/justica-extingue-processo-contra-sao-paulo-fc-e-destaca-seu-papel-social\/4419\/#respond\"]}]},{\"@type\":\"WebPage\",\"@id\":\"https:\/\/vivadicas.com\/st2\/sociedade\/justica-extingue-processo-contra-sao-paulo-fc-e-destaca-seu-papel-social\/4419\/\",\"url\":\"https:\/\/vivadicas.com\/st2\/sociedade\/justica-extingue-processo-contra-sao-paulo-fc-e-destaca-seu-papel-social\/4419\/\",\"name\":\"Justi\u00e7a extingue processo contra S\u00e3o Paulo FC e destaca seu papel social - WordPulseTrends com\",\"isPartOf\":{\"@id\":\"https:\/\/vivadicas.com\/st2\/#website\"},\"primaryImageOfPage\":{\"@id\":\"https:\/\/vivadicas.com\/st2\/sociedade\/justica-extingue-processo-contra-sao-paulo-fc-e-destaca-seu-papel-social\/4419\/#primaryimage\"},\"image\":{\"@id\":\"https:\/\/vivadicas.com\/st2\/sociedade\/justica-extingue-processo-contra-sao-paulo-fc-e-destaca-seu-papel-social\/4419\/#primaryimage\"},\"thumbnailUrl\":\"https:\/\/vivadicas.com\/st2\/wp-content\/uploads\/2025\/07\/ai_trend_1751685291_4fb3738c.png\",\"datePublished\":\"2025-07-05T03:15:25+00:00\",\"breadcrumb\":{\"@id\":\"https:\/\/vivadicas.com\/st2\/sociedade\/justica-extingue-processo-contra-sao-paulo-fc-e-destaca-seu-papel-social\/4419\/#breadcrumb\"},\"inLanguage\":\"pt-BR\",\"potentialAction\":[{\"@type\":\"ReadAction\",\"target\":[\"https:\/\/vivadicas.com\/st2\/sociedade\/justica-extingue-processo-contra-sao-paulo-fc-e-destaca-seu-papel-social\/4419\/\"]}]},{\"@type\":\"ImageObject\",\"inLanguage\":\"pt-BR\",\"@id\":\"https:\/\/vivadicas.com\/st2\/sociedade\/justica-extingue-processo-contra-sao-paulo-fc-e-destaca-seu-papel-social\/4419\/#primaryimage\",\"url\":\"https:\/\/vivadicas.com\/st2\/wp-content\/uploads\/2025\/07\/ai_trend_1751685291_4fb3738c.png\",\"contentUrl\":\"https:\/\/vivadicas.com\/st2\/wp-content\/uploads\/2025\/07\/ai_trend_1751685291_4fb3738c.png\",\"width\":1024,\"height\":1024},{\"@type\":\"BreadcrumbList\",\"@id\":\"https:\/\/vivadicas.com\/st2\/sociedade\/justica-extingue-processo-contra-sao-paulo-fc-e-destaca-seu-papel-social\/4419\/#breadcrumb\",\"itemListElement\":[{\"@type\":\"ListItem\",\"position\":1,\"name\":\"In\u00edcio\",\"item\":\"https:\/\/vivadicas.com\/st2\/\"},{\"@type\":\"ListItem\",\"position\":2,\"name\":\"Justi\u00e7a extingue processo contra S\u00e3o Paulo FC e destaca seu papel social\"}]},{\"@type\":\"WebSite\",\"@id\":\"https:\/\/vivadicas.com\/st2\/#website\",\"url\":\"https:\/\/vivadicas.com\/st2\/\",\"name\":\"TrendsBrasil\",\"description\":\"Stay updated with trending topics, viral news, hot updates, breaking headlines, global trends, and real-time content. Discover what\u2019s going viral now and follow the most talked-about stories across the web, social media, and news platforms!\",\"publisher\":{\"@id\":\"https:\/\/vivadicas.com\/st2\/#organization\"},\"potentialAction\":[{\"@type\":\"SearchAction\",\"target\":{\"@type\":\"EntryPoint\",\"urlTemplate\":\"https:\/\/vivadicas.com\/st2\/?s={search_term_string}\"},\"query-input\":{\"@type\":\"PropertyValueSpecification\",\"valueRequired\":true,\"valueName\":\"search_term_string\"}}],\"inLanguage\":\"pt-BR\"},{\"@type\":\"Organization\",\"@id\":\"https:\/\/vivadicas.com\/st2\/#organization\",\"name\":\"TrendsBrasil\",\"url\":\"https:\/\/vivadicas.com\/st2\/\",\"logo\":{\"@type\":\"ImageObject\",\"inLanguage\":\"pt-BR\",\"@id\":\"https:\/\/vivadicas.com\/st2\/#\/schema\/logo\/image\/\",\"url\":\"https:\/\/vivadicas.com\/st2\/wp-content\/uploads\/2025\/06\/ChatGPT-Image-24-de-jun.-de-2025-10_39_16-683x1024.png\",\"contentUrl\":\"https:\/\/vivadicas.com\/st2\/wp-content\/uploads\/2025\/06\/ChatGPT-Image-24-de-jun.-de-2025-10_39_16-683x1024.png\",\"width\":683,\"height\":1024,\"caption\":\"TrendsBrasil\"},\"image\":{\"@id\":\"https:\/\/vivadicas.com\/st2\/#\/schema\/logo\/image\/\"}},{\"@type\":\"Person\",\"@id\":\"https:\/\/vivadicas.com\/st2\/#\/schema\/person\/f8432157bb5752f84d3a30f1c7388a16\",\"name\":\"st2vivadicas\",\"image\":{\"@type\":\"ImageObject\",\"inLanguage\":\"pt-BR\",\"@id\":\"https:\/\/vivadicas.com\/st2\/#\/schema\/person\/image\/\",\"url\":\"https:\/\/secure.gravatar.com\/avatar\/9bb04fcca59036779222f5f2d61adc27b9b487cc07bc4064b27fa7e0a1e23e1a?s=96&d=mm&r=g\",\"contentUrl\":\"https:\/\/secure.gravatar.com\/avatar\/9bb04fcca59036779222f5f2d61adc27b9b487cc07bc4064b27fa7e0a1e23e1a?s=96&d=mm&r=g\",\"caption\":\"st2vivadicas\"},\"sameAs\":[\"https:\/\/vivadicas.com\/st2\"],\"url\":\"https:\/\/vivadicas.com\/st2\/author\/st2vivadicas\/\"}]}<\/script>\n<!-- \/ Yoast SEO plugin. -->","yoast_head_json":{"title":"Justi\u00e7a extingue processo contra S\u00e3o Paulo FC e destaca seu papel social - WordPulseTrends com","robots":{"index":"index","follow":"follow","max-snippet":"max-snippet:-1","max-image-preview":"max-image-preview:large","max-video-preview":"max-video-preview:-1"},"canonical":"https:\/\/vivadicas.com\/st2\/sociedade\/justica-extingue-processo-contra-sao-paulo-fc-e-destaca-seu-papel-social\/4419\/","og_locale":"pt_BR","og_type":"article","og_title":"Justi\u00e7a extingue processo contra S\u00e3o Paulo FC e destaca seu papel social - WordPulseTrends com","og_description":"\ud83c\udfaf Papel social do S\u00e3o Paulo FC O Tribunal de Justi\u00e7a do Estado de S\u00e3o Paulo encerrou um processo que envolvia o S\u00e3o Paulo FC, ressaltando a relev\u00e2ncia social do clube na comunidade. A a\u00e7\u00e3o civil p\u00fablica, movida pelo Minist\u00e9rio P\u00fablico, pedia o pagamento de aluguel retroativo de at\u00e9 R$ 100 milh\u00f5es pelo centro de ... Ler mais","og_url":"https:\/\/vivadicas.com\/st2\/sociedade\/justica-extingue-processo-contra-sao-paulo-fc-e-destaca-seu-papel-social\/4419\/","og_site_name":"WordPulseTrends com","article_published_time":"2025-07-05T03:15:25+00:00","og_image":[{"url":"https:\/\/vivadicas.com\/st2\/wp-content\/uploads\/2025\/07\/ai_trend_1751685291_4fb3738c.png","width":640,"height":640,"type":"image\/png"}],"author":"st2vivadicas","twitter_card":"summary_large_image","twitter_misc":{"Escrito por":"st2vivadicas","Est. tempo de leitura":"3 minutos"},"schema":{"@context":"https:\/\/schema.org","@graph":[{"@type":"Article","@id":"https:\/\/vivadicas.com\/st2\/sociedade\/justica-extingue-processo-contra-sao-paulo-fc-e-destaca-seu-papel-social\/4419\/#article","isPartOf":{"@id":"https:\/\/vivadicas.com\/st2\/sociedade\/justica-extingue-processo-contra-sao-paulo-fc-e-destaca-seu-papel-social\/4419\/"},"author":{"name":"st2vivadicas","@id":"https:\/\/vivadicas.com\/st2\/#\/schema\/person\/f8432157bb5752f84d3a30f1c7388a16"},"headline":"Justi\u00e7a extingue processo contra S\u00e3o Paulo FC e destaca seu papel social","datePublished":"2025-07-05T03:15:25+00:00","mainEntityOfPage":{"@id":"https:\/\/vivadicas.com\/st2\/sociedade\/justica-extingue-processo-contra-sao-paulo-fc-e-destaca-seu-papel-social\/4419\/"},"wordCount":533,"commentCount":0,"publisher":{"@id":"https:\/\/vivadicas.com\/st2\/#organization"},"image":{"@id":"https:\/\/vivadicas.com\/st2\/sociedade\/justica-extingue-processo-contra-sao-paulo-fc-e-destaca-seu-papel-social\/4419\/#primaryimage"},"thumbnailUrl":"https:\/\/vivadicas.com\/st2\/wp-content\/uploads\/2025\/07\/ai_trend_1751685291_4fb3738c.png","keywords":["Clima","esporte","eventos","S\u00e3o Paulo","seguran\u00e7a"],"articleSection":["Sociedade"],"inLanguage":"pt-BR","potentialAction":[{"@type":"CommentAction","name":"Comment","target":["https:\/\/vivadicas.com\/st2\/sociedade\/justica-extingue-processo-contra-sao-paulo-fc-e-destaca-seu-papel-social\/4419\/#respond"]}]},{"@type":"WebPage","@id":"https:\/\/vivadicas.com\/st2\/sociedade\/justica-extingue-processo-contra-sao-paulo-fc-e-destaca-seu-papel-social\/4419\/","url":"https:\/\/vivadicas.com\/st2\/sociedade\/justica-extingue-processo-contra-sao-paulo-fc-e-destaca-seu-papel-social\/4419\/","name":"Justi\u00e7a extingue processo contra S\u00e3o Paulo FC e destaca seu papel social - WordPulseTrends com","isPartOf":{"@id":"https:\/\/vivadicas.com\/st2\/#website"},"primaryImageOfPage":{"@id":"https:\/\/vivadicas.com\/st2\/sociedade\/justica-extingue-processo-contra-sao-paulo-fc-e-destaca-seu-papel-social\/4419\/#primaryimage"},"image":{"@id":"https:\/\/vivadicas.com\/st2\/sociedade\/justica-extingue-processo-contra-sao-paulo-fc-e-destaca-seu-papel-social\/4419\/#primaryimage"},"thumbnailUrl":"https:\/\/vivadicas.com\/st2\/wp-content\/uploads\/2025\/07\/ai_trend_1751685291_4fb3738c.png","datePublished":"2025-07-05T03:15:25+00:00","breadcrumb":{"@id":"https:\/\/vivadicas.com\/st2\/sociedade\/justica-extingue-processo-contra-sao-paulo-fc-e-destaca-seu-papel-social\/4419\/#breadcrumb"},"inLanguage":"pt-BR","potentialAction":[{"@type":"ReadAction","target":["https:\/\/vivadicas.com\/st2\/sociedade\/justica-extingue-processo-contra-sao-paulo-fc-e-destaca-seu-papel-social\/4419\/"]}]},{"@type":"ImageObject","inLanguage":"pt-BR","@id":"https:\/\/vivadicas.com\/st2\/sociedade\/justica-extingue-processo-contra-sao-paulo-fc-e-destaca-seu-papel-social\/4419\/#primaryimage","url":"https:\/\/vivadicas.com\/st2\/wp-content\/uploads\/2025\/07\/ai_trend_1751685291_4fb3738c.png","contentUrl":"https:\/\/vivadicas.com\/st2\/wp-content\/uploads\/2025\/07\/ai_trend_1751685291_4fb3738c.png","width":1024,"height":1024},{"@type":"BreadcrumbList","@id":"https:\/\/vivadicas.com\/st2\/sociedade\/justica-extingue-processo-contra-sao-paulo-fc-e-destaca-seu-papel-social\/4419\/#breadcrumb","itemListElement":[{"@type":"ListItem","position":1,"name":"In\u00edcio","item":"https:\/\/vivadicas.com\/st2\/"},{"@type":"ListItem","position":2,"name":"Justi\u00e7a extingue processo contra S\u00e3o Paulo FC e destaca seu papel social"}]},{"@type":"WebSite","@id":"https:\/\/vivadicas.com\/st2\/#website","url":"https:\/\/vivadicas.com\/st2\/","name":"TrendsBrasil","description":"Stay updated with trending topics, viral news, hot updates, breaking headlines, global trends, and real-time content. Discover what\u2019s going viral now and follow the most talked-about stories across the web, social media, and news platforms!","publisher":{"@id":"https:\/\/vivadicas.com\/st2\/#organization"},"potentialAction":[{"@type":"SearchAction","target":{"@type":"EntryPoint","urlTemplate":"https:\/\/vivadicas.com\/st2\/?s={search_term_string}"},"query-input":{"@type":"PropertyValueSpecification","valueRequired":true,"valueName":"search_term_string"}}],"inLanguage":"pt-BR"},{"@type":"Organization","@id":"https:\/\/vivadicas.com\/st2\/#organization","name":"TrendsBrasil","url":"https:\/\/vivadicas.com\/st2\/","logo":{"@type":"ImageObject","inLanguage":"pt-BR","@id":"https:\/\/vivadicas.com\/st2\/#\/schema\/logo\/image\/","url":"https:\/\/vivadicas.com\/st2\/wp-content\/uploads\/2025\/06\/ChatGPT-Image-24-de-jun.-de-2025-10_39_16-683x1024.png","contentUrl":"https:\/\/vivadicas.com\/st2\/wp-content\/uploads\/2025\/06\/ChatGPT-Image-24-de-jun.-de-2025-10_39_16-683x1024.png","width":683,"height":1024,"caption":"TrendsBrasil"},"image":{"@id":"https:\/\/vivadicas.com\/st2\/#\/schema\/logo\/image\/"}},{"@type":"Person","@id":"https:\/\/vivadicas.com\/st2\/#\/schema\/person\/f8432157bb5752f84d3a30f1c7388a16","name":"st2vivadicas","image":{"@type":"ImageObject","inLanguage":"pt-BR","@id":"https:\/\/vivadicas.com\/st2\/#\/schema\/person\/image\/","url":"https:\/\/secure.gravatar.com\/avatar\/9bb04fcca59036779222f5f2d61adc27b9b487cc07bc4064b27fa7e0a1e23e1a?s=96&d=mm&r=g","contentUrl":"https:\/\/secure.gravatar.com\/avatar\/9bb04fcca59036779222f5f2d61adc27b9b487cc07bc4064b27fa7e0a1e23e1a?s=96&d=mm&r=g","caption":"st2vivadicas"},"sameAs":["https:\/\/vivadicas.com\/st2"],"url":"https:\/\/vivadicas.com\/st2\/author\/st2vivadicas\/"}]}},"_links":{"self":[{"href":"https:\/\/vivadicas.com\/st2\/wp-json\/wp\/v2\/posts\/4419","targetHints":{"allow":["GET"]}}],"collection":[{"href":"https:\/\/vivadicas.com\/st2\/wp-json\/wp\/v2\/posts"}],"about":[{"href":"https:\/\/vivadicas.com\/st2\/wp-json\/wp\/v2\/types\/post"}],"author":[{"embeddable":true,"href":"https:\/\/vivadicas.com\/st2\/wp-json\/wp\/v2\/users\/1"}],"replies":[{"embeddable":true,"href":"https:\/\/vivadicas.com\/st2\/wp-json\/wp\/v2\/comments?post=4419"}],"version-history":[{"count":1,"href":"https:\/\/vivadicas.com\/st2\/wp-json\/wp\/v2\/posts\/4419\/revisions"}],"predecessor-version":[{"id":4420,"href":"https:\/\/vivadicas.com\/st2\/wp-json\/wp\/v2\/posts\/4419\/revisions\/4420"}],"wp:featuredmedia":[{"embeddable":true,"href":"https:\/\/vivadicas.com\/st2\/wp-json\/wp\/v2\/media\/4418"}],"wp:attachment":[{"href":"https:\/\/vivadicas.com\/st2\/wp-json\/wp\/v2\/media?parent=4419"}],"wp:term":[{"taxonomy":"category","embeddable":true,"href":"https:\/\/vivadicas.com\/st2\/wp-json\/wp\/v2\/categories?post=4419"},{"taxonomy":"post_tag","embeddable":true,"href":"https:\/\/vivadicas.com\/st2\/wp-json\/wp\/v2\/tags?post=4419"}],"curies":[{"name":"wp","href":"https:\/\/api.w.org\/{rel}","templated":true}]}}