{"id":4742,"date":"2025-07-05T16:55:31","date_gmt":"2025-07-05T19:55:31","guid":{"rendered":"https:\/\/vivadicas.com\/st2\/blog\/pascal-gros-destaca-semelhancas-entre-monterrey-e-fluminense-antes-do-mundial\/4742\/"},"modified":"2025-07-05T16:55:33","modified_gmt":"2025-07-05T19:55:33","slug":"pascal-gros-destaca-semelhancas-entre-monterrey-e-fluminense-antes-do-mundial","status":"publish","type":"post","link":"https:\/\/vivadicas.com\/st2\/esportes\/pascal-gros-destaca-semelhancas-entre-monterrey-e-fluminense-antes-do-mundial\/4742\/","title":{"rendered":"Pascal Gro\u00df destaca semelhan\u00e7as entre Monterrey e Fluminense antes do Mundial"},"content":{"rendered":"<p><h2>\ud83c\udfaf Compara\u00e7\u00e3o entre Monterrey e Fluminense<\/h2>\n<\/p>\n<p>Pascal Gro\u00df, meia do Borussia Dortmund, fez uma an\u00e1lise interessante sobre seus pr\u00f3ximos advers\u00e1rios no Mundial de Clubes. Ele comparou o Monterrey, do M\u00e9xico, ao Fluminense, do Brasil. De acordo com Pascal Gro\u00df, ambos os times t\u00eam caracter\u00edsticas que podem surpreender na competi\u00e7\u00e3o.<\/p>\n<p>A declara\u00e7\u00e3o de Pascal Gro\u00df vem em um momento crucial, j\u00e1 que o Borussia Dortmund se prepara para enfrentar o Monterrey nas oitavas de final. O jogador acredita que a diversidade t\u00e1tica dos dois times pode ser um desafio significativo.<\/p>\n<p><h2>\ud83c\udfaf Expectativa para o confronto com o Real Madrid<\/h2>\n<\/p>\n<p>Al\u00e9m de se concentrar no Monterrey, Pascal Gro\u00df e seu companheiro de equipe, Julian Brandt, t\u00eam a mente voltada para um potencial encontro com o Real Madrid. O Borussia Dortmund, uma das equipes mais tradicionais da Alemanha, quer deixar uma boa impress\u00e3o no Mundial.<\/p>\n<p>Em entrevista, Pascal Gro\u00df mencionou a import\u00e2ncia de capitalizar as oportunidades durante os jogos. &#8220;Temos que aproveitar as chances e n\u00e3o nos esconder&#8221;, afirmou, refor\u00e7ando a confian\u00e7a do time em avan\u00e7ar na competi\u00e7\u00e3o.<\/p>\n<p><h2>\ud83d\udd0d An\u00e1lise do desempenho do Borussia Dortmund<\/h2>\n<\/p>\n<p>Pascal Gro\u00df, com sua experi\u00eancia, tem sido um pilar no meio-campo do Borussia Dortmund. Sua vis\u00e3o de jogo e t\u00e9cnica refinada s\u00e3o fatores que podem fazer a diferen\u00e7a durante os desafios, especialmente em competi\u00e7\u00f5es de alto n\u00edvel como o Mundial.<\/p>\n<p>O desempenho do Dortmund ser\u00e1 crucial para a equipe, e Pascal Gro\u00df est\u00e1 ciente disso. Ele enfatizou que cada jogador deve estar preparado para dar o melhor de si e contribuir para o sucesso do time.<\/p>\n<p><h2>\u26a1 Possibilidade de renova\u00e7\u00e3o de contrato<\/h2>\n<\/p>\n<p>Recentemente, Pascal Gro\u00df tamb\u00e9m se posicionou sobre a possibilidade de renovar seu contrato com o Borussia Dortmund. Em uma declara\u00e7\u00e3o direta, ele deixou claro que est\u00e1 aberto a negocia\u00e7\u00f5es, mas com a condi\u00e7\u00e3o de que o clube apresente uma proposta que considere justa.<\/p>\n<p>Essa declara\u00e7\u00e3o surge em um momento em que o Dortmund est\u00e1 buscando refor\u00e7ar seu elenco. A experi\u00eancia de Pascal Gro\u00df pode ser um ativo valioso para manter a competitividade da equipe.<\/p>\n<p>Pascal Gro\u00df est\u00e1 em destaque neste Mundial de Clubes, e suas an\u00e1lises e declara\u00e7\u00f5es t\u00eam chamado a aten\u00e7\u00e3o. Com um futuro promissor pela frente, os torcedores do Borussia Dortmund aguardam ansiosamente pelos pr\u00f3ximos passos do meia.<\/p>\n<p>Gostou de saber mais sobre Pascal Gro\u00df? Seus amigos tamb\u00e9m podem se interessar. <a href=\"https:\/\/www.addtoany.com\/share#url=https%3A%2F%2Fvivadicas.com%2Fst2%2Fesportes%2Fpascal-gros-destaca-semelhancas-entre-monterrey-e-fluminense-antes-do-mundial%2F4742%2F\" target=\"_blank\" rel=\"noopener\">Compartilhe<\/a> com eles agora mesmo!<\/p>\n","protected":false},"excerpt":{"rendered":"<p>\ud83c\udfaf Compara\u00e7\u00e3o entre Monterrey e Fluminense Pascal Gro\u00df, meia do Borussia Dortmund, fez uma an\u00e1lise interessante sobre seus pr\u00f3ximos advers\u00e1rios no Mundial de Clubes. Ele comparou o Monterrey, do M\u00e9xico, ao Fluminense, do Brasil. De acordo com Pascal Gro\u00df, ambos os times t\u00eam caracter\u00edsticas que podem surpreender na competi\u00e7\u00e3o. A declara\u00e7\u00e3o de Pascal Gro\u00df vem &#8230; <a title=\"Pascal Gro\u00df destaca semelhan\u00e7as entre Monterrey e Fluminense antes do Mundial\" class=\"read-more\" href=\"https:\/\/vivadicas.com\/st2\/esportes\/pascal-gros-destaca-semelhancas-entre-monterrey-e-fluminense-antes-do-mundial\/4742\/\" aria-label=\"Read more about Pascal Gro\u00df destaca semelhan\u00e7as entre Monterrey e Fluminense antes do Mundial\">Ler mais<\/a><\/p>\n","protected":false},"author":1,"featured_media":4741,"comment_status":"open","ping_status":"open","sticky":false,"template":"","format":"standard","meta":{"footnotes":""},"categories":[1199],"tags":[2268,576,2269,128,2681],"class_list":["post-4742","post","type-post","status-publish","format-standard","has-post-thumbnail","hentry","category-esportes","tag-borussia-dortmund","tag-fluminense","tag-monterrey","tag-mundial-de-clubes","tag-pascal-gros"],"yoast_head":"<!-- This site is optimized with the Yoast SEO plugin v25.3.1 - https:\/\/yoast.com\/wordpress\/plugins\/seo\/ -->\n<title>Pascal Gro\u00df destaca semelhan\u00e7as entre Monterrey e Fluminense antes do Mundial - WordPulseTrends com<\/title>\n<meta name=\"robots\" content=\"index, follow, max-snippet:-1, max-image-preview:large, max-video-preview:-1\" \/>\n<link rel=\"canonical\" href=\"https:\/\/vivadicas.com\/st2\/esportes\/pascal-gros-destaca-semelhancas-entre-monterrey-e-fluminense-antes-do-mundial\/4742\/\" \/>\n<meta property=\"og:locale\" content=\"pt_BR\" \/>\n<meta property=\"og:type\" content=\"article\" \/>\n<meta property=\"og:title\" content=\"Pascal Gro\u00df destaca semelhan\u00e7as entre Monterrey e Fluminense antes do Mundial - WordPulseTrends com\" \/>\n<meta property=\"og:description\" content=\"\ud83c\udfaf Compara\u00e7\u00e3o entre Monterrey e Fluminense Pascal Gro\u00df, meia do Borussia Dortmund, fez uma an\u00e1lise interessante sobre seus pr\u00f3ximos advers\u00e1rios no Mundial de Clubes. Ele comparou o Monterrey, do M\u00e9xico, ao Fluminense, do Brasil. De acordo com Pascal Gro\u00df, ambos os times t\u00eam caracter\u00edsticas que podem surpreender na competi\u00e7\u00e3o. A declara\u00e7\u00e3o de Pascal Gro\u00df vem ... Ler mais\" \/>\n<meta property=\"og:url\" content=\"https:\/\/vivadicas.com\/st2\/esportes\/pascal-gros-destaca-semelhancas-entre-monterrey-e-fluminense-antes-do-mundial\/4742\/\" \/>\n<meta property=\"og:site_name\" content=\"WordPulseTrends com\" \/>\n<meta property=\"article:published_time\" content=\"2025-07-05T19:55:31+00:00\" \/>\n<meta property=\"article:modified_time\" content=\"2025-07-05T19:55:33+00:00\" \/>\n<meta property=\"og:image\" content=\"https:\/\/vivadicas.com\/st2\/wp-content\/uploads\/2025\/07\/ai_trend_1751745319_867b405f.png\" \/>\n\t<meta property=\"og:image:width\" content=\"1024\" \/>\n\t<meta property=\"og:image:height\" content=\"512\" \/>\n\t<meta property=\"og:image:type\" content=\"image\/png\" \/>\n<meta name=\"author\" content=\"st2vivadicas\" \/>\n<meta name=\"twitter:card\" content=\"summary_large_image\" \/>\n<meta name=\"twitter:label1\" content=\"Escrito por\" \/>\n\t<meta name=\"twitter:data1\" content=\"st2vivadicas\" \/>\n\t<meta name=\"twitter:label2\" content=\"Est. tempo de leitura\" \/>\n\t<meta name=\"twitter:data2\" content=\"2 minutos\" \/>\n<script type=\"application\/ld+json\" class=\"yoast-schema-graph\">{\"@context\":\"https:\/\/schema.org\",\"@graph\":[{\"@type\":\"Article\",\"@id\":\"https:\/\/vivadicas.com\/st2\/esportes\/pascal-gros-destaca-semelhancas-entre-monterrey-e-fluminense-antes-do-mundial\/4742\/#article\",\"isPartOf\":{\"@id\":\"https:\/\/vivadicas.com\/st2\/esportes\/pascal-gros-destaca-semelhancas-entre-monterrey-e-fluminense-antes-do-mundial\/4742\/\"},\"author\":{\"name\":\"st2vivadicas\",\"@id\":\"https:\/\/vivadicas.com\/st2\/#\/schema\/person\/f8432157bb5752f84d3a30f1c7388a16\"},\"headline\":\"Pascal Gro\u00df destaca semelhan\u00e7as entre Monterrey e Fluminense antes do Mundial\",\"datePublished\":\"2025-07-05T19:55:31+00:00\",\"dateModified\":\"2025-07-05T19:55:33+00:00\",\"mainEntityOfPage\":{\"@id\":\"https:\/\/vivadicas.com\/st2\/esportes\/pascal-gros-destaca-semelhancas-entre-monterrey-e-fluminense-antes-do-mundial\/4742\/\"},\"wordCount\":441,\"commentCount\":0,\"publisher\":{\"@id\":\"https:\/\/vivadicas.com\/st2\/#organization\"},\"image\":{\"@id\":\"https:\/\/vivadicas.com\/st2\/esportes\/pascal-gros-destaca-semelhancas-entre-monterrey-e-fluminense-antes-do-mundial\/4742\/#primaryimage\"},\"thumbnailUrl\":\"https:\/\/vivadicas.com\/st2\/wp-content\/uploads\/2025\/07\/ai_trend_1751745319_867b405f.png\",\"keywords\":[\"Borussia Dortmund\",\"Fluminense\",\"Monterrey\",\"Mundial de Clubes\",\"Pascal Gro\u00df\"],\"articleSection\":[\"Esportes\"],\"inLanguage\":\"pt-BR\",\"potentialAction\":[{\"@type\":\"CommentAction\",\"name\":\"Comment\",\"target\":[\"https:\/\/vivadicas.com\/st2\/esportes\/pascal-gros-destaca-semelhancas-entre-monterrey-e-fluminense-antes-do-mundial\/4742\/#respond\"]}]},{\"@type\":\"WebPage\",\"@id\":\"https:\/\/vivadicas.com\/st2\/esportes\/pascal-gros-destaca-semelhancas-entre-monterrey-e-fluminense-antes-do-mundial\/4742\/\",\"url\":\"https:\/\/vivadicas.com\/st2\/esportes\/pascal-gros-destaca-semelhancas-entre-monterrey-e-fluminense-antes-do-mundial\/4742\/\",\"name\":\"Pascal Gro\u00df destaca semelhan\u00e7as entre Monterrey e Fluminense antes do Mundial - WordPulseTrends com\",\"isPartOf\":{\"@id\":\"https:\/\/vivadicas.com\/st2\/#website\"},\"primaryImageOfPage\":{\"@id\":\"https:\/\/vivadicas.com\/st2\/esportes\/pascal-gros-destaca-semelhancas-entre-monterrey-e-fluminense-antes-do-mundial\/4742\/#primaryimage\"},\"image\":{\"@id\":\"https:\/\/vivadicas.com\/st2\/esportes\/pascal-gros-destaca-semelhancas-entre-monterrey-e-fluminense-antes-do-mundial\/4742\/#primaryimage\"},\"thumbnailUrl\":\"https:\/\/vivadicas.com\/st2\/wp-content\/uploads\/2025\/07\/ai_trend_1751745319_867b405f.png\",\"datePublished\":\"2025-07-05T19:55:31+00:00\",\"dateModified\":\"2025-07-05T19:55:33+00:00\",\"breadcrumb\":{\"@id\":\"https:\/\/vivadicas.com\/st2\/esportes\/pascal-gros-destaca-semelhancas-entre-monterrey-e-fluminense-antes-do-mundial\/4742\/#breadcrumb\"},\"inLanguage\":\"pt-BR\",\"potentialAction\":[{\"@type\":\"ReadAction\",\"target\":[\"https:\/\/vivadicas.com\/st2\/esportes\/pascal-gros-destaca-semelhancas-entre-monterrey-e-fluminense-antes-do-mundial\/4742\/\"]}]},{\"@type\":\"ImageObject\",\"inLanguage\":\"pt-BR\",\"@id\":\"https:\/\/vivadicas.com\/st2\/esportes\/pascal-gros-destaca-semelhancas-entre-monterrey-e-fluminense-antes-do-mundial\/4742\/#primaryimage\",\"url\":\"https:\/\/vivadicas.com\/st2\/wp-content\/uploads\/2025\/07\/ai_trend_1751745319_867b405f.png\",\"contentUrl\":\"https:\/\/vivadicas.com\/st2\/wp-content\/uploads\/2025\/07\/ai_trend_1751745319_867b405f.png\",\"width\":1024,\"height\":512},{\"@type\":\"BreadcrumbList\",\"@id\":\"https:\/\/vivadicas.com\/st2\/esportes\/pascal-gros-destaca-semelhancas-entre-monterrey-e-fluminense-antes-do-mundial\/4742\/#breadcrumb\",\"itemListElement\":[{\"@type\":\"ListItem\",\"position\":1,\"name\":\"In\u00edcio\",\"item\":\"https:\/\/vivadicas.com\/st2\/\"},{\"@type\":\"ListItem\",\"position\":2,\"name\":\"Pascal Gro\u00df destaca semelhan\u00e7as entre Monterrey e Fluminense antes do Mundial\"}]},{\"@type\":\"WebSite\",\"@id\":\"https:\/\/vivadicas.com\/st2\/#website\",\"url\":\"https:\/\/vivadicas.com\/st2\/\",\"name\":\"TrendsBrasil\",\"description\":\"Stay updated with trending topics, viral news, hot updates, breaking headlines, global trends, and real-time content. Discover what\u2019s going viral now and follow the most talked-about stories across the web, social media, and news platforms!\",\"publisher\":{\"@id\":\"https:\/\/vivadicas.com\/st2\/#organization\"},\"potentialAction\":[{\"@type\":\"SearchAction\",\"target\":{\"@type\":\"EntryPoint\",\"urlTemplate\":\"https:\/\/vivadicas.com\/st2\/?s={search_term_string}\"},\"query-input\":{\"@type\":\"PropertyValueSpecification\",\"valueRequired\":true,\"valueName\":\"search_term_string\"}}],\"inLanguage\":\"pt-BR\"},{\"@type\":\"Organization\",\"@id\":\"https:\/\/vivadicas.com\/st2\/#organization\",\"name\":\"TrendsBrasil\",\"url\":\"https:\/\/vivadicas.com\/st2\/\",\"logo\":{\"@type\":\"ImageObject\",\"inLanguage\":\"pt-BR\",\"@id\":\"https:\/\/vivadicas.com\/st2\/#\/schema\/logo\/image\/\",\"url\":\"https:\/\/vivadicas.com\/st2\/wp-content\/uploads\/2025\/06\/ChatGPT-Image-24-de-jun.-de-2025-10_39_16-683x1024.png\",\"contentUrl\":\"https:\/\/vivadicas.com\/st2\/wp-content\/uploads\/2025\/06\/ChatGPT-Image-24-de-jun.-de-2025-10_39_16-683x1024.png\",\"width\":683,\"height\":1024,\"caption\":\"TrendsBrasil\"},\"image\":{\"@id\":\"https:\/\/vivadicas.com\/st2\/#\/schema\/logo\/image\/\"}},{\"@type\":\"Person\",\"@id\":\"https:\/\/vivadicas.com\/st2\/#\/schema\/person\/f8432157bb5752f84d3a30f1c7388a16\",\"name\":\"st2vivadicas\",\"image\":{\"@type\":\"ImageObject\",\"inLanguage\":\"pt-BR\",\"@id\":\"https:\/\/vivadicas.com\/st2\/#\/schema\/person\/image\/\",\"url\":\"https:\/\/secure.gravatar.com\/avatar\/9bb04fcca59036779222f5f2d61adc27b9b487cc07bc4064b27fa7e0a1e23e1a?s=96&d=mm&r=g\",\"contentUrl\":\"https:\/\/secure.gravatar.com\/avatar\/9bb04fcca59036779222f5f2d61adc27b9b487cc07bc4064b27fa7e0a1e23e1a?s=96&d=mm&r=g\",\"caption\":\"st2vivadicas\"},\"sameAs\":[\"https:\/\/vivadicas.com\/st2\"],\"url\":\"https:\/\/vivadicas.com\/st2\/author\/st2vivadicas\/\"}]}<\/script>\n<!-- \/ Yoast SEO plugin. -->","yoast_head_json":{"title":"Pascal Gro\u00df destaca semelhan\u00e7as entre Monterrey e Fluminense antes do Mundial - WordPulseTrends com","robots":{"index":"index","follow":"follow","max-snippet":"max-snippet:-1","max-image-preview":"max-image-preview:large","max-video-preview":"max-video-preview:-1"},"canonical":"https:\/\/vivadicas.com\/st2\/esportes\/pascal-gros-destaca-semelhancas-entre-monterrey-e-fluminense-antes-do-mundial\/4742\/","og_locale":"pt_BR","og_type":"article","og_title":"Pascal Gro\u00df destaca semelhan\u00e7as entre Monterrey e Fluminense antes do Mundial - WordPulseTrends com","og_description":"\ud83c\udfaf Compara\u00e7\u00e3o entre Monterrey e Fluminense Pascal Gro\u00df, meia do Borussia Dortmund, fez uma an\u00e1lise interessante sobre seus pr\u00f3ximos advers\u00e1rios no Mundial de Clubes. Ele comparou o Monterrey, do M\u00e9xico, ao Fluminense, do Brasil. De acordo com Pascal Gro\u00df, ambos os times t\u00eam caracter\u00edsticas que podem surpreender na competi\u00e7\u00e3o. A declara\u00e7\u00e3o de Pascal Gro\u00df vem ... Ler mais","og_url":"https:\/\/vivadicas.com\/st2\/esportes\/pascal-gros-destaca-semelhancas-entre-monterrey-e-fluminense-antes-do-mundial\/4742\/","og_site_name":"WordPulseTrends com","article_published_time":"2025-07-05T19:55:31+00:00","article_modified_time":"2025-07-05T19:55:33+00:00","og_image":[{"width":1024,"height":512,"url":"https:\/\/vivadicas.com\/st2\/wp-content\/uploads\/2025\/07\/ai_trend_1751745319_867b405f.png","type":"image\/png"}],"author":"st2vivadicas","twitter_card":"summary_large_image","twitter_misc":{"Escrito por":"st2vivadicas","Est. tempo de leitura":"2 minutos"},"schema":{"@context":"https:\/\/schema.org","@graph":[{"@type":"Article","@id":"https:\/\/vivadicas.com\/st2\/esportes\/pascal-gros-destaca-semelhancas-entre-monterrey-e-fluminense-antes-do-mundial\/4742\/#article","isPartOf":{"@id":"https:\/\/vivadicas.com\/st2\/esportes\/pascal-gros-destaca-semelhancas-entre-monterrey-e-fluminense-antes-do-mundial\/4742\/"},"author":{"name":"st2vivadicas","@id":"https:\/\/vivadicas.com\/st2\/#\/schema\/person\/f8432157bb5752f84d3a30f1c7388a16"},"headline":"Pascal Gro\u00df destaca semelhan\u00e7as entre Monterrey e Fluminense antes do Mundial","datePublished":"2025-07-05T19:55:31+00:00","dateModified":"2025-07-05T19:55:33+00:00","mainEntityOfPage":{"@id":"https:\/\/vivadicas.com\/st2\/esportes\/pascal-gros-destaca-semelhancas-entre-monterrey-e-fluminense-antes-do-mundial\/4742\/"},"wordCount":441,"commentCount":0,"publisher":{"@id":"https:\/\/vivadicas.com\/st2\/#organization"},"image":{"@id":"https:\/\/vivadicas.com\/st2\/esportes\/pascal-gros-destaca-semelhancas-entre-monterrey-e-fluminense-antes-do-mundial\/4742\/#primaryimage"},"thumbnailUrl":"https:\/\/vivadicas.com\/st2\/wp-content\/uploads\/2025\/07\/ai_trend_1751745319_867b405f.png","keywords":["Borussia Dortmund","Fluminense","Monterrey","Mundial de Clubes","Pascal Gro\u00df"],"articleSection":["Esportes"],"inLanguage":"pt-BR","potentialAction":[{"@type":"CommentAction","name":"Comment","target":["https:\/\/vivadicas.com\/st2\/esportes\/pascal-gros-destaca-semelhancas-entre-monterrey-e-fluminense-antes-do-mundial\/4742\/#respond"]}]},{"@type":"WebPage","@id":"https:\/\/vivadicas.com\/st2\/esportes\/pascal-gros-destaca-semelhancas-entre-monterrey-e-fluminense-antes-do-mundial\/4742\/","url":"https:\/\/vivadicas.com\/st2\/esportes\/pascal-gros-destaca-semelhancas-entre-monterrey-e-fluminense-antes-do-mundial\/4742\/","name":"Pascal Gro\u00df destaca semelhan\u00e7as entre Monterrey e Fluminense antes do Mundial - WordPulseTrends com","isPartOf":{"@id":"https:\/\/vivadicas.com\/st2\/#website"},"primaryImageOfPage":{"@id":"https:\/\/vivadicas.com\/st2\/esportes\/pascal-gros-destaca-semelhancas-entre-monterrey-e-fluminense-antes-do-mundial\/4742\/#primaryimage"},"image":{"@id":"https:\/\/vivadicas.com\/st2\/esportes\/pascal-gros-destaca-semelhancas-entre-monterrey-e-fluminense-antes-do-mundial\/4742\/#primaryimage"},"thumbnailUrl":"https:\/\/vivadicas.com\/st2\/wp-content\/uploads\/2025\/07\/ai_trend_1751745319_867b405f.png","datePublished":"2025-07-05T19:55:31+00:00","dateModified":"2025-07-05T19:55:33+00:00","breadcrumb":{"@id":"https:\/\/vivadicas.com\/st2\/esportes\/pascal-gros-destaca-semelhancas-entre-monterrey-e-fluminense-antes-do-mundial\/4742\/#breadcrumb"},"inLanguage":"pt-BR","potentialAction":[{"@type":"ReadAction","target":["https:\/\/vivadicas.com\/st2\/esportes\/pascal-gros-destaca-semelhancas-entre-monterrey-e-fluminense-antes-do-mundial\/4742\/"]}]},{"@type":"ImageObject","inLanguage":"pt-BR","@id":"https:\/\/vivadicas.com\/st2\/esportes\/pascal-gros-destaca-semelhancas-entre-monterrey-e-fluminense-antes-do-mundial\/4742\/#primaryimage","url":"https:\/\/vivadicas.com\/st2\/wp-content\/uploads\/2025\/07\/ai_trend_1751745319_867b405f.png","contentUrl":"https:\/\/vivadicas.com\/st2\/wp-content\/uploads\/2025\/07\/ai_trend_1751745319_867b405f.png","width":1024,"height":512},{"@type":"BreadcrumbList","@id":"https:\/\/vivadicas.com\/st2\/esportes\/pascal-gros-destaca-semelhancas-entre-monterrey-e-fluminense-antes-do-mundial\/4742\/#breadcrumb","itemListElement":[{"@type":"ListItem","position":1,"name":"In\u00edcio","item":"https:\/\/vivadicas.com\/st2\/"},{"@type":"ListItem","position":2,"name":"Pascal Gro\u00df destaca semelhan\u00e7as entre Monterrey e Fluminense antes do Mundial"}]},{"@type":"WebSite","@id":"https:\/\/vivadicas.com\/st2\/#website","url":"https:\/\/vivadicas.com\/st2\/","name":"TrendsBrasil","description":"Stay updated with trending topics, viral news, hot updates, breaking headlines, global trends, and real-time content. Discover what\u2019s going viral now and follow the most talked-about stories across the web, social media, and news platforms!","publisher":{"@id":"https:\/\/vivadicas.com\/st2\/#organization"},"potentialAction":[{"@type":"SearchAction","target":{"@type":"EntryPoint","urlTemplate":"https:\/\/vivadicas.com\/st2\/?s={search_term_string}"},"query-input":{"@type":"PropertyValueSpecification","valueRequired":true,"valueName":"search_term_string"}}],"inLanguage":"pt-BR"},{"@type":"Organization","@id":"https:\/\/vivadicas.com\/st2\/#organization","name":"TrendsBrasil","url":"https:\/\/vivadicas.com\/st2\/","logo":{"@type":"ImageObject","inLanguage":"pt-BR","@id":"https:\/\/vivadicas.com\/st2\/#\/schema\/logo\/image\/","url":"https:\/\/vivadicas.com\/st2\/wp-content\/uploads\/2025\/06\/ChatGPT-Image-24-de-jun.-de-2025-10_39_16-683x1024.png","contentUrl":"https:\/\/vivadicas.com\/st2\/wp-content\/uploads\/2025\/06\/ChatGPT-Image-24-de-jun.-de-2025-10_39_16-683x1024.png","width":683,"height":1024,"caption":"TrendsBrasil"},"image":{"@id":"https:\/\/vivadicas.com\/st2\/#\/schema\/logo\/image\/"}},{"@type":"Person","@id":"https:\/\/vivadicas.com\/st2\/#\/schema\/person\/f8432157bb5752f84d3a30f1c7388a16","name":"st2vivadicas","image":{"@type":"ImageObject","inLanguage":"pt-BR","@id":"https:\/\/vivadicas.com\/st2\/#\/schema\/person\/image\/","url":"https:\/\/secure.gravatar.com\/avatar\/9bb04fcca59036779222f5f2d61adc27b9b487cc07bc4064b27fa7e0a1e23e1a?s=96&d=mm&r=g","contentUrl":"https:\/\/secure.gravatar.com\/avatar\/9bb04fcca59036779222f5f2d61adc27b9b487cc07bc4064b27fa7e0a1e23e1a?s=96&d=mm&r=g","caption":"st2vivadicas"},"sameAs":["https:\/\/vivadicas.com\/st2"],"url":"https:\/\/vivadicas.com\/st2\/author\/st2vivadicas\/"}]}},"_links":{"self":[{"href":"https:\/\/vivadicas.com\/st2\/wp-json\/wp\/v2\/posts\/4742","targetHints":{"allow":["GET"]}}],"collection":[{"href":"https:\/\/vivadicas.com\/st2\/wp-json\/wp\/v2\/posts"}],"about":[{"href":"https:\/\/vivadicas.com\/st2\/wp-json\/wp\/v2\/types\/post"}],"author":[{"embeddable":true,"href":"https:\/\/vivadicas.com\/st2\/wp-json\/wp\/v2\/users\/1"}],"replies":[{"embeddable":true,"href":"https:\/\/vivadicas.com\/st2\/wp-json\/wp\/v2\/comments?post=4742"}],"version-history":[{"count":1,"href":"https:\/\/vivadicas.com\/st2\/wp-json\/wp\/v2\/posts\/4742\/revisions"}],"predecessor-version":[{"id":4743,"href":"https:\/\/vivadicas.com\/st2\/wp-json\/wp\/v2\/posts\/4742\/revisions\/4743"}],"wp:featuredmedia":[{"embeddable":true,"href":"https:\/\/vivadicas.com\/st2\/wp-json\/wp\/v2\/media\/4741"}],"wp:attachment":[{"href":"https:\/\/vivadicas.com\/st2\/wp-json\/wp\/v2\/media?parent=4742"}],"wp:term":[{"taxonomy":"category","embeddable":true,"href":"https:\/\/vivadicas.com\/st2\/wp-json\/wp\/v2\/categories?post=4742"},{"taxonomy":"post_tag","embeddable":true,"href":"https:\/\/vivadicas.com\/st2\/wp-json\/wp\/v2\/tags?post=4742"}],"curies":[{"name":"wp","href":"https:\/\/api.w.org\/{rel}","templated":true}]}}