{"id":5258,"date":"2025-07-06T14:34:45","date_gmt":"2025-07-06T17:34:45","guid":{"rendered":"https:\/\/vivadicas.com\/st2\/blog\/penarol-busca-reforcos-e-mira-a-copa-libertadores\/5258\/"},"modified":"2025-07-06T14:34:47","modified_gmt":"2025-07-06T17:34:47","slug":"penarol-busca-reforcos-e-mira-a-copa-libertadores","status":"publish","type":"post","link":"https:\/\/vivadicas.com\/st2\/esportes\/penarol-busca-reforcos-e-mira-a-copa-libertadores\/5258\/","title":{"rendered":"Penarol busca refor\u00e7os e mira a Copa Libertadores"},"content":{"rendered":"<p><h2>\ud83c\udfaf O que \u00e9 Penarol?<\/h2>\n<\/p>\n<p>Penarol \u00e9 um dos clubes mais tradicionais do futebol uruguaio. Fundado em 1891, o time tem uma rica hist\u00f3ria e \u00e9 conhecido por sua grande rivalidade com o Nacional. Nos \u00faltimos anos, o Penarol tem se esfor\u00e7ado para retornar ao auge do futebol sul-americano, especialmente visando a Copa Libertadores.<\/p>\n<p>Com uma base de torcedores apaixonada, o Penarol n\u00e3o s\u00f3 representa Montevid\u00e9u, mas tamb\u00e9m leva seu nome para todo o continente. A busca pelo sucesso na Libertadores \u00e9 um dos principais objetivos da diretoria e da comiss\u00e3o t\u00e9cnica. O Penarol quer reescrever sua hist\u00f3ria na competi\u00e7\u00e3o.<\/p>\n<p><h2>\ud83d\udcca Desempenho recente<\/h2>\n<\/p>\n<p>No \u00faltimo campeonato uruguaio, Penarol teve um desempenho misto. Apesar de alguns altos e baixos, o clube conseguiu se classificar para a competi\u00e7\u00e3o continental. A torcida espera uma campanha mais s\u00f3lida na pr\u00f3xima edi\u00e7\u00e3o da Libertadores.<\/p>\n<p>Estat\u00edsticas como posse de bola, passes completos e finaliza\u00e7\u00f5es ser\u00e3o vitais para que o Penarol alcance seus objetivos. Melhores performances em jogos decisivos tamb\u00e9m s\u00e3o essenciais para o crescimento da equipe.<\/p>\n<p><h2>\u26a1 Novidades no elenco<\/h2>\n<\/p>\n<p>Para 2024, o Penarol est\u00e1 em busca de refor\u00e7os estrat\u00e9gicos. Com a sa\u00edda de alguns jogadores importantes, a diretoria j\u00e1 iniciou conversas com potenciais contrata\u00e7\u00f5es. A expectativa \u00e9 trazer atletas que possam agregar experi\u00eancia e qualidade ao time.<\/p>\n<p>A comiss\u00e3o t\u00e9cnica est\u00e1 atenta ao mercado, visando jogadores que se encaixem no estilo de jogo proposto. As negocia\u00e7\u00f5es est\u00e3o em andamento, e a torcida est\u00e1 ansiosa por an\u00fancios concretos.<\/p>\n<p><h2>\ud83d\udd0d An\u00e1lise das t\u00e1ticas<\/h2>\n<\/p>\n<p>O estilo de jogo do Penarol \u00e9 caracterizado por um forte sistema defensivo, aliado a transi\u00e7\u00f5es r\u00e1pidas. O t\u00e9cnico atual tem trabalhado para otimizar o ataque, buscando mais efici\u00eancia nas finaliza\u00e7\u00f5es.<\/p>\n<p>A an\u00e1lise dos \u00faltimos jogos mostra que o Penarol precisa melhorar na cria\u00e7\u00e3o de jogadas. O uso de jogadores criativos no meio-campo pode ser a chave para um desempenho superior na pr\u00f3xima Libertadores.<\/p>\n<p>Em suma, a combina\u00e7\u00e3o de refor\u00e7os, t\u00e1ticas aprimoradas e a for\u00e7a da torcida pode impulsionar o Penarol rumo ao sucesso. A expectativa \u00e9 que o clube volte a brilhar em n\u00edvel continental.<\/p>\n<p>Gostou de saber mais sobre Penarol? Seus amigos tamb\u00e9m podem se interessar. <a href=\"https:\/\/www.addtoany.com\/share#url=https%3A%2F%2Fvivadicas.com%2Fst2%2Fesportes%2Fpenarol-busca-reforcos-e-mira-a-copa-libertadores%2F5258%2F\" target=\"_blank\" rel=\"noopener\">Compartilhe<\/a> com eles agora mesmo!<\/p>\n","protected":false},"excerpt":{"rendered":"<p>\ud83c\udfaf O que \u00e9 Penarol? Penarol \u00e9 um dos clubes mais tradicionais do futebol uruguaio. Fundado em 1891, o time tem uma rica hist\u00f3ria e \u00e9 conhecido por sua grande rivalidade com o Nacional. Nos \u00faltimos anos, o Penarol tem se esfor\u00e7ado para retornar ao auge do futebol sul-americano, especialmente visando a Copa Libertadores. Com &#8230; <a title=\"Penarol busca refor\u00e7os e mira a Copa Libertadores\" class=\"read-more\" href=\"https:\/\/vivadicas.com\/st2\/esportes\/penarol-busca-reforcos-e-mira-a-copa-libertadores\/5258\/\" aria-label=\"Read more about Penarol busca refor\u00e7os e mira a Copa Libertadores\">Ler mais<\/a><\/p>\n","protected":false},"author":1,"featured_media":5257,"comment_status":"open","ping_status":"open","sticky":false,"template":"","format":"standard","meta":{"footnotes":""},"categories":[1199],"tags":[4122,4121,4120,4123,4124],"class_list":["post-5258","post","type-post","status-publish","format-standard","has-post-thumbnail","hentry","category-esportes","tag-copa-libertadores","tag-futebol-uruguaio","tag-penarol","tag-reforcos","tag-tatica"],"yoast_head":"<!-- This site is optimized with the Yoast SEO plugin v25.3.1 - https:\/\/yoast.com\/wordpress\/plugins\/seo\/ -->\n<title>Penarol busca refor\u00e7os e mira a Copa Libertadores - WordPulseTrends com<\/title>\n<meta name=\"robots\" content=\"index, follow, max-snippet:-1, max-image-preview:large, max-video-preview:-1\" \/>\n<link rel=\"canonical\" href=\"https:\/\/vivadicas.com\/st2\/esportes\/penarol-busca-reforcos-e-mira-a-copa-libertadores\/5258\/\" \/>\n<meta property=\"og:locale\" content=\"pt_BR\" \/>\n<meta property=\"og:type\" content=\"article\" \/>\n<meta property=\"og:title\" content=\"Penarol busca refor\u00e7os e mira a Copa Libertadores - WordPulseTrends com\" \/>\n<meta property=\"og:description\" content=\"\ud83c\udfaf O que \u00e9 Penarol? Penarol \u00e9 um dos clubes mais tradicionais do futebol uruguaio. Fundado em 1891, o time tem uma rica hist\u00f3ria e \u00e9 conhecido por sua grande rivalidade com o Nacional. Nos \u00faltimos anos, o Penarol tem se esfor\u00e7ado para retornar ao auge do futebol sul-americano, especialmente visando a Copa Libertadores. Com ... Ler mais\" \/>\n<meta property=\"og:url\" content=\"https:\/\/vivadicas.com\/st2\/esportes\/penarol-busca-reforcos-e-mira-a-copa-libertadores\/5258\/\" \/>\n<meta property=\"og:site_name\" content=\"WordPulseTrends com\" \/>\n<meta property=\"article:published_time\" content=\"2025-07-06T17:34:45+00:00\" \/>\n<meta property=\"article:modified_time\" content=\"2025-07-06T17:34:47+00:00\" \/>\n<meta property=\"og:image\" content=\"https:\/\/vivadicas.com\/st2\/wp-content\/uploads\/2025\/07\/ai_trend_1751823267_da16bee0.png\" \/>\n\t<meta property=\"og:image:width\" content=\"1024\" \/>\n\t<meta property=\"og:image:height\" content=\"512\" \/>\n\t<meta property=\"og:image:type\" content=\"image\/png\" \/>\n<meta name=\"author\" content=\"st2vivadicas\" \/>\n<meta name=\"twitter:card\" content=\"summary_large_image\" \/>\n<meta name=\"twitter:label1\" content=\"Escrito por\" \/>\n\t<meta name=\"twitter:data1\" content=\"st2vivadicas\" \/>\n\t<meta name=\"twitter:label2\" content=\"Est. tempo de leitura\" \/>\n\t<meta name=\"twitter:data2\" content=\"2 minutos\" \/>\n<script type=\"application\/ld+json\" class=\"yoast-schema-graph\">{\"@context\":\"https:\/\/schema.org\",\"@graph\":[{\"@type\":\"Article\",\"@id\":\"https:\/\/vivadicas.com\/st2\/esportes\/penarol-busca-reforcos-e-mira-a-copa-libertadores\/5258\/#article\",\"isPartOf\":{\"@id\":\"https:\/\/vivadicas.com\/st2\/esportes\/penarol-busca-reforcos-e-mira-a-copa-libertadores\/5258\/\"},\"author\":{\"name\":\"st2vivadicas\",\"@id\":\"https:\/\/vivadicas.com\/st2\/#\/schema\/person\/f8432157bb5752f84d3a30f1c7388a16\"},\"headline\":\"Penarol busca refor\u00e7os e mira a Copa Libertadores\",\"datePublished\":\"2025-07-06T17:34:45+00:00\",\"dateModified\":\"2025-07-06T17:34:47+00:00\",\"mainEntityOfPage\":{\"@id\":\"https:\/\/vivadicas.com\/st2\/esportes\/penarol-busca-reforcos-e-mira-a-copa-libertadores\/5258\/\"},\"wordCount\":399,\"commentCount\":0,\"publisher\":{\"@id\":\"https:\/\/vivadicas.com\/st2\/#organization\"},\"image\":{\"@id\":\"https:\/\/vivadicas.com\/st2\/esportes\/penarol-busca-reforcos-e-mira-a-copa-libertadores\/5258\/#primaryimage\"},\"thumbnailUrl\":\"https:\/\/vivadicas.com\/st2\/wp-content\/uploads\/2025\/07\/ai_trend_1751823267_da16bee0.png\",\"keywords\":[\"Copa Libertadores\",\"futebol uruguaio\",\"Penarol\",\"refor\u00e7os\",\"t\u00e1tica\"],\"articleSection\":[\"Esportes\"],\"inLanguage\":\"pt-BR\",\"potentialAction\":[{\"@type\":\"CommentAction\",\"name\":\"Comment\",\"target\":[\"https:\/\/vivadicas.com\/st2\/esportes\/penarol-busca-reforcos-e-mira-a-copa-libertadores\/5258\/#respond\"]}]},{\"@type\":\"WebPage\",\"@id\":\"https:\/\/vivadicas.com\/st2\/esportes\/penarol-busca-reforcos-e-mira-a-copa-libertadores\/5258\/\",\"url\":\"https:\/\/vivadicas.com\/st2\/esportes\/penarol-busca-reforcos-e-mira-a-copa-libertadores\/5258\/\",\"name\":\"Penarol busca refor\u00e7os e mira a Copa Libertadores - WordPulseTrends com\",\"isPartOf\":{\"@id\":\"https:\/\/vivadicas.com\/st2\/#website\"},\"primaryImageOfPage\":{\"@id\":\"https:\/\/vivadicas.com\/st2\/esportes\/penarol-busca-reforcos-e-mira-a-copa-libertadores\/5258\/#primaryimage\"},\"image\":{\"@id\":\"https:\/\/vivadicas.com\/st2\/esportes\/penarol-busca-reforcos-e-mira-a-copa-libertadores\/5258\/#primaryimage\"},\"thumbnailUrl\":\"https:\/\/vivadicas.com\/st2\/wp-content\/uploads\/2025\/07\/ai_trend_1751823267_da16bee0.png\",\"datePublished\":\"2025-07-06T17:34:45+00:00\",\"dateModified\":\"2025-07-06T17:34:47+00:00\",\"breadcrumb\":{\"@id\":\"https:\/\/vivadicas.com\/st2\/esportes\/penarol-busca-reforcos-e-mira-a-copa-libertadores\/5258\/#breadcrumb\"},\"inLanguage\":\"pt-BR\",\"potentialAction\":[{\"@type\":\"ReadAction\",\"target\":[\"https:\/\/vivadicas.com\/st2\/esportes\/penarol-busca-reforcos-e-mira-a-copa-libertadores\/5258\/\"]}]},{\"@type\":\"ImageObject\",\"inLanguage\":\"pt-BR\",\"@id\":\"https:\/\/vivadicas.com\/st2\/esportes\/penarol-busca-reforcos-e-mira-a-copa-libertadores\/5258\/#primaryimage\",\"url\":\"https:\/\/vivadicas.com\/st2\/wp-content\/uploads\/2025\/07\/ai_trend_1751823267_da16bee0.png\",\"contentUrl\":\"https:\/\/vivadicas.com\/st2\/wp-content\/uploads\/2025\/07\/ai_trend_1751823267_da16bee0.png\",\"width\":1024,\"height\":512},{\"@type\":\"BreadcrumbList\",\"@id\":\"https:\/\/vivadicas.com\/st2\/esportes\/penarol-busca-reforcos-e-mira-a-copa-libertadores\/5258\/#breadcrumb\",\"itemListElement\":[{\"@type\":\"ListItem\",\"position\":1,\"name\":\"In\u00edcio\",\"item\":\"https:\/\/vivadicas.com\/st2\/\"},{\"@type\":\"ListItem\",\"position\":2,\"name\":\"Penarol busca refor\u00e7os e mira a Copa Libertadores\"}]},{\"@type\":\"WebSite\",\"@id\":\"https:\/\/vivadicas.com\/st2\/#website\",\"url\":\"https:\/\/vivadicas.com\/st2\/\",\"name\":\"TrendsBrasil\",\"description\":\"Stay updated with trending topics, viral news, hot updates, breaking headlines, global trends, and real-time content. Discover what\u2019s going viral now and follow the most talked-about stories across the web, social media, and news platforms!\",\"publisher\":{\"@id\":\"https:\/\/vivadicas.com\/st2\/#organization\"},\"potentialAction\":[{\"@type\":\"SearchAction\",\"target\":{\"@type\":\"EntryPoint\",\"urlTemplate\":\"https:\/\/vivadicas.com\/st2\/?s={search_term_string}\"},\"query-input\":{\"@type\":\"PropertyValueSpecification\",\"valueRequired\":true,\"valueName\":\"search_term_string\"}}],\"inLanguage\":\"pt-BR\"},{\"@type\":\"Organization\",\"@id\":\"https:\/\/vivadicas.com\/st2\/#organization\",\"name\":\"TrendsBrasil\",\"url\":\"https:\/\/vivadicas.com\/st2\/\",\"logo\":{\"@type\":\"ImageObject\",\"inLanguage\":\"pt-BR\",\"@id\":\"https:\/\/vivadicas.com\/st2\/#\/schema\/logo\/image\/\",\"url\":\"https:\/\/vivadicas.com\/st2\/wp-content\/uploads\/2025\/06\/ChatGPT-Image-24-de-jun.-de-2025-10_39_16-683x1024.png\",\"contentUrl\":\"https:\/\/vivadicas.com\/st2\/wp-content\/uploads\/2025\/06\/ChatGPT-Image-24-de-jun.-de-2025-10_39_16-683x1024.png\",\"width\":683,\"height\":1024,\"caption\":\"TrendsBrasil\"},\"image\":{\"@id\":\"https:\/\/vivadicas.com\/st2\/#\/schema\/logo\/image\/\"}},{\"@type\":\"Person\",\"@id\":\"https:\/\/vivadicas.com\/st2\/#\/schema\/person\/f8432157bb5752f84d3a30f1c7388a16\",\"name\":\"st2vivadicas\",\"image\":{\"@type\":\"ImageObject\",\"inLanguage\":\"pt-BR\",\"@id\":\"https:\/\/vivadicas.com\/st2\/#\/schema\/person\/image\/\",\"url\":\"https:\/\/secure.gravatar.com\/avatar\/9bb04fcca59036779222f5f2d61adc27b9b487cc07bc4064b27fa7e0a1e23e1a?s=96&d=mm&r=g\",\"contentUrl\":\"https:\/\/secure.gravatar.com\/avatar\/9bb04fcca59036779222f5f2d61adc27b9b487cc07bc4064b27fa7e0a1e23e1a?s=96&d=mm&r=g\",\"caption\":\"st2vivadicas\"},\"sameAs\":[\"https:\/\/vivadicas.com\/st2\"],\"url\":\"https:\/\/vivadicas.com\/st2\/author\/st2vivadicas\/\"}]}<\/script>\n<!-- \/ Yoast SEO plugin. -->","yoast_head_json":{"title":"Penarol busca refor\u00e7os e mira a Copa Libertadores - WordPulseTrends com","robots":{"index":"index","follow":"follow","max-snippet":"max-snippet:-1","max-image-preview":"max-image-preview:large","max-video-preview":"max-video-preview:-1"},"canonical":"https:\/\/vivadicas.com\/st2\/esportes\/penarol-busca-reforcos-e-mira-a-copa-libertadores\/5258\/","og_locale":"pt_BR","og_type":"article","og_title":"Penarol busca refor\u00e7os e mira a Copa Libertadores - WordPulseTrends com","og_description":"\ud83c\udfaf O que \u00e9 Penarol? Penarol \u00e9 um dos clubes mais tradicionais do futebol uruguaio. Fundado em 1891, o time tem uma rica hist\u00f3ria e \u00e9 conhecido por sua grande rivalidade com o Nacional. Nos \u00faltimos anos, o Penarol tem se esfor\u00e7ado para retornar ao auge do futebol sul-americano, especialmente visando a Copa Libertadores. Com ... Ler mais","og_url":"https:\/\/vivadicas.com\/st2\/esportes\/penarol-busca-reforcos-e-mira-a-copa-libertadores\/5258\/","og_site_name":"WordPulseTrends com","article_published_time":"2025-07-06T17:34:45+00:00","article_modified_time":"2025-07-06T17:34:47+00:00","og_image":[{"width":1024,"height":512,"url":"https:\/\/vivadicas.com\/st2\/wp-content\/uploads\/2025\/07\/ai_trend_1751823267_da16bee0.png","type":"image\/png"}],"author":"st2vivadicas","twitter_card":"summary_large_image","twitter_misc":{"Escrito por":"st2vivadicas","Est. tempo de leitura":"2 minutos"},"schema":{"@context":"https:\/\/schema.org","@graph":[{"@type":"Article","@id":"https:\/\/vivadicas.com\/st2\/esportes\/penarol-busca-reforcos-e-mira-a-copa-libertadores\/5258\/#article","isPartOf":{"@id":"https:\/\/vivadicas.com\/st2\/esportes\/penarol-busca-reforcos-e-mira-a-copa-libertadores\/5258\/"},"author":{"name":"st2vivadicas","@id":"https:\/\/vivadicas.com\/st2\/#\/schema\/person\/f8432157bb5752f84d3a30f1c7388a16"},"headline":"Penarol busca refor\u00e7os e mira a Copa Libertadores","datePublished":"2025-07-06T17:34:45+00:00","dateModified":"2025-07-06T17:34:47+00:00","mainEntityOfPage":{"@id":"https:\/\/vivadicas.com\/st2\/esportes\/penarol-busca-reforcos-e-mira-a-copa-libertadores\/5258\/"},"wordCount":399,"commentCount":0,"publisher":{"@id":"https:\/\/vivadicas.com\/st2\/#organization"},"image":{"@id":"https:\/\/vivadicas.com\/st2\/esportes\/penarol-busca-reforcos-e-mira-a-copa-libertadores\/5258\/#primaryimage"},"thumbnailUrl":"https:\/\/vivadicas.com\/st2\/wp-content\/uploads\/2025\/07\/ai_trend_1751823267_da16bee0.png","keywords":["Copa Libertadores","futebol uruguaio","Penarol","refor\u00e7os","t\u00e1tica"],"articleSection":["Esportes"],"inLanguage":"pt-BR","potentialAction":[{"@type":"CommentAction","name":"Comment","target":["https:\/\/vivadicas.com\/st2\/esportes\/penarol-busca-reforcos-e-mira-a-copa-libertadores\/5258\/#respond"]}]},{"@type":"WebPage","@id":"https:\/\/vivadicas.com\/st2\/esportes\/penarol-busca-reforcos-e-mira-a-copa-libertadores\/5258\/","url":"https:\/\/vivadicas.com\/st2\/esportes\/penarol-busca-reforcos-e-mira-a-copa-libertadores\/5258\/","name":"Penarol busca refor\u00e7os e mira a Copa Libertadores - WordPulseTrends com","isPartOf":{"@id":"https:\/\/vivadicas.com\/st2\/#website"},"primaryImageOfPage":{"@id":"https:\/\/vivadicas.com\/st2\/esportes\/penarol-busca-reforcos-e-mira-a-copa-libertadores\/5258\/#primaryimage"},"image":{"@id":"https:\/\/vivadicas.com\/st2\/esportes\/penarol-busca-reforcos-e-mira-a-copa-libertadores\/5258\/#primaryimage"},"thumbnailUrl":"https:\/\/vivadicas.com\/st2\/wp-content\/uploads\/2025\/07\/ai_trend_1751823267_da16bee0.png","datePublished":"2025-07-06T17:34:45+00:00","dateModified":"2025-07-06T17:34:47+00:00","breadcrumb":{"@id":"https:\/\/vivadicas.com\/st2\/esportes\/penarol-busca-reforcos-e-mira-a-copa-libertadores\/5258\/#breadcrumb"},"inLanguage":"pt-BR","potentialAction":[{"@type":"ReadAction","target":["https:\/\/vivadicas.com\/st2\/esportes\/penarol-busca-reforcos-e-mira-a-copa-libertadores\/5258\/"]}]},{"@type":"ImageObject","inLanguage":"pt-BR","@id":"https:\/\/vivadicas.com\/st2\/esportes\/penarol-busca-reforcos-e-mira-a-copa-libertadores\/5258\/#primaryimage","url":"https:\/\/vivadicas.com\/st2\/wp-content\/uploads\/2025\/07\/ai_trend_1751823267_da16bee0.png","contentUrl":"https:\/\/vivadicas.com\/st2\/wp-content\/uploads\/2025\/07\/ai_trend_1751823267_da16bee0.png","width":1024,"height":512},{"@type":"BreadcrumbList","@id":"https:\/\/vivadicas.com\/st2\/esportes\/penarol-busca-reforcos-e-mira-a-copa-libertadores\/5258\/#breadcrumb","itemListElement":[{"@type":"ListItem","position":1,"name":"In\u00edcio","item":"https:\/\/vivadicas.com\/st2\/"},{"@type":"ListItem","position":2,"name":"Penarol busca refor\u00e7os e mira a Copa Libertadores"}]},{"@type":"WebSite","@id":"https:\/\/vivadicas.com\/st2\/#website","url":"https:\/\/vivadicas.com\/st2\/","name":"TrendsBrasil","description":"Stay updated with trending topics, viral news, hot updates, breaking headlines, global trends, and real-time content. Discover what\u2019s going viral now and follow the most talked-about stories across the web, social media, and news platforms!","publisher":{"@id":"https:\/\/vivadicas.com\/st2\/#organization"},"potentialAction":[{"@type":"SearchAction","target":{"@type":"EntryPoint","urlTemplate":"https:\/\/vivadicas.com\/st2\/?s={search_term_string}"},"query-input":{"@type":"PropertyValueSpecification","valueRequired":true,"valueName":"search_term_string"}}],"inLanguage":"pt-BR"},{"@type":"Organization","@id":"https:\/\/vivadicas.com\/st2\/#organization","name":"TrendsBrasil","url":"https:\/\/vivadicas.com\/st2\/","logo":{"@type":"ImageObject","inLanguage":"pt-BR","@id":"https:\/\/vivadicas.com\/st2\/#\/schema\/logo\/image\/","url":"https:\/\/vivadicas.com\/st2\/wp-content\/uploads\/2025\/06\/ChatGPT-Image-24-de-jun.-de-2025-10_39_16-683x1024.png","contentUrl":"https:\/\/vivadicas.com\/st2\/wp-content\/uploads\/2025\/06\/ChatGPT-Image-24-de-jun.-de-2025-10_39_16-683x1024.png","width":683,"height":1024,"caption":"TrendsBrasil"},"image":{"@id":"https:\/\/vivadicas.com\/st2\/#\/schema\/logo\/image\/"}},{"@type":"Person","@id":"https:\/\/vivadicas.com\/st2\/#\/schema\/person\/f8432157bb5752f84d3a30f1c7388a16","name":"st2vivadicas","image":{"@type":"ImageObject","inLanguage":"pt-BR","@id":"https:\/\/vivadicas.com\/st2\/#\/schema\/person\/image\/","url":"https:\/\/secure.gravatar.com\/avatar\/9bb04fcca59036779222f5f2d61adc27b9b487cc07bc4064b27fa7e0a1e23e1a?s=96&d=mm&r=g","contentUrl":"https:\/\/secure.gravatar.com\/avatar\/9bb04fcca59036779222f5f2d61adc27b9b487cc07bc4064b27fa7e0a1e23e1a?s=96&d=mm&r=g","caption":"st2vivadicas"},"sameAs":["https:\/\/vivadicas.com\/st2"],"url":"https:\/\/vivadicas.com\/st2\/author\/st2vivadicas\/"}]}},"_links":{"self":[{"href":"https:\/\/vivadicas.com\/st2\/wp-json\/wp\/v2\/posts\/5258","targetHints":{"allow":["GET"]}}],"collection":[{"href":"https:\/\/vivadicas.com\/st2\/wp-json\/wp\/v2\/posts"}],"about":[{"href":"https:\/\/vivadicas.com\/st2\/wp-json\/wp\/v2\/types\/post"}],"author":[{"embeddable":true,"href":"https:\/\/vivadicas.com\/st2\/wp-json\/wp\/v2\/users\/1"}],"replies":[{"embeddable":true,"href":"https:\/\/vivadicas.com\/st2\/wp-json\/wp\/v2\/comments?post=5258"}],"version-history":[{"count":1,"href":"https:\/\/vivadicas.com\/st2\/wp-json\/wp\/v2\/posts\/5258\/revisions"}],"predecessor-version":[{"id":5259,"href":"https:\/\/vivadicas.com\/st2\/wp-json\/wp\/v2\/posts\/5258\/revisions\/5259"}],"wp:featuredmedia":[{"embeddable":true,"href":"https:\/\/vivadicas.com\/st2\/wp-json\/wp\/v2\/media\/5257"}],"wp:attachment":[{"href":"https:\/\/vivadicas.com\/st2\/wp-json\/wp\/v2\/media?parent=5258"}],"wp:term":[{"taxonomy":"category","embeddable":true,"href":"https:\/\/vivadicas.com\/st2\/wp-json\/wp\/v2\/categories?post=5258"},{"taxonomy":"post_tag","embeddable":true,"href":"https:\/\/vivadicas.com\/st2\/wp-json\/wp\/v2\/tags?post=5258"}],"curies":[{"name":"wp","href":"https:\/\/api.w.org\/{rel}","templated":true}]}}