{"id":647,"date":"2025-06-29T21:02:07","date_gmt":"2025-06-30T00:02:07","guid":{"rendered":"https:\/\/vivadicas.com\/st2\/wicked-compositor-revela-mudancas-para-o-filme\/"},"modified":"2025-06-29T21:02:07","modified_gmt":"2025-06-30T00:02:07","slug":"wicked-compositor-revela-mudancas-para-o-filme","status":"publish","type":"post","link":"https:\/\/vivadicas.com\/st2\/blog\/wicked-compositor-revela-mudancas-para-o-filme\/647\/","title":{"rendered":"Wicked: Compositor Revela Mudan\u00e7as Para o Filme"},"content":{"rendered":"<p>Stephen Schwartz, compositor de &#8220;Wicked&#8221;, compartilhou detalhes sobre as adapta\u00e7\u00f5es feitas para a vers\u00e3o cinematogr\u00e1fica do aclamado espet\u00e1culo da Broadway. As mudan\u00e7as prometem trazer uma nova perspectiva para os f\u00e3s da hist\u00f3ria de Glinda e Elphaba.<\/p>\n<p><h3>\u26a1 Mudan\u00e7as na Hist\u00f3ria de Nessarose<\/h3>\n<p>Schwartz explicou que as altera\u00e7\u00f5es na trama de Nessarose, irm\u00e3 de Elphaba, foram feitas com cuidado e respeito. A personagem ter\u00e1 um desenvolvimento diferente na sequ\u00eancia do musical, &#8220;Wicked: Parte 2&#8221;, que promete surpreender o p\u00fablico.<\/p>\n<p><h3>\ud83d\udd0d Leil\u00e3o de Figurinos de Wicked<\/h3>\n<p>Os f\u00e3s mais dedicados de &#8220;Wicked&#8221; ter\u00e3o a oportunidade de adquirir pe\u00e7as especiais do figurino do musical e de outros espet\u00e1culos em um leil\u00e3o promovido pela produ\u00e7\u00e3o. Essa \u00e9 uma chance \u00fanica de se aproximar ainda mais do universo m\u00e1gico criado por Schwartz.<\/p>\n<p><h3>\u26a1 Ariana Grande e Cynthia Erivo em Destaque<\/h3>\n<p>A estreia da primeira parte de &#8220;Wicked&#8221;, no Canal+, com Ariana Grande e Cynthia Erivo nos pap\u00e9is principais, promete encantar os telespectadores. A prequela promete trazer uma nova perspectiva sobre a hist\u00f3ria das personagens antes dos eventos do musical original.<\/p>\n<p>A atriz Amanda Seyfried, que pleiteava um papel em &#8220;Wicked&#8221;, compartilhou sua jornada de testes e esfor\u00e7os para interpretar Glinda, papel que acabou sendo destinado a Ariana Grande. A disputa pelo elenco demonstra a relev\u00e2ncia e o prest\u00edgio do projeto.<\/p>\n","protected":false},"excerpt":{"rendered":"<p>Stephen Schwartz, compositor de &#8220;Wicked&#8221;, compartilhou detalhes sobre as adapta\u00e7\u00f5es feitas para a vers\u00e3o cinematogr\u00e1fica do aclamado espet\u00e1culo da Broadway. As mudan\u00e7as prometem trazer uma nova perspectiva para os f\u00e3s da hist\u00f3ria de Glinda e Elphaba. \u26a1 Mudan\u00e7as na Hist\u00f3ria de Nessarose Schwartz explicou que as altera\u00e7\u00f5es na trama de Nessarose, irm\u00e3 de Elphaba, foram &#8230; <a title=\"Wicked: Compositor Revela Mudan\u00e7as Para o Filme\" class=\"read-more\" href=\"https:\/\/vivadicas.com\/st2\/blog\/wicked-compositor-revela-mudancas-para-o-filme\/647\/\" aria-label=\"Read more about Wicked: Compositor Revela Mudan\u00e7as Para o Filme\">Ler mais<\/a><\/p>\n","protected":false},"author":1,"featured_media":646,"comment_status":"open","ping_status":"open","sticky":false,"template":"","format":"standard","meta":{"footnotes":""},"categories":[1],"tags":[847,846,120,845,843],"class_list":["post-647","post","type-post","status-publish","format-standard","has-post-thumbnail","hentry","category-blog","tag-adaptacao","tag-broadway","tag-cinema","tag-musical","tag-wicked"],"yoast_head":"<!-- This site is optimized with the Yoast SEO plugin v25.3.1 - https:\/\/yoast.com\/wordpress\/plugins\/seo\/ -->\n<title>Wicked: Compositor Revela Mudan\u00e7as Para o Filme - WordPulseTrends com<\/title>\n<meta name=\"robots\" content=\"index, follow, max-snippet:-1, max-image-preview:large, max-video-preview:-1\" \/>\n<link rel=\"canonical\" href=\"https:\/\/vivadicas.com\/st2\/blog\/wicked-compositor-revela-mudancas-para-o-filme\/647\/\" \/>\n<meta property=\"og:locale\" content=\"pt_BR\" \/>\n<meta property=\"og:type\" content=\"article\" \/>\n<meta property=\"og:title\" content=\"Wicked: Compositor Revela Mudan\u00e7as Para o Filme - WordPulseTrends com\" \/>\n<meta property=\"og:description\" content=\"Stephen Schwartz, compositor de &#8220;Wicked&#8221;, compartilhou detalhes sobre as adapta\u00e7\u00f5es feitas para a vers\u00e3o cinematogr\u00e1fica do aclamado espet\u00e1culo da Broadway. As mudan\u00e7as prometem trazer uma nova perspectiva para os f\u00e3s da hist\u00f3ria de Glinda e Elphaba. \u26a1 Mudan\u00e7as na Hist\u00f3ria de Nessarose Schwartz explicou que as altera\u00e7\u00f5es na trama de Nessarose, irm\u00e3 de Elphaba, foram ... Ler mais\" \/>\n<meta property=\"og:url\" content=\"https:\/\/vivadicas.com\/st2\/blog\/wicked-compositor-revela-mudancas-para-o-filme\/647\/\" \/>\n<meta property=\"og:site_name\" content=\"WordPulseTrends com\" \/>\n<meta property=\"article:published_time\" content=\"2025-06-30T00:02:07+00:00\" \/>\n<meta property=\"og:image\" content=\"https:\/\/vivadicas.com\/st2\/wp-content\/uploads\/2025\/06\/unnamed-file-180.jpg\" \/>\n\t<meta property=\"og:image:width\" content=\"1200\" \/>\n\t<meta property=\"og:image:height\" content=\"630\" \/>\n\t<meta property=\"og:image:type\" content=\"image\/jpeg\" \/>\n<meta name=\"author\" content=\"st2vivadicas\" \/>\n<meta name=\"twitter:card\" content=\"summary_large_image\" \/>\n<meta name=\"twitter:label1\" content=\"Escrito por\" \/>\n\t<meta name=\"twitter:data1\" content=\"st2vivadicas\" \/>\n\t<meta name=\"twitter:label2\" content=\"Est. tempo de leitura\" \/>\n\t<meta name=\"twitter:data2\" content=\"1 minuto\" \/>\n<script type=\"application\/ld+json\" class=\"yoast-schema-graph\">{\"@context\":\"https:\/\/schema.org\",\"@graph\":[{\"@type\":\"Article\",\"@id\":\"https:\/\/vivadicas.com\/st2\/blog\/wicked-compositor-revela-mudancas-para-o-filme\/647\/#article\",\"isPartOf\":{\"@id\":\"https:\/\/vivadicas.com\/st2\/blog\/wicked-compositor-revela-mudancas-para-o-filme\/647\/\"},\"author\":{\"name\":\"st2vivadicas\",\"@id\":\"https:\/\/vivadicas.com\/st2\/#\/schema\/person\/f8432157bb5752f84d3a30f1c7388a16\"},\"headline\":\"Wicked: Compositor Revela Mudan\u00e7as Para o Filme\",\"datePublished\":\"2025-06-30T00:02:07+00:00\",\"mainEntityOfPage\":{\"@id\":\"https:\/\/vivadicas.com\/st2\/blog\/wicked-compositor-revela-mudancas-para-o-filme\/647\/\"},\"wordCount\":243,\"commentCount\":0,\"publisher\":{\"@id\":\"https:\/\/vivadicas.com\/st2\/#organization\"},\"image\":{\"@id\":\"https:\/\/vivadicas.com\/st2\/blog\/wicked-compositor-revela-mudancas-para-o-filme\/647\/#primaryimage\"},\"thumbnailUrl\":\"https:\/\/vivadicas.com\/st2\/wp-content\/uploads\/2025\/06\/unnamed-file-180.jpg\",\"keywords\":[\"adapta\u00e7\u00e3o\",\"Broadway\",\"cinema\",\"musical\",\"Wicked\"],\"articleSection\":[\"Blog\"],\"inLanguage\":\"pt-BR\",\"potentialAction\":[{\"@type\":\"CommentAction\",\"name\":\"Comment\",\"target\":[\"https:\/\/vivadicas.com\/st2\/blog\/wicked-compositor-revela-mudancas-para-o-filme\/647\/#respond\"]}]},{\"@type\":\"WebPage\",\"@id\":\"https:\/\/vivadicas.com\/st2\/blog\/wicked-compositor-revela-mudancas-para-o-filme\/647\/\",\"url\":\"https:\/\/vivadicas.com\/st2\/blog\/wicked-compositor-revela-mudancas-para-o-filme\/647\/\",\"name\":\"Wicked: Compositor Revela Mudan\u00e7as Para o Filme - WordPulseTrends com\",\"isPartOf\":{\"@id\":\"https:\/\/vivadicas.com\/st2\/#website\"},\"primaryImageOfPage\":{\"@id\":\"https:\/\/vivadicas.com\/st2\/blog\/wicked-compositor-revela-mudancas-para-o-filme\/647\/#primaryimage\"},\"image\":{\"@id\":\"https:\/\/vivadicas.com\/st2\/blog\/wicked-compositor-revela-mudancas-para-o-filme\/647\/#primaryimage\"},\"thumbnailUrl\":\"https:\/\/vivadicas.com\/st2\/wp-content\/uploads\/2025\/06\/unnamed-file-180.jpg\",\"datePublished\":\"2025-06-30T00:02:07+00:00\",\"breadcrumb\":{\"@id\":\"https:\/\/vivadicas.com\/st2\/blog\/wicked-compositor-revela-mudancas-para-o-filme\/647\/#breadcrumb\"},\"inLanguage\":\"pt-BR\",\"potentialAction\":[{\"@type\":\"ReadAction\",\"target\":[\"https:\/\/vivadicas.com\/st2\/blog\/wicked-compositor-revela-mudancas-para-o-filme\/647\/\"]}]},{\"@type\":\"ImageObject\",\"inLanguage\":\"pt-BR\",\"@id\":\"https:\/\/vivadicas.com\/st2\/blog\/wicked-compositor-revela-mudancas-para-o-filme\/647\/#primaryimage\",\"url\":\"https:\/\/vivadicas.com\/st2\/wp-content\/uploads\/2025\/06\/unnamed-file-180.jpg\",\"contentUrl\":\"https:\/\/vivadicas.com\/st2\/wp-content\/uploads\/2025\/06\/unnamed-file-180.jpg\",\"width\":1200,\"height\":630},{\"@type\":\"BreadcrumbList\",\"@id\":\"https:\/\/vivadicas.com\/st2\/blog\/wicked-compositor-revela-mudancas-para-o-filme\/647\/#breadcrumb\",\"itemListElement\":[{\"@type\":\"ListItem\",\"position\":1,\"name\":\"In\u00edcio\",\"item\":\"https:\/\/vivadicas.com\/st2\/\"},{\"@type\":\"ListItem\",\"position\":2,\"name\":\"Wicked: Compositor Revela Mudan\u00e7as Para o Filme\"}]},{\"@type\":\"WebSite\",\"@id\":\"https:\/\/vivadicas.com\/st2\/#website\",\"url\":\"https:\/\/vivadicas.com\/st2\/\",\"name\":\"TrendsBrasil\",\"description\":\"Stay updated with trending topics, viral news, hot updates, breaking headlines, global trends, and real-time content. Discover what\u2019s going viral now and follow the most talked-about stories across the web, social media, and news platforms!\",\"publisher\":{\"@id\":\"https:\/\/vivadicas.com\/st2\/#organization\"},\"potentialAction\":[{\"@type\":\"SearchAction\",\"target\":{\"@type\":\"EntryPoint\",\"urlTemplate\":\"https:\/\/vivadicas.com\/st2\/?s={search_term_string}\"},\"query-input\":{\"@type\":\"PropertyValueSpecification\",\"valueRequired\":true,\"valueName\":\"search_term_string\"}}],\"inLanguage\":\"pt-BR\"},{\"@type\":\"Organization\",\"@id\":\"https:\/\/vivadicas.com\/st2\/#organization\",\"name\":\"TrendsBrasil\",\"url\":\"https:\/\/vivadicas.com\/st2\/\",\"logo\":{\"@type\":\"ImageObject\",\"inLanguage\":\"pt-BR\",\"@id\":\"https:\/\/vivadicas.com\/st2\/#\/schema\/logo\/image\/\",\"url\":\"https:\/\/vivadicas.com\/st2\/wp-content\/uploads\/2025\/06\/ChatGPT-Image-24-de-jun.-de-2025-10_39_16-683x1024.png\",\"contentUrl\":\"https:\/\/vivadicas.com\/st2\/wp-content\/uploads\/2025\/06\/ChatGPT-Image-24-de-jun.-de-2025-10_39_16-683x1024.png\",\"width\":683,\"height\":1024,\"caption\":\"TrendsBrasil\"},\"image\":{\"@id\":\"https:\/\/vivadicas.com\/st2\/#\/schema\/logo\/image\/\"}},{\"@type\":\"Person\",\"@id\":\"https:\/\/vivadicas.com\/st2\/#\/schema\/person\/f8432157bb5752f84d3a30f1c7388a16\",\"name\":\"st2vivadicas\",\"image\":{\"@type\":\"ImageObject\",\"inLanguage\":\"pt-BR\",\"@id\":\"https:\/\/vivadicas.com\/st2\/#\/schema\/person\/image\/\",\"url\":\"https:\/\/secure.gravatar.com\/avatar\/9bb04fcca59036779222f5f2d61adc27b9b487cc07bc4064b27fa7e0a1e23e1a?s=96&d=mm&r=g\",\"contentUrl\":\"https:\/\/secure.gravatar.com\/avatar\/9bb04fcca59036779222f5f2d61adc27b9b487cc07bc4064b27fa7e0a1e23e1a?s=96&d=mm&r=g\",\"caption\":\"st2vivadicas\"},\"sameAs\":[\"https:\/\/vivadicas.com\/st2\"],\"url\":\"https:\/\/vivadicas.com\/st2\/author\/st2vivadicas\/\"}]}<\/script>\n<!-- \/ Yoast SEO plugin. -->","yoast_head_json":{"title":"Wicked: Compositor Revela Mudan\u00e7as Para o Filme - WordPulseTrends com","robots":{"index":"index","follow":"follow","max-snippet":"max-snippet:-1","max-image-preview":"max-image-preview:large","max-video-preview":"max-video-preview:-1"},"canonical":"https:\/\/vivadicas.com\/st2\/blog\/wicked-compositor-revela-mudancas-para-o-filme\/647\/","og_locale":"pt_BR","og_type":"article","og_title":"Wicked: Compositor Revela Mudan\u00e7as Para o Filme - WordPulseTrends com","og_description":"Stephen Schwartz, compositor de &#8220;Wicked&#8221;, compartilhou detalhes sobre as adapta\u00e7\u00f5es feitas para a vers\u00e3o cinematogr\u00e1fica do aclamado espet\u00e1culo da Broadway. As mudan\u00e7as prometem trazer uma nova perspectiva para os f\u00e3s da hist\u00f3ria de Glinda e Elphaba. \u26a1 Mudan\u00e7as na Hist\u00f3ria de Nessarose Schwartz explicou que as altera\u00e7\u00f5es na trama de Nessarose, irm\u00e3 de Elphaba, foram ... Ler mais","og_url":"https:\/\/vivadicas.com\/st2\/blog\/wicked-compositor-revela-mudancas-para-o-filme\/647\/","og_site_name":"WordPulseTrends com","article_published_time":"2025-06-30T00:02:07+00:00","og_image":[{"width":1200,"height":630,"url":"https:\/\/vivadicas.com\/st2\/wp-content\/uploads\/2025\/06\/unnamed-file-180.jpg","type":"image\/jpeg"}],"author":"st2vivadicas","twitter_card":"summary_large_image","twitter_misc":{"Escrito por":"st2vivadicas","Est. tempo de leitura":"1 minuto"},"schema":{"@context":"https:\/\/schema.org","@graph":[{"@type":"Article","@id":"https:\/\/vivadicas.com\/st2\/blog\/wicked-compositor-revela-mudancas-para-o-filme\/647\/#article","isPartOf":{"@id":"https:\/\/vivadicas.com\/st2\/blog\/wicked-compositor-revela-mudancas-para-o-filme\/647\/"},"author":{"name":"st2vivadicas","@id":"https:\/\/vivadicas.com\/st2\/#\/schema\/person\/f8432157bb5752f84d3a30f1c7388a16"},"headline":"Wicked: Compositor Revela Mudan\u00e7as Para o Filme","datePublished":"2025-06-30T00:02:07+00:00","mainEntityOfPage":{"@id":"https:\/\/vivadicas.com\/st2\/blog\/wicked-compositor-revela-mudancas-para-o-filme\/647\/"},"wordCount":243,"commentCount":0,"publisher":{"@id":"https:\/\/vivadicas.com\/st2\/#organization"},"image":{"@id":"https:\/\/vivadicas.com\/st2\/blog\/wicked-compositor-revela-mudancas-para-o-filme\/647\/#primaryimage"},"thumbnailUrl":"https:\/\/vivadicas.com\/st2\/wp-content\/uploads\/2025\/06\/unnamed-file-180.jpg","keywords":["adapta\u00e7\u00e3o","Broadway","cinema","musical","Wicked"],"articleSection":["Blog"],"inLanguage":"pt-BR","potentialAction":[{"@type":"CommentAction","name":"Comment","target":["https:\/\/vivadicas.com\/st2\/blog\/wicked-compositor-revela-mudancas-para-o-filme\/647\/#respond"]}]},{"@type":"WebPage","@id":"https:\/\/vivadicas.com\/st2\/blog\/wicked-compositor-revela-mudancas-para-o-filme\/647\/","url":"https:\/\/vivadicas.com\/st2\/blog\/wicked-compositor-revela-mudancas-para-o-filme\/647\/","name":"Wicked: Compositor Revela Mudan\u00e7as Para o Filme - WordPulseTrends com","isPartOf":{"@id":"https:\/\/vivadicas.com\/st2\/#website"},"primaryImageOfPage":{"@id":"https:\/\/vivadicas.com\/st2\/blog\/wicked-compositor-revela-mudancas-para-o-filme\/647\/#primaryimage"},"image":{"@id":"https:\/\/vivadicas.com\/st2\/blog\/wicked-compositor-revela-mudancas-para-o-filme\/647\/#primaryimage"},"thumbnailUrl":"https:\/\/vivadicas.com\/st2\/wp-content\/uploads\/2025\/06\/unnamed-file-180.jpg","datePublished":"2025-06-30T00:02:07+00:00","breadcrumb":{"@id":"https:\/\/vivadicas.com\/st2\/blog\/wicked-compositor-revela-mudancas-para-o-filme\/647\/#breadcrumb"},"inLanguage":"pt-BR","potentialAction":[{"@type":"ReadAction","target":["https:\/\/vivadicas.com\/st2\/blog\/wicked-compositor-revela-mudancas-para-o-filme\/647\/"]}]},{"@type":"ImageObject","inLanguage":"pt-BR","@id":"https:\/\/vivadicas.com\/st2\/blog\/wicked-compositor-revela-mudancas-para-o-filme\/647\/#primaryimage","url":"https:\/\/vivadicas.com\/st2\/wp-content\/uploads\/2025\/06\/unnamed-file-180.jpg","contentUrl":"https:\/\/vivadicas.com\/st2\/wp-content\/uploads\/2025\/06\/unnamed-file-180.jpg","width":1200,"height":630},{"@type":"BreadcrumbList","@id":"https:\/\/vivadicas.com\/st2\/blog\/wicked-compositor-revela-mudancas-para-o-filme\/647\/#breadcrumb","itemListElement":[{"@type":"ListItem","position":1,"name":"In\u00edcio","item":"https:\/\/vivadicas.com\/st2\/"},{"@type":"ListItem","position":2,"name":"Wicked: Compositor Revela Mudan\u00e7as Para o Filme"}]},{"@type":"WebSite","@id":"https:\/\/vivadicas.com\/st2\/#website","url":"https:\/\/vivadicas.com\/st2\/","name":"TrendsBrasil","description":"Stay updated with trending topics, viral news, hot updates, breaking headlines, global trends, and real-time content. Discover what\u2019s going viral now and follow the most talked-about stories across the web, social media, and news platforms!","publisher":{"@id":"https:\/\/vivadicas.com\/st2\/#organization"},"potentialAction":[{"@type":"SearchAction","target":{"@type":"EntryPoint","urlTemplate":"https:\/\/vivadicas.com\/st2\/?s={search_term_string}"},"query-input":{"@type":"PropertyValueSpecification","valueRequired":true,"valueName":"search_term_string"}}],"inLanguage":"pt-BR"},{"@type":"Organization","@id":"https:\/\/vivadicas.com\/st2\/#organization","name":"TrendsBrasil","url":"https:\/\/vivadicas.com\/st2\/","logo":{"@type":"ImageObject","inLanguage":"pt-BR","@id":"https:\/\/vivadicas.com\/st2\/#\/schema\/logo\/image\/","url":"https:\/\/vivadicas.com\/st2\/wp-content\/uploads\/2025\/06\/ChatGPT-Image-24-de-jun.-de-2025-10_39_16-683x1024.png","contentUrl":"https:\/\/vivadicas.com\/st2\/wp-content\/uploads\/2025\/06\/ChatGPT-Image-24-de-jun.-de-2025-10_39_16-683x1024.png","width":683,"height":1024,"caption":"TrendsBrasil"},"image":{"@id":"https:\/\/vivadicas.com\/st2\/#\/schema\/logo\/image\/"}},{"@type":"Person","@id":"https:\/\/vivadicas.com\/st2\/#\/schema\/person\/f8432157bb5752f84d3a30f1c7388a16","name":"st2vivadicas","image":{"@type":"ImageObject","inLanguage":"pt-BR","@id":"https:\/\/vivadicas.com\/st2\/#\/schema\/person\/image\/","url":"https:\/\/secure.gravatar.com\/avatar\/9bb04fcca59036779222f5f2d61adc27b9b487cc07bc4064b27fa7e0a1e23e1a?s=96&d=mm&r=g","contentUrl":"https:\/\/secure.gravatar.com\/avatar\/9bb04fcca59036779222f5f2d61adc27b9b487cc07bc4064b27fa7e0a1e23e1a?s=96&d=mm&r=g","caption":"st2vivadicas"},"sameAs":["https:\/\/vivadicas.com\/st2"],"url":"https:\/\/vivadicas.com\/st2\/author\/st2vivadicas\/"}]}},"_links":{"self":[{"href":"https:\/\/vivadicas.com\/st2\/wp-json\/wp\/v2\/posts\/647","targetHints":{"allow":["GET"]}}],"collection":[{"href":"https:\/\/vivadicas.com\/st2\/wp-json\/wp\/v2\/posts"}],"about":[{"href":"https:\/\/vivadicas.com\/st2\/wp-json\/wp\/v2\/types\/post"}],"author":[{"embeddable":true,"href":"https:\/\/vivadicas.com\/st2\/wp-json\/wp\/v2\/users\/1"}],"replies":[{"embeddable":true,"href":"https:\/\/vivadicas.com\/st2\/wp-json\/wp\/v2\/comments?post=647"}],"version-history":[{"count":0,"href":"https:\/\/vivadicas.com\/st2\/wp-json\/wp\/v2\/posts\/647\/revisions"}],"wp:featuredmedia":[{"embeddable":true,"href":"https:\/\/vivadicas.com\/st2\/wp-json\/wp\/v2\/media\/646"}],"wp:attachment":[{"href":"https:\/\/vivadicas.com\/st2\/wp-json\/wp\/v2\/media?parent=647"}],"wp:term":[{"taxonomy":"category","embeddable":true,"href":"https:\/\/vivadicas.com\/st2\/wp-json\/wp\/v2\/categories?post=647"},{"taxonomy":"post_tag","embeddable":true,"href":"https:\/\/vivadicas.com\/st2\/wp-json\/wp\/v2\/tags?post=647"}],"curies":[{"name":"wp","href":"https:\/\/api.w.org\/{rel}","templated":true}]}}