{"id":7105,"date":"2025-07-10T16:25:14","date_gmt":"2025-07-10T19:25:14","guid":{"rendered":"https:\/\/vivadicas.com\/st2\/blog\/crianca-cai-do-canion-fortaleza-em-cambara-do-sul\/7105\/"},"modified":"2025-07-10T16:25:15","modified_gmt":"2025-07-10T19:25:15","slug":"crianca-cai-do-canion-fortaleza-em-cambara-do-sul","status":"publish","type":"post","link":"https:\/\/vivadicas.com\/st2\/sociedade\/crianca-cai-do-canion-fortaleza-em-cambara-do-sul\/7105\/","title":{"rendered":"Crian\u00e7a cai do c\u00e2nion Fortaleza em Cambar\u00e1 do Sul"},"content":{"rendered":"<p>Uma trag\u00e9dia ocorreu no c\u00e2nion Fortaleza, em Cambar\u00e1 do Sul, na Serra do Rio Grande do Sul, quando uma crian\u00e7a caiu do mirante nesta quinta-feira, dia 10. O incidente aconteceu por volta das 13h30, quando a menina, que \u00e9 autista, estava acompanhada dos pais. O c\u00e2nion Fortaleza \u00e9 um dos pontos tur\u00edsticos mais visitados da regi\u00e3o, e a queda gerou grande como\u00e7\u00e3o.<\/p>\n<p><h2>\ud83c\udfaf A\u00e7\u00e3o do Corpo de Bombeiros<\/h2>\n<\/p>\n<p>Assim que souberam do acidente, o Corpo de Bombeiros foi acionado para iniciar as buscas. Equipes de resgate foram enviadas ao local e rapidamente come\u00e7aram a varredura na \u00e1rea do c\u00e2nion. Um helic\u00f3ptero tamb\u00e9m foi mobilizado para auxiliar nas opera\u00e7\u00f5es de resgate.<\/p>\n<p>As autoridades locais relataram que a busca \u00e9 complexa devido ao terreno acidentado e \u00e0 grande profundidade do c\u00e2nion. A menina caiu de uma altura que ainda n\u00e3o foi confirmada, mas as condi\u00e7\u00f5es clim\u00e1ticas tamb\u00e9m podem impactar as opera\u00e7\u00f5es. A equipe de resgate trabalha com urg\u00eancia para encontrar a crian\u00e7a.<\/p>\n<p><h2>\u26a0\ufe0f Apelo \u00e0 seguran\u00e7a nas \u00e1reas de natureza<\/h2>\n<\/p>\n<p>O incidente levanta quest\u00f5es importantes sobre a seguran\u00e7a em locais tur\u00edsticos. Muitas vezes, mirantes e trilhas n\u00e3o contam com a infraestrutura adequada para evitar acidentes. \u00c9 fundamental que os visitantes sejam instru\u00eddos sobre os riscos desses locais, especialmente quando se trata de crian\u00e7as.<\/p>\n<p>Os pais que visitam lugares como o c\u00e2nion Fortaleza devem redobrar a aten\u00e7\u00e3o. A beleza natural do c\u00e2nion pode ser deslumbrante, mas os perigos s\u00e3o reais. Campanhas de conscientiza\u00e7\u00e3o podem ajudar a prevenir situa\u00e7\u00f5es semelhantes no futuro.<\/p>\n<p><h2>\ud83d\udca1 O C\u00e2nion Fortaleza e sua import\u00e2ncia<\/h2>\n<\/p>\n<p>O c\u00e2nion Fortaleza \u00e9 uma das maiores atra\u00e7\u00f5es tur\u00edsticas do Parque Nacional da Serra Geral. Com suas imponentes paredes verticais e paisagens deslumbrantes, ele atrai visitantes de todo o Brasil e do mundo. Al\u00e9m da beleza c\u00eanica, o local \u00e9 importante para a preserva\u00e7\u00e3o do meio ambiente.<\/p>\n<p>Visitas guiadas podem ser uma alternativa mais segura para aqueles que desejam explorar a \u00e1rea. Guias experientes podem oferecer informa\u00e7\u00f5es valiosas e garantir que todos permane\u00e7am seguros durante a visita.<\/p>\n<p><h2>\ud83d\udcc8 O papel da comunidade<\/h2>\n<\/p>\n<p>A mobiliza\u00e7\u00e3o da comunidade de Cambar\u00e1 do Sul foi significativa ap\u00f3s o acidente. Moradores e comerciantes expressaram apoio \u00e0 fam\u00edlia da crian\u00e7a e se uniram para ajudar nas buscas. O sentimento de solidariedade \u00e9 forte nessa regi\u00e3o, onde as pessoas reconhecem a import\u00e2ncia da uni\u00e3o em momentos dif\u00edceis.<\/p>\n<p>\u00c9 vital que a comunidade continue a apoiar sua pr\u00f3pria seguran\u00e7a e a seguran\u00e7a de todos. A\u00e7\u00f5es conjuntas podem contribuir para que a regi\u00e3o continue sendo um destino tur\u00edstico seguro e acess\u00edvel.<\/p>\n<p>Gostou de saber mais sobre c\u00e2nion Fortaleza? Seus amigos tamb\u00e9m podem se interessar. <a href=\"https:\/\/www.addtoany.com\/share#url=https%3A%2F%2Fvivadicas.com%2Fst2%2Fsociedade%2Fcrianca-cai-do-canion-fortaleza-em-cambara-do-sul%2F7105%2F\" target=\"_blank\" rel=\"noopener\">Compartilhe<\/a> com eles agora mesmo!<\/p>\n","protected":false},"excerpt":{"rendered":"<p>Uma trag\u00e9dia ocorreu no c\u00e2nion Fortaleza, em Cambar\u00e1 do Sul, na Serra do Rio Grande do Sul, quando uma crian\u00e7a caiu do mirante nesta quinta-feira, dia 10. O incidente aconteceu por volta das 13h30, quando a menina, que \u00e9 autista, estava acompanhada dos pais. O c\u00e2nion Fortaleza \u00e9 um dos pontos tur\u00edsticos mais visitados da &#8230; <a title=\"Crian\u00e7a cai do c\u00e2nion Fortaleza em Cambar\u00e1 do Sul\" class=\"read-more\" href=\"https:\/\/vivadicas.com\/st2\/sociedade\/crianca-cai-do-canion-fortaleza-em-cambara-do-sul\/7105\/\" aria-label=\"Read more about Crian\u00e7a cai do c\u00e2nion Fortaleza em Cambar\u00e1 do Sul\">Ler mais<\/a><\/p>\n","protected":false},"author":1,"featured_media":7103,"comment_status":"open","ping_status":"open","sticky":false,"template":"","format":"standard","meta":{"footnotes":""},"categories":[2196],"tags":[1322,5853,5851,351,488],"class_list":["post-7105","post","type-post","status-publish","format-standard","has-post-thumbnail","hentry","category-sociedade","tag-acidente","tag-cambara-do-sul","tag-canion-fortaleza","tag-seguranca","tag-turismo"],"yoast_head":"<!-- This site is optimized with the Yoast SEO plugin v25.3.1 - https:\/\/yoast.com\/wordpress\/plugins\/seo\/ -->\n<title>Crian\u00e7a cai do c\u00e2nion Fortaleza em Cambar\u00e1 do Sul - WordPulseTrends com<\/title>\n<meta name=\"robots\" content=\"index, follow, max-snippet:-1, max-image-preview:large, max-video-preview:-1\" \/>\n<link rel=\"canonical\" href=\"https:\/\/vivadicas.com\/st2\/sociedade\/crianca-cai-do-canion-fortaleza-em-cambara-do-sul\/7105\/\" \/>\n<meta property=\"og:locale\" content=\"pt_BR\" \/>\n<meta property=\"og:type\" content=\"article\" \/>\n<meta property=\"og:title\" content=\"Crian\u00e7a cai do c\u00e2nion Fortaleza em Cambar\u00e1 do Sul - WordPulseTrends com\" \/>\n<meta property=\"og:description\" content=\"Uma trag\u00e9dia ocorreu no c\u00e2nion Fortaleza, em Cambar\u00e1 do Sul, na Serra do Rio Grande do Sul, quando uma crian\u00e7a caiu do mirante nesta quinta-feira, dia 10. O incidente aconteceu por volta das 13h30, quando a menina, que \u00e9 autista, estava acompanhada dos pais. O c\u00e2nion Fortaleza \u00e9 um dos pontos tur\u00edsticos mais visitados da ... Ler mais\" \/>\n<meta property=\"og:url\" content=\"https:\/\/vivadicas.com\/st2\/sociedade\/crianca-cai-do-canion-fortaleza-em-cambara-do-sul\/7105\/\" \/>\n<meta property=\"og:site_name\" content=\"WordPulseTrends com\" \/>\n<meta property=\"article:published_time\" content=\"2025-07-10T19:25:14+00:00\" \/>\n<meta property=\"article:modified_time\" content=\"2025-07-10T19:25:15+00:00\" \/>\n<meta property=\"og:image\" content=\"https:\/\/vivadicas.com\/st2\/wp-content\/uploads\/2025\/07\/ai_trend_1752175486_ece8580d.png\" \/>\n\t<meta property=\"og:image:width\" content=\"1024\" \/>\n\t<meta property=\"og:image:height\" content=\"512\" \/>\n\t<meta property=\"og:image:type\" content=\"image\/png\" \/>\n<meta name=\"author\" content=\"st2vivadicas\" \/>\n<meta name=\"twitter:card\" content=\"summary_large_image\" \/>\n<meta name=\"twitter:label1\" content=\"Escrito por\" \/>\n\t<meta name=\"twitter:data1\" content=\"st2vivadicas\" \/>\n\t<meta name=\"twitter:label2\" content=\"Est. tempo de leitura\" \/>\n\t<meta name=\"twitter:data2\" content=\"2 minutos\" \/>\n<script type=\"application\/ld+json\" class=\"yoast-schema-graph\">{\"@context\":\"https:\/\/schema.org\",\"@graph\":[{\"@type\":\"Article\",\"@id\":\"https:\/\/vivadicas.com\/st2\/sociedade\/crianca-cai-do-canion-fortaleza-em-cambara-do-sul\/7105\/#article\",\"isPartOf\":{\"@id\":\"https:\/\/vivadicas.com\/st2\/sociedade\/crianca-cai-do-canion-fortaleza-em-cambara-do-sul\/7105\/\"},\"author\":{\"name\":\"st2vivadicas\",\"@id\":\"https:\/\/vivadicas.com\/st2\/#\/schema\/person\/f8432157bb5752f84d3a30f1c7388a16\"},\"headline\":\"Crian\u00e7a cai do c\u00e2nion Fortaleza em Cambar\u00e1 do Sul\",\"datePublished\":\"2025-07-10T19:25:14+00:00\",\"dateModified\":\"2025-07-10T19:25:15+00:00\",\"mainEntityOfPage\":{\"@id\":\"https:\/\/vivadicas.com\/st2\/sociedade\/crianca-cai-do-canion-fortaleza-em-cambara-do-sul\/7105\/\"},\"wordCount\":491,\"commentCount\":0,\"publisher\":{\"@id\":\"https:\/\/vivadicas.com\/st2\/#organization\"},\"image\":{\"@id\":\"https:\/\/vivadicas.com\/st2\/sociedade\/crianca-cai-do-canion-fortaleza-em-cambara-do-sul\/7105\/#primaryimage\"},\"thumbnailUrl\":\"https:\/\/vivadicas.com\/st2\/wp-content\/uploads\/2025\/07\/ai_trend_1752175486_ece8580d.png\",\"keywords\":[\"acidente\",\"Cambar\u00e1 do Sul\",\"c\u00e2nion Fortaleza\",\"seguran\u00e7a\",\"turismo\"],\"articleSection\":[\"Sociedade\"],\"inLanguage\":\"pt-BR\",\"potentialAction\":[{\"@type\":\"CommentAction\",\"name\":\"Comment\",\"target\":[\"https:\/\/vivadicas.com\/st2\/sociedade\/crianca-cai-do-canion-fortaleza-em-cambara-do-sul\/7105\/#respond\"]}]},{\"@type\":\"WebPage\",\"@id\":\"https:\/\/vivadicas.com\/st2\/sociedade\/crianca-cai-do-canion-fortaleza-em-cambara-do-sul\/7105\/\",\"url\":\"https:\/\/vivadicas.com\/st2\/sociedade\/crianca-cai-do-canion-fortaleza-em-cambara-do-sul\/7105\/\",\"name\":\"Crian\u00e7a cai do c\u00e2nion Fortaleza em Cambar\u00e1 do Sul - WordPulseTrends com\",\"isPartOf\":{\"@id\":\"https:\/\/vivadicas.com\/st2\/#website\"},\"primaryImageOfPage\":{\"@id\":\"https:\/\/vivadicas.com\/st2\/sociedade\/crianca-cai-do-canion-fortaleza-em-cambara-do-sul\/7105\/#primaryimage\"},\"image\":{\"@id\":\"https:\/\/vivadicas.com\/st2\/sociedade\/crianca-cai-do-canion-fortaleza-em-cambara-do-sul\/7105\/#primaryimage\"},\"thumbnailUrl\":\"https:\/\/vivadicas.com\/st2\/wp-content\/uploads\/2025\/07\/ai_trend_1752175486_ece8580d.png\",\"datePublished\":\"2025-07-10T19:25:14+00:00\",\"dateModified\":\"2025-07-10T19:25:15+00:00\",\"breadcrumb\":{\"@id\":\"https:\/\/vivadicas.com\/st2\/sociedade\/crianca-cai-do-canion-fortaleza-em-cambara-do-sul\/7105\/#breadcrumb\"},\"inLanguage\":\"pt-BR\",\"potentialAction\":[{\"@type\":\"ReadAction\",\"target\":[\"https:\/\/vivadicas.com\/st2\/sociedade\/crianca-cai-do-canion-fortaleza-em-cambara-do-sul\/7105\/\"]}]},{\"@type\":\"ImageObject\",\"inLanguage\":\"pt-BR\",\"@id\":\"https:\/\/vivadicas.com\/st2\/sociedade\/crianca-cai-do-canion-fortaleza-em-cambara-do-sul\/7105\/#primaryimage\",\"url\":\"https:\/\/vivadicas.com\/st2\/wp-content\/uploads\/2025\/07\/ai_trend_1752175486_ece8580d.png\",\"contentUrl\":\"https:\/\/vivadicas.com\/st2\/wp-content\/uploads\/2025\/07\/ai_trend_1752175486_ece8580d.png\",\"width\":1024,\"height\":512},{\"@type\":\"BreadcrumbList\",\"@id\":\"https:\/\/vivadicas.com\/st2\/sociedade\/crianca-cai-do-canion-fortaleza-em-cambara-do-sul\/7105\/#breadcrumb\",\"itemListElement\":[{\"@type\":\"ListItem\",\"position\":1,\"name\":\"In\u00edcio\",\"item\":\"https:\/\/vivadicas.com\/st2\/\"},{\"@type\":\"ListItem\",\"position\":2,\"name\":\"Crian\u00e7a cai do c\u00e2nion Fortaleza em Cambar\u00e1 do Sul\"}]},{\"@type\":\"WebSite\",\"@id\":\"https:\/\/vivadicas.com\/st2\/#website\",\"url\":\"https:\/\/vivadicas.com\/st2\/\",\"name\":\"TrendsBrasil\",\"description\":\"Stay updated with trending topics, viral news, hot updates, breaking headlines, global trends, and real-time content. Discover what\u2019s going viral now and follow the most talked-about stories across the web, social media, and news platforms!\",\"publisher\":{\"@id\":\"https:\/\/vivadicas.com\/st2\/#organization\"},\"potentialAction\":[{\"@type\":\"SearchAction\",\"target\":{\"@type\":\"EntryPoint\",\"urlTemplate\":\"https:\/\/vivadicas.com\/st2\/?s={search_term_string}\"},\"query-input\":{\"@type\":\"PropertyValueSpecification\",\"valueRequired\":true,\"valueName\":\"search_term_string\"}}],\"inLanguage\":\"pt-BR\"},{\"@type\":\"Organization\",\"@id\":\"https:\/\/vivadicas.com\/st2\/#organization\",\"name\":\"TrendsBrasil\",\"url\":\"https:\/\/vivadicas.com\/st2\/\",\"logo\":{\"@type\":\"ImageObject\",\"inLanguage\":\"pt-BR\",\"@id\":\"https:\/\/vivadicas.com\/st2\/#\/schema\/logo\/image\/\",\"url\":\"https:\/\/vivadicas.com\/st2\/wp-content\/uploads\/2025\/06\/ChatGPT-Image-24-de-jun.-de-2025-10_39_16-683x1024.png\",\"contentUrl\":\"https:\/\/vivadicas.com\/st2\/wp-content\/uploads\/2025\/06\/ChatGPT-Image-24-de-jun.-de-2025-10_39_16-683x1024.png\",\"width\":683,\"height\":1024,\"caption\":\"TrendsBrasil\"},\"image\":{\"@id\":\"https:\/\/vivadicas.com\/st2\/#\/schema\/logo\/image\/\"}},{\"@type\":\"Person\",\"@id\":\"https:\/\/vivadicas.com\/st2\/#\/schema\/person\/f8432157bb5752f84d3a30f1c7388a16\",\"name\":\"st2vivadicas\",\"image\":{\"@type\":\"ImageObject\",\"inLanguage\":\"pt-BR\",\"@id\":\"https:\/\/vivadicas.com\/st2\/#\/schema\/person\/image\/\",\"url\":\"https:\/\/secure.gravatar.com\/avatar\/9bb04fcca59036779222f5f2d61adc27b9b487cc07bc4064b27fa7e0a1e23e1a?s=96&d=mm&r=g\",\"contentUrl\":\"https:\/\/secure.gravatar.com\/avatar\/9bb04fcca59036779222f5f2d61adc27b9b487cc07bc4064b27fa7e0a1e23e1a?s=96&d=mm&r=g\",\"caption\":\"st2vivadicas\"},\"sameAs\":[\"https:\/\/vivadicas.com\/st2\"],\"url\":\"https:\/\/vivadicas.com\/st2\/author\/st2vivadicas\/\"}]}<\/script>\n<!-- \/ Yoast SEO plugin. -->","yoast_head_json":{"title":"Crian\u00e7a cai do c\u00e2nion Fortaleza em Cambar\u00e1 do Sul - WordPulseTrends com","robots":{"index":"index","follow":"follow","max-snippet":"max-snippet:-1","max-image-preview":"max-image-preview:large","max-video-preview":"max-video-preview:-1"},"canonical":"https:\/\/vivadicas.com\/st2\/sociedade\/crianca-cai-do-canion-fortaleza-em-cambara-do-sul\/7105\/","og_locale":"pt_BR","og_type":"article","og_title":"Crian\u00e7a cai do c\u00e2nion Fortaleza em Cambar\u00e1 do Sul - WordPulseTrends com","og_description":"Uma trag\u00e9dia ocorreu no c\u00e2nion Fortaleza, em Cambar\u00e1 do Sul, na Serra do Rio Grande do Sul, quando uma crian\u00e7a caiu do mirante nesta quinta-feira, dia 10. O incidente aconteceu por volta das 13h30, quando a menina, que \u00e9 autista, estava acompanhada dos pais. O c\u00e2nion Fortaleza \u00e9 um dos pontos tur\u00edsticos mais visitados da ... Ler mais","og_url":"https:\/\/vivadicas.com\/st2\/sociedade\/crianca-cai-do-canion-fortaleza-em-cambara-do-sul\/7105\/","og_site_name":"WordPulseTrends com","article_published_time":"2025-07-10T19:25:14+00:00","article_modified_time":"2025-07-10T19:25:15+00:00","og_image":[{"width":1024,"height":512,"url":"https:\/\/vivadicas.com\/st2\/wp-content\/uploads\/2025\/07\/ai_trend_1752175486_ece8580d.png","type":"image\/png"}],"author":"st2vivadicas","twitter_card":"summary_large_image","twitter_misc":{"Escrito por":"st2vivadicas","Est. tempo de leitura":"2 minutos"},"schema":{"@context":"https:\/\/schema.org","@graph":[{"@type":"Article","@id":"https:\/\/vivadicas.com\/st2\/sociedade\/crianca-cai-do-canion-fortaleza-em-cambara-do-sul\/7105\/#article","isPartOf":{"@id":"https:\/\/vivadicas.com\/st2\/sociedade\/crianca-cai-do-canion-fortaleza-em-cambara-do-sul\/7105\/"},"author":{"name":"st2vivadicas","@id":"https:\/\/vivadicas.com\/st2\/#\/schema\/person\/f8432157bb5752f84d3a30f1c7388a16"},"headline":"Crian\u00e7a cai do c\u00e2nion Fortaleza em Cambar\u00e1 do Sul","datePublished":"2025-07-10T19:25:14+00:00","dateModified":"2025-07-10T19:25:15+00:00","mainEntityOfPage":{"@id":"https:\/\/vivadicas.com\/st2\/sociedade\/crianca-cai-do-canion-fortaleza-em-cambara-do-sul\/7105\/"},"wordCount":491,"commentCount":0,"publisher":{"@id":"https:\/\/vivadicas.com\/st2\/#organization"},"image":{"@id":"https:\/\/vivadicas.com\/st2\/sociedade\/crianca-cai-do-canion-fortaleza-em-cambara-do-sul\/7105\/#primaryimage"},"thumbnailUrl":"https:\/\/vivadicas.com\/st2\/wp-content\/uploads\/2025\/07\/ai_trend_1752175486_ece8580d.png","keywords":["acidente","Cambar\u00e1 do Sul","c\u00e2nion Fortaleza","seguran\u00e7a","turismo"],"articleSection":["Sociedade"],"inLanguage":"pt-BR","potentialAction":[{"@type":"CommentAction","name":"Comment","target":["https:\/\/vivadicas.com\/st2\/sociedade\/crianca-cai-do-canion-fortaleza-em-cambara-do-sul\/7105\/#respond"]}]},{"@type":"WebPage","@id":"https:\/\/vivadicas.com\/st2\/sociedade\/crianca-cai-do-canion-fortaleza-em-cambara-do-sul\/7105\/","url":"https:\/\/vivadicas.com\/st2\/sociedade\/crianca-cai-do-canion-fortaleza-em-cambara-do-sul\/7105\/","name":"Crian\u00e7a cai do c\u00e2nion Fortaleza em Cambar\u00e1 do Sul - WordPulseTrends com","isPartOf":{"@id":"https:\/\/vivadicas.com\/st2\/#website"},"primaryImageOfPage":{"@id":"https:\/\/vivadicas.com\/st2\/sociedade\/crianca-cai-do-canion-fortaleza-em-cambara-do-sul\/7105\/#primaryimage"},"image":{"@id":"https:\/\/vivadicas.com\/st2\/sociedade\/crianca-cai-do-canion-fortaleza-em-cambara-do-sul\/7105\/#primaryimage"},"thumbnailUrl":"https:\/\/vivadicas.com\/st2\/wp-content\/uploads\/2025\/07\/ai_trend_1752175486_ece8580d.png","datePublished":"2025-07-10T19:25:14+00:00","dateModified":"2025-07-10T19:25:15+00:00","breadcrumb":{"@id":"https:\/\/vivadicas.com\/st2\/sociedade\/crianca-cai-do-canion-fortaleza-em-cambara-do-sul\/7105\/#breadcrumb"},"inLanguage":"pt-BR","potentialAction":[{"@type":"ReadAction","target":["https:\/\/vivadicas.com\/st2\/sociedade\/crianca-cai-do-canion-fortaleza-em-cambara-do-sul\/7105\/"]}]},{"@type":"ImageObject","inLanguage":"pt-BR","@id":"https:\/\/vivadicas.com\/st2\/sociedade\/crianca-cai-do-canion-fortaleza-em-cambara-do-sul\/7105\/#primaryimage","url":"https:\/\/vivadicas.com\/st2\/wp-content\/uploads\/2025\/07\/ai_trend_1752175486_ece8580d.png","contentUrl":"https:\/\/vivadicas.com\/st2\/wp-content\/uploads\/2025\/07\/ai_trend_1752175486_ece8580d.png","width":1024,"height":512},{"@type":"BreadcrumbList","@id":"https:\/\/vivadicas.com\/st2\/sociedade\/crianca-cai-do-canion-fortaleza-em-cambara-do-sul\/7105\/#breadcrumb","itemListElement":[{"@type":"ListItem","position":1,"name":"In\u00edcio","item":"https:\/\/vivadicas.com\/st2\/"},{"@type":"ListItem","position":2,"name":"Crian\u00e7a cai do c\u00e2nion Fortaleza em Cambar\u00e1 do Sul"}]},{"@type":"WebSite","@id":"https:\/\/vivadicas.com\/st2\/#website","url":"https:\/\/vivadicas.com\/st2\/","name":"TrendsBrasil","description":"Stay updated with trending topics, viral news, hot updates, breaking headlines, global trends, and real-time content. Discover what\u2019s going viral now and follow the most talked-about stories across the web, social media, and news platforms!","publisher":{"@id":"https:\/\/vivadicas.com\/st2\/#organization"},"potentialAction":[{"@type":"SearchAction","target":{"@type":"EntryPoint","urlTemplate":"https:\/\/vivadicas.com\/st2\/?s={search_term_string}"},"query-input":{"@type":"PropertyValueSpecification","valueRequired":true,"valueName":"search_term_string"}}],"inLanguage":"pt-BR"},{"@type":"Organization","@id":"https:\/\/vivadicas.com\/st2\/#organization","name":"TrendsBrasil","url":"https:\/\/vivadicas.com\/st2\/","logo":{"@type":"ImageObject","inLanguage":"pt-BR","@id":"https:\/\/vivadicas.com\/st2\/#\/schema\/logo\/image\/","url":"https:\/\/vivadicas.com\/st2\/wp-content\/uploads\/2025\/06\/ChatGPT-Image-24-de-jun.-de-2025-10_39_16-683x1024.png","contentUrl":"https:\/\/vivadicas.com\/st2\/wp-content\/uploads\/2025\/06\/ChatGPT-Image-24-de-jun.-de-2025-10_39_16-683x1024.png","width":683,"height":1024,"caption":"TrendsBrasil"},"image":{"@id":"https:\/\/vivadicas.com\/st2\/#\/schema\/logo\/image\/"}},{"@type":"Person","@id":"https:\/\/vivadicas.com\/st2\/#\/schema\/person\/f8432157bb5752f84d3a30f1c7388a16","name":"st2vivadicas","image":{"@type":"ImageObject","inLanguage":"pt-BR","@id":"https:\/\/vivadicas.com\/st2\/#\/schema\/person\/image\/","url":"https:\/\/secure.gravatar.com\/avatar\/9bb04fcca59036779222f5f2d61adc27b9b487cc07bc4064b27fa7e0a1e23e1a?s=96&d=mm&r=g","contentUrl":"https:\/\/secure.gravatar.com\/avatar\/9bb04fcca59036779222f5f2d61adc27b9b487cc07bc4064b27fa7e0a1e23e1a?s=96&d=mm&r=g","caption":"st2vivadicas"},"sameAs":["https:\/\/vivadicas.com\/st2"],"url":"https:\/\/vivadicas.com\/st2\/author\/st2vivadicas\/"}]}},"_links":{"self":[{"href":"https:\/\/vivadicas.com\/st2\/wp-json\/wp\/v2\/posts\/7105","targetHints":{"allow":["GET"]}}],"collection":[{"href":"https:\/\/vivadicas.com\/st2\/wp-json\/wp\/v2\/posts"}],"about":[{"href":"https:\/\/vivadicas.com\/st2\/wp-json\/wp\/v2\/types\/post"}],"author":[{"embeddable":true,"href":"https:\/\/vivadicas.com\/st2\/wp-json\/wp\/v2\/users\/1"}],"replies":[{"embeddable":true,"href":"https:\/\/vivadicas.com\/st2\/wp-json\/wp\/v2\/comments?post=7105"}],"version-history":[{"count":1,"href":"https:\/\/vivadicas.com\/st2\/wp-json\/wp\/v2\/posts\/7105\/revisions"}],"predecessor-version":[{"id":7106,"href":"https:\/\/vivadicas.com\/st2\/wp-json\/wp\/v2\/posts\/7105\/revisions\/7106"}],"wp:featuredmedia":[{"embeddable":true,"href":"https:\/\/vivadicas.com\/st2\/wp-json\/wp\/v2\/media\/7103"}],"wp:attachment":[{"href":"https:\/\/vivadicas.com\/st2\/wp-json\/wp\/v2\/media?parent=7105"}],"wp:term":[{"taxonomy":"category","embeddable":true,"href":"https:\/\/vivadicas.com\/st2\/wp-json\/wp\/v2\/categories?post=7105"},{"taxonomy":"post_tag","embeddable":true,"href":"https:\/\/vivadicas.com\/st2\/wp-json\/wp\/v2\/tags?post=7105"}],"curies":[{"name":"wp","href":"https:\/\/api.w.org\/{rel}","templated":true}]}}