{"id":816,"date":"2025-06-30T07:27:59","date_gmt":"2025-06-30T10:27:59","guid":{"rendered":"https:\/\/vivadicas.com\/st2\/frente-fria-em-campo-grande-ms-sensacao-termica-de-6oc\/"},"modified":"2025-06-30T07:27:59","modified_gmt":"2025-06-30T10:27:59","slug":"frente-fria-em-campo-grande-ms-sensacao-termica-de-6oc","status":"publish","type":"post","link":"https:\/\/vivadicas.com\/st2\/blog\/frente-fria-em-campo-grande-ms-sensacao-termica-de-6oc\/816\/","title":{"rendered":"Frente Fria em Campo Grande MS: Sensa\u00e7\u00e3o T\u00e9rmica de -6\u00baC"},"content":{"rendered":"<p>A primeira frente fria do inverno chegou com for\u00e7a em Campo Grande, capital de Mato Grosso do Sul. Com temperaturas m\u00ednimas de 5\u00baC, a sensa\u00e7\u00e3o t\u00e9rmica despencou para -6\u00baC, causando geada e cen\u00e1rios incomuns na regi\u00e3o.<\/p>\n<p><h3>\ud83d\udcca Impacto da Frente Fria<\/h3>\n<p>Com a menor temperatura registrada em Sete Quedas, a frente fria atingiu diversas cidades do estado, congelando piscinas e campos. A sensa\u00e7\u00e3o t\u00e9rmica negativa surpreendeu os moradores, que precisaram se preparar para o frio intenso.<\/p>\n<p><h3>\ud83d\udca1 A\u00e7\u00e3o da Prefeitura<\/h3>\n<p>Diante da onda de frio, a Prefeitura de Campo Grande agiu prontamente, colocando 30 equipes nas ruas para refor\u00e7ar a\u00e7\u00f5es de acolhimento. O monitoramento cont\u00ednuo das condi\u00e7\u00f5es clim\u00e1ticas permitiu uma resposta eficaz diante da situa\u00e7\u00e3o extrema.<\/p>\n<p><h3>\ud83d\udd0d Mudan\u00e7as no Tempo<\/h3>\n<p>Apesar da presen\u00e7a do sol em grande parte de Mato Grosso do Sul, a frente fria que se formou sobre o Sul do pa\u00eds provocou mudan\u00e7as significativas no tempo. A queda acentuada nas temperaturas alertou a popula\u00e7\u00e3o e as autoridades locais para os cuidados necess\u00e1rios.<\/p>\n<p><h3>\u26a1 Previs\u00e3o do Tempo<\/h3>\n<p>O Instituto Nacional de Meteorologia (Inmet) emitiu um alerta laranja indicando a chegada de uma segunda frente fria no estado, com previs\u00e3o de m\u00ednimas de 8\u00baC. A popula\u00e7\u00e3o deve se manter informada e adotar medidas para se proteger do frio intenso.<\/p>\n<p>Com a chegada dessas frentes frias, Campo Grande e outras cidades de Mato Grosso do Sul enfrentam um inverno rigoroso, exigindo precau\u00e7\u00e3o e solidariedade entre os moradores para lidar com as baixas temperaturas.<\/p>\n","protected":false},"excerpt":{"rendered":"<p>A primeira frente fria do inverno chegou com for\u00e7a em Campo Grande, capital de Mato Grosso do Sul. Com temperaturas m\u00ednimas de 5\u00baC, a sensa\u00e7\u00e3o t\u00e9rmica despencou para -6\u00baC, causando geada e cen\u00e1rios incomuns na regi\u00e3o. \ud83d\udcca Impacto da Frente Fria Com a menor temperatura registrada em Sete Quedas, a frente fria atingiu diversas cidades &#8230; <a title=\"Frente Fria em Campo Grande MS: Sensa\u00e7\u00e3o T\u00e9rmica de -6\u00baC\" class=\"read-more\" href=\"https:\/\/vivadicas.com\/st2\/blog\/frente-fria-em-campo-grande-ms-sensacao-termica-de-6oc\/816\/\" aria-label=\"Read more about Frente Fria em Campo Grande MS: Sensa\u00e7\u00e3o T\u00e9rmica de -6\u00baC\">Ler mais<\/a><\/p>\n","protected":false},"author":1,"featured_media":815,"comment_status":"open","ping_status":"open","sticky":false,"template":"","format":"standard","meta":{"footnotes":""},"categories":[1],"tags":[1085,1074,1084,1083,1058],"class_list":["post-816","post","type-post","status-publish","format-standard","has-post-thumbnail","hentry","category-blog","tag-campo-grande-ms","tag-frente-fria","tag-inverno","tag-mato-grosso-do-sul","tag-temperaturas-baixas"],"yoast_head":"<!-- This site is optimized with the Yoast SEO plugin v25.3.1 - https:\/\/yoast.com\/wordpress\/plugins\/seo\/ -->\n<title>Frente Fria em Campo Grande MS: Sensa\u00e7\u00e3o T\u00e9rmica de -6\u00baC - WordPulseTrends com<\/title>\n<meta name=\"robots\" content=\"index, follow, max-snippet:-1, max-image-preview:large, max-video-preview:-1\" \/>\n<link rel=\"canonical\" href=\"https:\/\/vivadicas.com\/st2\/blog\/frente-fria-em-campo-grande-ms-sensacao-termica-de-6oc\/816\/\" \/>\n<meta property=\"og:locale\" content=\"pt_BR\" \/>\n<meta property=\"og:type\" content=\"article\" \/>\n<meta property=\"og:title\" content=\"Frente Fria em Campo Grande MS: Sensa\u00e7\u00e3o T\u00e9rmica de -6\u00baC - WordPulseTrends com\" \/>\n<meta property=\"og:description\" content=\"A primeira frente fria do inverno chegou com for\u00e7a em Campo Grande, capital de Mato Grosso do Sul. Com temperaturas m\u00ednimas de 5\u00baC, a sensa\u00e7\u00e3o t\u00e9rmica despencou para -6\u00baC, causando geada e cen\u00e1rios incomuns na regi\u00e3o. \ud83d\udcca Impacto da Frente Fria Com a menor temperatura registrada em Sete Quedas, a frente fria atingiu diversas cidades ... Ler mais\" \/>\n<meta property=\"og:url\" content=\"https:\/\/vivadicas.com\/st2\/blog\/frente-fria-em-campo-grande-ms-sensacao-termica-de-6oc\/816\/\" \/>\n<meta property=\"og:site_name\" content=\"WordPulseTrends com\" \/>\n<meta property=\"article:published_time\" content=\"2025-06-30T10:27:59+00:00\" \/>\n<meta property=\"og:image\" content=\"https:\/\/vivadicas.com\/st2\/wp-content\/uploads\/2025\/06\/unnamed-file-256.jpg\" \/>\n\t<meta property=\"og:image:width\" content=\"1200\" \/>\n\t<meta property=\"og:image:height\" content=\"630\" \/>\n\t<meta property=\"og:image:type\" content=\"image\/jpeg\" \/>\n<meta name=\"author\" content=\"st2vivadicas\" \/>\n<meta name=\"twitter:card\" content=\"summary_large_image\" \/>\n<meta name=\"twitter:label1\" content=\"Escrito por\" \/>\n\t<meta name=\"twitter:data1\" content=\"st2vivadicas\" \/>\n\t<meta name=\"twitter:label2\" content=\"Est. tempo de leitura\" \/>\n\t<meta name=\"twitter:data2\" content=\"1 minuto\" \/>\n<script type=\"application\/ld+json\" class=\"yoast-schema-graph\">{\"@context\":\"https:\/\/schema.org\",\"@graph\":[{\"@type\":\"Article\",\"@id\":\"https:\/\/vivadicas.com\/st2\/blog\/frente-fria-em-campo-grande-ms-sensacao-termica-de-6oc\/816\/#article\",\"isPartOf\":{\"@id\":\"https:\/\/vivadicas.com\/st2\/blog\/frente-fria-em-campo-grande-ms-sensacao-termica-de-6oc\/816\/\"},\"author\":{\"name\":\"st2vivadicas\",\"@id\":\"https:\/\/vivadicas.com\/st2\/#\/schema\/person\/f8432157bb5752f84d3a30f1c7388a16\"},\"headline\":\"Frente Fria em Campo Grande MS: Sensa\u00e7\u00e3o T\u00e9rmica de -6\u00baC\",\"datePublished\":\"2025-06-30T10:27:59+00:00\",\"mainEntityOfPage\":{\"@id\":\"https:\/\/vivadicas.com\/st2\/blog\/frente-fria-em-campo-grande-ms-sensacao-termica-de-6oc\/816\/\"},\"wordCount\":278,\"commentCount\":0,\"publisher\":{\"@id\":\"https:\/\/vivadicas.com\/st2\/#organization\"},\"image\":{\"@id\":\"https:\/\/vivadicas.com\/st2\/blog\/frente-fria-em-campo-grande-ms-sensacao-termica-de-6oc\/816\/#primaryimage\"},\"thumbnailUrl\":\"https:\/\/vivadicas.com\/st2\/wp-content\/uploads\/2025\/06\/unnamed-file-256.jpg\",\"keywords\":[\"Campo Grande MS\",\"frente fria\",\"Inverno\",\"Mato Grosso do Sul\",\"temperaturas baixas\"],\"articleSection\":[\"Blog\"],\"inLanguage\":\"pt-BR\",\"potentialAction\":[{\"@type\":\"CommentAction\",\"name\":\"Comment\",\"target\":[\"https:\/\/vivadicas.com\/st2\/blog\/frente-fria-em-campo-grande-ms-sensacao-termica-de-6oc\/816\/#respond\"]}]},{\"@type\":\"WebPage\",\"@id\":\"https:\/\/vivadicas.com\/st2\/blog\/frente-fria-em-campo-grande-ms-sensacao-termica-de-6oc\/816\/\",\"url\":\"https:\/\/vivadicas.com\/st2\/blog\/frente-fria-em-campo-grande-ms-sensacao-termica-de-6oc\/816\/\",\"name\":\"Frente Fria em Campo Grande MS: Sensa\u00e7\u00e3o T\u00e9rmica de -6\u00baC - WordPulseTrends com\",\"isPartOf\":{\"@id\":\"https:\/\/vivadicas.com\/st2\/#website\"},\"primaryImageOfPage\":{\"@id\":\"https:\/\/vivadicas.com\/st2\/blog\/frente-fria-em-campo-grande-ms-sensacao-termica-de-6oc\/816\/#primaryimage\"},\"image\":{\"@id\":\"https:\/\/vivadicas.com\/st2\/blog\/frente-fria-em-campo-grande-ms-sensacao-termica-de-6oc\/816\/#primaryimage\"},\"thumbnailUrl\":\"https:\/\/vivadicas.com\/st2\/wp-content\/uploads\/2025\/06\/unnamed-file-256.jpg\",\"datePublished\":\"2025-06-30T10:27:59+00:00\",\"breadcrumb\":{\"@id\":\"https:\/\/vivadicas.com\/st2\/blog\/frente-fria-em-campo-grande-ms-sensacao-termica-de-6oc\/816\/#breadcrumb\"},\"inLanguage\":\"pt-BR\",\"potentialAction\":[{\"@type\":\"ReadAction\",\"target\":[\"https:\/\/vivadicas.com\/st2\/blog\/frente-fria-em-campo-grande-ms-sensacao-termica-de-6oc\/816\/\"]}]},{\"@type\":\"ImageObject\",\"inLanguage\":\"pt-BR\",\"@id\":\"https:\/\/vivadicas.com\/st2\/blog\/frente-fria-em-campo-grande-ms-sensacao-termica-de-6oc\/816\/#primaryimage\",\"url\":\"https:\/\/vivadicas.com\/st2\/wp-content\/uploads\/2025\/06\/unnamed-file-256.jpg\",\"contentUrl\":\"https:\/\/vivadicas.com\/st2\/wp-content\/uploads\/2025\/06\/unnamed-file-256.jpg\",\"width\":1200,\"height\":630},{\"@type\":\"BreadcrumbList\",\"@id\":\"https:\/\/vivadicas.com\/st2\/blog\/frente-fria-em-campo-grande-ms-sensacao-termica-de-6oc\/816\/#breadcrumb\",\"itemListElement\":[{\"@type\":\"ListItem\",\"position\":1,\"name\":\"In\u00edcio\",\"item\":\"https:\/\/vivadicas.com\/st2\/\"},{\"@type\":\"ListItem\",\"position\":2,\"name\":\"Frente Fria em Campo Grande MS: Sensa\u00e7\u00e3o T\u00e9rmica de -6\u00baC\"}]},{\"@type\":\"WebSite\",\"@id\":\"https:\/\/vivadicas.com\/st2\/#website\",\"url\":\"https:\/\/vivadicas.com\/st2\/\",\"name\":\"TrendsBrasil\",\"description\":\"Stay updated with trending topics, viral news, hot updates, breaking headlines, global trends, and real-time content. Discover what\u2019s going viral now and follow the most talked-about stories across the web, social media, and news platforms!\",\"publisher\":{\"@id\":\"https:\/\/vivadicas.com\/st2\/#organization\"},\"potentialAction\":[{\"@type\":\"SearchAction\",\"target\":{\"@type\":\"EntryPoint\",\"urlTemplate\":\"https:\/\/vivadicas.com\/st2\/?s={search_term_string}\"},\"query-input\":{\"@type\":\"PropertyValueSpecification\",\"valueRequired\":true,\"valueName\":\"search_term_string\"}}],\"inLanguage\":\"pt-BR\"},{\"@type\":\"Organization\",\"@id\":\"https:\/\/vivadicas.com\/st2\/#organization\",\"name\":\"TrendsBrasil\",\"url\":\"https:\/\/vivadicas.com\/st2\/\",\"logo\":{\"@type\":\"ImageObject\",\"inLanguage\":\"pt-BR\",\"@id\":\"https:\/\/vivadicas.com\/st2\/#\/schema\/logo\/image\/\",\"url\":\"https:\/\/vivadicas.com\/st2\/wp-content\/uploads\/2025\/06\/ChatGPT-Image-24-de-jun.-de-2025-10_39_16-683x1024.png\",\"contentUrl\":\"https:\/\/vivadicas.com\/st2\/wp-content\/uploads\/2025\/06\/ChatGPT-Image-24-de-jun.-de-2025-10_39_16-683x1024.png\",\"width\":683,\"height\":1024,\"caption\":\"TrendsBrasil\"},\"image\":{\"@id\":\"https:\/\/vivadicas.com\/st2\/#\/schema\/logo\/image\/\"}},{\"@type\":\"Person\",\"@id\":\"https:\/\/vivadicas.com\/st2\/#\/schema\/person\/f8432157bb5752f84d3a30f1c7388a16\",\"name\":\"st2vivadicas\",\"image\":{\"@type\":\"ImageObject\",\"inLanguage\":\"pt-BR\",\"@id\":\"https:\/\/vivadicas.com\/st2\/#\/schema\/person\/image\/\",\"url\":\"https:\/\/secure.gravatar.com\/avatar\/9bb04fcca59036779222f5f2d61adc27b9b487cc07bc4064b27fa7e0a1e23e1a?s=96&d=mm&r=g\",\"contentUrl\":\"https:\/\/secure.gravatar.com\/avatar\/9bb04fcca59036779222f5f2d61adc27b9b487cc07bc4064b27fa7e0a1e23e1a?s=96&d=mm&r=g\",\"caption\":\"st2vivadicas\"},\"sameAs\":[\"https:\/\/vivadicas.com\/st2\"],\"url\":\"https:\/\/vivadicas.com\/st2\/author\/st2vivadicas\/\"}]}<\/script>\n<!-- \/ Yoast SEO plugin. -->","yoast_head_json":{"title":"Frente Fria em Campo Grande MS: Sensa\u00e7\u00e3o T\u00e9rmica de -6\u00baC - WordPulseTrends com","robots":{"index":"index","follow":"follow","max-snippet":"max-snippet:-1","max-image-preview":"max-image-preview:large","max-video-preview":"max-video-preview:-1"},"canonical":"https:\/\/vivadicas.com\/st2\/blog\/frente-fria-em-campo-grande-ms-sensacao-termica-de-6oc\/816\/","og_locale":"pt_BR","og_type":"article","og_title":"Frente Fria em Campo Grande MS: Sensa\u00e7\u00e3o T\u00e9rmica de -6\u00baC - WordPulseTrends com","og_description":"A primeira frente fria do inverno chegou com for\u00e7a em Campo Grande, capital de Mato Grosso do Sul. Com temperaturas m\u00ednimas de 5\u00baC, a sensa\u00e7\u00e3o t\u00e9rmica despencou para -6\u00baC, causando geada e cen\u00e1rios incomuns na regi\u00e3o. \ud83d\udcca Impacto da Frente Fria Com a menor temperatura registrada em Sete Quedas, a frente fria atingiu diversas cidades ... Ler mais","og_url":"https:\/\/vivadicas.com\/st2\/blog\/frente-fria-em-campo-grande-ms-sensacao-termica-de-6oc\/816\/","og_site_name":"WordPulseTrends com","article_published_time":"2025-06-30T10:27:59+00:00","og_image":[{"width":1200,"height":630,"url":"https:\/\/vivadicas.com\/st2\/wp-content\/uploads\/2025\/06\/unnamed-file-256.jpg","type":"image\/jpeg"}],"author":"st2vivadicas","twitter_card":"summary_large_image","twitter_misc":{"Escrito por":"st2vivadicas","Est. tempo de leitura":"1 minuto"},"schema":{"@context":"https:\/\/schema.org","@graph":[{"@type":"Article","@id":"https:\/\/vivadicas.com\/st2\/blog\/frente-fria-em-campo-grande-ms-sensacao-termica-de-6oc\/816\/#article","isPartOf":{"@id":"https:\/\/vivadicas.com\/st2\/blog\/frente-fria-em-campo-grande-ms-sensacao-termica-de-6oc\/816\/"},"author":{"name":"st2vivadicas","@id":"https:\/\/vivadicas.com\/st2\/#\/schema\/person\/f8432157bb5752f84d3a30f1c7388a16"},"headline":"Frente Fria em Campo Grande MS: Sensa\u00e7\u00e3o T\u00e9rmica de -6\u00baC","datePublished":"2025-06-30T10:27:59+00:00","mainEntityOfPage":{"@id":"https:\/\/vivadicas.com\/st2\/blog\/frente-fria-em-campo-grande-ms-sensacao-termica-de-6oc\/816\/"},"wordCount":278,"commentCount":0,"publisher":{"@id":"https:\/\/vivadicas.com\/st2\/#organization"},"image":{"@id":"https:\/\/vivadicas.com\/st2\/blog\/frente-fria-em-campo-grande-ms-sensacao-termica-de-6oc\/816\/#primaryimage"},"thumbnailUrl":"https:\/\/vivadicas.com\/st2\/wp-content\/uploads\/2025\/06\/unnamed-file-256.jpg","keywords":["Campo Grande MS","frente fria","Inverno","Mato Grosso do Sul","temperaturas baixas"],"articleSection":["Blog"],"inLanguage":"pt-BR","potentialAction":[{"@type":"CommentAction","name":"Comment","target":["https:\/\/vivadicas.com\/st2\/blog\/frente-fria-em-campo-grande-ms-sensacao-termica-de-6oc\/816\/#respond"]}]},{"@type":"WebPage","@id":"https:\/\/vivadicas.com\/st2\/blog\/frente-fria-em-campo-grande-ms-sensacao-termica-de-6oc\/816\/","url":"https:\/\/vivadicas.com\/st2\/blog\/frente-fria-em-campo-grande-ms-sensacao-termica-de-6oc\/816\/","name":"Frente Fria em Campo Grande MS: Sensa\u00e7\u00e3o T\u00e9rmica de -6\u00baC - WordPulseTrends com","isPartOf":{"@id":"https:\/\/vivadicas.com\/st2\/#website"},"primaryImageOfPage":{"@id":"https:\/\/vivadicas.com\/st2\/blog\/frente-fria-em-campo-grande-ms-sensacao-termica-de-6oc\/816\/#primaryimage"},"image":{"@id":"https:\/\/vivadicas.com\/st2\/blog\/frente-fria-em-campo-grande-ms-sensacao-termica-de-6oc\/816\/#primaryimage"},"thumbnailUrl":"https:\/\/vivadicas.com\/st2\/wp-content\/uploads\/2025\/06\/unnamed-file-256.jpg","datePublished":"2025-06-30T10:27:59+00:00","breadcrumb":{"@id":"https:\/\/vivadicas.com\/st2\/blog\/frente-fria-em-campo-grande-ms-sensacao-termica-de-6oc\/816\/#breadcrumb"},"inLanguage":"pt-BR","potentialAction":[{"@type":"ReadAction","target":["https:\/\/vivadicas.com\/st2\/blog\/frente-fria-em-campo-grande-ms-sensacao-termica-de-6oc\/816\/"]}]},{"@type":"ImageObject","inLanguage":"pt-BR","@id":"https:\/\/vivadicas.com\/st2\/blog\/frente-fria-em-campo-grande-ms-sensacao-termica-de-6oc\/816\/#primaryimage","url":"https:\/\/vivadicas.com\/st2\/wp-content\/uploads\/2025\/06\/unnamed-file-256.jpg","contentUrl":"https:\/\/vivadicas.com\/st2\/wp-content\/uploads\/2025\/06\/unnamed-file-256.jpg","width":1200,"height":630},{"@type":"BreadcrumbList","@id":"https:\/\/vivadicas.com\/st2\/blog\/frente-fria-em-campo-grande-ms-sensacao-termica-de-6oc\/816\/#breadcrumb","itemListElement":[{"@type":"ListItem","position":1,"name":"In\u00edcio","item":"https:\/\/vivadicas.com\/st2\/"},{"@type":"ListItem","position":2,"name":"Frente Fria em Campo Grande MS: Sensa\u00e7\u00e3o T\u00e9rmica de -6\u00baC"}]},{"@type":"WebSite","@id":"https:\/\/vivadicas.com\/st2\/#website","url":"https:\/\/vivadicas.com\/st2\/","name":"TrendsBrasil","description":"Stay updated with trending topics, viral news, hot updates, breaking headlines, global trends, and real-time content. Discover what\u2019s going viral now and follow the most talked-about stories across the web, social media, and news platforms!","publisher":{"@id":"https:\/\/vivadicas.com\/st2\/#organization"},"potentialAction":[{"@type":"SearchAction","target":{"@type":"EntryPoint","urlTemplate":"https:\/\/vivadicas.com\/st2\/?s={search_term_string}"},"query-input":{"@type":"PropertyValueSpecification","valueRequired":true,"valueName":"search_term_string"}}],"inLanguage":"pt-BR"},{"@type":"Organization","@id":"https:\/\/vivadicas.com\/st2\/#organization","name":"TrendsBrasil","url":"https:\/\/vivadicas.com\/st2\/","logo":{"@type":"ImageObject","inLanguage":"pt-BR","@id":"https:\/\/vivadicas.com\/st2\/#\/schema\/logo\/image\/","url":"https:\/\/vivadicas.com\/st2\/wp-content\/uploads\/2025\/06\/ChatGPT-Image-24-de-jun.-de-2025-10_39_16-683x1024.png","contentUrl":"https:\/\/vivadicas.com\/st2\/wp-content\/uploads\/2025\/06\/ChatGPT-Image-24-de-jun.-de-2025-10_39_16-683x1024.png","width":683,"height":1024,"caption":"TrendsBrasil"},"image":{"@id":"https:\/\/vivadicas.com\/st2\/#\/schema\/logo\/image\/"}},{"@type":"Person","@id":"https:\/\/vivadicas.com\/st2\/#\/schema\/person\/f8432157bb5752f84d3a30f1c7388a16","name":"st2vivadicas","image":{"@type":"ImageObject","inLanguage":"pt-BR","@id":"https:\/\/vivadicas.com\/st2\/#\/schema\/person\/image\/","url":"https:\/\/secure.gravatar.com\/avatar\/9bb04fcca59036779222f5f2d61adc27b9b487cc07bc4064b27fa7e0a1e23e1a?s=96&d=mm&r=g","contentUrl":"https:\/\/secure.gravatar.com\/avatar\/9bb04fcca59036779222f5f2d61adc27b9b487cc07bc4064b27fa7e0a1e23e1a?s=96&d=mm&r=g","caption":"st2vivadicas"},"sameAs":["https:\/\/vivadicas.com\/st2"],"url":"https:\/\/vivadicas.com\/st2\/author\/st2vivadicas\/"}]}},"_links":{"self":[{"href":"https:\/\/vivadicas.com\/st2\/wp-json\/wp\/v2\/posts\/816","targetHints":{"allow":["GET"]}}],"collection":[{"href":"https:\/\/vivadicas.com\/st2\/wp-json\/wp\/v2\/posts"}],"about":[{"href":"https:\/\/vivadicas.com\/st2\/wp-json\/wp\/v2\/types\/post"}],"author":[{"embeddable":true,"href":"https:\/\/vivadicas.com\/st2\/wp-json\/wp\/v2\/users\/1"}],"replies":[{"embeddable":true,"href":"https:\/\/vivadicas.com\/st2\/wp-json\/wp\/v2\/comments?post=816"}],"version-history":[{"count":0,"href":"https:\/\/vivadicas.com\/st2\/wp-json\/wp\/v2\/posts\/816\/revisions"}],"wp:featuredmedia":[{"embeddable":true,"href":"https:\/\/vivadicas.com\/st2\/wp-json\/wp\/v2\/media\/815"}],"wp:attachment":[{"href":"https:\/\/vivadicas.com\/st2\/wp-json\/wp\/v2\/media?parent=816"}],"wp:term":[{"taxonomy":"category","embeddable":true,"href":"https:\/\/vivadicas.com\/st2\/wp-json\/wp\/v2\/categories?post=816"},{"taxonomy":"post_tag","embeddable":true,"href":"https:\/\/vivadicas.com\/st2\/wp-json\/wp\/v2\/tags?post=816"}],"curies":[{"name":"wp","href":"https:\/\/api.w.org\/{rel}","templated":true}]}}