{"id":907,"date":"2025-06-30T12:26:59","date_gmt":"2025-06-30T15:26:59","guid":{"rendered":"https:\/\/vivadicas.com\/st2\/blog\/carlos-alcaraz-e-joao-fonseca-se-preparam-para-wimbledon\/907\/"},"modified":"2025-06-30T12:26:59","modified_gmt":"2025-06-30T15:26:59","slug":"carlos-alcaraz-e-joao-fonseca-se-preparam-para-wimbledon","status":"publish","type":"post","link":"https:\/\/vivadicas.com\/st2\/esportes\/carlos-alcaraz-e-joao-fonseca-se-preparam-para-wimbledon\/907\/","title":{"rendered":"Carlos Alcaraz e Jo\u00e3o Fonseca se preparam para Wimbledon"},"content":{"rendered":"<p>Neste s\u00e1bado, Carlos Alcaraz, n\u00famero 2 do mundo, teve um treino especial com o jovem tenista brasileiro Jo\u00e3o Fonseca. O encontro ocorreu em prepara\u00e7\u00e3o para o torneio de Wimbledon, um dos mais prestigiados do circuito de t\u00eanis. A intera\u00e7\u00e3o entre os dois jogadores chamou aten\u00e7\u00e3o nas redes sociais e promete trazer bons aprendizados para Fonseca.<\/p>\n<p><h3>\ud83c\udfaf Preparativos para Wimbledon<\/h3>\n<\/p>\n<p>O treino foi compartilhado pelo perfil oficial de Wimbledon, mostrando a intensidade e a t\u00e9cnica de ambos os jogadores. Fonseca, de apenas 18 anos, j\u00e1 se destacou no cen\u00e1rio do t\u00eanis e busca aprimorar seu jogo ao lado de um dos melhores do mundo. Este treino pode ser um divisor de \u00e1guas na carreira do brasileiro, que estreia na competi\u00e7\u00e3o contra o brit\u00e2nico Jacob Fearnley.<\/p>\n<p><h3>\ud83d\udcca Desempenho de Jo\u00e3o Fonseca<\/h3>\n<\/p>\n<p>Jo\u00e3o Fonseca tem um hist\u00f3rico favor\u00e1vel contra Fearnley, tendo vencido o advers\u00e1rio em duas oportunidades anteriores. Essa confian\u00e7a, aliada \u00e0 experi\u00eancia adquirida no treino com Alcaraz, pode ser crucial para a sua performance em Wimbledon. A expectativa \u00e9 alta, tanto para Fonseca quanto para o p\u00fablico que acompanhar\u00e1 sua estreia.<\/p>\n<p><h3>\u26a1 Favoritos ao T\u00edtulo<\/h3>\n<\/p>\n<p>Carlos Alcaraz, juntamente com Novak Djokovic e Jannik Sinner, \u00e9 considerado um dos principais candidatos ao t\u00edtulo em Wimbledon. As casas de apostas refor\u00e7am essa an\u00e1lise, colocando os tr\u00eas jogadores como favoritos, dada a sua habilidade e consist\u00eancia em quadra. Alcaraz, por sua vez, se mostrou tranquilo e preparado, afirmando que n\u00e3o tem nada a provar neste torneio.<\/p>\n<p><h3>\ud83d\udd0d Expectativas e An\u00e1lises<\/h3>\n<\/p>\n<p>A competi\u00e7\u00e3o em Wimbledon n\u00e3o \u00e9 apenas mais um torneio no calend\u00e1rio; \u00e9 um evento de prest\u00edgio que pode definir a carreira de muitos tenistas. A presen\u00e7a de Alcaraz, que j\u00e1 conquistou o cora\u00e7\u00e3o dos f\u00e3s, eleva ainda mais a expectativa. Para Fonseca, ter essa oportunidade de treinar com um \u00edcone \u00e9 uma experi\u00eancia valiosa que pode impactar sua trajet\u00f3ria no esporte.<\/p>\n<p>Wimbledon come\u00e7a na pr\u00f3xima semana, e com isso, os holofotes estar\u00e3o voltados para as performances de Alcaraz e Fonseca. O torneio promete grandes emo\u00e7\u00f5es e jogos eletrizantes.<\/p>\n","protected":false},"excerpt":{"rendered":"<p>Neste s\u00e1bado, Carlos Alcaraz, n\u00famero 2 do mundo, teve um treino especial com o jovem tenista brasileiro Jo\u00e3o Fonseca. O encontro ocorreu em prepara\u00e7\u00e3o para o torneio de Wimbledon, um dos mais prestigiados do circuito de t\u00eanis. A intera\u00e7\u00e3o entre os dois jogadores chamou aten\u00e7\u00e3o nas redes sociais e promete trazer bons aprendizados para Fonseca. &#8230; <a title=\"Carlos Alcaraz e Jo\u00e3o Fonseca se preparam para Wimbledon\" class=\"read-more\" href=\"https:\/\/vivadicas.com\/st2\/esportes\/carlos-alcaraz-e-joao-fonseca-se-preparam-para-wimbledon\/907\/\" aria-label=\"Read more about Carlos Alcaraz e Jo\u00e3o Fonseca se preparam para Wimbledon\">Ler mais<\/a><\/p>\n","protected":false},"author":1,"featured_media":906,"comment_status":"open","ping_status":"open","sticky":false,"template":"","format":"standard","meta":{"footnotes":""},"categories":[1199],"tags":[1201,9,1210,12,10],"class_list":["post-907","post","type-post","status-publish","format-standard","has-post-thumbnail","hentry","category-esportes","tag-carlos-alcaraz","tag-joao-fonseca","tag-jovens-talentos","tag-tenis","tag-wimbledon"],"yoast_head":"<!-- This site is optimized with the Yoast SEO plugin v25.3.1 - https:\/\/yoast.com\/wordpress\/plugins\/seo\/ -->\n<title>Carlos Alcaraz e Jo\u00e3o Fonseca se preparam para Wimbledon - WordPulseTrends com<\/title>\n<meta name=\"robots\" content=\"index, follow, max-snippet:-1, max-image-preview:large, max-video-preview:-1\" \/>\n<link rel=\"canonical\" href=\"https:\/\/vivadicas.com\/st2\/blog\/carlos-alcaraz-e-joao-fonseca-se-preparam-para-wimbledon\/907\/\" \/>\n<meta property=\"og:locale\" content=\"pt_BR\" \/>\n<meta property=\"og:type\" content=\"article\" \/>\n<meta property=\"og:title\" content=\"Carlos Alcaraz e Jo\u00e3o Fonseca se preparam para Wimbledon - WordPulseTrends com\" \/>\n<meta property=\"og:description\" content=\"Neste s\u00e1bado, Carlos Alcaraz, n\u00famero 2 do mundo, teve um treino especial com o jovem tenista brasileiro Jo\u00e3o Fonseca. O encontro ocorreu em prepara\u00e7\u00e3o para o torneio de Wimbledon, um dos mais prestigiados do circuito de t\u00eanis. A intera\u00e7\u00e3o entre os dois jogadores chamou aten\u00e7\u00e3o nas redes sociais e promete trazer bons aprendizados para Fonseca. ... Ler mais\" \/>\n<meta property=\"og:url\" content=\"https:\/\/vivadicas.com\/st2\/blog\/carlos-alcaraz-e-joao-fonseca-se-preparam-para-wimbledon\/907\/\" \/>\n<meta property=\"og:site_name\" content=\"WordPulseTrends com\" \/>\n<meta property=\"article:published_time\" content=\"2025-06-30T15:26:59+00:00\" \/>\n<meta name=\"author\" content=\"st2vivadicas\" \/>\n<meta name=\"twitter:card\" content=\"summary_large_image\" \/>\n<meta name=\"twitter:label1\" content=\"Escrito por\" \/>\n\t<meta name=\"twitter:data1\" content=\"st2vivadicas\" \/>\n\t<meta name=\"twitter:label2\" content=\"Est. tempo de leitura\" \/>\n\t<meta name=\"twitter:data2\" content=\"2 minutos\" \/>\n<script type=\"application\/ld+json\" class=\"yoast-schema-graph\">{\"@context\":\"https:\/\/schema.org\",\"@graph\":[{\"@type\":\"Article\",\"@id\":\"https:\/\/vivadicas.com\/st2\/blog\/carlos-alcaraz-e-joao-fonseca-se-preparam-para-wimbledon\/907\/#article\",\"isPartOf\":{\"@id\":\"https:\/\/vivadicas.com\/st2\/blog\/carlos-alcaraz-e-joao-fonseca-se-preparam-para-wimbledon\/907\/\"},\"author\":{\"name\":\"st2vivadicas\",\"@id\":\"https:\/\/vivadicas.com\/st2\/#\/schema\/person\/f8432157bb5752f84d3a30f1c7388a16\"},\"headline\":\"Carlos Alcaraz e Jo\u00e3o Fonseca se preparam para Wimbledon\",\"datePublished\":\"2025-06-30T15:26:59+00:00\",\"mainEntityOfPage\":{\"@id\":\"https:\/\/vivadicas.com\/st2\/blog\/carlos-alcaraz-e-joao-fonseca-se-preparam-para-wimbledon\/907\/\"},\"wordCount\":373,\"commentCount\":0,\"publisher\":{\"@id\":\"https:\/\/vivadicas.com\/st2\/#organization\"},\"image\":{\"@id\":\"https:\/\/vivadicas.com\/st2\/blog\/carlos-alcaraz-e-joao-fonseca-se-preparam-para-wimbledon\/907\/#primaryimage\"},\"thumbnailUrl\":\"https:\/\/vivadicas.com\/st2\/wp-content\/uploads\/2025\/06\/ai_trend_1751297212_f8e6e89a.jpg\",\"keywords\":[\"Carlos Alcaraz\",\"Jo\u00e3o Fonseca\",\"jovens talentos\",\"T\u00eanis\",\"Wimbledon\"],\"articleSection\":[\"Esportes\"],\"inLanguage\":\"pt-BR\",\"potentialAction\":[{\"@type\":\"CommentAction\",\"name\":\"Comment\",\"target\":[\"https:\/\/vivadicas.com\/st2\/blog\/carlos-alcaraz-e-joao-fonseca-se-preparam-para-wimbledon\/907\/#respond\"]}]},{\"@type\":\"WebPage\",\"@id\":\"https:\/\/vivadicas.com\/st2\/blog\/carlos-alcaraz-e-joao-fonseca-se-preparam-para-wimbledon\/907\/\",\"url\":\"https:\/\/vivadicas.com\/st2\/blog\/carlos-alcaraz-e-joao-fonseca-se-preparam-para-wimbledon\/907\/\",\"name\":\"Carlos Alcaraz e Jo\u00e3o Fonseca se preparam para Wimbledon - WordPulseTrends com\",\"isPartOf\":{\"@id\":\"https:\/\/vivadicas.com\/st2\/#website\"},\"primaryImageOfPage\":{\"@id\":\"https:\/\/vivadicas.com\/st2\/blog\/carlos-alcaraz-e-joao-fonseca-se-preparam-para-wimbledon\/907\/#primaryimage\"},\"image\":{\"@id\":\"https:\/\/vivadicas.com\/st2\/blog\/carlos-alcaraz-e-joao-fonseca-se-preparam-para-wimbledon\/907\/#primaryimage\"},\"thumbnailUrl\":\"https:\/\/vivadicas.com\/st2\/wp-content\/uploads\/2025\/06\/ai_trend_1751297212_f8e6e89a.jpg\",\"datePublished\":\"2025-06-30T15:26:59+00:00\",\"breadcrumb\":{\"@id\":\"https:\/\/vivadicas.com\/st2\/blog\/carlos-alcaraz-e-joao-fonseca-se-preparam-para-wimbledon\/907\/#breadcrumb\"},\"inLanguage\":\"pt-BR\",\"potentialAction\":[{\"@type\":\"ReadAction\",\"target\":[\"https:\/\/vivadicas.com\/st2\/blog\/carlos-alcaraz-e-joao-fonseca-se-preparam-para-wimbledon\/907\/\"]}]},{\"@type\":\"ImageObject\",\"inLanguage\":\"pt-BR\",\"@id\":\"https:\/\/vivadicas.com\/st2\/blog\/carlos-alcaraz-e-joao-fonseca-se-preparam-para-wimbledon\/907\/#primaryimage\",\"url\":\"https:\/\/vivadicas.com\/st2\/wp-content\/uploads\/2025\/06\/ai_trend_1751297212_f8e6e89a.jpg\",\"contentUrl\":\"https:\/\/vivadicas.com\/st2\/wp-content\/uploads\/2025\/06\/ai_trend_1751297212_f8e6e89a.jpg\",\"width\":1200,\"height\":630},{\"@type\":\"BreadcrumbList\",\"@id\":\"https:\/\/vivadicas.com\/st2\/blog\/carlos-alcaraz-e-joao-fonseca-se-preparam-para-wimbledon\/907\/#breadcrumb\",\"itemListElement\":[{\"@type\":\"ListItem\",\"position\":1,\"name\":\"In\u00edcio\",\"item\":\"https:\/\/vivadicas.com\/st2\/\"},{\"@type\":\"ListItem\",\"position\":2,\"name\":\"Carlos Alcaraz e Jo\u00e3o Fonseca se preparam para Wimbledon\"}]},{\"@type\":\"WebSite\",\"@id\":\"https:\/\/vivadicas.com\/st2\/#website\",\"url\":\"https:\/\/vivadicas.com\/st2\/\",\"name\":\"TrendsBrasil\",\"description\":\"Stay updated with trending topics, viral news, hot updates, breaking headlines, global trends, and real-time content. Discover what\u2019s going viral now and follow the most talked-about stories across the web, social media, and news platforms!\",\"publisher\":{\"@id\":\"https:\/\/vivadicas.com\/st2\/#organization\"},\"potentialAction\":[{\"@type\":\"SearchAction\",\"target\":{\"@type\":\"EntryPoint\",\"urlTemplate\":\"https:\/\/vivadicas.com\/st2\/?s={search_term_string}\"},\"query-input\":{\"@type\":\"PropertyValueSpecification\",\"valueRequired\":true,\"valueName\":\"search_term_string\"}}],\"inLanguage\":\"pt-BR\"},{\"@type\":\"Organization\",\"@id\":\"https:\/\/vivadicas.com\/st2\/#organization\",\"name\":\"TrendsBrasil\",\"url\":\"https:\/\/vivadicas.com\/st2\/\",\"logo\":{\"@type\":\"ImageObject\",\"inLanguage\":\"pt-BR\",\"@id\":\"https:\/\/vivadicas.com\/st2\/#\/schema\/logo\/image\/\",\"url\":\"https:\/\/vivadicas.com\/st2\/wp-content\/uploads\/2025\/06\/ChatGPT-Image-24-de-jun.-de-2025-10_39_16-683x1024.png\",\"contentUrl\":\"https:\/\/vivadicas.com\/st2\/wp-content\/uploads\/2025\/06\/ChatGPT-Image-24-de-jun.-de-2025-10_39_16-683x1024.png\",\"width\":683,\"height\":1024,\"caption\":\"TrendsBrasil\"},\"image\":{\"@id\":\"https:\/\/vivadicas.com\/st2\/#\/schema\/logo\/image\/\"}},{\"@type\":\"Person\",\"@id\":\"https:\/\/vivadicas.com\/st2\/#\/schema\/person\/f8432157bb5752f84d3a30f1c7388a16\",\"name\":\"st2vivadicas\",\"image\":{\"@type\":\"ImageObject\",\"inLanguage\":\"pt-BR\",\"@id\":\"https:\/\/vivadicas.com\/st2\/#\/schema\/person\/image\/\",\"url\":\"https:\/\/secure.gravatar.com\/avatar\/9bb04fcca59036779222f5f2d61adc27b9b487cc07bc4064b27fa7e0a1e23e1a?s=96&d=mm&r=g\",\"contentUrl\":\"https:\/\/secure.gravatar.com\/avatar\/9bb04fcca59036779222f5f2d61adc27b9b487cc07bc4064b27fa7e0a1e23e1a?s=96&d=mm&r=g\",\"caption\":\"st2vivadicas\"},\"sameAs\":[\"https:\/\/vivadicas.com\/st2\"],\"url\":\"https:\/\/vivadicas.com\/st2\/author\/st2vivadicas\/\"}]}<\/script>\n<!-- \/ Yoast SEO plugin. -->","yoast_head_json":{"title":"Carlos Alcaraz e Jo\u00e3o Fonseca se preparam para Wimbledon - WordPulseTrends com","robots":{"index":"index","follow":"follow","max-snippet":"max-snippet:-1","max-image-preview":"max-image-preview:large","max-video-preview":"max-video-preview:-1"},"canonical":"https:\/\/vivadicas.com\/st2\/blog\/carlos-alcaraz-e-joao-fonseca-se-preparam-para-wimbledon\/907\/","og_locale":"pt_BR","og_type":"article","og_title":"Carlos Alcaraz e Jo\u00e3o Fonseca se preparam para Wimbledon - WordPulseTrends com","og_description":"Neste s\u00e1bado, Carlos Alcaraz, n\u00famero 2 do mundo, teve um treino especial com o jovem tenista brasileiro Jo\u00e3o Fonseca. O encontro ocorreu em prepara\u00e7\u00e3o para o torneio de Wimbledon, um dos mais prestigiados do circuito de t\u00eanis. A intera\u00e7\u00e3o entre os dois jogadores chamou aten\u00e7\u00e3o nas redes sociais e promete trazer bons aprendizados para Fonseca. ... Ler mais","og_url":"https:\/\/vivadicas.com\/st2\/blog\/carlos-alcaraz-e-joao-fonseca-se-preparam-para-wimbledon\/907\/","og_site_name":"WordPulseTrends com","article_published_time":"2025-06-30T15:26:59+00:00","author":"st2vivadicas","twitter_card":"summary_large_image","twitter_misc":{"Escrito por":"st2vivadicas","Est. tempo de leitura":"2 minutos"},"schema":{"@context":"https:\/\/schema.org","@graph":[{"@type":"Article","@id":"https:\/\/vivadicas.com\/st2\/blog\/carlos-alcaraz-e-joao-fonseca-se-preparam-para-wimbledon\/907\/#article","isPartOf":{"@id":"https:\/\/vivadicas.com\/st2\/blog\/carlos-alcaraz-e-joao-fonseca-se-preparam-para-wimbledon\/907\/"},"author":{"name":"st2vivadicas","@id":"https:\/\/vivadicas.com\/st2\/#\/schema\/person\/f8432157bb5752f84d3a30f1c7388a16"},"headline":"Carlos Alcaraz e Jo\u00e3o Fonseca se preparam para Wimbledon","datePublished":"2025-06-30T15:26:59+00:00","mainEntityOfPage":{"@id":"https:\/\/vivadicas.com\/st2\/blog\/carlos-alcaraz-e-joao-fonseca-se-preparam-para-wimbledon\/907\/"},"wordCount":373,"commentCount":0,"publisher":{"@id":"https:\/\/vivadicas.com\/st2\/#organization"},"image":{"@id":"https:\/\/vivadicas.com\/st2\/blog\/carlos-alcaraz-e-joao-fonseca-se-preparam-para-wimbledon\/907\/#primaryimage"},"thumbnailUrl":"https:\/\/vivadicas.com\/st2\/wp-content\/uploads\/2025\/06\/ai_trend_1751297212_f8e6e89a.jpg","keywords":["Carlos Alcaraz","Jo\u00e3o Fonseca","jovens talentos","T\u00eanis","Wimbledon"],"articleSection":["Esportes"],"inLanguage":"pt-BR","potentialAction":[{"@type":"CommentAction","name":"Comment","target":["https:\/\/vivadicas.com\/st2\/blog\/carlos-alcaraz-e-joao-fonseca-se-preparam-para-wimbledon\/907\/#respond"]}]},{"@type":"WebPage","@id":"https:\/\/vivadicas.com\/st2\/blog\/carlos-alcaraz-e-joao-fonseca-se-preparam-para-wimbledon\/907\/","url":"https:\/\/vivadicas.com\/st2\/blog\/carlos-alcaraz-e-joao-fonseca-se-preparam-para-wimbledon\/907\/","name":"Carlos Alcaraz e Jo\u00e3o Fonseca se preparam para Wimbledon - WordPulseTrends com","isPartOf":{"@id":"https:\/\/vivadicas.com\/st2\/#website"},"primaryImageOfPage":{"@id":"https:\/\/vivadicas.com\/st2\/blog\/carlos-alcaraz-e-joao-fonseca-se-preparam-para-wimbledon\/907\/#primaryimage"},"image":{"@id":"https:\/\/vivadicas.com\/st2\/blog\/carlos-alcaraz-e-joao-fonseca-se-preparam-para-wimbledon\/907\/#primaryimage"},"thumbnailUrl":"https:\/\/vivadicas.com\/st2\/wp-content\/uploads\/2025\/06\/ai_trend_1751297212_f8e6e89a.jpg","datePublished":"2025-06-30T15:26:59+00:00","breadcrumb":{"@id":"https:\/\/vivadicas.com\/st2\/blog\/carlos-alcaraz-e-joao-fonseca-se-preparam-para-wimbledon\/907\/#breadcrumb"},"inLanguage":"pt-BR","potentialAction":[{"@type":"ReadAction","target":["https:\/\/vivadicas.com\/st2\/blog\/carlos-alcaraz-e-joao-fonseca-se-preparam-para-wimbledon\/907\/"]}]},{"@type":"ImageObject","inLanguage":"pt-BR","@id":"https:\/\/vivadicas.com\/st2\/blog\/carlos-alcaraz-e-joao-fonseca-se-preparam-para-wimbledon\/907\/#primaryimage","url":"https:\/\/vivadicas.com\/st2\/wp-content\/uploads\/2025\/06\/ai_trend_1751297212_f8e6e89a.jpg","contentUrl":"https:\/\/vivadicas.com\/st2\/wp-content\/uploads\/2025\/06\/ai_trend_1751297212_f8e6e89a.jpg","width":1200,"height":630},{"@type":"BreadcrumbList","@id":"https:\/\/vivadicas.com\/st2\/blog\/carlos-alcaraz-e-joao-fonseca-se-preparam-para-wimbledon\/907\/#breadcrumb","itemListElement":[{"@type":"ListItem","position":1,"name":"In\u00edcio","item":"https:\/\/vivadicas.com\/st2\/"},{"@type":"ListItem","position":2,"name":"Carlos Alcaraz e Jo\u00e3o Fonseca se preparam para Wimbledon"}]},{"@type":"WebSite","@id":"https:\/\/vivadicas.com\/st2\/#website","url":"https:\/\/vivadicas.com\/st2\/","name":"TrendsBrasil","description":"Stay updated with trending topics, viral news, hot updates, breaking headlines, global trends, and real-time content. Discover what\u2019s going viral now and follow the most talked-about stories across the web, social media, and news platforms!","publisher":{"@id":"https:\/\/vivadicas.com\/st2\/#organization"},"potentialAction":[{"@type":"SearchAction","target":{"@type":"EntryPoint","urlTemplate":"https:\/\/vivadicas.com\/st2\/?s={search_term_string}"},"query-input":{"@type":"PropertyValueSpecification","valueRequired":true,"valueName":"search_term_string"}}],"inLanguage":"pt-BR"},{"@type":"Organization","@id":"https:\/\/vivadicas.com\/st2\/#organization","name":"TrendsBrasil","url":"https:\/\/vivadicas.com\/st2\/","logo":{"@type":"ImageObject","inLanguage":"pt-BR","@id":"https:\/\/vivadicas.com\/st2\/#\/schema\/logo\/image\/","url":"https:\/\/vivadicas.com\/st2\/wp-content\/uploads\/2025\/06\/ChatGPT-Image-24-de-jun.-de-2025-10_39_16-683x1024.png","contentUrl":"https:\/\/vivadicas.com\/st2\/wp-content\/uploads\/2025\/06\/ChatGPT-Image-24-de-jun.-de-2025-10_39_16-683x1024.png","width":683,"height":1024,"caption":"TrendsBrasil"},"image":{"@id":"https:\/\/vivadicas.com\/st2\/#\/schema\/logo\/image\/"}},{"@type":"Person","@id":"https:\/\/vivadicas.com\/st2\/#\/schema\/person\/f8432157bb5752f84d3a30f1c7388a16","name":"st2vivadicas","image":{"@type":"ImageObject","inLanguage":"pt-BR","@id":"https:\/\/vivadicas.com\/st2\/#\/schema\/person\/image\/","url":"https:\/\/secure.gravatar.com\/avatar\/9bb04fcca59036779222f5f2d61adc27b9b487cc07bc4064b27fa7e0a1e23e1a?s=96&d=mm&r=g","contentUrl":"https:\/\/secure.gravatar.com\/avatar\/9bb04fcca59036779222f5f2d61adc27b9b487cc07bc4064b27fa7e0a1e23e1a?s=96&d=mm&r=g","caption":"st2vivadicas"},"sameAs":["https:\/\/vivadicas.com\/st2"],"url":"https:\/\/vivadicas.com\/st2\/author\/st2vivadicas\/"}]}},"_links":{"self":[{"href":"https:\/\/vivadicas.com\/st2\/wp-json\/wp\/v2\/posts\/907","targetHints":{"allow":["GET"]}}],"collection":[{"href":"https:\/\/vivadicas.com\/st2\/wp-json\/wp\/v2\/posts"}],"about":[{"href":"https:\/\/vivadicas.com\/st2\/wp-json\/wp\/v2\/types\/post"}],"author":[{"embeddable":true,"href":"https:\/\/vivadicas.com\/st2\/wp-json\/wp\/v2\/users\/1"}],"replies":[{"embeddable":true,"href":"https:\/\/vivadicas.com\/st2\/wp-json\/wp\/v2\/comments?post=907"}],"version-history":[{"count":0,"href":"https:\/\/vivadicas.com\/st2\/wp-json\/wp\/v2\/posts\/907\/revisions"}],"wp:featuredmedia":[{"embeddable":true,"href":"https:\/\/vivadicas.com\/st2\/wp-json\/wp\/v2\/media\/906"}],"wp:attachment":[{"href":"https:\/\/vivadicas.com\/st2\/wp-json\/wp\/v2\/media?parent=907"}],"wp:term":[{"taxonomy":"category","embeddable":true,"href":"https:\/\/vivadicas.com\/st2\/wp-json\/wp\/v2\/categories?post=907"},{"taxonomy":"post_tag","embeddable":true,"href":"https:\/\/vivadicas.com\/st2\/wp-json\/wp\/v2\/tags?post=907"}],"curies":[{"name":"wp","href":"https:\/\/api.w.org\/{rel}","templated":true}]}}